{"id":23989,"date":"2025-08-05T10:40:52","date_gmt":"2025-08-05T10:40:52","guid":{"rendered":"https:\/\/macite.tg\/?p=23989"},"modified":"2025-08-05T10:40:56","modified_gmt":"2025-08-05T10:40:56","slug":"sahara-marocain-le-president-trump-reaffirme-la-reconnaissance-par-les-etats-unis-de-la-souverainete-du-maroc-sur-son-sahara-et-leur-soutien-au-plan-dautonomie","status":"publish","type":"post","link":"https:\/\/macite.tg\/?p=23989","title":{"rendered":"SAHARA MAROCAIN\u00a0: Le Pr\u00e9sident Trump r\u00e9affirme la reconnaissance par les Etats-Unis de la souverainet\u00e9 du Maroc sur son Sahara et leur soutien au Plan d\u2019Autonomie"},"content":{"rendered":"\n<p class=\"wp-block-paragraph\"><strong><em>Le pr\u00e9sident am\u00e9ricain, Donald Trump, a r\u00e9affirm\u00e9, samedi 02 ao\u00fbt dernier, la reconnaissance des Etats-Unis de la souverainet\u00e9 du Royaume du Maroc sur son Sahara. Il a, par la m\u00eame occasion, exprim\u00e9 le soutien de Washington \u00e0 la Proposition d\u2019Autonomie pr\u00e9sent\u00e9e par Rabat, \u00ab&nbsp;comme seule base pour un r\u00e8glement juste et durable de ce diff\u00e9rend&nbsp;\u00bb territorial.<\/em><\/strong><\/p>\n\n\n\n<p class=\"wp-block-paragraph\">Cette position des Etats-Unis a \u00e9t\u00e9 rendue public dans un message de Washington \u00e0 Sa Majest\u00e9 le Roi Mohammed VI du Maroc, \u00e0 l\u2019occasion de la c\u00e9l\u00e9bration, le 30 juillet dernier, de la glorieuse F\u00eate du Tr\u00f4ne. Et dans ce message, le pr\u00e9sident Trump a \u00ab&nbsp;<em>r\u00e9affirm\u00e9 que les \u00c9tats-Unis d\u2019Am\u00e9rique reconnaissent la souverainet\u00e9 marocaine sur le Sahara occidental, et qu\u2019ils soutiennent la Proposition d\u2019Autonomie marocaine, s\u00e9rieuse, cr\u00e9dible et r\u00e9aliste, comme seule base pour un r\u00e8glement juste et durable de ce diff\u00e9rend&nbsp;\u00bb.<\/em><\/p>\n\n\n<div class=\"wp-block-image\">\n<figure class=\"aligncenter size-full is-resized\"><img loading=\"lazy\" decoding=\"async\" width=\"690\" height=\"170\" src=\"https:\/\/macite.tg\/wp-content\/uploads\/2025\/08\/OTR_TVM.jpg\" alt=\"\" class=\"wp-image-23915\" style=\"width:840px;height:auto\" srcset=\"https:\/\/macite.tg\/wp-content\/uploads\/2025\/08\/OTR_TVM.jpg 690w, https:\/\/macite.tg\/wp-content\/uploads\/2025\/08\/OTR_TVM-300x74.jpg 300w\" sizes=\"auto, (max-width: 690px) 100vw, 690px\" \/><\/figure>\n<\/div>\n\n\n<p class=\"wp-block-paragraph\">Tout en exprimant ses f\u00e9licitations, au nom des Etats-Unis d\u2019Am\u00e9rique au Souverain marocain et \u00e0 son peuple, Donald Trump a r\u00e9it\u00e9r\u00e9 que <em>\u00ab<\/em><em>&nbsp;les \u00c9tats-Unis d\u2019Am\u00e9rique attachent un grand prix au partenariat fort et durable&nbsp;\u00bb <\/em>qui lie Rabat \u00e0 Washington, avant d\u2019ajouter&nbsp;: \u00ab&nbsp;<em>Ensemble, nous \u0153uvrons \u00e0 faire avancer nos priorit\u00e9s communes en faveur de la paix et de la s\u00e9curit\u00e9 dans la r\u00e9gion, notamment en nous appuyant sur les Accords d\u2019Abraham, en luttant contre le terrorisme et en \u00e9largissant le champ de la coop\u00e9ration commerciale qui profite \u00e0 la fois aux Am\u00e9ricains et aux Marocains<\/em>&nbsp;\u00bb.<\/p>\n\n\n<div class=\"wp-block-image\">\n<figure class=\"aligncenter size-full is-resized\"><img loading=\"lazy\" decoding=\"async\" width=\"500\" height=\"500\" src=\"https:\/\/macite.tg\/wp-content\/uploads\/2025\/07\/LES-MERCREDIS-DU-FISC.jpg\" alt=\"\" class=\"wp-image-23832\" style=\"width:632px;height:auto\" srcset=\"https:\/\/macite.tg\/wp-content\/uploads\/2025\/07\/LES-MERCREDIS-DU-FISC.jpg 500w, https:\/\/macite.tg\/wp-content\/uploads\/2025\/07\/LES-MERCREDIS-DU-FISC-300x300.jpg 300w, https:\/\/macite.tg\/wp-content\/uploads\/2025\/07\/LES-MERCREDIS-DU-FISC-150x150.jpg 150w, https:\/\/macite.tg\/wp-content\/uploads\/2025\/07\/LES-MERCREDIS-DU-FISC-122x122.jpg 122w\" sizes=\"auto, (max-width: 500px) 100vw, 500px\" \/><\/figure>\n<\/div>\n\n\n<p class=\"wp-block-paragraph\">Pour conclure son message, M. Trump dit se r\u00e9jouir \u00ab&nbsp;<em>d\u2019avance de pouvoir poursuivre notre collaboration pour la promotion de la stabilit\u00e9, de la s\u00e9curit\u00e9 et de la paix r\u00e9gionales&nbsp;\u00bb<\/em>.<\/p>\n\n\n\n<p class=\"wp-block-paragraph\"><strong>MC<\/strong><\/p>\n\n\n\n<p class=\"wp-block-paragraph\"><a><strong><em>@macite.tg&nbsp;&nbsp;&nbsp;&nbsp;&nbsp;&nbsp;&nbsp;&nbsp;<\/em><\/strong><\/a><\/p>\n\n\n\n<p class=\"wp-block-paragraph\"><strong><em>E-mail&nbsp;: <\/em><\/strong><a href=\"mailto:maciteinfo@gmail.com\"><strong><em>maciteinfo@gmail.com<\/em><\/strong><\/a><strong><em>; <\/em><\/strong><a href=\"mailto:bawela1@gmail.com\"><strong><em>bawela1@gmail.com<\/em><\/strong><\/a><strong><em><\/em><\/strong><\/p>\n\n\n\n<p class=\"wp-block-paragraph\"><strong><em>Pour vos annonces, (publi)reportages, etc., joignez-nous au (00228)91515309\/<strong>79872224 <\/strong><strong><\/strong><\/em><\/strong><\/p>\n\n\n\n<p class=\"wp-block-paragraph\"><strong><em>www.macite.tg, L\u2019information, la bonne&nbsp;!<\/em><\/strong><\/p>\n\n\n\n<p class=\"wp-block-paragraph\"><\/p>\n","protected":false},"excerpt":{"rendered":"<p class=\"text-justify mb-2\" >Le pr\u00e9sident am\u00e9ricain, Donald Trump, a r\u00e9affirm\u00e9, samedi 02 ao\u00fbt dernier, la reconnaissance des Etats-Unis de la souverainet\u00e9 du Royaume du Maroc sur son Sahara. Il a, par la m\u00eame occasion, exprim\u00e9 le soutien de Washington \u00e0 la Proposition d\u2019Autonomie pr\u00e9sent\u00e9e par Rabat, \u00ab&nbsp;comme seule [&hellip;]<\/p>\n","protected":false},"author":2,"featured_media":23992,"comment_status":"open","ping_status":"open","sticky":false,"template":"","format":"standard","meta":{"footnotes":""},"categories":[20,8],"tags":[],"class_list":["post-23989","post","type-post","status-publish","format-standard","has-post-thumbnail","hentry","category-actualite","category-diplomatie"],"yoast_head":"<!-- This site is optimized with the Yoast SEO plugin v28.4 - https:\/\/yoast.com\/product\/yoast-seo-wordpress\/ -->\n<title>SAHARA MAROCAIN\u00a0: Le Pr\u00e9sident Trump r\u00e9affirme la reconnaissance par les Etats-Unis de la souverainet\u00e9 du Maroc sur son Sahara et leur soutien au Plan d\u2019Autonomie -<\/title>\n<meta name=\"robots\" content=\"index, follow, max-snippet:-1, max-image-preview:large, max-video-preview:-1\" \/>\n<link rel=\"canonical\" href=\"https:\/\/macite.tg\/?p=23989\" \/>\n<meta property=\"og:locale\" content=\"fr_FR\" \/>\n<meta property=\"og:type\" content=\"article\" \/>\n<meta property=\"og:title\" content=\"SAHARA MAROCAIN\u00a0: Le Pr\u00e9sident Trump r\u00e9affirme la reconnaissance par les Etats-Unis de la souverainet\u00e9 du Maroc sur son Sahara et leur soutien au Plan d\u2019Autonomie -\" \/>\n<meta property=\"og:description\" content=\"Le pr\u00e9sident am\u00e9ricain, Donald Trump, a r\u00e9affirm\u00e9, samedi 02 ao\u00fbt dernier, la reconnaissance des Etats-Unis de la souverainet\u00e9 du Royaume du Maroc sur son Sahara. Il a, par la m\u00eame occasion, exprim\u00e9 le soutien de Washington \u00e0 la Proposition d\u2019Autonomie pr\u00e9sent\u00e9e par Rabat, \u00ab&nbsp;comme seule [&hellip;]\" \/>\n<meta property=\"og:url\" content=\"https:\/\/macite.tg\/?p=23989\" \/>\n<meta property=\"article:published_time\" content=\"2025-08-05T10:40:52+00:00\" \/>\n<meta property=\"article:modified_time\" content=\"2025-08-05T10:40:56+00:00\" \/>\n<meta property=\"og:image\" content=\"https:\/\/macite.tg\/wp-content\/uploads\/2025\/08\/Donald-SM-le-ROI.jpg\" \/>\n\t<meta property=\"og:image:width\" content=\"500\" \/>\n\t<meta property=\"og:image:height\" content=\"263\" \/>\n\t<meta property=\"og:image:type\" content=\"image\/jpeg\" \/>\n<meta name=\"author\" content=\"Jean Pierre BAWELA\" \/>\n<meta name=\"twitter:card\" content=\"summary_large_image\" \/>\n<meta name=\"twitter:label1\" content=\"\u00c9crit par\" \/>\n\t<meta name=\"twitter:data1\" content=\"Jean Pierre BAWELA\" \/>\n\t<meta name=\"twitter:label2\" content=\"Dur\u00e9e de lecture estim\u00e9e\" \/>\n\t<meta name=\"twitter:data2\" content=\"3 minutes\" \/>\n<script type=\"application\/ld+json\" class=\"yoast-schema-graph\">{\"@context\":\"https:\\\/\\\/schema.org\",\"@graph\":[{\"@type\":\"Article\",\"@id\":\"https:\\\/\\\/macite.tg\\\/?p=23989#article\",\"isPartOf\":{\"@id\":\"https:\\\/\\\/macite.tg\\\/?p=23989\"},\"author\":{\"name\":\"Jean Pierre BAWELA\",\"@id\":\"https:\\\/\\\/macite.tg\\\/#\\\/schema\\\/person\\\/e9f2de7e5dbbe7770a9402c7ce82f5c2\"},\"headline\":\"SAHARA MAROCAIN\u00a0: Le Pr\u00e9sident Trump r\u00e9affirme la reconnaissance par les Etats-Unis de la souverainet\u00e9 du Maroc sur son Sahara et leur soutien au Plan d\u2019Autonomie\",\"datePublished\":\"2025-08-05T10:40:52+00:00\",\"dateModified\":\"2025-08-05T10:40:56+00:00\",\"mainEntityOfPage\":{\"@id\":\"https:\\\/\\\/macite.tg\\\/?p=23989\"},\"wordCount\":369,\"commentCount\":0,\"image\":{\"@id\":\"https:\\\/\\\/macite.tg\\\/?p=23989#primaryimage\"},\"thumbnailUrl\":\"https:\\\/\\\/macite.tg\\\/wp-content\\\/uploads\\\/2025\\\/08\\\/Donald-SM-le-ROI.jpg\",\"articleSection\":[\"ACTUALITE\",\"DIPLOMATIE\"],\"inLanguage\":\"fr-FR\",\"potentialAction\":[{\"@type\":\"CommentAction\",\"name\":\"Comment\",\"target\":[\"https:\\\/\\\/macite.tg\\\/?p=23989#respond\"]}]},{\"@type\":\"WebPage\",\"@id\":\"https:\\\/\\\/macite.tg\\\/?p=23989\",\"url\":\"https:\\\/\\\/macite.tg\\\/?p=23989\",\"name\":\"SAHARA MAROCAIN\u00a0: Le Pr\u00e9sident Trump r\u00e9affirme la reconnaissance par les Etats-Unis de la souverainet\u00e9 du Maroc sur son Sahara et leur soutien au Plan d\u2019Autonomie -\",\"isPartOf\":{\"@id\":\"https:\\\/\\\/macite.tg\\\/#website\"},\"primaryImageOfPage\":{\"@id\":\"https:\\\/\\\/macite.tg\\\/?p=23989#primaryimage\"},\"image\":{\"@id\":\"https:\\\/\\\/macite.tg\\\/?p=23989#primaryimage\"},\"thumbnailUrl\":\"https:\\\/\\\/macite.tg\\\/wp-content\\\/uploads\\\/2025\\\/08\\\/Donald-SM-le-ROI.jpg\",\"datePublished\":\"2025-08-05T10:40:52+00:00\",\"dateModified\":\"2025-08-05T10:40:56+00:00\",\"author\":{\"@id\":\"https:\\\/\\\/macite.tg\\\/#\\\/schema\\\/person\\\/e9f2de7e5dbbe7770a9402c7ce82f5c2\"},\"breadcrumb\":{\"@id\":\"https:\\\/\\\/macite.tg\\\/?p=23989#breadcrumb\"},\"inLanguage\":\"fr-FR\",\"potentialAction\":[{\"@type\":\"ReadAction\",\"target\":[\"https:\\\/\\\/macite.tg\\\/?p=23989\"]}]},{\"@type\":\"ImageObject\",\"inLanguage\":\"fr-FR\",\"@id\":\"https:\\\/\\\/macite.tg\\\/?p=23989#primaryimage\",\"url\":\"https:\\\/\\\/macite.tg\\\/wp-content\\\/uploads\\\/2025\\\/08\\\/Donald-SM-le-ROI.jpg\",\"contentUrl\":\"https:\\\/\\\/macite.tg\\\/wp-content\\\/uploads\\\/2025\\\/08\\\/Donald-SM-le-ROI.jpg\",\"width\":500,\"height\":263,\"caption\":\"Donald Trump et SM le Roi du Maroc\"},{\"@type\":\"BreadcrumbList\",\"@id\":\"https:\\\/\\\/macite.tg\\\/?p=23989#breadcrumb\",\"itemListElement\":[{\"@type\":\"ListItem\",\"position\":1,\"name\":\"Accueil\",\"item\":\"https:\\\/\\\/macite.tg\\\/\"},{\"@type\":\"ListItem\",\"position\":2,\"name\":\"SAHARA MAROCAIN\u00a0: Le Pr\u00e9sident Trump r\u00e9affirme la reconnaissance par les Etats-Unis de la souverainet\u00e9 du Maroc sur son Sahara et leur soutien au Plan d\u2019Autonomie\"}]},{\"@type\":\"WebSite\",\"@id\":\"https:\\\/\\\/macite.tg\\\/#website\",\"url\":\"https:\\\/\\\/macite.tg\\\/\",\"name\":\"\",\"description\":\"L&#039;information, la bonne!!!\",\"potentialAction\":[{\"@type\":\"SearchAction\",\"target\":{\"@type\":\"EntryPoint\",\"urlTemplate\":\"https:\\\/\\\/macite.tg\\\/?s={search_term_string}\"},\"query-input\":{\"@type\":\"PropertyValueSpecification\",\"valueRequired\":true,\"valueName\":\"search_term_string\"}}],\"inLanguage\":\"fr-FR\"},{\"@type\":\"Person\",\"@id\":\"https:\\\/\\\/macite.tg\\\/#\\\/schema\\\/person\\\/e9f2de7e5dbbe7770a9402c7ce82f5c2\",\"name\":\"Jean Pierre BAWELA\",\"image\":{\"@type\":\"ImageObject\",\"inLanguage\":\"fr-FR\",\"@id\":\"https:\\\/\\\/macite.tg\\\/wp-content\\\/uploads\\\/2023\\\/09\\\/WhatsApp-Image-2023-09-19-at-14.44.41-122x122.jpeg\",\"url\":\"https:\\\/\\\/macite.tg\\\/wp-content\\\/uploads\\\/2023\\\/09\\\/WhatsApp-Image-2023-09-19-at-14.44.41-122x122.jpeg\",\"contentUrl\":\"https:\\\/\\\/macite.tg\\\/wp-content\\\/uploads\\\/2023\\\/09\\\/WhatsApp-Image-2023-09-19-at-14.44.41-122x122.jpeg\",\"caption\":\"Jean Pierre BAWELA\"},\"url\":\"https:\\\/\\\/macite.tg\\\/?author=2\"}]}<\/script>\n<!-- \/ Yoast SEO plugin. -->","yoast_head_json":{"title":"SAHARA MAROCAIN\u00a0: Le Pr\u00e9sident Trump r\u00e9affirme la reconnaissance par les Etats-Unis de la souverainet\u00e9 du Maroc sur son Sahara et leur soutien au Plan d\u2019Autonomie -","robots":{"index":"index","follow":"follow","max-snippet":"max-snippet:-1","max-image-preview":"max-image-preview:large","max-video-preview":"max-video-preview:-1"},"canonical":"https:\/\/macite.tg\/?p=23989","og_locale":"fr_FR","og_type":"article","og_title":"SAHARA MAROCAIN\u00a0: Le Pr\u00e9sident Trump r\u00e9affirme la reconnaissance par les Etats-Unis de la souverainet\u00e9 du Maroc sur son Sahara et leur soutien au Plan d\u2019Autonomie -","og_description":"Le pr\u00e9sident am\u00e9ricain, Donald Trump, a r\u00e9affirm\u00e9, samedi 02 ao\u00fbt dernier, la reconnaissance des Etats-Unis de la souverainet\u00e9 du Royaume du Maroc sur son Sahara. Il a, par la m\u00eame occasion, exprim\u00e9 le soutien de Washington \u00e0 la Proposition d\u2019Autonomie pr\u00e9sent\u00e9e par Rabat, \u00ab&nbsp;comme seule [&hellip;]","og_url":"https:\/\/macite.tg\/?p=23989","article_published_time":"2025-08-05T10:40:52+00:00","article_modified_time":"2025-08-05T10:40:56+00:00","og_image":[{"width":500,"height":263,"url":"https:\/\/macite.tg\/wp-content\/uploads\/2025\/08\/Donald-SM-le-ROI.jpg","type":"image\/jpeg"}],"author":"Jean Pierre BAWELA","twitter_card":"summary_large_image","twitter_misc":{"\u00c9crit par":"Jean Pierre BAWELA","Dur\u00e9e de lecture estim\u00e9e":"3 minutes"},"schema":{"@context":"https:\/\/schema.org","@graph":[{"@type":"Article","@id":"https:\/\/macite.tg\/?p=23989#article","isPartOf":{"@id":"https:\/\/macite.tg\/?p=23989"},"author":{"name":"Jean Pierre BAWELA","@id":"https:\/\/macite.tg\/#\/schema\/person\/e9f2de7e5dbbe7770a9402c7ce82f5c2"},"headline":"SAHARA MAROCAIN\u00a0: Le Pr\u00e9sident Trump r\u00e9affirme la reconnaissance par les Etats-Unis de la souverainet\u00e9 du Maroc sur son Sahara et leur soutien au Plan d\u2019Autonomie","datePublished":"2025-08-05T10:40:52+00:00","dateModified":"2025-08-05T10:40:56+00:00","mainEntityOfPage":{"@id":"https:\/\/macite.tg\/?p=23989"},"wordCount":369,"commentCount":0,"image":{"@id":"https:\/\/macite.tg\/?p=23989#primaryimage"},"thumbnailUrl":"https:\/\/macite.tg\/wp-content\/uploads\/2025\/08\/Donald-SM-le-ROI.jpg","articleSection":["ACTUALITE","DIPLOMATIE"],"inLanguage":"fr-FR","potentialAction":[{"@type":"CommentAction","name":"Comment","target":["https:\/\/macite.tg\/?p=23989#respond"]}]},{"@type":"WebPage","@id":"https:\/\/macite.tg\/?p=23989","url":"https:\/\/macite.tg\/?p=23989","name":"SAHARA MAROCAIN\u00a0: Le Pr\u00e9sident Trump r\u00e9affirme la reconnaissance par les Etats-Unis de la souverainet\u00e9 du Maroc sur son Sahara et leur soutien au Plan d\u2019Autonomie -","isPartOf":{"@id":"https:\/\/macite.tg\/#website"},"primaryImageOfPage":{"@id":"https:\/\/macite.tg\/?p=23989#primaryimage"},"image":{"@id":"https:\/\/macite.tg\/?p=23989#primaryimage"},"thumbnailUrl":"https:\/\/macite.tg\/wp-content\/uploads\/2025\/08\/Donald-SM-le-ROI.jpg","datePublished":"2025-08-05T10:40:52+00:00","dateModified":"2025-08-05T10:40:56+00:00","author":{"@id":"https:\/\/macite.tg\/#\/schema\/person\/e9f2de7e5dbbe7770a9402c7ce82f5c2"},"breadcrumb":{"@id":"https:\/\/macite.tg\/?p=23989#breadcrumb"},"inLanguage":"fr-FR","potentialAction":[{"@type":"ReadAction","target":["https:\/\/macite.tg\/?p=23989"]}]},{"@type":"ImageObject","inLanguage":"fr-FR","@id":"https:\/\/macite.tg\/?p=23989#primaryimage","url":"https:\/\/macite.tg\/wp-content\/uploads\/2025\/08\/Donald-SM-le-ROI.jpg","contentUrl":"https:\/\/macite.tg\/wp-content\/uploads\/2025\/08\/Donald-SM-le-ROI.jpg","width":500,"height":263,"caption":"Donald Trump et SM le Roi du Maroc"},{"@type":"BreadcrumbList","@id":"https:\/\/macite.tg\/?p=23989#breadcrumb","itemListElement":[{"@type":"ListItem","position":1,"name":"Accueil","item":"https:\/\/macite.tg\/"},{"@type":"ListItem","position":2,"name":"SAHARA MAROCAIN\u00a0: Le Pr\u00e9sident Trump r\u00e9affirme la reconnaissance par les Etats-Unis de la souverainet\u00e9 du Maroc sur son Sahara et leur soutien au Plan d\u2019Autonomie"}]},{"@type":"WebSite","@id":"https:\/\/macite.tg\/#website","url":"https:\/\/macite.tg\/","name":"","description":"L&#039;information, la bonne!!!","potentialAction":[{"@type":"SearchAction","target":{"@type":"EntryPoint","urlTemplate":"https:\/\/macite.tg\/?s={search_term_string}"},"query-input":{"@type":"PropertyValueSpecification","valueRequired":true,"valueName":"search_term_string"}}],"inLanguage":"fr-FR"},{"@type":"Person","@id":"https:\/\/macite.tg\/#\/schema\/person\/e9f2de7e5dbbe7770a9402c7ce82f5c2","name":"Jean Pierre BAWELA","image":{"@type":"ImageObject","inLanguage":"fr-FR","@id":"https:\/\/macite.tg\/wp-content\/uploads\/2023\/09\/WhatsApp-Image-2023-09-19-at-14.44.41-122x122.jpeg","url":"https:\/\/macite.tg\/wp-content\/uploads\/2023\/09\/WhatsApp-Image-2023-09-19-at-14.44.41-122x122.jpeg","contentUrl":"https:\/\/macite.tg\/wp-content\/uploads\/2023\/09\/WhatsApp-Image-2023-09-19-at-14.44.41-122x122.jpeg","caption":"Jean Pierre BAWELA"},"url":"https:\/\/macite.tg\/?author=2"}]}},"_links":{"self":[{"href":"https:\/\/macite.tg\/index.php?rest_route=\/wp\/v2\/posts\/23989","targetHints":{"allow":["GET"]}}],"collection":[{"href":"https:\/\/macite.tg\/index.php?rest_route=\/wp\/v2\/posts"}],"about":[{"href":"https:\/\/macite.tg\/index.php?rest_route=\/wp\/v2\/types\/post"}],"author":[{"embeddable":true,"href":"https:\/\/macite.tg\/index.php?rest_route=\/wp\/v2\/users\/2"}],"replies":[{"embeddable":true,"href":"https:\/\/macite.tg\/index.php?rest_route=%2Fwp%2Fv2%2Fcomments&post=23989"}],"version-history":[{"count":0,"href":"https:\/\/macite.tg\/index.php?rest_route=\/wp\/v2\/posts\/23989\/revisions"}],"wp:featuredmedia":[{"embeddable":true,"href":"https:\/\/macite.tg\/index.php?rest_route=\/wp\/v2\/media\/23992"}],"wp:attachment":[{"href":"https:\/\/macite.tg\/index.php?rest_route=%2Fwp%2Fv2%2Fmedia&parent=23989"}],"wp:term":[{"taxonomy":"category","embeddable":true,"href":"https:\/\/macite.tg\/index.php?rest_route=%2Fwp%2Fv2%2Fcategories&post=23989"},{"taxonomy":"post_tag","embeddable":true,"href":"https:\/\/macite.tg\/index.php?rest_route=%2Fwp%2Fv2%2Ftags&post=23989"}],"curies":[{"name":"wp","href":"https:\/\/api.w.org\/{rel}","templated":true}]}}