{"id":23983,"date":"2025-08-04T17:45:48","date_gmt":"2025-08-04T17:45:48","guid":{"rendered":"https:\/\/macite.tg\/?p=23983"},"modified":"2025-08-04T17:53:27","modified_gmt":"2025-08-04T17:53:27","slug":"dialogue-interreligieux-la-problematique-du-genre-au-coeur-des-e-dun-changes-lors-dun-forum-a-kara","status":"publish","type":"post","link":"https:\/\/macite.tg\/?p=23983","title":{"rendered":"DIALOGUE INTERRELIGIEUX : La probl\u00e9matique du genre au c\u0153ur des \u00e9changes lors d\u2019un forum \u00e0 Kara"},"content":{"rendered":"\n<p class=\"wp-block-paragraph\"><strong><em>La ville de Kara chef-lieu de la pr\u00e9fecture de la Kozah et de la r\u00e9gion de la Kara, a abrit\u00e9 les 29 et 30 juillet 2025 derniers au palais des Congr\u00e8s de Kara, les travaux de la troisi\u00e8me \u00e9dition d\u2019un forum national de dialogue interreligieux.<\/em><\/strong><\/p>\n\n\n\n<p class=\"wp-block-paragraph\">Plac\u00e9e sous le th\u00e8me&nbsp;<em>\u00ab Religion et Genre \u00bb<\/em>, cette rencontre est organis\u00e9e par le minist\u00e8re de l\u2019administration territoriale, de la d\u00e9centralisation et de la chefferie coutumi\u00e8re (MATDCC), avec l\u2019appui financier et technique de la fondation allemande&nbsp;<em>\u00ab&nbsp;Konrad Adenauer Stiftung&nbsp;\u00bb (KAS)<\/em>. Il s\u2019agissait d\u2019un rendez-vous du donner et du recevoir autour de la probl\u00e9matique du genre et ses implications \u00e9ducationnelles, socio-politico-\u00e9conomiques et culturelles ayant connu la participation active d\u2019une centaine de jeunes en provenance de toutes les pr\u00e9fectures du Togo, sur proposition des diff\u00e9rentes confessions religieuses ainsi que des structures de la soci\u00e9t\u00e9 civile et des repr\u00e9sentants institutionnels.<\/p>\n\n\n<div class=\"wp-block-image\">\n<figure class=\"aligncenter size-full\"><img loading=\"lazy\" decoding=\"async\" width=\"851\" height=\"315\" src=\"https:\/\/macite.tg\/wp-content\/uploads\/2025\/07\/OTR_Ferer-pour-batir-1.jpg\" alt=\"\" class=\"wp-image-23830\" srcset=\"https:\/\/macite.tg\/wp-content\/uploads\/2025\/07\/OTR_Ferer-pour-batir-1.jpg 851w, https:\/\/macite.tg\/wp-content\/uploads\/2025\/07\/OTR_Ferer-pour-batir-1-300x111.jpg 300w, https:\/\/macite.tg\/wp-content\/uploads\/2025\/07\/OTR_Ferer-pour-batir-1-768x284.jpg 768w\" sizes=\"auto, (max-width: 851px) 100vw, 851px\" \/><\/figure>\n<\/div>\n\n\n<p class=\"wp-block-paragraph\">L\u2019objectif principal poursuivi \u00e0 travers cette initiative de dialogue interreligieux de Kara pour l\u2019\u00e9dition 2025, \u00e9tait d\u2019\u00e9valuer l\u2019impact des doctrines religieuses vis-\u00e0-vis de la politique de l\u2019Etat en faveur de la promotion de l\u2019\u00e9galit\u00e9 des sexes et du genre au Togo, puis d\u2019identifier les pistes d\u2019action visant \u00e0 b\u00e2tir une soci\u00e9t\u00e9 plus \u00e9quitable, juste et durable dans le respect des pratiques religieuses ne souffrant d\u2019aucune complexit\u00e9, faille, opportunisme ou faiblesse en terme de conviction spirituelle.<\/p>\n\n\n\n<p class=\"wp-block-paragraph\">\u00c0 l\u2019issue des travaux, les participants ont unanimement exprim\u00e9 leur volont\u00e9 \u00e0 maintenir le fil du dialogue ainsi initi\u00e9 pour renforcer les m\u00e9canismes de coop\u00e9ration interconfessionnelle et d\u2019\u0153uvrer pour une soci\u00e9t\u00e9 togolaise dans laquelle hommes et femmes b\u00e9n\u00e9ficient des m\u00eames opportunit\u00e9s, sans distinction de croyance ou de sexe.<\/p>\n\n\n\n<p class=\"wp-block-paragraph\"><em>\u00ab La religion l\u00e9gitime-t-elle l\u2019in\u00e9galit\u00e9 entre les sexes ? \u00bb<\/em>,&nbsp;<em>\u00ab La femme contemporaine et la religion \u00bb<\/em>, et&nbsp;<em>\u00ab Quelle interpr\u00e9tation des textes religieux pour promouvoir l\u2019\u00e9galit\u00e9 entre les sexes ? \u00bb<\/em>, sont les diff\u00e9rentes communications au c\u0153ur des travaux qui ont deux jours durant, permis aux participants au cours des travaux en commissions&nbsp; et pl\u00e9ni\u00e8re, de se frotter les cervelles au regard des diff\u00e9rentes appr\u00e9hensions doctrinales religieuses, sous l\u2019encadrement des leaders religieux musulmans, chr\u00e9tiens et traditionnels.&nbsp;<\/p>\n\n\n\n<p class=\"wp-block-paragraph\">Partis des r\u00e9flexions men\u00e9es suite au d\u00e9veloppement des trois modules en partage qui loin d\u2019opposer foi et modernit\u00e9, les participants sont parvenus \u00e0 s\u2019accorder leurs violons, en soulignant les convergences existantes entre les diff\u00e9rentes confessions religieuses concernant le respect scrupuleux de la dignit\u00e9 humaine, puis en relevant les apparences et incompr\u00e9hensions susceptibles de freiner l\u2019\u00e9panouissement de la femme dans certains contextes religieux face aux pratiques et lectures traditionnelles.<\/p>\n\n\n\n<p class=\"wp-block-paragraph\">Selon l\u2019\u00e9glise catholique par la voix de Mgr Jacques Danka Longah du dioc\u00e8se catholique de Kara, il a \u00e9t\u00e9 rappel\u00e9 que la participation des femmes \u00e0 la mission de l\u2019\u00c9glise est pleinement reconnue, bien que l\u2019ordination sacerdotale reste r\u00e9serv\u00e9e aux hommes, pour des raisons de signification sacramentelle. D\u2019apr\u00e8s l\u2019imam Hido Mohammed Awali, repr\u00e9sentant de l\u2019union musulmane du Togo (UMT), il a \u00e9t\u00e9 soulign\u00e9 la reconnaissance incontestable par l\u2019islam du r\u00f4le fondamental des femmes, avec des apports \u00e9clairants sur les limites cultuelles dans l\u2019exercice de certaines fonctions religieuses. Concernant les cultes endog\u00e8nes, il a \u00e9t\u00e9 fait remarquer par le pr\u00eatre traditionnel, Apelet\u00e9 Kossi R\u00e9mi, que les femmes exercent \u00e9galement exercent des responsabilit\u00e9s importantes dans la pratique cultuelle, avec la r\u00e9serve que certaines p\u00e9riodes rituelles imposent des restrictions temporaires \u00e0 la femme.<\/p>\n\n\n<div class=\"wp-block-image\">\n<figure class=\"aligncenter size-full is-resized\"><img loading=\"lazy\" decoding=\"async\" width=\"500\" height=\"500\" src=\"https:\/\/macite.tg\/wp-content\/uploads\/2025\/07\/LES-MERCREDIS-DU-FISC.jpg\" alt=\"\" class=\"wp-image-23832\" style=\"width:596px;height:auto\" srcset=\"https:\/\/macite.tg\/wp-content\/uploads\/2025\/07\/LES-MERCREDIS-DU-FISC.jpg 500w, https:\/\/macite.tg\/wp-content\/uploads\/2025\/07\/LES-MERCREDIS-DU-FISC-300x300.jpg 300w, https:\/\/macite.tg\/wp-content\/uploads\/2025\/07\/LES-MERCREDIS-DU-FISC-150x150.jpg 150w, https:\/\/macite.tg\/wp-content\/uploads\/2025\/07\/LES-MERCREDIS-DU-FISC-122x122.jpg 122w\" sizes=\"auto, (max-width: 500px) 100vw, 500px\" \/><\/figure>\n<\/div>\n\n\n<p class=\"wp-block-paragraph\">Les diff\u00e9rentes interventions de ces deux jours de travaux ont \u00e9t\u00e9 \u00e9galement enrichies d\u2019une conf\u00e9rence inaugurale sur le th\u00e8me central du forum et des contributions de la fondation&nbsp;<em>\u00ab&nbsp;Konrad Adenauer Stiftung&nbsp;\u00bb<\/em>, par la voie du charg\u00e9 des relations ext\u00e9rieures-bourses r\u00e9gionales-ateliers avenirs, monsieur K\u00e9vin Anvo, r\u00e9pr\u00e9sentant la repr\u00e9sentante-r\u00e9sidente et directrice du bureau r\u00e9gional de la Fondation KAS \u00e0 Abidjan en C\u00f4te d\u2019Ivoire. Celui-ci a soulign\u00e9 l\u2019importance du dialogue interreligieux comme un levier de transformation sociale. Il a termin\u00e9 en insistant sur&nbsp;\u00ab&nbsp;<em>la n\u00e9cessit\u00e9 d\u2019une approche inclusive, respectueuse des traditions, mais tourn\u00e9e vers une \u00e9volution des mentalit\u00e9s&nbsp;\u00bb<\/em>.<\/p>\n\n\n\n<p class=\"wp-block-paragraph\">Cl\u00f4turant les travaux de ce forum interreligieux de Kara pour sa 3<sup>\u00e8me<\/sup>&nbsp;\u00e9dition, le directeur des cultes, le Lieutenant-Colonel B\u00e9l\u00e9i B\u00e9diani, a salu\u00e9 l\u2019engagement de tous les participants et \u00e0 travers eux de toutes les confessions religieuses au Togo, en faveur de la promotion du genre face aux pratiques religieuses et cultuelles. Il a f\u00e9licit\u00e9 les diff\u00e9rents leaders religieux pour la qualit\u00e9 de leurs contributions.<\/p>\n\n\n\n<p class=\"wp-block-paragraph\">Pour le directeur des cultes,&nbsp;<em>\u00ab&nbsp;ce forum constitue une avanc\u00e9e majeure dans la promotion d\u2019un dialogue interreligieux fond\u00e9 sur la paix, la tol\u00e9rance et le respect des diff\u00e9rences&nbsp;\u00bb<\/em>. Occasion pour le Lt-Col B\u00e9l\u00e9i B\u00e9diani de lancer un appel \u00e0 la responsabilit\u00e9 collective des confessions religieuses, invitant toutes \u00e0 poursuivre les efforts de sensibilisation en faveur de l\u2019\u00e9galit\u00e9 de genre, les conviant \u00e0 mettre un accent particulier sur les valeurs fondamentales des livres sacr\u00e9s. Il a pour conclure r\u00e9affirm\u00e9 l\u2019engagement du minist\u00e8re de l\u2019administration territoriale en charge des cultes \u00e0 accompagner toutes initiatives cultuelles visant \u00e0 faire des religions un vecteur de coh\u00e9sion sociale, d\u2019\u00e9quit\u00e9 et du vivre-ensemble.<\/p>\n\n\n<div class=\"wp-block-image\">\n<figure class=\"aligncenter size-large is-resized\"><img loading=\"lazy\" decoding=\"async\" width=\"741\" height=\"1024\" src=\"https:\/\/macite.tg\/wp-content\/uploads\/2025\/08\/FORMATIONS-A-LA-CARTE-741x1024.png\" alt=\"\" class=\"wp-image-23925\" style=\"width:651px;height:auto\" srcset=\"https:\/\/macite.tg\/wp-content\/uploads\/2025\/08\/FORMATIONS-A-LA-CARTE-741x1024.png 741w, https:\/\/macite.tg\/wp-content\/uploads\/2025\/08\/FORMATIONS-A-LA-CARTE-217x300.png 217w, https:\/\/macite.tg\/wp-content\/uploads\/2025\/08\/FORMATIONS-A-LA-CARTE-768x1061.png 768w, https:\/\/macite.tg\/wp-content\/uploads\/2025\/08\/FORMATIONS-A-LA-CARTE-1112x1536.png 1112w, https:\/\/macite.tg\/wp-content\/uploads\/2025\/08\/FORMATIONS-A-LA-CARTE-1483x2048.png 1483w\" sizes=\"auto, (max-width: 741px) 100vw, 741px\" \/><\/figure>\n<\/div>\n\n\n<p class=\"wp-block-paragraph\">La c\u00e9r\u00e9monie d\u2019ouverture officielle des travaux de la 3<sup>\u00e8me<\/sup>&nbsp;\u00e9dition de ce forum interreligieux a \u00e9t\u00e9 pr\u00e9sid\u00e9e au nom du ministre de l\u2019administration territoriale, de la d\u00e9centralisation et de la chefferie coutumi\u00e8re par le repr\u00e9sentant du gouverneur de la r\u00e9gion de la Kara, monsieur Gnigbangou Gountibote, secr\u00e9taire g\u00e9n\u00e9ral du gouvernorat de la Kara, en pr\u00e9sence du maire de la commune Kozah 1, Pidabi Pawoubadi.<\/p>\n\n\n\n<p class=\"wp-block-paragraph\"><strong>Ignace Polorigni, Conseiller en communication MATDCC \/ Awoesso Sosso, Assistant en communication<\/strong><\/p>\n\n\n\n<p class=\"wp-block-paragraph\"><a><strong><em>@macite.tg&nbsp;&nbsp;&nbsp;&nbsp;&nbsp;&nbsp;&nbsp;&nbsp;<\/em><\/strong><\/a><\/p>\n\n\n\n<p class=\"wp-block-paragraph\"><strong><em>E-mail&nbsp;: <\/em><\/strong><a href=\"mailto:maciteinfo@gmail.com\"><strong><em>maciteinfo@gmail.com<\/em><\/strong><\/a><strong><em>; <\/em><\/strong><a href=\"mailto:bawela1@gmail.com\"><strong><em>bawela1@gmail.com<\/em><\/strong><\/a><strong><em><\/em><\/strong><\/p>\n\n\n\n<p class=\"wp-block-paragraph\"><strong><em>Pour vos annonces, (publi)reportages, etc., joignez-nous au (00228)91515309\/<strong>79872224 <\/strong><strong><\/strong><\/em><\/strong><\/p>\n\n\n\n<p class=\"wp-block-paragraph\"><strong><em>www.macite.tg, L\u2019information, la bonne&nbsp;!<\/em><\/strong><\/p>\n\n\n\n<p class=\"wp-block-paragraph\"><\/p>\n","protected":false},"excerpt":{"rendered":"<p class=\"text-justify mb-2\" >La ville de Kara chef-lieu de la pr\u00e9fecture de la Kozah et de la r\u00e9gion de la Kara, a abrit\u00e9 les 29 et 30 juillet 2025 derniers au palais des Congr\u00e8s de Kara, les travaux de la troisi\u00e8me \u00e9dition d\u2019un forum national de dialogue interreligieux. [&hellip;]<\/p>\n","protected":false},"author":2,"featured_media":23984,"comment_status":"open","ping_status":"open","sticky":false,"template":"","format":"standard","meta":{"footnotes":""},"categories":[20,6],"tags":[],"class_list":["post-23983","post","type-post","status-publish","format-standard","has-post-thumbnail","hentry","category-actualite","category-societe"],"yoast_head":"<!-- This site is optimized with the Yoast SEO plugin v28.4 - https:\/\/yoast.com\/product\/yoast-seo-wordpress\/ -->\n<title>DIALOGUE INTERRELIGIEUX : La probl\u00e9matique du genre au c\u0153ur des \u00e9changes lors d\u2019un forum \u00e0 Kara -<\/title>\n<meta name=\"robots\" content=\"index, follow, max-snippet:-1, max-image-preview:large, max-video-preview:-1\" \/>\n<link rel=\"canonical\" href=\"https:\/\/macite.tg\/?p=23983\" \/>\n<meta property=\"og:locale\" content=\"fr_FR\" \/>\n<meta property=\"og:type\" content=\"article\" \/>\n<meta property=\"og:title\" content=\"DIALOGUE INTERRELIGIEUX : La probl\u00e9matique du genre au c\u0153ur des \u00e9changes lors d\u2019un forum \u00e0 Kara -\" \/>\n<meta property=\"og:description\" content=\"La ville de Kara chef-lieu de la pr\u00e9fecture de la Kozah et de la r\u00e9gion de la Kara, a abrit\u00e9 les 29 et 30 juillet 2025 derniers au palais des Congr\u00e8s de Kara, les travaux de la troisi\u00e8me \u00e9dition d\u2019un forum national de dialogue interreligieux. [&hellip;]\" \/>\n<meta property=\"og:url\" content=\"https:\/\/macite.tg\/?p=23983\" \/>\n<meta property=\"article:published_time\" content=\"2025-08-04T17:45:48+00:00\" \/>\n<meta property=\"article:modified_time\" content=\"2025-08-04T17:53:27+00:00\" \/>\n<meta property=\"og:image\" content=\"https:\/\/macite.tg\/wp-content\/uploads\/2025\/08\/AA.jpg\" \/>\n\t<meta property=\"og:image:width\" content=\"500\" \/>\n\t<meta property=\"og:image:height\" content=\"159\" \/>\n\t<meta property=\"og:image:type\" content=\"image\/jpeg\" \/>\n<meta name=\"author\" content=\"Jean Pierre BAWELA\" \/>\n<meta name=\"twitter:card\" content=\"summary_large_image\" \/>\n<meta name=\"twitter:label1\" content=\"\u00c9crit par\" \/>\n\t<meta name=\"twitter:data1\" content=\"Jean Pierre BAWELA\" \/>\n\t<meta name=\"twitter:label2\" content=\"Dur\u00e9e de lecture estim\u00e9e\" \/>\n\t<meta name=\"twitter:data2\" content=\"6 minutes\" \/>\n<script type=\"application\/ld+json\" class=\"yoast-schema-graph\">{\"@context\":\"https:\\\/\\\/schema.org\",\"@graph\":[{\"@type\":\"Article\",\"@id\":\"https:\\\/\\\/macite.tg\\\/?p=23983#article\",\"isPartOf\":{\"@id\":\"https:\\\/\\\/macite.tg\\\/?p=23983\"},\"author\":{\"name\":\"Jean Pierre BAWELA\",\"@id\":\"https:\\\/\\\/macite.tg\\\/#\\\/schema\\\/person\\\/e9f2de7e5dbbe7770a9402c7ce82f5c2\"},\"headline\":\"DIALOGUE INTERRELIGIEUX : La probl\u00e9matique du genre au c\u0153ur des \u00e9changes lors d\u2019un forum \u00e0 Kara\",\"datePublished\":\"2025-08-04T17:45:48+00:00\",\"dateModified\":\"2025-08-04T17:53:27+00:00\",\"mainEntityOfPage\":{\"@id\":\"https:\\\/\\\/macite.tg\\\/?p=23983\"},\"wordCount\":1064,\"commentCount\":0,\"image\":{\"@id\":\"https:\\\/\\\/macite.tg\\\/?p=23983#primaryimage\"},\"thumbnailUrl\":\"https:\\\/\\\/macite.tg\\\/wp-content\\\/uploads\\\/2025\\\/08\\\/AA.jpg\",\"articleSection\":[\"ACTUALITE\",\"SOCIETE\"],\"inLanguage\":\"fr-FR\",\"potentialAction\":[{\"@type\":\"CommentAction\",\"name\":\"Comment\",\"target\":[\"https:\\\/\\\/macite.tg\\\/?p=23983#respond\"]}]},{\"@type\":\"WebPage\",\"@id\":\"https:\\\/\\\/macite.tg\\\/?p=23983\",\"url\":\"https:\\\/\\\/macite.tg\\\/?p=23983\",\"name\":\"DIALOGUE INTERRELIGIEUX : La probl\u00e9matique du genre au c\u0153ur des \u00e9changes lors d\u2019un forum \u00e0 Kara -\",\"isPartOf\":{\"@id\":\"https:\\\/\\\/macite.tg\\\/#website\"},\"primaryImageOfPage\":{\"@id\":\"https:\\\/\\\/macite.tg\\\/?p=23983#primaryimage\"},\"image\":{\"@id\":\"https:\\\/\\\/macite.tg\\\/?p=23983#primaryimage\"},\"thumbnailUrl\":\"https:\\\/\\\/macite.tg\\\/wp-content\\\/uploads\\\/2025\\\/08\\\/AA.jpg\",\"datePublished\":\"2025-08-04T17:45:48+00:00\",\"dateModified\":\"2025-08-04T17:53:27+00:00\",\"author\":{\"@id\":\"https:\\\/\\\/macite.tg\\\/#\\\/schema\\\/person\\\/e9f2de7e5dbbe7770a9402c7ce82f5c2\"},\"breadcrumb\":{\"@id\":\"https:\\\/\\\/macite.tg\\\/?p=23983#breadcrumb\"},\"inLanguage\":\"fr-FR\",\"potentialAction\":[{\"@type\":\"ReadAction\",\"target\":[\"https:\\\/\\\/macite.tg\\\/?p=23983\"]}]},{\"@type\":\"ImageObject\",\"inLanguage\":\"fr-FR\",\"@id\":\"https:\\\/\\\/macite.tg\\\/?p=23983#primaryimage\",\"url\":\"https:\\\/\\\/macite.tg\\\/wp-content\\\/uploads\\\/2025\\\/08\\\/AA.jpg\",\"contentUrl\":\"https:\\\/\\\/macite.tg\\\/wp-content\\\/uploads\\\/2025\\\/08\\\/AA.jpg\",\"width\":500,\"height\":159},{\"@type\":\"BreadcrumbList\",\"@id\":\"https:\\\/\\\/macite.tg\\\/?p=23983#breadcrumb\",\"itemListElement\":[{\"@type\":\"ListItem\",\"position\":1,\"name\":\"Accueil\",\"item\":\"https:\\\/\\\/macite.tg\\\/\"},{\"@type\":\"ListItem\",\"position\":2,\"name\":\"DIALOGUE INTERRELIGIEUX : La probl\u00e9matique du genre au c\u0153ur des \u00e9changes lors d\u2019un forum \u00e0 Kara\"}]},{\"@type\":\"WebSite\",\"@id\":\"https:\\\/\\\/macite.tg\\\/#website\",\"url\":\"https:\\\/\\\/macite.tg\\\/\",\"name\":\"\",\"description\":\"L&#039;information, la bonne!!!\",\"potentialAction\":[{\"@type\":\"SearchAction\",\"target\":{\"@type\":\"EntryPoint\",\"urlTemplate\":\"https:\\\/\\\/macite.tg\\\/?s={search_term_string}\"},\"query-input\":{\"@type\":\"PropertyValueSpecification\",\"valueRequired\":true,\"valueName\":\"search_term_string\"}}],\"inLanguage\":\"fr-FR\"},{\"@type\":\"Person\",\"@id\":\"https:\\\/\\\/macite.tg\\\/#\\\/schema\\\/person\\\/e9f2de7e5dbbe7770a9402c7ce82f5c2\",\"name\":\"Jean Pierre BAWELA\",\"image\":{\"@type\":\"ImageObject\",\"inLanguage\":\"fr-FR\",\"@id\":\"https:\\\/\\\/macite.tg\\\/wp-content\\\/uploads\\\/2023\\\/09\\\/WhatsApp-Image-2023-09-19-at-14.44.41-122x122.jpeg\",\"url\":\"https:\\\/\\\/macite.tg\\\/wp-content\\\/uploads\\\/2023\\\/09\\\/WhatsApp-Image-2023-09-19-at-14.44.41-122x122.jpeg\",\"contentUrl\":\"https:\\\/\\\/macite.tg\\\/wp-content\\\/uploads\\\/2023\\\/09\\\/WhatsApp-Image-2023-09-19-at-14.44.41-122x122.jpeg\",\"caption\":\"Jean Pierre BAWELA\"},\"url\":\"https:\\\/\\\/macite.tg\\\/?author=2\"}]}<\/script>\n<!-- \/ Yoast SEO plugin. -->","yoast_head_json":{"title":"DIALOGUE INTERRELIGIEUX : La probl\u00e9matique du genre au c\u0153ur des \u00e9changes lors d\u2019un forum \u00e0 Kara -","robots":{"index":"index","follow":"follow","max-snippet":"max-snippet:-1","max-image-preview":"max-image-preview:large","max-video-preview":"max-video-preview:-1"},"canonical":"https:\/\/macite.tg\/?p=23983","og_locale":"fr_FR","og_type":"article","og_title":"DIALOGUE INTERRELIGIEUX : La probl\u00e9matique du genre au c\u0153ur des \u00e9changes lors d\u2019un forum \u00e0 Kara -","og_description":"La ville de Kara chef-lieu de la pr\u00e9fecture de la Kozah et de la r\u00e9gion de la Kara, a abrit\u00e9 les 29 et 30 juillet 2025 derniers au palais des Congr\u00e8s de Kara, les travaux de la troisi\u00e8me \u00e9dition d\u2019un forum national de dialogue interreligieux. [&hellip;]","og_url":"https:\/\/macite.tg\/?p=23983","article_published_time":"2025-08-04T17:45:48+00:00","article_modified_time":"2025-08-04T17:53:27+00:00","og_image":[{"width":500,"height":159,"url":"https:\/\/macite.tg\/wp-content\/uploads\/2025\/08\/AA.jpg","type":"image\/jpeg"}],"author":"Jean Pierre BAWELA","twitter_card":"summary_large_image","twitter_misc":{"\u00c9crit par":"Jean Pierre BAWELA","Dur\u00e9e de lecture estim\u00e9e":"6 minutes"},"schema":{"@context":"https:\/\/schema.org","@graph":[{"@type":"Article","@id":"https:\/\/macite.tg\/?p=23983#article","isPartOf":{"@id":"https:\/\/macite.tg\/?p=23983"},"author":{"name":"Jean Pierre BAWELA","@id":"https:\/\/macite.tg\/#\/schema\/person\/e9f2de7e5dbbe7770a9402c7ce82f5c2"},"headline":"DIALOGUE INTERRELIGIEUX : La probl\u00e9matique du genre au c\u0153ur des \u00e9changes lors d\u2019un forum \u00e0 Kara","datePublished":"2025-08-04T17:45:48+00:00","dateModified":"2025-08-04T17:53:27+00:00","mainEntityOfPage":{"@id":"https:\/\/macite.tg\/?p=23983"},"wordCount":1064,"commentCount":0,"image":{"@id":"https:\/\/macite.tg\/?p=23983#primaryimage"},"thumbnailUrl":"https:\/\/macite.tg\/wp-content\/uploads\/2025\/08\/AA.jpg","articleSection":["ACTUALITE","SOCIETE"],"inLanguage":"fr-FR","potentialAction":[{"@type":"CommentAction","name":"Comment","target":["https:\/\/macite.tg\/?p=23983#respond"]}]},{"@type":"WebPage","@id":"https:\/\/macite.tg\/?p=23983","url":"https:\/\/macite.tg\/?p=23983","name":"DIALOGUE INTERRELIGIEUX : La probl\u00e9matique du genre au c\u0153ur des \u00e9changes lors d\u2019un forum \u00e0 Kara -","isPartOf":{"@id":"https:\/\/macite.tg\/#website"},"primaryImageOfPage":{"@id":"https:\/\/macite.tg\/?p=23983#primaryimage"},"image":{"@id":"https:\/\/macite.tg\/?p=23983#primaryimage"},"thumbnailUrl":"https:\/\/macite.tg\/wp-content\/uploads\/2025\/08\/AA.jpg","datePublished":"2025-08-04T17:45:48+00:00","dateModified":"2025-08-04T17:53:27+00:00","author":{"@id":"https:\/\/macite.tg\/#\/schema\/person\/e9f2de7e5dbbe7770a9402c7ce82f5c2"},"breadcrumb":{"@id":"https:\/\/macite.tg\/?p=23983#breadcrumb"},"inLanguage":"fr-FR","potentialAction":[{"@type":"ReadAction","target":["https:\/\/macite.tg\/?p=23983"]}]},{"@type":"ImageObject","inLanguage":"fr-FR","@id":"https:\/\/macite.tg\/?p=23983#primaryimage","url":"https:\/\/macite.tg\/wp-content\/uploads\/2025\/08\/AA.jpg","contentUrl":"https:\/\/macite.tg\/wp-content\/uploads\/2025\/08\/AA.jpg","width":500,"height":159},{"@type":"BreadcrumbList","@id":"https:\/\/macite.tg\/?p=23983#breadcrumb","itemListElement":[{"@type":"ListItem","position":1,"name":"Accueil","item":"https:\/\/macite.tg\/"},{"@type":"ListItem","position":2,"name":"DIALOGUE INTERRELIGIEUX : La probl\u00e9matique du genre au c\u0153ur des \u00e9changes lors d\u2019un forum \u00e0 Kara"}]},{"@type":"WebSite","@id":"https:\/\/macite.tg\/#website","url":"https:\/\/macite.tg\/","name":"","description":"L&#039;information, la bonne!!!","potentialAction":[{"@type":"SearchAction","target":{"@type":"EntryPoint","urlTemplate":"https:\/\/macite.tg\/?s={search_term_string}"},"query-input":{"@type":"PropertyValueSpecification","valueRequired":true,"valueName":"search_term_string"}}],"inLanguage":"fr-FR"},{"@type":"Person","@id":"https:\/\/macite.tg\/#\/schema\/person\/e9f2de7e5dbbe7770a9402c7ce82f5c2","name":"Jean Pierre BAWELA","image":{"@type":"ImageObject","inLanguage":"fr-FR","@id":"https:\/\/macite.tg\/wp-content\/uploads\/2023\/09\/WhatsApp-Image-2023-09-19-at-14.44.41-122x122.jpeg","url":"https:\/\/macite.tg\/wp-content\/uploads\/2023\/09\/WhatsApp-Image-2023-09-19-at-14.44.41-122x122.jpeg","contentUrl":"https:\/\/macite.tg\/wp-content\/uploads\/2023\/09\/WhatsApp-Image-2023-09-19-at-14.44.41-122x122.jpeg","caption":"Jean Pierre BAWELA"},"url":"https:\/\/macite.tg\/?author=2"}]}},"_links":{"self":[{"href":"https:\/\/macite.tg\/index.php?rest_route=\/wp\/v2\/posts\/23983","targetHints":{"allow":["GET"]}}],"collection":[{"href":"https:\/\/macite.tg\/index.php?rest_route=\/wp\/v2\/posts"}],"about":[{"href":"https:\/\/macite.tg\/index.php?rest_route=\/wp\/v2\/types\/post"}],"author":[{"embeddable":true,"href":"https:\/\/macite.tg\/index.php?rest_route=\/wp\/v2\/users\/2"}],"replies":[{"embeddable":true,"href":"https:\/\/macite.tg\/index.php?rest_route=%2Fwp%2Fv2%2Fcomments&post=23983"}],"version-history":[{"count":0,"href":"https:\/\/macite.tg\/index.php?rest_route=\/wp\/v2\/posts\/23983\/revisions"}],"wp:featuredmedia":[{"embeddable":true,"href":"https:\/\/macite.tg\/index.php?rest_route=\/wp\/v2\/media\/23984"}],"wp:attachment":[{"href":"https:\/\/macite.tg\/index.php?rest_route=%2Fwp%2Fv2%2Fmedia&parent=23983"}],"wp:term":[{"taxonomy":"category","embeddable":true,"href":"https:\/\/macite.tg\/index.php?rest_route=%2Fwp%2Fv2%2Fcategories&post=23983"},{"taxonomy":"post_tag","embeddable":true,"href":"https:\/\/macite.tg\/index.php?rest_route=%2Fwp%2Fv2%2Ftags&post=23983"}],"curies":[{"name":"wp","href":"https:\/\/api.w.org\/{rel}","templated":true}]}}