{"id":2394,"date":"2022-12-06T14:33:01","date_gmt":"2022-12-06T14:33:01","guid":{"rendered":"https:\/\/macite.info\/?p=2394"},"modified":"2022-12-06T14:34:58","modified_gmt":"2022-12-06T14:34:58","slug":"transfert-en-vue-le-ghaneen-mohammed-kudus-va-signer-au-fc-barcelone","status":"publish","type":"post","link":"https:\/\/macite.tg\/?p=2394","title":{"rendered":"TRANSFERT EN VUE\u00a0: Le Ghan\u00e9en Mohammed Kudus va signer au FC Barcelone\u2026"},"content":{"rendered":"\n<p class=\"wp-block-paragraph\"><\/p>\n\n\n\n<p class=\"wp-block-paragraph\"><strong><em>Le mondial est termin\u00e9 pour certaines s\u00e9lections. Moment r\u00eav\u00e9 pour certains joueurs pour attirer les projecteurs, le mondial Qatar 2022 a r\u00e9v\u00e9l\u00e9 ou confirm\u00e9 des talents qui font d\u00e9j\u00e0 objet de convoitises.<\/em><\/strong><\/p>\n\n\n\n<p class=\"wp-block-paragraph\">Le Ghan\u00e9en Mohammed Kudus, malgr\u00e9 l\u2019\u00e9limination&nbsp; pr\u00e9coce des Blacks Satrs peut r\u00eaver d\u00e9sormais gros.<\/p>\n\n\n<div class=\"wp-block-image\">\n<figure class=\"aligncenter size-large is-resized\"><img loading=\"lazy\" decoding=\"async\" src=\"https:\/\/macite.tg\/wp-content\/uploads\/2022\/11\/ANNONCES-1-1-1024x426.jpg\" alt=\"\" class=\"wp-image-2047\" width=\"696\" height=\"289\" srcset=\"https:\/\/macite.tg\/wp-content\/uploads\/2022\/11\/ANNONCES-1-1-1024x426.jpg 1024w, https:\/\/macite.tg\/wp-content\/uploads\/2022\/11\/ANNONCES-1-1-300x125.jpg 300w, https:\/\/macite.tg\/wp-content\/uploads\/2022\/11\/ANNONCES-1-1-768x319.jpg 768w, https:\/\/macite.tg\/wp-content\/uploads\/2022\/11\/ANNONCES-1-1.jpg 1080w\" sizes=\"auto, (max-width: 696px) 100vw, 696px\" \/><\/figure>\n<\/div>\n\n\n<p class=\"wp-block-paragraph\">Auteur de deux buts en trois sorties, le jeune prodige milieu offensif ghan\u00e9en de 22 ans \u00e9voluant \u00e0 l\u2019Ajax Amsterdam, aux Pays-Bas, serait tr\u00e8s appr\u00e9ci\u00e9 par les dirigeants Blaugrana qui se sont tout de suite \u00e0 ses trousses.<\/p>\n\n\n\n<p class=\"wp-block-paragraph\">Pr\u00e9c\u00e9demment associ\u00e9 \u00e0 Tottenham, le natif d\u2019Accra ne devrait pas quitter facilement \u00e0 moins de d\u00e9brousser une enveloppe de 50 millions d\u2019euros.<\/p>\n\n\n\n<p class=\"wp-block-paragraph\">R\u00e9cemment, Kudus s\u2019\u00e9tait fait attir\u00e9 les regards en d\u00e9clarant que la star br\u00e9silienne du PSG, Neymar Junior n\u2019\u00e9tait pas <em>\u00abun meilleur joueur\u00bb<\/em> que lui, <em>\u00abjuste plus connu et avec plus de titres\u00bb. Il avait promis arriver lui aussi plus haut<\/em> : <em>\u00abJ\u2019y arriverai rapidement\u00bb<\/em>, avait-il conclu.<\/p>\n\n\n\n<p class=\"wp-block-paragraph\">D\u2019ores et d\u00e9j\u00e0, le prochain mercato s\u2019annonce tr\u00e8s remuant.<\/p>\n\n\n\n<p class=\"wp-block-paragraph\"><strong>JPB<\/strong><\/p>\n\n\n\n<p class=\"wp-block-paragraph\"><strong><em>@macite.info<\/em><\/strong><\/p>\n\n\n\n<p class=\"wp-block-paragraph\"><strong><em>E-mail&nbsp;: <\/em><\/strong><a href=\"mailto:maciteinfo@gmail.com\"><strong><em>maciteinfo@gmail.com<\/em><\/strong><\/a><strong><em>; <\/em><\/strong><a href=\"mailto:bawela1@gmail.com\"><strong><em>bawela1@gmail.com<\/em><\/strong><\/a><strong><em><\/em><\/strong><\/p>\n\n\n\n<p class=\"wp-block-paragraph\"><strong><em>Pour vos annonces, (publi)reportages, etc., joignez nous au (00228) 91515309\/<\/em><\/strong><strong>79872224<\/strong><em><\/em><\/p>\n\n\n\n<p class=\"wp-block-paragraph\"><a href=\"http:\/\/www.macite.info\"><strong><em>www.macite.info<\/em><\/strong><\/a><strong><em>, L\u2019information, la bonne&nbsp;!<\/em><\/strong><\/p>\n","protected":false},"excerpt":{"rendered":"<p class=\"text-justify mb-2\" >Le mondial est termin\u00e9 pour certaines s\u00e9lections. Moment r\u00eav\u00e9 pour certains joueurs pour attirer les projecteurs, le mondial Qatar 2022 a r\u00e9v\u00e9l\u00e9 ou confirm\u00e9 des talents qui font d\u00e9j\u00e0 objet de convoitises. Le Ghan\u00e9en Mohammed Kudus, malgr\u00e9 l\u2019\u00e9limination&nbsp; pr\u00e9coce des Blacks Satrs peut r\u00eaver d\u00e9sormais [&hellip;]<\/p>\n","protected":false},"author":2,"featured_media":2396,"comment_status":"open","ping_status":"open","sticky":false,"template":"","format":"standard","meta":{"footnotes":""},"categories":[7],"tags":[],"class_list":["post-2394","post","type-post","status-publish","format-standard","has-post-thumbnail","hentry","category-sports"],"yoast_head":"<!-- This site is optimized with the Yoast SEO plugin v28.4 - https:\/\/yoast.com\/product\/yoast-seo-wordpress\/ -->\n<title>TRANSFERT EN VUE\u00a0: Le Ghan\u00e9en Mohammed Kudus va signer au FC Barcelone\u2026 -<\/title>\n<meta name=\"robots\" content=\"index, follow, max-snippet:-1, max-image-preview:large, max-video-preview:-1\" \/>\n<link rel=\"canonical\" href=\"https:\/\/macite.tg\/?p=2394\" \/>\n<meta property=\"og:locale\" content=\"fr_FR\" \/>\n<meta property=\"og:type\" content=\"article\" \/>\n<meta property=\"og:title\" content=\"TRANSFERT EN VUE\u00a0: Le Ghan\u00e9en Mohammed Kudus va signer au FC Barcelone\u2026 -\" \/>\n<meta property=\"og:description\" content=\"Le mondial est termin\u00e9 pour certaines s\u00e9lections. Moment r\u00eav\u00e9 pour certains joueurs pour attirer les projecteurs, le mondial Qatar 2022 a r\u00e9v\u00e9l\u00e9 ou confirm\u00e9 des talents qui font d\u00e9j\u00e0 objet de convoitises. Le Ghan\u00e9en Mohammed Kudus, malgr\u00e9 l\u2019\u00e9limination&nbsp; pr\u00e9coce des Blacks Satrs peut r\u00eaver d\u00e9sormais [&hellip;]\" \/>\n<meta property=\"og:url\" content=\"https:\/\/macite.tg\/?p=2394\" \/>\n<meta property=\"article:published_time\" content=\"2022-12-06T14:33:01+00:00\" \/>\n<meta property=\"article:modified_time\" content=\"2022-12-06T14:34:58+00:00\" \/>\n<meta property=\"og:image\" content=\"https:\/\/macite.tg\/wp-content\/uploads\/2022\/12\/Mohammed-Kudus.jpg\" \/>\n\t<meta property=\"og:image:width\" content=\"1024\" \/>\n\t<meta property=\"og:image:height\" content=\"730\" \/>\n\t<meta property=\"og:image:type\" content=\"image\/jpeg\" \/>\n<meta name=\"author\" content=\"Jean Pierre BAWELA\" \/>\n<meta name=\"twitter:card\" content=\"summary_large_image\" \/>\n<meta name=\"twitter:label1\" content=\"\u00c9crit par\" \/>\n\t<meta name=\"twitter:data1\" content=\"Jean Pierre BAWELA\" \/>\n\t<meta name=\"twitter:label2\" content=\"Dur\u00e9e de lecture estim\u00e9e\" \/>\n\t<meta name=\"twitter:data2\" content=\"2 minutes\" \/>\n<script type=\"application\/ld+json\" class=\"yoast-schema-graph\">{\"@context\":\"https:\\\/\\\/schema.org\",\"@graph\":[{\"@type\":\"Article\",\"@id\":\"https:\\\/\\\/macite.tg\\\/?p=2394#article\",\"isPartOf\":{\"@id\":\"https:\\\/\\\/macite.tg\\\/?p=2394\"},\"author\":{\"name\":\"Jean Pierre BAWELA\",\"@id\":\"https:\\\/\\\/macite.tg\\\/#\\\/schema\\\/person\\\/e9f2de7e5dbbe7770a9402c7ce82f5c2\"},\"headline\":\"TRANSFERT EN VUE\u00a0: Le Ghan\u00e9en Mohammed Kudus va signer au FC Barcelone\u2026\",\"datePublished\":\"2022-12-06T14:33:01+00:00\",\"dateModified\":\"2022-12-06T14:34:58+00:00\",\"mainEntityOfPage\":{\"@id\":\"https:\\\/\\\/macite.tg\\\/?p=2394\"},\"wordCount\":224,\"commentCount\":0,\"image\":{\"@id\":\"https:\\\/\\\/macite.tg\\\/?p=2394#primaryimage\"},\"thumbnailUrl\":\"https:\\\/\\\/macite.tg\\\/wp-content\\\/uploads\\\/2022\\\/12\\\/Mohammed-Kudus.jpg\",\"articleSection\":[\"SPORTS\"],\"inLanguage\":\"fr-FR\",\"potentialAction\":[{\"@type\":\"CommentAction\",\"name\":\"Comment\",\"target\":[\"https:\\\/\\\/macite.tg\\\/?p=2394#respond\"]}]},{\"@type\":\"WebPage\",\"@id\":\"https:\\\/\\\/macite.tg\\\/?p=2394\",\"url\":\"https:\\\/\\\/macite.tg\\\/?p=2394\",\"name\":\"TRANSFERT EN VUE\u00a0: Le Ghan\u00e9en Mohammed Kudus va signer au FC Barcelone\u2026 -\",\"isPartOf\":{\"@id\":\"https:\\\/\\\/macite.tg\\\/#website\"},\"primaryImageOfPage\":{\"@id\":\"https:\\\/\\\/macite.tg\\\/?p=2394#primaryimage\"},\"image\":{\"@id\":\"https:\\\/\\\/macite.tg\\\/?p=2394#primaryimage\"},\"thumbnailUrl\":\"https:\\\/\\\/macite.tg\\\/wp-content\\\/uploads\\\/2022\\\/12\\\/Mohammed-Kudus.jpg\",\"datePublished\":\"2022-12-06T14:33:01+00:00\",\"dateModified\":\"2022-12-06T14:34:58+00:00\",\"author\":{\"@id\":\"https:\\\/\\\/macite.tg\\\/#\\\/schema\\\/person\\\/e9f2de7e5dbbe7770a9402c7ce82f5c2\"},\"breadcrumb\":{\"@id\":\"https:\\\/\\\/macite.tg\\\/?p=2394#breadcrumb\"},\"inLanguage\":\"fr-FR\",\"potentialAction\":[{\"@type\":\"ReadAction\",\"target\":[\"https:\\\/\\\/macite.tg\\\/?p=2394\"]}]},{\"@type\":\"ImageObject\",\"inLanguage\":\"fr-FR\",\"@id\":\"https:\\\/\\\/macite.tg\\\/?p=2394#primaryimage\",\"url\":\"https:\\\/\\\/macite.tg\\\/wp-content\\\/uploads\\\/2022\\\/12\\\/Mohammed-Kudus.jpg\",\"contentUrl\":\"https:\\\/\\\/macite.tg\\\/wp-content\\\/uploads\\\/2022\\\/12\\\/Mohammed-Kudus.jpg\",\"width\":1024,\"height\":730},{\"@type\":\"BreadcrumbList\",\"@id\":\"https:\\\/\\\/macite.tg\\\/?p=2394#breadcrumb\",\"itemListElement\":[{\"@type\":\"ListItem\",\"position\":1,\"name\":\"Accueil\",\"item\":\"https:\\\/\\\/macite.tg\\\/\"},{\"@type\":\"ListItem\",\"position\":2,\"name\":\"TRANSFERT EN VUE\u00a0: Le Ghan\u00e9en Mohammed Kudus va signer au FC Barcelone\u2026\"}]},{\"@type\":\"WebSite\",\"@id\":\"https:\\\/\\\/macite.tg\\\/#website\",\"url\":\"https:\\\/\\\/macite.tg\\\/\",\"name\":\"\",\"description\":\"L&#039;information, la bonne!!!\",\"potentialAction\":[{\"@type\":\"SearchAction\",\"target\":{\"@type\":\"EntryPoint\",\"urlTemplate\":\"https:\\\/\\\/macite.tg\\\/?s={search_term_string}\"},\"query-input\":{\"@type\":\"PropertyValueSpecification\",\"valueRequired\":true,\"valueName\":\"search_term_string\"}}],\"inLanguage\":\"fr-FR\"},{\"@type\":\"Person\",\"@id\":\"https:\\\/\\\/macite.tg\\\/#\\\/schema\\\/person\\\/e9f2de7e5dbbe7770a9402c7ce82f5c2\",\"name\":\"Jean Pierre BAWELA\",\"image\":{\"@type\":\"ImageObject\",\"inLanguage\":\"fr-FR\",\"@id\":\"https:\\\/\\\/macite.tg\\\/wp-content\\\/uploads\\\/2023\\\/09\\\/WhatsApp-Image-2023-09-19-at-14.44.41-122x122.jpeg\",\"url\":\"https:\\\/\\\/macite.tg\\\/wp-content\\\/uploads\\\/2023\\\/09\\\/WhatsApp-Image-2023-09-19-at-14.44.41-122x122.jpeg\",\"contentUrl\":\"https:\\\/\\\/macite.tg\\\/wp-content\\\/uploads\\\/2023\\\/09\\\/WhatsApp-Image-2023-09-19-at-14.44.41-122x122.jpeg\",\"caption\":\"Jean Pierre BAWELA\"},\"url\":\"https:\\\/\\\/macite.tg\\\/?author=2\"}]}<\/script>\n<!-- \/ Yoast SEO plugin. -->","yoast_head_json":{"title":"TRANSFERT EN VUE\u00a0: Le Ghan\u00e9en Mohammed Kudus va signer au FC Barcelone\u2026 -","robots":{"index":"index","follow":"follow","max-snippet":"max-snippet:-1","max-image-preview":"max-image-preview:large","max-video-preview":"max-video-preview:-1"},"canonical":"https:\/\/macite.tg\/?p=2394","og_locale":"fr_FR","og_type":"article","og_title":"TRANSFERT EN VUE\u00a0: Le Ghan\u00e9en Mohammed Kudus va signer au FC Barcelone\u2026 -","og_description":"Le mondial est termin\u00e9 pour certaines s\u00e9lections. Moment r\u00eav\u00e9 pour certains joueurs pour attirer les projecteurs, le mondial Qatar 2022 a r\u00e9v\u00e9l\u00e9 ou confirm\u00e9 des talents qui font d\u00e9j\u00e0 objet de convoitises. Le Ghan\u00e9en Mohammed Kudus, malgr\u00e9 l\u2019\u00e9limination&nbsp; pr\u00e9coce des Blacks Satrs peut r\u00eaver d\u00e9sormais [&hellip;]","og_url":"https:\/\/macite.tg\/?p=2394","article_published_time":"2022-12-06T14:33:01+00:00","article_modified_time":"2022-12-06T14:34:58+00:00","og_image":[{"width":1024,"height":730,"url":"https:\/\/macite.tg\/wp-content\/uploads\/2022\/12\/Mohammed-Kudus.jpg","type":"image\/jpeg"}],"author":"Jean Pierre BAWELA","twitter_card":"summary_large_image","twitter_misc":{"\u00c9crit par":"Jean Pierre BAWELA","Dur\u00e9e de lecture estim\u00e9e":"2 minutes"},"schema":{"@context":"https:\/\/schema.org","@graph":[{"@type":"Article","@id":"https:\/\/macite.tg\/?p=2394#article","isPartOf":{"@id":"https:\/\/macite.tg\/?p=2394"},"author":{"name":"Jean Pierre BAWELA","@id":"https:\/\/macite.tg\/#\/schema\/person\/e9f2de7e5dbbe7770a9402c7ce82f5c2"},"headline":"TRANSFERT EN VUE\u00a0: Le Ghan\u00e9en Mohammed Kudus va signer au FC Barcelone\u2026","datePublished":"2022-12-06T14:33:01+00:00","dateModified":"2022-12-06T14:34:58+00:00","mainEntityOfPage":{"@id":"https:\/\/macite.tg\/?p=2394"},"wordCount":224,"commentCount":0,"image":{"@id":"https:\/\/macite.tg\/?p=2394#primaryimage"},"thumbnailUrl":"https:\/\/macite.tg\/wp-content\/uploads\/2022\/12\/Mohammed-Kudus.jpg","articleSection":["SPORTS"],"inLanguage":"fr-FR","potentialAction":[{"@type":"CommentAction","name":"Comment","target":["https:\/\/macite.tg\/?p=2394#respond"]}]},{"@type":"WebPage","@id":"https:\/\/macite.tg\/?p=2394","url":"https:\/\/macite.tg\/?p=2394","name":"TRANSFERT EN VUE\u00a0: Le Ghan\u00e9en Mohammed Kudus va signer au FC Barcelone\u2026 -","isPartOf":{"@id":"https:\/\/macite.tg\/#website"},"primaryImageOfPage":{"@id":"https:\/\/macite.tg\/?p=2394#primaryimage"},"image":{"@id":"https:\/\/macite.tg\/?p=2394#primaryimage"},"thumbnailUrl":"https:\/\/macite.tg\/wp-content\/uploads\/2022\/12\/Mohammed-Kudus.jpg","datePublished":"2022-12-06T14:33:01+00:00","dateModified":"2022-12-06T14:34:58+00:00","author":{"@id":"https:\/\/macite.tg\/#\/schema\/person\/e9f2de7e5dbbe7770a9402c7ce82f5c2"},"breadcrumb":{"@id":"https:\/\/macite.tg\/?p=2394#breadcrumb"},"inLanguage":"fr-FR","potentialAction":[{"@type":"ReadAction","target":["https:\/\/macite.tg\/?p=2394"]}]},{"@type":"ImageObject","inLanguage":"fr-FR","@id":"https:\/\/macite.tg\/?p=2394#primaryimage","url":"https:\/\/macite.tg\/wp-content\/uploads\/2022\/12\/Mohammed-Kudus.jpg","contentUrl":"https:\/\/macite.tg\/wp-content\/uploads\/2022\/12\/Mohammed-Kudus.jpg","width":1024,"height":730},{"@type":"BreadcrumbList","@id":"https:\/\/macite.tg\/?p=2394#breadcrumb","itemListElement":[{"@type":"ListItem","position":1,"name":"Accueil","item":"https:\/\/macite.tg\/"},{"@type":"ListItem","position":2,"name":"TRANSFERT EN VUE\u00a0: Le Ghan\u00e9en Mohammed Kudus va signer au FC Barcelone\u2026"}]},{"@type":"WebSite","@id":"https:\/\/macite.tg\/#website","url":"https:\/\/macite.tg\/","name":"","description":"L&#039;information, la bonne!!!","potentialAction":[{"@type":"SearchAction","target":{"@type":"EntryPoint","urlTemplate":"https:\/\/macite.tg\/?s={search_term_string}"},"query-input":{"@type":"PropertyValueSpecification","valueRequired":true,"valueName":"search_term_string"}}],"inLanguage":"fr-FR"},{"@type":"Person","@id":"https:\/\/macite.tg\/#\/schema\/person\/e9f2de7e5dbbe7770a9402c7ce82f5c2","name":"Jean Pierre BAWELA","image":{"@type":"ImageObject","inLanguage":"fr-FR","@id":"https:\/\/macite.tg\/wp-content\/uploads\/2023\/09\/WhatsApp-Image-2023-09-19-at-14.44.41-122x122.jpeg","url":"https:\/\/macite.tg\/wp-content\/uploads\/2023\/09\/WhatsApp-Image-2023-09-19-at-14.44.41-122x122.jpeg","contentUrl":"https:\/\/macite.tg\/wp-content\/uploads\/2023\/09\/WhatsApp-Image-2023-09-19-at-14.44.41-122x122.jpeg","caption":"Jean Pierre BAWELA"},"url":"https:\/\/macite.tg\/?author=2"}]}},"_links":{"self":[{"href":"https:\/\/macite.tg\/index.php?rest_route=\/wp\/v2\/posts\/2394","targetHints":{"allow":["GET"]}}],"collection":[{"href":"https:\/\/macite.tg\/index.php?rest_route=\/wp\/v2\/posts"}],"about":[{"href":"https:\/\/macite.tg\/index.php?rest_route=\/wp\/v2\/types\/post"}],"author":[{"embeddable":true,"href":"https:\/\/macite.tg\/index.php?rest_route=\/wp\/v2\/users\/2"}],"replies":[{"embeddable":true,"href":"https:\/\/macite.tg\/index.php?rest_route=%2Fwp%2Fv2%2Fcomments&post=2394"}],"version-history":[{"count":0,"href":"https:\/\/macite.tg\/index.php?rest_route=\/wp\/v2\/posts\/2394\/revisions"}],"wp:featuredmedia":[{"embeddable":true,"href":"https:\/\/macite.tg\/index.php?rest_route=\/wp\/v2\/media\/2396"}],"wp:attachment":[{"href":"https:\/\/macite.tg\/index.php?rest_route=%2Fwp%2Fv2%2Fmedia&parent=2394"}],"wp:term":[{"taxonomy":"category","embeddable":true,"href":"https:\/\/macite.tg\/index.php?rest_route=%2Fwp%2Fv2%2Fcategories&post=2394"},{"taxonomy":"post_tag","embeddable":true,"href":"https:\/\/macite.tg\/index.php?rest_route=%2Fwp%2Fv2%2Ftags&post=2394"}],"curies":[{"name":"wp","href":"https:\/\/api.w.org\/{rel}","templated":true}]}}