{"id":23913,"date":"2025-08-01T12:25:46","date_gmt":"2025-08-01T12:25:46","guid":{"rendered":"https:\/\/macite.tg\/?p=23913"},"modified":"2025-08-01T12:25:50","modified_gmt":"2025-08-01T12:25:50","slug":"action-developpement-sante-pour-tous-ads-20-ans-deja-au-service-de-lenfance-en-difficulte","status":"publish","type":"post","link":"https:\/\/macite.tg\/?p=23913","title":{"rendered":"ACTION DEVELOPPEMENT SANTE POUR TOUS (ADS) : 20 ans d\u00e9j\u00e0 au service de l\u2019enfance en difficult\u00e9\u00a0"},"content":{"rendered":"\n<p class=\"wp-block-paragraph\"><strong><em>Deux semaines d&rsquo;activit\u00e9s artistiques avec des enfants en situation de handicap ont permis \u00e0 l&rsquo;organisation Action D\u00e9veloppement Sant\u00e9 pour tous (ADS) de c\u00e9l\u00e9brer ses 20 ans d&rsquo;existence sous le th\u00e8me \u00a0\u00bb les arts\u00a0\u00bb.<\/em><\/strong><\/p>\n\n\n\n<p class=\"wp-block-paragraph\">Ils \u00e9taient une vingtaine \u00e0 \u00eatre regroup\u00e9s dans l&rsquo;enceinte de l&rsquo;\u00e9cole Ephata, commun\u00e9ment appel\u00e9e \u00e9cole des sourds au quartier Djidjol\u00e9 \u00e0 Lom\u00e9.&nbsp; Une initiative humaine de l&rsquo;Action D\u00e9veloppement Sant\u00e9 pour tous, en partenariat avec des \u00e9tudiants en orthophonie, venus de France, plus pr\u00e9cis\u00e9ment de la ville de Lille.<\/p>\n\n\n\n<p class=\"wp-block-paragraph\">&nbsp;<em>\u00ab&nbsp;Nous offrons un cadre r\u00e9cr\u00e9atif aux enfants en situation de handicap, qui n&rsquo;ont pas la chance de le vivre de fa\u00e7on ordinaire&nbsp;\u00bb,<\/em> explique Luc Nakuyou, responsable de projet chez ADS. Cr\u00e9\u00e9e en avril 2005, l&rsquo;association \u0153uvre depuis deux d\u00e9cennies pour l&rsquo;inclusion et le bien-\u00eatre des enfants vuln\u00e9rables au Togo.<\/p>\n\n\n<div class=\"wp-block-image\">\n<figure class=\"aligncenter size-full\"><img loading=\"lazy\" decoding=\"async\" width=\"851\" height=\"315\" src=\"https:\/\/macite.tg\/wp-content\/uploads\/2025\/07\/OTR_Ferer-pour-batir-1.jpg\" alt=\"\" class=\"wp-image-23830\" srcset=\"https:\/\/macite.tg\/wp-content\/uploads\/2025\/07\/OTR_Ferer-pour-batir-1.jpg 851w, https:\/\/macite.tg\/wp-content\/uploads\/2025\/07\/OTR_Ferer-pour-batir-1-300x111.jpg 300w, https:\/\/macite.tg\/wp-content\/uploads\/2025\/07\/OTR_Ferer-pour-batir-1-768x284.jpg 768w\" sizes=\"auto, (max-width: 851px) 100vw, 851px\" \/><\/figure>\n<\/div>\n\n\n<p class=\"wp-block-paragraph\">Cette ann\u00e9e, le projet est centr\u00e9 sur le th\u00e8me des arts, une approche innovante qui combine \u00e9veil sensoriel, expression personnelle et interaction sociale. Les sept arts abord\u00e9s sont la musique, la danse, la peinture, la litt\u00e9rature, le langage, la motricit\u00e9 et le dessin. Le but de cette rencontre annuelle, est de faire d\u00e9couvrir aux enfants leur potentiel cr\u00e9atif et renforcer leurs capacit\u00e9s, au-del\u00e0 des limites impos\u00e9es par le handicap.<\/p>\n\n\n\n<p class=\"wp-block-paragraph\"><em>\u00ab&nbsp;Le but primordial, c&rsquo;est de permettre \u00e0 ces enfants de vivre ce qu&rsquo;ils ne peuvent pas vivre naturellement&nbsp;\u00bb,<\/em> insiste M. Nakuyou, avant d&rsquo;ajouter&nbsp;: <em>\u00ab&nbsp;Ces moments leur donnent une chance de se d\u00e9couvrir, de d\u00e9velopper leurs comp\u00e9tences, de s&rsquo;ouvrir au monde&nbsp;\u00bb.<\/em><\/p>\n\n\n\n<p class=\"wp-block-paragraph\">Maxime Lievens, secr\u00e9taire et responsable du projet Noumama explique que le projet existe depuis plusieurs ann\u00e9es. Les retours ont toujours \u00e9t\u00e9 tr\u00e8s positifs, tant du c\u00f4t\u00e9 des familles que des enfants. D&rsquo;o\u00f9 la volont\u00e9 de prolonger la dynamique.<\/p>\n\n\n<div class=\"wp-block-image\">\n<figure class=\"aligncenter size-full is-resized\"><img loading=\"lazy\" decoding=\"async\" width=\"690\" height=\"170\" src=\"https:\/\/macite.tg\/wp-content\/uploads\/2025\/08\/OTR_TVM.jpg\" alt=\"\" class=\"wp-image-23915\" style=\"width:840px;height:auto\" srcset=\"https:\/\/macite.tg\/wp-content\/uploads\/2025\/08\/OTR_TVM.jpg 690w, https:\/\/macite.tg\/wp-content\/uploads\/2025\/08\/OTR_TVM-300x74.jpg 300w\" sizes=\"auto, (max-width: 690px) 100vw, 690px\" \/><\/figure>\n<\/div>\n\n\n<p class=\"wp-block-paragraph\">&nbsp;Cinq \u00e9tudiantes fran\u00e7aises, animatrices des activit\u00e9s et membres du projet Noumama, sont venues sp\u00e9cialement de Lille pour assister les enfants. Sol\u00e8ne Legroux, \u00e9tudiante en orthophonie, souligne l&rsquo;importance du th\u00e8me choisi : <em>\u00ab&nbsp;On a pens\u00e9 que les arts, c&rsquo;\u00e9tait un excellent moyen d&rsquo;aborder une grande diversit\u00e9 d&rsquo;activit\u00e9s, adaptables \u00e0 tous les handicaps et \u00e0 tous les \u00e2ges. Et franchement, \u00e7a a super bien fonctionn\u00e9&nbsp;\u00bb,<\/em> souligne l&rsquo;\u00e9tudiante Lilloise sur l&rsquo;importance du th\u00e8me choisi.<\/p>\n\n\n\n<p class=\"wp-block-paragraph\">La collaboration entre les jeunes fran\u00e7aises et des \u00e9tudiants togolais en orthophonie permet une interculturalit\u00e9 professionnelle avanc\u00e9e. <em>\u00ab&nbsp;On apprend \u00e9norm\u00e9ment ici. Cette exp\u00e9rience va clairement marquer notre parcours personnel et professionnel&nbsp;\u00bb,<\/em> s&rsquo;est r\u00e9jouie, la secr\u00e9taire et responsable du projet.<\/p>\n\n\n\n<p class=\"wp-block-paragraph\">Au-del\u00e0 de l&rsquo;aspect ludique, cette initiative vise \u00e0 stimuler l&rsquo;expression, l&rsquo;\u00e9coute, la coordination motrice et la confiance en soi des enfants. <em>\u00ab&nbsp;Ces enfants sont appel\u00e9s un jour \u00e0 aller \u00e0 l&rsquo;\u00e9cole, \u00e0 faire une activit\u00e9. Il est donc essentiel de leur offrir des opportunit\u00e9s d&rsquo;\u00e9veil comme celle-ci&nbsp;\u00bb,<\/em> rappelle Luc Nakuyou.<\/p>\n\n\n\n<p class=\"wp-block-paragraph\">Face au succ\u00e8s de cette \u00e9dition, l&rsquo;\u00e9quipe fran\u00e7aise esp\u00e8re constituer une nouvelle \u00e9quipe pour revenir l&rsquo;an prochain, toujours avec l&rsquo;id\u00e9e d&rsquo;apporter de la joie et du sourire aux enfants. Une mission \u00e0 la fois simple et immense. Et en dehors de Sol\u00e8ne et de Maxime, Pauline Mesnard, Alice Chaduc et Julie Herbrecht ont aussi fait le d\u00e9placement sur Lom\u00e9.<\/p>\n\n\n<div class=\"wp-block-image\">\n<figure class=\"aligncenter size-full is-resized\"><img loading=\"lazy\" decoding=\"async\" width=\"500\" height=\"500\" src=\"https:\/\/macite.tg\/wp-content\/uploads\/2025\/07\/LES-MERCREDIS-DU-FISC.jpg\" alt=\"\" class=\"wp-image-23832\" style=\"width:616px;height:auto\" srcset=\"https:\/\/macite.tg\/wp-content\/uploads\/2025\/07\/LES-MERCREDIS-DU-FISC.jpg 500w, https:\/\/macite.tg\/wp-content\/uploads\/2025\/07\/LES-MERCREDIS-DU-FISC-300x300.jpg 300w, https:\/\/macite.tg\/wp-content\/uploads\/2025\/07\/LES-MERCREDIS-DU-FISC-150x150.jpg 150w, https:\/\/macite.tg\/wp-content\/uploads\/2025\/07\/LES-MERCREDIS-DU-FISC-122x122.jpg 122w\" sizes=\"auto, (max-width: 500px) 100vw, 500px\" \/><\/figure>\n<\/div>\n\n\n<p class=\"wp-block-paragraph\">Ainsi, ADS d\u00e9montre, une fois de plus, qu&rsquo;avec de l&rsquo;engagement, de la cr\u00e9ativit\u00e9 et de la coop\u00e9ration, il est possible de b\u00e2tir un monde plus inclusif, o\u00f9 chaque enfant, quel que soit son handicap, a le droit d&rsquo;exister pleinement. Une exposition des \u0153uvres des enfants et des prestations artistiques ont mis fin \u00e0 ce mini camp pour le bonheur des enfants qui vivent avec un handicap.<\/p>\n\n\n\n<p class=\"wp-block-paragraph\"><strong><em>Un appel est lanc\u00e9 \u00e0 toutes les bonnes volont\u00e9s (\u2026) Ces enfants ont besoins de chacun de nous\u2026<\/em><\/strong><\/p>\n\n\n\n<p class=\"wp-block-paragraph\"><strong>Dodo ABALO (In LE MEDIUM n\u00b0663 du 29 juillet au 04 Ao\u00fbt 2025)<\/strong><\/p>\n\n\n\n<p class=\"wp-block-paragraph\"><strong><em>@macite.tg&nbsp;&nbsp;&nbsp;&nbsp;&nbsp;&nbsp;&nbsp;&nbsp;<\/em><\/strong><\/p>\n\n\n\n<p class=\"wp-block-paragraph\"><strong><em>E-mail&nbsp;: <\/em><\/strong><a href=\"mailto:maciteinfo@gmail.com\"><strong><em>maciteinfo@gmail.com<\/em><\/strong><\/a><strong><em>; <\/em><\/strong><a href=\"mailto:bawela1@gmail.com\"><strong><em>bawela1@gmail.com<\/em><\/strong><\/a><strong><em><\/em><\/strong><\/p>\n\n\n\n<p class=\"wp-block-paragraph\"><strong><em>Pour vos annonces, (publi)reportages, etc., joignez-nous au (00228)91515309\/<strong>79872224 <\/strong><strong><\/strong><\/em><\/strong><\/p>\n\n\n\n<p class=\"wp-block-paragraph\"><strong><em>www.macite.tg, L\u2019information, la bonne&nbsp;!<\/em><\/strong><\/p>\n","protected":false},"excerpt":{"rendered":"<p class=\"text-justify mb-2\" >Deux semaines d&rsquo;activit\u00e9s artistiques avec des enfants en situation de handicap ont permis \u00e0 l&rsquo;organisation Action D\u00e9veloppement Sant\u00e9 pour tous (ADS) de c\u00e9l\u00e9brer ses 20 ans d&rsquo;existence sous le th\u00e8me \u00a0\u00bb les arts\u00a0\u00bb. Ils \u00e9taient une vingtaine \u00e0 \u00eatre regroup\u00e9s dans l&rsquo;enceinte de l&rsquo;\u00e9cole Ephata, [&hellip;]<\/p>\n","protected":false},"author":2,"featured_media":23918,"comment_status":"open","ping_status":"open","sticky":false,"template":"","format":"standard","meta":{"footnotes":""},"categories":[20,6],"tags":[],"class_list":["post-23913","post","type-post","status-publish","format-standard","has-post-thumbnail","hentry","category-actualite","category-societe"],"yoast_head":"<!-- This site is optimized with the Yoast SEO plugin v28.4 - https:\/\/yoast.com\/product\/yoast-seo-wordpress\/ -->\n<title>ACTION DEVELOPPEMENT SANTE POUR TOUS (ADS) : 20 ans d\u00e9j\u00e0 au service de l\u2019enfance en difficult\u00e9\u00a0 -<\/title>\n<meta name=\"robots\" content=\"index, follow, max-snippet:-1, max-image-preview:large, max-video-preview:-1\" \/>\n<link rel=\"canonical\" href=\"https:\/\/macite.tg\/?p=23913\" \/>\n<meta property=\"og:locale\" content=\"fr_FR\" \/>\n<meta property=\"og:type\" content=\"article\" \/>\n<meta property=\"og:title\" content=\"ACTION DEVELOPPEMENT SANTE POUR TOUS (ADS) : 20 ans d\u00e9j\u00e0 au service de l\u2019enfance en difficult\u00e9\u00a0 -\" \/>\n<meta property=\"og:description\" content=\"Deux semaines d&rsquo;activit\u00e9s artistiques avec des enfants en situation de handicap ont permis \u00e0 l&rsquo;organisation Action D\u00e9veloppement Sant\u00e9 pour tous (ADS) de c\u00e9l\u00e9brer ses 20 ans d&rsquo;existence sous le th\u00e8me \u00a0\u00bb les arts\u00a0\u00bb. Ils \u00e9taient une vingtaine \u00e0 \u00eatre regroup\u00e9s dans l&rsquo;enceinte de l&rsquo;\u00e9cole Ephata, [&hellip;]\" \/>\n<meta property=\"og:url\" content=\"https:\/\/macite.tg\/?p=23913\" \/>\n<meta property=\"article:published_time\" content=\"2025-08-01T12:25:46+00:00\" \/>\n<meta property=\"article:modified_time\" content=\"2025-08-01T12:25:50+00:00\" \/>\n<meta property=\"og:image\" content=\"https:\/\/macite.tg\/wp-content\/uploads\/2025\/08\/ADS.jpg\" \/>\n\t<meta property=\"og:image:width\" content=\"500\" \/>\n\t<meta property=\"og:image:height\" content=\"299\" \/>\n\t<meta property=\"og:image:type\" content=\"image\/jpeg\" \/>\n<meta name=\"author\" content=\"Jean Pierre BAWELA\" \/>\n<meta name=\"twitter:card\" content=\"summary_large_image\" \/>\n<meta name=\"twitter:label1\" content=\"\u00c9crit par\" \/>\n\t<meta name=\"twitter:data1\" content=\"Jean Pierre BAWELA\" \/>\n\t<meta name=\"twitter:label2\" content=\"Dur\u00e9e de lecture estim\u00e9e\" \/>\n\t<meta name=\"twitter:data2\" content=\"4 minutes\" \/>\n<script type=\"application\/ld+json\" class=\"yoast-schema-graph\">{\"@context\":\"https:\\\/\\\/schema.org\",\"@graph\":[{\"@type\":\"Article\",\"@id\":\"https:\\\/\\\/macite.tg\\\/?p=23913#article\",\"isPartOf\":{\"@id\":\"https:\\\/\\\/macite.tg\\\/?p=23913\"},\"author\":{\"name\":\"Jean Pierre BAWELA\",\"@id\":\"https:\\\/\\\/macite.tg\\\/#\\\/schema\\\/person\\\/e9f2de7e5dbbe7770a9402c7ce82f5c2\"},\"headline\":\"ACTION DEVELOPPEMENT SANTE POUR TOUS (ADS) : 20 ans d\u00e9j\u00e0 au service de l\u2019enfance en difficult\u00e9\u00a0\",\"datePublished\":\"2025-08-01T12:25:46+00:00\",\"dateModified\":\"2025-08-01T12:25:50+00:00\",\"mainEntityOfPage\":{\"@id\":\"https:\\\/\\\/macite.tg\\\/?p=23913\"},\"wordCount\":731,\"commentCount\":0,\"image\":{\"@id\":\"https:\\\/\\\/macite.tg\\\/?p=23913#primaryimage\"},\"thumbnailUrl\":\"https:\\\/\\\/macite.tg\\\/wp-content\\\/uploads\\\/2025\\\/08\\\/ADS.jpg\",\"articleSection\":[\"ACTUALITE\",\"SOCIETE\"],\"inLanguage\":\"fr-FR\",\"potentialAction\":[{\"@type\":\"CommentAction\",\"name\":\"Comment\",\"target\":[\"https:\\\/\\\/macite.tg\\\/?p=23913#respond\"]}]},{\"@type\":\"WebPage\",\"@id\":\"https:\\\/\\\/macite.tg\\\/?p=23913\",\"url\":\"https:\\\/\\\/macite.tg\\\/?p=23913\",\"name\":\"ACTION DEVELOPPEMENT SANTE POUR TOUS (ADS) : 20 ans d\u00e9j\u00e0 au service de l\u2019enfance en difficult\u00e9\u00a0 -\",\"isPartOf\":{\"@id\":\"https:\\\/\\\/macite.tg\\\/#website\"},\"primaryImageOfPage\":{\"@id\":\"https:\\\/\\\/macite.tg\\\/?p=23913#primaryimage\"},\"image\":{\"@id\":\"https:\\\/\\\/macite.tg\\\/?p=23913#primaryimage\"},\"thumbnailUrl\":\"https:\\\/\\\/macite.tg\\\/wp-content\\\/uploads\\\/2025\\\/08\\\/ADS.jpg\",\"datePublished\":\"2025-08-01T12:25:46+00:00\",\"dateModified\":\"2025-08-01T12:25:50+00:00\",\"author\":{\"@id\":\"https:\\\/\\\/macite.tg\\\/#\\\/schema\\\/person\\\/e9f2de7e5dbbe7770a9402c7ce82f5c2\"},\"breadcrumb\":{\"@id\":\"https:\\\/\\\/macite.tg\\\/?p=23913#breadcrumb\"},\"inLanguage\":\"fr-FR\",\"potentialAction\":[{\"@type\":\"ReadAction\",\"target\":[\"https:\\\/\\\/macite.tg\\\/?p=23913\"]}]},{\"@type\":\"ImageObject\",\"inLanguage\":\"fr-FR\",\"@id\":\"https:\\\/\\\/macite.tg\\\/?p=23913#primaryimage\",\"url\":\"https:\\\/\\\/macite.tg\\\/wp-content\\\/uploads\\\/2025\\\/08\\\/ADS.jpg\",\"contentUrl\":\"https:\\\/\\\/macite.tg\\\/wp-content\\\/uploads\\\/2025\\\/08\\\/ADS.jpg\",\"width\":500,\"height\":299,\"caption\":\"Photo de famille\"},{\"@type\":\"BreadcrumbList\",\"@id\":\"https:\\\/\\\/macite.tg\\\/?p=23913#breadcrumb\",\"itemListElement\":[{\"@type\":\"ListItem\",\"position\":1,\"name\":\"Accueil\",\"item\":\"https:\\\/\\\/macite.tg\\\/\"},{\"@type\":\"ListItem\",\"position\":2,\"name\":\"ACTION DEVELOPPEMENT SANTE POUR TOUS (ADS) : 20 ans d\u00e9j\u00e0 au service de l\u2019enfance en difficult\u00e9\u00a0\"}]},{\"@type\":\"WebSite\",\"@id\":\"https:\\\/\\\/macite.tg\\\/#website\",\"url\":\"https:\\\/\\\/macite.tg\\\/\",\"name\":\"\",\"description\":\"L&#039;information, la bonne!!!\",\"potentialAction\":[{\"@type\":\"SearchAction\",\"target\":{\"@type\":\"EntryPoint\",\"urlTemplate\":\"https:\\\/\\\/macite.tg\\\/?s={search_term_string}\"},\"query-input\":{\"@type\":\"PropertyValueSpecification\",\"valueRequired\":true,\"valueName\":\"search_term_string\"}}],\"inLanguage\":\"fr-FR\"},{\"@type\":\"Person\",\"@id\":\"https:\\\/\\\/macite.tg\\\/#\\\/schema\\\/person\\\/e9f2de7e5dbbe7770a9402c7ce82f5c2\",\"name\":\"Jean Pierre BAWELA\",\"image\":{\"@type\":\"ImageObject\",\"inLanguage\":\"fr-FR\",\"@id\":\"https:\\\/\\\/macite.tg\\\/wp-content\\\/uploads\\\/2023\\\/09\\\/WhatsApp-Image-2023-09-19-at-14.44.41-122x122.jpeg\",\"url\":\"https:\\\/\\\/macite.tg\\\/wp-content\\\/uploads\\\/2023\\\/09\\\/WhatsApp-Image-2023-09-19-at-14.44.41-122x122.jpeg\",\"contentUrl\":\"https:\\\/\\\/macite.tg\\\/wp-content\\\/uploads\\\/2023\\\/09\\\/WhatsApp-Image-2023-09-19-at-14.44.41-122x122.jpeg\",\"caption\":\"Jean Pierre BAWELA\"},\"url\":\"https:\\\/\\\/macite.tg\\\/?author=2\"}]}<\/script>\n<!-- \/ Yoast SEO plugin. -->","yoast_head_json":{"title":"ACTION DEVELOPPEMENT SANTE POUR TOUS (ADS) : 20 ans d\u00e9j\u00e0 au service de l\u2019enfance en difficult\u00e9\u00a0 -","robots":{"index":"index","follow":"follow","max-snippet":"max-snippet:-1","max-image-preview":"max-image-preview:large","max-video-preview":"max-video-preview:-1"},"canonical":"https:\/\/macite.tg\/?p=23913","og_locale":"fr_FR","og_type":"article","og_title":"ACTION DEVELOPPEMENT SANTE POUR TOUS (ADS) : 20 ans d\u00e9j\u00e0 au service de l\u2019enfance en difficult\u00e9\u00a0 -","og_description":"Deux semaines d&rsquo;activit\u00e9s artistiques avec des enfants en situation de handicap ont permis \u00e0 l&rsquo;organisation Action D\u00e9veloppement Sant\u00e9 pour tous (ADS) de c\u00e9l\u00e9brer ses 20 ans d&rsquo;existence sous le th\u00e8me \u00a0\u00bb les arts\u00a0\u00bb. Ils \u00e9taient une vingtaine \u00e0 \u00eatre regroup\u00e9s dans l&rsquo;enceinte de l&rsquo;\u00e9cole Ephata, [&hellip;]","og_url":"https:\/\/macite.tg\/?p=23913","article_published_time":"2025-08-01T12:25:46+00:00","article_modified_time":"2025-08-01T12:25:50+00:00","og_image":[{"width":500,"height":299,"url":"https:\/\/macite.tg\/wp-content\/uploads\/2025\/08\/ADS.jpg","type":"image\/jpeg"}],"author":"Jean Pierre BAWELA","twitter_card":"summary_large_image","twitter_misc":{"\u00c9crit par":"Jean Pierre BAWELA","Dur\u00e9e de lecture estim\u00e9e":"4 minutes"},"schema":{"@context":"https:\/\/schema.org","@graph":[{"@type":"Article","@id":"https:\/\/macite.tg\/?p=23913#article","isPartOf":{"@id":"https:\/\/macite.tg\/?p=23913"},"author":{"name":"Jean Pierre BAWELA","@id":"https:\/\/macite.tg\/#\/schema\/person\/e9f2de7e5dbbe7770a9402c7ce82f5c2"},"headline":"ACTION DEVELOPPEMENT SANTE POUR TOUS (ADS) : 20 ans d\u00e9j\u00e0 au service de l\u2019enfance en difficult\u00e9\u00a0","datePublished":"2025-08-01T12:25:46+00:00","dateModified":"2025-08-01T12:25:50+00:00","mainEntityOfPage":{"@id":"https:\/\/macite.tg\/?p=23913"},"wordCount":731,"commentCount":0,"image":{"@id":"https:\/\/macite.tg\/?p=23913#primaryimage"},"thumbnailUrl":"https:\/\/macite.tg\/wp-content\/uploads\/2025\/08\/ADS.jpg","articleSection":["ACTUALITE","SOCIETE"],"inLanguage":"fr-FR","potentialAction":[{"@type":"CommentAction","name":"Comment","target":["https:\/\/macite.tg\/?p=23913#respond"]}]},{"@type":"WebPage","@id":"https:\/\/macite.tg\/?p=23913","url":"https:\/\/macite.tg\/?p=23913","name":"ACTION DEVELOPPEMENT SANTE POUR TOUS (ADS) : 20 ans d\u00e9j\u00e0 au service de l\u2019enfance en difficult\u00e9\u00a0 -","isPartOf":{"@id":"https:\/\/macite.tg\/#website"},"primaryImageOfPage":{"@id":"https:\/\/macite.tg\/?p=23913#primaryimage"},"image":{"@id":"https:\/\/macite.tg\/?p=23913#primaryimage"},"thumbnailUrl":"https:\/\/macite.tg\/wp-content\/uploads\/2025\/08\/ADS.jpg","datePublished":"2025-08-01T12:25:46+00:00","dateModified":"2025-08-01T12:25:50+00:00","author":{"@id":"https:\/\/macite.tg\/#\/schema\/person\/e9f2de7e5dbbe7770a9402c7ce82f5c2"},"breadcrumb":{"@id":"https:\/\/macite.tg\/?p=23913#breadcrumb"},"inLanguage":"fr-FR","potentialAction":[{"@type":"ReadAction","target":["https:\/\/macite.tg\/?p=23913"]}]},{"@type":"ImageObject","inLanguage":"fr-FR","@id":"https:\/\/macite.tg\/?p=23913#primaryimage","url":"https:\/\/macite.tg\/wp-content\/uploads\/2025\/08\/ADS.jpg","contentUrl":"https:\/\/macite.tg\/wp-content\/uploads\/2025\/08\/ADS.jpg","width":500,"height":299,"caption":"Photo de famille"},{"@type":"BreadcrumbList","@id":"https:\/\/macite.tg\/?p=23913#breadcrumb","itemListElement":[{"@type":"ListItem","position":1,"name":"Accueil","item":"https:\/\/macite.tg\/"},{"@type":"ListItem","position":2,"name":"ACTION DEVELOPPEMENT SANTE POUR TOUS (ADS) : 20 ans d\u00e9j\u00e0 au service de l\u2019enfance en difficult\u00e9\u00a0"}]},{"@type":"WebSite","@id":"https:\/\/macite.tg\/#website","url":"https:\/\/macite.tg\/","name":"","description":"L&#039;information, la bonne!!!","potentialAction":[{"@type":"SearchAction","target":{"@type":"EntryPoint","urlTemplate":"https:\/\/macite.tg\/?s={search_term_string}"},"query-input":{"@type":"PropertyValueSpecification","valueRequired":true,"valueName":"search_term_string"}}],"inLanguage":"fr-FR"},{"@type":"Person","@id":"https:\/\/macite.tg\/#\/schema\/person\/e9f2de7e5dbbe7770a9402c7ce82f5c2","name":"Jean Pierre BAWELA","image":{"@type":"ImageObject","inLanguage":"fr-FR","@id":"https:\/\/macite.tg\/wp-content\/uploads\/2023\/09\/WhatsApp-Image-2023-09-19-at-14.44.41-122x122.jpeg","url":"https:\/\/macite.tg\/wp-content\/uploads\/2023\/09\/WhatsApp-Image-2023-09-19-at-14.44.41-122x122.jpeg","contentUrl":"https:\/\/macite.tg\/wp-content\/uploads\/2023\/09\/WhatsApp-Image-2023-09-19-at-14.44.41-122x122.jpeg","caption":"Jean Pierre BAWELA"},"url":"https:\/\/macite.tg\/?author=2"}]}},"_links":{"self":[{"href":"https:\/\/macite.tg\/index.php?rest_route=\/wp\/v2\/posts\/23913","targetHints":{"allow":["GET"]}}],"collection":[{"href":"https:\/\/macite.tg\/index.php?rest_route=\/wp\/v2\/posts"}],"about":[{"href":"https:\/\/macite.tg\/index.php?rest_route=\/wp\/v2\/types\/post"}],"author":[{"embeddable":true,"href":"https:\/\/macite.tg\/index.php?rest_route=\/wp\/v2\/users\/2"}],"replies":[{"embeddable":true,"href":"https:\/\/macite.tg\/index.php?rest_route=%2Fwp%2Fv2%2Fcomments&post=23913"}],"version-history":[{"count":0,"href":"https:\/\/macite.tg\/index.php?rest_route=\/wp\/v2\/posts\/23913\/revisions"}],"wp:featuredmedia":[{"embeddable":true,"href":"https:\/\/macite.tg\/index.php?rest_route=\/wp\/v2\/media\/23918"}],"wp:attachment":[{"href":"https:\/\/macite.tg\/index.php?rest_route=%2Fwp%2Fv2%2Fmedia&parent=23913"}],"wp:term":[{"taxonomy":"category","embeddable":true,"href":"https:\/\/macite.tg\/index.php?rest_route=%2Fwp%2Fv2%2Fcategories&post=23913"},{"taxonomy":"post_tag","embeddable":true,"href":"https:\/\/macite.tg\/index.php?rest_route=%2Fwp%2Fv2%2Ftags&post=23913"}],"curies":[{"name":"wp","href":"https:\/\/api.w.org\/{rel}","templated":true}]}}