{"id":23910,"date":"2025-08-01T11:45:40","date_gmt":"2025-08-01T11:45:40","guid":{"rendered":"https:\/\/macite.tg\/?p=23910"},"modified":"2025-08-01T11:45:44","modified_gmt":"2025-08-01T11:45:44","slug":"scandale-diplomatique-un-diplomate-congolais-arrete-en-bulgarie-pour-trafic-de-drogue-kinshasa-reagit","status":"publish","type":"post","link":"https:\/\/macite.tg\/?p=23910","title":{"rendered":"SCANDALE DIPLOMATIQUE : Un diplomate congolais arr\u00eat\u00e9 en Bulgarie pour trafic de drogue\u2026 Kinshasa r\u00e9agit"},"content":{"rendered":"\n<p class=\"wp-block-paragraph\"><strong><em>Le&nbsp;minist\u00e8re des Affaires \u00e9trang\u00e8res de la RDC&nbsp;a r\u00e9agi avec indignation, hier jeudi 31 juillet, apr\u00e8s l\u2019arrestation d\u2019un&nbsp;diplomate congolais en Bulgarie, pris en flagrant d\u00e9lit de&nbsp;trafic de stup\u00e9fiants.<\/em><\/strong><\/p>\n\n\n\n<p class=\"wp-block-paragraph\">Dans un communiqu\u00e9 officiel, les autorit\u00e9s congolaises ont qualifi\u00e9 les faits de\u00a0<em>\u00ab particuli\u00e8rement graves<\/em> \u00bb\u00a0et\u00a0<em>\u00ab inacceptables \u00bb.<\/em> Selon les informations disponibles,\u00a0Jean de Dieu Mutebwa Mulumba, l\u2019agent en question, a \u00e9t\u00e9\u00a0interpell\u00e9 le 18 juillet\u00a0\u00e0 la\u00a0fronti\u00e8re bulgaro-turque, \u00e0 bord d\u2019un v\u00e9hicule diplomatique lors d\u2019un\u00a0d\u00e9placement non autoris\u00e9\u00a0par l\u2019ambassade dont il d\u00e9pendait.<\/p>\n\n\n<div class=\"wp-block-image\">\n<figure class=\"aligncenter size-full is-resized\"><img loading=\"lazy\" decoding=\"async\" width=\"500\" height=\"500\" src=\"https:\/\/macite.tg\/wp-content\/uploads\/2025\/07\/LES-MERCREDIS-DU-FISC.jpg\" alt=\"\" class=\"wp-image-23832\" style=\"width:598px;height:auto\" srcset=\"https:\/\/macite.tg\/wp-content\/uploads\/2025\/07\/LES-MERCREDIS-DU-FISC.jpg 500w, https:\/\/macite.tg\/wp-content\/uploads\/2025\/07\/LES-MERCREDIS-DU-FISC-300x300.jpg 300w, https:\/\/macite.tg\/wp-content\/uploads\/2025\/07\/LES-MERCREDIS-DU-FISC-150x150.jpg 150w, https:\/\/macite.tg\/wp-content\/uploads\/2025\/07\/LES-MERCREDIS-DU-FISC-122x122.jpg 122w\" sizes=\"auto, (max-width: 500px) 100vw, 500px\" \/><\/figure>\n<\/div>\n\n\n<p class=\"wp-block-paragraph\"><strong>Un cas isol\u00e9 mais choquant<\/strong><\/p>\n\n\n\n<p class=\"wp-block-paragraph\">Kinshasa insiste : cet incident est&nbsp;totalement contraire \u00e0 l\u2019\u00e9thique et aux valeurs de la diplomatie congolaise. Le gouvernement affirme qu\u2019il s\u2019agit d\u2019un&nbsp;cas isol\u00e9&nbsp;et a imm\u00e9diatement pris une s\u00e9rie de&nbsp;mesures disciplinaires fortes&nbsp;:<\/p>\n\n\n\n<ul class=\"wp-block-list\">\n<li>Rappel d\u00e9finitif\u00a0du diplomate concern\u00e9 ;<\/li>\n\n\n\n<li>Lev\u00e9e de ses immunit\u00e9s diplomatiques\u00a0;<\/li>\n\n\n\n<li>Notification officielle aux autorit\u00e9s bulgares\u00a0de la position congolaise ;<\/li>\n\n\n\n<li>Envoi d\u2019une mission conjointe\u00a0(Affaires \u00e9trang\u00e8res et Justice) \u00e0 Sofia pour suivre le dossier de pr\u00e8s.<\/li>\n<\/ul>\n\n\n<div class=\"wp-block-image\">\n<figure class=\"aligncenter size-large\"><img loading=\"lazy\" decoding=\"async\" width=\"723\" height=\"1024\" src=\"https:\/\/macite.tg\/wp-content\/uploads\/2025\/07\/TPU-2025-723x1024.jpg\" alt=\"\" class=\"wp-image-23823\" srcset=\"https:\/\/macite.tg\/wp-content\/uploads\/2025\/07\/TPU-2025-723x1024.jpg 723w, https:\/\/macite.tg\/wp-content\/uploads\/2025\/07\/TPU-2025-212x300.jpg 212w, https:\/\/macite.tg\/wp-content\/uploads\/2025\/07\/TPU-2025.jpg 763w\" sizes=\"auto, (max-width: 723px) 100vw, 723px\" \/><\/figure>\n<\/div>\n\n\n<p class=\"wp-block-paragraph\"><strong>Tol\u00e9rance z\u00e9ro pour les abus<\/strong><\/p>\n\n\n\n<p class=\"wp-block-paragraph\">Le minist\u00e8re tient \u00e0&nbsp;rassurer l\u2019opinion publique&nbsp;: une enqu\u00eate est en cours pour&nbsp;faire toute la lumi\u00e8re&nbsp;sur cette affaire.<\/p>\n\n\n\n<p class=\"wp-block-paragraph\">Des sanctions exemplaires seront prises,&nbsp;dans le respect des lois en vigueur. Kinshasa r\u00e9affirme par ailleurs sa&nbsp;politique de tol\u00e9rance z\u00e9ro&nbsp;face \u00e0 tout abus ou manquement au devoir par ses repr\u00e9sentants \u00e0 l\u2019\u00e9tranger.<\/p>\n\n\n\n<p class=\"wp-block-paragraph\"><strong>MSN<\/strong><\/p>\n\n\n\n<p class=\"wp-block-paragraph\"><a><strong><em>@macite.tg&nbsp;&nbsp;&nbsp;&nbsp;&nbsp;&nbsp;&nbsp;&nbsp;<\/em><\/strong><\/a><\/p>\n\n\n\n<p class=\"wp-block-paragraph\"><strong><em>E-mail&nbsp;: <\/em><\/strong><a href=\"mailto:maciteinfo@gmail.com\"><strong><em>maciteinfo@gmail.com<\/em><\/strong><\/a><strong><em>; <\/em><\/strong><a href=\"mailto:bawela1@gmail.com\"><strong><em>bawela1@gmail.com<\/em><\/strong><\/a><strong><em><\/em><\/strong><\/p>\n\n\n\n<p class=\"wp-block-paragraph\"><strong><em>Pour vos annonces, (publi)reportages, etc., joignez-nous au (00228)91515309\/<strong>79872224 <\/strong><strong><\/strong><\/em><\/strong><\/p>\n\n\n\n<p class=\"wp-block-paragraph\"><strong><em>www.macite.tg, L\u2019information, la bonne&nbsp;!<\/em><\/strong><\/p>\n\n\n\n<p class=\"wp-block-paragraph\"><\/p>\n","protected":false},"excerpt":{"rendered":"<p class=\"text-justify mb-2\" >Le&nbsp;minist\u00e8re des Affaires \u00e9trang\u00e8res de la RDC&nbsp;a r\u00e9agi avec indignation, hier jeudi 31 juillet, apr\u00e8s l\u2019arrestation d\u2019un&nbsp;diplomate congolais en Bulgarie, pris en flagrant d\u00e9lit de&nbsp;trafic de stup\u00e9fiants. Dans un communiqu\u00e9 officiel, les autorit\u00e9s congolaises ont qualifi\u00e9 les faits de\u00a0\u00ab particuli\u00e8rement graves \u00bb\u00a0et\u00a0\u00ab inacceptables \u00bb. Selon [&hellip;]<\/p>\n","protected":false},"author":2,"featured_media":23911,"comment_status":"open","ping_status":"open","sticky":false,"template":"","format":"standard","meta":{"footnotes":""},"categories":[20,8],"tags":[],"class_list":["post-23910","post","type-post","status-publish","format-standard","has-post-thumbnail","hentry","category-actualite","category-diplomatie"],"yoast_head":"<!-- This site is optimized with the Yoast SEO plugin v28.4 - https:\/\/yoast.com\/product\/yoast-seo-wordpress\/ -->\n<title>SCANDALE DIPLOMATIQUE : Un diplomate congolais arr\u00eat\u00e9 en Bulgarie pour trafic de drogue\u2026 Kinshasa r\u00e9agit -<\/title>\n<meta name=\"robots\" content=\"index, follow, max-snippet:-1, max-image-preview:large, max-video-preview:-1\" \/>\n<link rel=\"canonical\" href=\"https:\/\/macite.tg\/?p=23910\" \/>\n<meta property=\"og:locale\" content=\"fr_FR\" \/>\n<meta property=\"og:type\" content=\"article\" \/>\n<meta property=\"og:title\" content=\"SCANDALE DIPLOMATIQUE : Un diplomate congolais arr\u00eat\u00e9 en Bulgarie pour trafic de drogue\u2026 Kinshasa r\u00e9agit -\" \/>\n<meta property=\"og:description\" content=\"Le&nbsp;minist\u00e8re des Affaires \u00e9trang\u00e8res de la RDC&nbsp;a r\u00e9agi avec indignation, hier jeudi 31 juillet, apr\u00e8s l\u2019arrestation d\u2019un&nbsp;diplomate congolais en Bulgarie, pris en flagrant d\u00e9lit de&nbsp;trafic de stup\u00e9fiants. Dans un communiqu\u00e9 officiel, les autorit\u00e9s congolaises ont qualifi\u00e9 les faits de\u00a0\u00ab particuli\u00e8rement graves \u00bb\u00a0et\u00a0\u00ab inacceptables \u00bb. Selon [&hellip;]\" \/>\n<meta property=\"og:url\" content=\"https:\/\/macite.tg\/?p=23910\" \/>\n<meta property=\"article:published_time\" content=\"2025-08-01T11:45:40+00:00\" \/>\n<meta property=\"article:modified_time\" content=\"2025-08-01T11:45:44+00:00\" \/>\n<meta property=\"og:image\" content=\"https:\/\/macite.tg\/wp-content\/uploads\/2025\/08\/image.png\" \/>\n\t<meta property=\"og:image:width\" content=\"534\" \/>\n\t<meta property=\"og:image:height\" content=\"300\" \/>\n\t<meta property=\"og:image:type\" content=\"image\/png\" \/>\n<meta name=\"author\" content=\"Jean Pierre BAWELA\" \/>\n<meta name=\"twitter:card\" content=\"summary_large_image\" \/>\n<meta name=\"twitter:label1\" content=\"\u00c9crit par\" \/>\n\t<meta name=\"twitter:data1\" content=\"Jean Pierre BAWELA\" \/>\n\t<meta name=\"twitter:label2\" content=\"Dur\u00e9e de lecture estim\u00e9e\" \/>\n\t<meta name=\"twitter:data2\" content=\"2 minutes\" \/>\n<script type=\"application\/ld+json\" class=\"yoast-schema-graph\">{\"@context\":\"https:\\\/\\\/schema.org\",\"@graph\":[{\"@type\":\"Article\",\"@id\":\"https:\\\/\\\/macite.tg\\\/?p=23910#article\",\"isPartOf\":{\"@id\":\"https:\\\/\\\/macite.tg\\\/?p=23910\"},\"author\":{\"name\":\"Jean Pierre BAWELA\",\"@id\":\"https:\\\/\\\/macite.tg\\\/#\\\/schema\\\/person\\\/e9f2de7e5dbbe7770a9402c7ce82f5c2\"},\"headline\":\"SCANDALE DIPLOMATIQUE : Un diplomate congolais arr\u00eat\u00e9 en Bulgarie pour trafic de drogue\u2026 Kinshasa r\u00e9agit\",\"datePublished\":\"2025-08-01T11:45:40+00:00\",\"dateModified\":\"2025-08-01T11:45:44+00:00\",\"mainEntityOfPage\":{\"@id\":\"https:\\\/\\\/macite.tg\\\/?p=23910\"},\"wordCount\":317,\"commentCount\":0,\"image\":{\"@id\":\"https:\\\/\\\/macite.tg\\\/?p=23910#primaryimage\"},\"thumbnailUrl\":\"https:\\\/\\\/macite.tg\\\/wp-content\\\/uploads\\\/2025\\\/08\\\/image.png\",\"articleSection\":[\"ACTUALITE\",\"DIPLOMATIE\"],\"inLanguage\":\"fr-FR\",\"potentialAction\":[{\"@type\":\"CommentAction\",\"name\":\"Comment\",\"target\":[\"https:\\\/\\\/macite.tg\\\/?p=23910#respond\"]}]},{\"@type\":\"WebPage\",\"@id\":\"https:\\\/\\\/macite.tg\\\/?p=23910\",\"url\":\"https:\\\/\\\/macite.tg\\\/?p=23910\",\"name\":\"SCANDALE DIPLOMATIQUE : Un diplomate congolais arr\u00eat\u00e9 en Bulgarie pour trafic de drogue\u2026 Kinshasa r\u00e9agit -\",\"isPartOf\":{\"@id\":\"https:\\\/\\\/macite.tg\\\/#website\"},\"primaryImageOfPage\":{\"@id\":\"https:\\\/\\\/macite.tg\\\/?p=23910#primaryimage\"},\"image\":{\"@id\":\"https:\\\/\\\/macite.tg\\\/?p=23910#primaryimage\"},\"thumbnailUrl\":\"https:\\\/\\\/macite.tg\\\/wp-content\\\/uploads\\\/2025\\\/08\\\/image.png\",\"datePublished\":\"2025-08-01T11:45:40+00:00\",\"dateModified\":\"2025-08-01T11:45:44+00:00\",\"author\":{\"@id\":\"https:\\\/\\\/macite.tg\\\/#\\\/schema\\\/person\\\/e9f2de7e5dbbe7770a9402c7ce82f5c2\"},\"breadcrumb\":{\"@id\":\"https:\\\/\\\/macite.tg\\\/?p=23910#breadcrumb\"},\"inLanguage\":\"fr-FR\",\"potentialAction\":[{\"@type\":\"ReadAction\",\"target\":[\"https:\\\/\\\/macite.tg\\\/?p=23910\"]}]},{\"@type\":\"ImageObject\",\"inLanguage\":\"fr-FR\",\"@id\":\"https:\\\/\\\/macite.tg\\\/?p=23910#primaryimage\",\"url\":\"https:\\\/\\\/macite.tg\\\/wp-content\\\/uploads\\\/2025\\\/08\\\/image.png\",\"contentUrl\":\"https:\\\/\\\/macite.tg\\\/wp-content\\\/uploads\\\/2025\\\/08\\\/image.png\",\"width\":534,\"height\":300,\"caption\":\"Une vue de l'objet du d\u00e9lit\"},{\"@type\":\"BreadcrumbList\",\"@id\":\"https:\\\/\\\/macite.tg\\\/?p=23910#breadcrumb\",\"itemListElement\":[{\"@type\":\"ListItem\",\"position\":1,\"name\":\"Accueil\",\"item\":\"https:\\\/\\\/macite.tg\\\/\"},{\"@type\":\"ListItem\",\"position\":2,\"name\":\"SCANDALE DIPLOMATIQUE : Un diplomate congolais arr\u00eat\u00e9 en Bulgarie pour trafic de drogue\u2026 Kinshasa r\u00e9agit\"}]},{\"@type\":\"WebSite\",\"@id\":\"https:\\\/\\\/macite.tg\\\/#website\",\"url\":\"https:\\\/\\\/macite.tg\\\/\",\"name\":\"\",\"description\":\"L&#039;information, la bonne!!!\",\"potentialAction\":[{\"@type\":\"SearchAction\",\"target\":{\"@type\":\"EntryPoint\",\"urlTemplate\":\"https:\\\/\\\/macite.tg\\\/?s={search_term_string}\"},\"query-input\":{\"@type\":\"PropertyValueSpecification\",\"valueRequired\":true,\"valueName\":\"search_term_string\"}}],\"inLanguage\":\"fr-FR\"},{\"@type\":\"Person\",\"@id\":\"https:\\\/\\\/macite.tg\\\/#\\\/schema\\\/person\\\/e9f2de7e5dbbe7770a9402c7ce82f5c2\",\"name\":\"Jean Pierre BAWELA\",\"image\":{\"@type\":\"ImageObject\",\"inLanguage\":\"fr-FR\",\"@id\":\"https:\\\/\\\/macite.tg\\\/wp-content\\\/uploads\\\/2023\\\/09\\\/WhatsApp-Image-2023-09-19-at-14.44.41-122x122.jpeg\",\"url\":\"https:\\\/\\\/macite.tg\\\/wp-content\\\/uploads\\\/2023\\\/09\\\/WhatsApp-Image-2023-09-19-at-14.44.41-122x122.jpeg\",\"contentUrl\":\"https:\\\/\\\/macite.tg\\\/wp-content\\\/uploads\\\/2023\\\/09\\\/WhatsApp-Image-2023-09-19-at-14.44.41-122x122.jpeg\",\"caption\":\"Jean Pierre BAWELA\"},\"url\":\"https:\\\/\\\/macite.tg\\\/?author=2\"}]}<\/script>\n<!-- \/ Yoast SEO plugin. -->","yoast_head_json":{"title":"SCANDALE DIPLOMATIQUE : Un diplomate congolais arr\u00eat\u00e9 en Bulgarie pour trafic de drogue\u2026 Kinshasa r\u00e9agit -","robots":{"index":"index","follow":"follow","max-snippet":"max-snippet:-1","max-image-preview":"max-image-preview:large","max-video-preview":"max-video-preview:-1"},"canonical":"https:\/\/macite.tg\/?p=23910","og_locale":"fr_FR","og_type":"article","og_title":"SCANDALE DIPLOMATIQUE : Un diplomate congolais arr\u00eat\u00e9 en Bulgarie pour trafic de drogue\u2026 Kinshasa r\u00e9agit -","og_description":"Le&nbsp;minist\u00e8re des Affaires \u00e9trang\u00e8res de la RDC&nbsp;a r\u00e9agi avec indignation, hier jeudi 31 juillet, apr\u00e8s l\u2019arrestation d\u2019un&nbsp;diplomate congolais en Bulgarie, pris en flagrant d\u00e9lit de&nbsp;trafic de stup\u00e9fiants. Dans un communiqu\u00e9 officiel, les autorit\u00e9s congolaises ont qualifi\u00e9 les faits de\u00a0\u00ab particuli\u00e8rement graves \u00bb\u00a0et\u00a0\u00ab inacceptables \u00bb. Selon [&hellip;]","og_url":"https:\/\/macite.tg\/?p=23910","article_published_time":"2025-08-01T11:45:40+00:00","article_modified_time":"2025-08-01T11:45:44+00:00","og_image":[{"width":534,"height":300,"url":"https:\/\/macite.tg\/wp-content\/uploads\/2025\/08\/image.png","type":"image\/png"}],"author":"Jean Pierre BAWELA","twitter_card":"summary_large_image","twitter_misc":{"\u00c9crit par":"Jean Pierre BAWELA","Dur\u00e9e de lecture estim\u00e9e":"2 minutes"},"schema":{"@context":"https:\/\/schema.org","@graph":[{"@type":"Article","@id":"https:\/\/macite.tg\/?p=23910#article","isPartOf":{"@id":"https:\/\/macite.tg\/?p=23910"},"author":{"name":"Jean Pierre BAWELA","@id":"https:\/\/macite.tg\/#\/schema\/person\/e9f2de7e5dbbe7770a9402c7ce82f5c2"},"headline":"SCANDALE DIPLOMATIQUE : Un diplomate congolais arr\u00eat\u00e9 en Bulgarie pour trafic de drogue\u2026 Kinshasa r\u00e9agit","datePublished":"2025-08-01T11:45:40+00:00","dateModified":"2025-08-01T11:45:44+00:00","mainEntityOfPage":{"@id":"https:\/\/macite.tg\/?p=23910"},"wordCount":317,"commentCount":0,"image":{"@id":"https:\/\/macite.tg\/?p=23910#primaryimage"},"thumbnailUrl":"https:\/\/macite.tg\/wp-content\/uploads\/2025\/08\/image.png","articleSection":["ACTUALITE","DIPLOMATIE"],"inLanguage":"fr-FR","potentialAction":[{"@type":"CommentAction","name":"Comment","target":["https:\/\/macite.tg\/?p=23910#respond"]}]},{"@type":"WebPage","@id":"https:\/\/macite.tg\/?p=23910","url":"https:\/\/macite.tg\/?p=23910","name":"SCANDALE DIPLOMATIQUE : Un diplomate congolais arr\u00eat\u00e9 en Bulgarie pour trafic de drogue\u2026 Kinshasa r\u00e9agit -","isPartOf":{"@id":"https:\/\/macite.tg\/#website"},"primaryImageOfPage":{"@id":"https:\/\/macite.tg\/?p=23910#primaryimage"},"image":{"@id":"https:\/\/macite.tg\/?p=23910#primaryimage"},"thumbnailUrl":"https:\/\/macite.tg\/wp-content\/uploads\/2025\/08\/image.png","datePublished":"2025-08-01T11:45:40+00:00","dateModified":"2025-08-01T11:45:44+00:00","author":{"@id":"https:\/\/macite.tg\/#\/schema\/person\/e9f2de7e5dbbe7770a9402c7ce82f5c2"},"breadcrumb":{"@id":"https:\/\/macite.tg\/?p=23910#breadcrumb"},"inLanguage":"fr-FR","potentialAction":[{"@type":"ReadAction","target":["https:\/\/macite.tg\/?p=23910"]}]},{"@type":"ImageObject","inLanguage":"fr-FR","@id":"https:\/\/macite.tg\/?p=23910#primaryimage","url":"https:\/\/macite.tg\/wp-content\/uploads\/2025\/08\/image.png","contentUrl":"https:\/\/macite.tg\/wp-content\/uploads\/2025\/08\/image.png","width":534,"height":300,"caption":"Une vue de l'objet du d\u00e9lit"},{"@type":"BreadcrumbList","@id":"https:\/\/macite.tg\/?p=23910#breadcrumb","itemListElement":[{"@type":"ListItem","position":1,"name":"Accueil","item":"https:\/\/macite.tg\/"},{"@type":"ListItem","position":2,"name":"SCANDALE DIPLOMATIQUE : Un diplomate congolais arr\u00eat\u00e9 en Bulgarie pour trafic de drogue\u2026 Kinshasa r\u00e9agit"}]},{"@type":"WebSite","@id":"https:\/\/macite.tg\/#website","url":"https:\/\/macite.tg\/","name":"","description":"L&#039;information, la bonne!!!","potentialAction":[{"@type":"SearchAction","target":{"@type":"EntryPoint","urlTemplate":"https:\/\/macite.tg\/?s={search_term_string}"},"query-input":{"@type":"PropertyValueSpecification","valueRequired":true,"valueName":"search_term_string"}}],"inLanguage":"fr-FR"},{"@type":"Person","@id":"https:\/\/macite.tg\/#\/schema\/person\/e9f2de7e5dbbe7770a9402c7ce82f5c2","name":"Jean Pierre BAWELA","image":{"@type":"ImageObject","inLanguage":"fr-FR","@id":"https:\/\/macite.tg\/wp-content\/uploads\/2023\/09\/WhatsApp-Image-2023-09-19-at-14.44.41-122x122.jpeg","url":"https:\/\/macite.tg\/wp-content\/uploads\/2023\/09\/WhatsApp-Image-2023-09-19-at-14.44.41-122x122.jpeg","contentUrl":"https:\/\/macite.tg\/wp-content\/uploads\/2023\/09\/WhatsApp-Image-2023-09-19-at-14.44.41-122x122.jpeg","caption":"Jean Pierre BAWELA"},"url":"https:\/\/macite.tg\/?author=2"}]}},"_links":{"self":[{"href":"https:\/\/macite.tg\/index.php?rest_route=\/wp\/v2\/posts\/23910","targetHints":{"allow":["GET"]}}],"collection":[{"href":"https:\/\/macite.tg\/index.php?rest_route=\/wp\/v2\/posts"}],"about":[{"href":"https:\/\/macite.tg\/index.php?rest_route=\/wp\/v2\/types\/post"}],"author":[{"embeddable":true,"href":"https:\/\/macite.tg\/index.php?rest_route=\/wp\/v2\/users\/2"}],"replies":[{"embeddable":true,"href":"https:\/\/macite.tg\/index.php?rest_route=%2Fwp%2Fv2%2Fcomments&post=23910"}],"version-history":[{"count":0,"href":"https:\/\/macite.tg\/index.php?rest_route=\/wp\/v2\/posts\/23910\/revisions"}],"wp:featuredmedia":[{"embeddable":true,"href":"https:\/\/macite.tg\/index.php?rest_route=\/wp\/v2\/media\/23911"}],"wp:attachment":[{"href":"https:\/\/macite.tg\/index.php?rest_route=%2Fwp%2Fv2%2Fmedia&parent=23910"}],"wp:term":[{"taxonomy":"category","embeddable":true,"href":"https:\/\/macite.tg\/index.php?rest_route=%2Fwp%2Fv2%2Fcategories&post=23910"},{"taxonomy":"post_tag","embeddable":true,"href":"https:\/\/macite.tg\/index.php?rest_route=%2Fwp%2Fv2%2Ftags&post=23910"}],"curies":[{"name":"wp","href":"https:\/\/api.w.org\/{rel}","templated":true}]}}