{"id":23903,"date":"2025-08-01T11:08:03","date_gmt":"2025-08-01T11:08:03","guid":{"rendered":"https:\/\/macite.tg\/?p=23903"},"modified":"2025-08-01T11:14:14","modified_gmt":"2025-08-01T11:14:14","slug":"laxe-lome-new-delhi-se-renforce-le-nouvel-ambassadeur-indien-shri-sayed-razi-haider-fahmi-recu-par-le-president-de-la-republique","status":"publish","type":"post","link":"https:\/\/macite.tg\/?p=23903","title":{"rendered":"L\u2019AXE LOME \u2013 NEW DELHI SE RENFORCE\u00a0: Le nouvel Ambassadeur indien, Shri Sayed Razi Haider Fahmi, re\u00e7u par le Pr\u00e9sident de la R\u00e9publique"},"content":{"rendered":"\n<p class=\"wp-block-paragraph\"><strong><em>Le nouvel Ambassadeur de l&rsquo;Inde au Togo, Shri Sayed Razi Haider Fahmi, a pr\u00e9sent\u00e9, hier 31 juillet, ses lettres de cr\u00e9ance au Pr\u00e9sident de la R\u00e9publique, Jean-Lucien Kwassi Lanyo Savi de Tov\u00e9. C\u2019\u00e9tait \u00e0 l\u2019occasion d\u2019un c\u00e9r\u00e9monial.<\/em><\/strong><\/p>\n\n\n\n<p class=\"wp-block-paragraph\">Le diplomate indien a eu, hier 31 juillet, un premier entretien avec le chef de l\u2019\u00c9tat togolais. Shri Sayed Razi Haider Fahmi a salu\u00e9 le dynamisme de la coop\u00e9ration entre New Delhi et Lom\u00e9, avant de mettre en lumi\u00e8re les acquis et les perspectives de ce partenariat bilat\u00e9ral.<\/p>\n\n\n<div class=\"wp-block-image\">\n<figure class=\"aligncenter size-full is-resized\"><img loading=\"lazy\" decoding=\"async\" width=\"500\" height=\"500\" src=\"https:\/\/macite.tg\/wp-content\/uploads\/2025\/07\/LES-MERCREDIS-DU-FISC.jpg\" alt=\"\" class=\"wp-image-23832\" style=\"width:578px;height:auto\" srcset=\"https:\/\/macite.tg\/wp-content\/uploads\/2025\/07\/LES-MERCREDIS-DU-FISC.jpg 500w, https:\/\/macite.tg\/wp-content\/uploads\/2025\/07\/LES-MERCREDIS-DU-FISC-300x300.jpg 300w, https:\/\/macite.tg\/wp-content\/uploads\/2025\/07\/LES-MERCREDIS-DU-FISC-150x150.jpg 150w, https:\/\/macite.tg\/wp-content\/uploads\/2025\/07\/LES-MERCREDIS-DU-FISC-122x122.jpg 122w\" sizes=\"auto, (max-width: 500px) 100vw, 500px\" \/><\/figure>\n<\/div>\n\n\n<p class=\"wp-block-paragraph\">L\u2019ambassadeur Shri Sayed Razi Haider Fahmi a exprim\u00e9 sa volont\u00e9 de contribuer activement au renforcement de ce partenariat, notamment dans les domaines politique, commercial et \u00e9conomique.<\/p>\n\n\n\n<p class=\"wp-block-paragraph\">\u00ab&nbsp;<em>Je salue le gouvernement togolais qui m\u2019a donn\u00e9 cette opportunit\u00e9 de pr\u00e9senter mes lettres de cr\u00e9ance. Au cours de ma mission, je vais surtout m\u2019appesantir sur le renforcement des relations politiques. Le renforcement du partenariat dans les domaines \u00e9conomique et commercial feront \u00e9galement partie de mes chantiers<\/em>&nbsp;\u00bb a-t-il d\u00e9clar\u00e9.<\/p>\n\n\n\n<p class=\"wp-block-paragraph\">L\u2019Inde et le Togo entretiennent un partenariat dynamique, qui s\u2019est consid\u00e9rablement renforc\u00e9 ces derni\u00e8res ann\u00e9es. Cette coop\u00e9ration bilat\u00e9rale couvre plusieurs secteurs cl\u00e9s, notamment le d\u00e9veloppement industriel, la promotion des PME\/PMI, l\u2019enseignement sup\u00e9rieur et le renforcement du capital humain. Elle s\u2019\u00e9tend \u00e9galement aux \u00e9nergies renouvelables et \u00e0 la lutte contre le changement climatique, t\u00e9moignant de l\u2019engagement commun des deux pays en faveur d\u2019un d\u00e9veloppement durable.<\/p>\n\n\n<div class=\"wp-block-image\">\n<figure class=\"aligncenter size-large\"><img loading=\"lazy\" decoding=\"async\" width=\"723\" height=\"1024\" src=\"https:\/\/macite.tg\/wp-content\/uploads\/2025\/07\/TPU-2025-723x1024.jpg\" alt=\"\" class=\"wp-image-23823\" srcset=\"https:\/\/macite.tg\/wp-content\/uploads\/2025\/07\/TPU-2025-723x1024.jpg 723w, https:\/\/macite.tg\/wp-content\/uploads\/2025\/07\/TPU-2025-212x300.jpg 212w, https:\/\/macite.tg\/wp-content\/uploads\/2025\/07\/TPU-2025.jpg 763w\" sizes=\"auto, (max-width: 723px) 100vw, 723px\" \/><\/figure>\n<\/div>\n\n\n<p class=\"wp-block-paragraph\">Monsieur Shri Sayed Razi Haider Fahmi dispose d\u2019une riche exp\u00e9rience en mati\u00e8re de diplomatie. Il a exerc\u00e9 dans plusieurs pays, notamment en Arabie saoudite, au Sri Lanka, en Indon\u00e9sie, au Y\u00e9men et au Qatar.<\/p>\n\n\n\n<p class=\"wp-block-paragraph\"><strong>La R\u00e9daction<\/strong><\/p>\n\n\n\n<p class=\"wp-block-paragraph\"><a><strong><em>@macite.tg&nbsp;&nbsp;&nbsp;&nbsp;&nbsp;&nbsp;&nbsp;&nbsp;<\/em><\/strong><\/a><\/p>\n\n\n\n<p class=\"wp-block-paragraph\"><strong><em>E-mail&nbsp;: <\/em><\/strong><a href=\"mailto:maciteinfo@gmail.com\"><em>maciteinfo@gmail.com<\/em><\/a><strong><em>; <\/em><\/strong><a href=\"mailto:bawela1@gmail.com\"><em>bawela1@gmail.com<\/em><\/a><em><\/em><\/p>\n\n\n\n<p class=\"wp-block-paragraph\"><strong><em>Pour vos annonces, (publi)reportages, etc., joignez-nous au (00228)91515309\/<strong>79872224 <\/strong><strong><\/strong><\/em><\/strong><\/p>\n\n\n\n<p class=\"wp-block-paragraph\"><strong><em>www.macite.tg, L\u2019information, la bonne&nbsp;!<\/em><\/strong><\/p>\n\n\n\n<p class=\"wp-block-paragraph\"><\/p>\n","protected":false},"excerpt":{"rendered":"<p class=\"text-justify mb-2\" >Le nouvel Ambassadeur de l&rsquo;Inde au Togo, Shri Sayed Razi Haider Fahmi, a pr\u00e9sent\u00e9, hier 31 juillet, ses lettres de cr\u00e9ance au Pr\u00e9sident de la R\u00e9publique, Jean-Lucien Kwassi Lanyo Savi de Tov\u00e9. C\u2019\u00e9tait \u00e0 l\u2019occasion d\u2019un c\u00e9r\u00e9monial. Le diplomate indien a eu, hier 31 juillet, [&hellip;]<\/p>\n","protected":false},"author":2,"featured_media":23904,"comment_status":"open","ping_status":"open","sticky":false,"template":"","format":"standard","meta":{"footnotes":""},"categories":[20,8],"tags":[],"class_list":["post-23903","post","type-post","status-publish","format-standard","has-post-thumbnail","hentry","category-actualite","category-diplomatie"],"yoast_head":"<!-- This site is optimized with the Yoast SEO plugin v28.4 - https:\/\/yoast.com\/product\/yoast-seo-wordpress\/ -->\n<title>L\u2019AXE LOME \u2013 NEW DELHI SE RENFORCE\u00a0: Le nouvel Ambassadeur indien, Shri Sayed Razi Haider Fahmi, re\u00e7u par le Pr\u00e9sident de la R\u00e9publique -<\/title>\n<meta name=\"robots\" content=\"index, follow, max-snippet:-1, max-image-preview:large, max-video-preview:-1\" \/>\n<link rel=\"canonical\" href=\"https:\/\/macite.tg\/?p=23903\" \/>\n<meta property=\"og:locale\" content=\"fr_FR\" \/>\n<meta property=\"og:type\" content=\"article\" \/>\n<meta property=\"og:title\" content=\"L\u2019AXE LOME \u2013 NEW DELHI SE RENFORCE\u00a0: Le nouvel Ambassadeur indien, Shri Sayed Razi Haider Fahmi, re\u00e7u par le Pr\u00e9sident de la R\u00e9publique -\" \/>\n<meta property=\"og:description\" content=\"Le nouvel Ambassadeur de l&rsquo;Inde au Togo, Shri Sayed Razi Haider Fahmi, a pr\u00e9sent\u00e9, hier 31 juillet, ses lettres de cr\u00e9ance au Pr\u00e9sident de la R\u00e9publique, Jean-Lucien Kwassi Lanyo Savi de Tov\u00e9. C\u2019\u00e9tait \u00e0 l\u2019occasion d\u2019un c\u00e9r\u00e9monial. Le diplomate indien a eu, hier 31 juillet, [&hellip;]\" \/>\n<meta property=\"og:url\" content=\"https:\/\/macite.tg\/?p=23903\" \/>\n<meta property=\"article:published_time\" content=\"2025-08-01T11:08:03+00:00\" \/>\n<meta property=\"article:modified_time\" content=\"2025-08-01T11:14:14+00:00\" \/>\n<meta property=\"og:image\" content=\"https:\/\/macite.tg\/wp-content\/uploads\/2025\/08\/INDE.jpg\" \/>\n\t<meta property=\"og:image:width\" content=\"500\" \/>\n\t<meta property=\"og:image:height\" content=\"423\" \/>\n\t<meta property=\"og:image:type\" content=\"image\/jpeg\" \/>\n<meta name=\"author\" content=\"Jean Pierre BAWELA\" \/>\n<meta name=\"twitter:card\" content=\"summary_large_image\" \/>\n<meta name=\"twitter:label1\" content=\"\u00c9crit par\" \/>\n\t<meta name=\"twitter:data1\" content=\"Jean Pierre BAWELA\" \/>\n\t<meta name=\"twitter:label2\" content=\"Dur\u00e9e de lecture estim\u00e9e\" \/>\n\t<meta name=\"twitter:data2\" content=\"3 minutes\" \/>\n<script type=\"application\/ld+json\" class=\"yoast-schema-graph\">{\"@context\":\"https:\\\/\\\/schema.org\",\"@graph\":[{\"@type\":\"Article\",\"@id\":\"https:\\\/\\\/macite.tg\\\/?p=23903#article\",\"isPartOf\":{\"@id\":\"https:\\\/\\\/macite.tg\\\/?p=23903\"},\"author\":{\"name\":\"Jean Pierre BAWELA\",\"@id\":\"https:\\\/\\\/macite.tg\\\/#\\\/schema\\\/person\\\/e9f2de7e5dbbe7770a9402c7ce82f5c2\"},\"headline\":\"L\u2019AXE LOME \u2013 NEW DELHI SE RENFORCE\u00a0: Le nouvel Ambassadeur indien, Shri Sayed Razi Haider Fahmi, re\u00e7u par le Pr\u00e9sident de la R\u00e9publique\",\"datePublished\":\"2025-08-01T11:08:03+00:00\",\"dateModified\":\"2025-08-01T11:14:14+00:00\",\"mainEntityOfPage\":{\"@id\":\"https:\\\/\\\/macite.tg\\\/?p=23903\"},\"wordCount\":361,\"commentCount\":0,\"image\":{\"@id\":\"https:\\\/\\\/macite.tg\\\/?p=23903#primaryimage\"},\"thumbnailUrl\":\"https:\\\/\\\/macite.tg\\\/wp-content\\\/uploads\\\/2025\\\/08\\\/INDE.jpg\",\"articleSection\":[\"ACTUALITE\",\"DIPLOMATIE\"],\"inLanguage\":\"fr-FR\",\"potentialAction\":[{\"@type\":\"CommentAction\",\"name\":\"Comment\",\"target\":[\"https:\\\/\\\/macite.tg\\\/?p=23903#respond\"]}]},{\"@type\":\"WebPage\",\"@id\":\"https:\\\/\\\/macite.tg\\\/?p=23903\",\"url\":\"https:\\\/\\\/macite.tg\\\/?p=23903\",\"name\":\"L\u2019AXE LOME \u2013 NEW DELHI SE RENFORCE\u00a0: Le nouvel Ambassadeur indien, Shri Sayed Razi Haider Fahmi, re\u00e7u par le Pr\u00e9sident de la R\u00e9publique -\",\"isPartOf\":{\"@id\":\"https:\\\/\\\/macite.tg\\\/#website\"},\"primaryImageOfPage\":{\"@id\":\"https:\\\/\\\/macite.tg\\\/?p=23903#primaryimage\"},\"image\":{\"@id\":\"https:\\\/\\\/macite.tg\\\/?p=23903#primaryimage\"},\"thumbnailUrl\":\"https:\\\/\\\/macite.tg\\\/wp-content\\\/uploads\\\/2025\\\/08\\\/INDE.jpg\",\"datePublished\":\"2025-08-01T11:08:03+00:00\",\"dateModified\":\"2025-08-01T11:14:14+00:00\",\"author\":{\"@id\":\"https:\\\/\\\/macite.tg\\\/#\\\/schema\\\/person\\\/e9f2de7e5dbbe7770a9402c7ce82f5c2\"},\"breadcrumb\":{\"@id\":\"https:\\\/\\\/macite.tg\\\/?p=23903#breadcrumb\"},\"inLanguage\":\"fr-FR\",\"potentialAction\":[{\"@type\":\"ReadAction\",\"target\":[\"https:\\\/\\\/macite.tg\\\/?p=23903\"]}]},{\"@type\":\"ImageObject\",\"inLanguage\":\"fr-FR\",\"@id\":\"https:\\\/\\\/macite.tg\\\/?p=23903#primaryimage\",\"url\":\"https:\\\/\\\/macite.tg\\\/wp-content\\\/uploads\\\/2025\\\/08\\\/INDE.jpg\",\"contentUrl\":\"https:\\\/\\\/macite.tg\\\/wp-content\\\/uploads\\\/2025\\\/08\\\/INDE.jpg\",\"width\":500,\"height\":423,\"caption\":\"le diplomate indien, Shri Sayed Razi Haider Fahmi, re\u00e7u par le Pr\u00e9sident togolais, Jean Lucien Savi de Tov\u00e9\"},{\"@type\":\"BreadcrumbList\",\"@id\":\"https:\\\/\\\/macite.tg\\\/?p=23903#breadcrumb\",\"itemListElement\":[{\"@type\":\"ListItem\",\"position\":1,\"name\":\"Accueil\",\"item\":\"https:\\\/\\\/macite.tg\\\/\"},{\"@type\":\"ListItem\",\"position\":2,\"name\":\"L\u2019AXE LOME \u2013 NEW DELHI SE RENFORCE\u00a0: Le nouvel Ambassadeur indien, Shri Sayed Razi Haider Fahmi, re\u00e7u par le Pr\u00e9sident de la R\u00e9publique\"}]},{\"@type\":\"WebSite\",\"@id\":\"https:\\\/\\\/macite.tg\\\/#website\",\"url\":\"https:\\\/\\\/macite.tg\\\/\",\"name\":\"\",\"description\":\"L&#039;information, la bonne!!!\",\"potentialAction\":[{\"@type\":\"SearchAction\",\"target\":{\"@type\":\"EntryPoint\",\"urlTemplate\":\"https:\\\/\\\/macite.tg\\\/?s={search_term_string}\"},\"query-input\":{\"@type\":\"PropertyValueSpecification\",\"valueRequired\":true,\"valueName\":\"search_term_string\"}}],\"inLanguage\":\"fr-FR\"},{\"@type\":\"Person\",\"@id\":\"https:\\\/\\\/macite.tg\\\/#\\\/schema\\\/person\\\/e9f2de7e5dbbe7770a9402c7ce82f5c2\",\"name\":\"Jean Pierre BAWELA\",\"image\":{\"@type\":\"ImageObject\",\"inLanguage\":\"fr-FR\",\"@id\":\"https:\\\/\\\/macite.tg\\\/wp-content\\\/uploads\\\/2023\\\/09\\\/WhatsApp-Image-2023-09-19-at-14.44.41-122x122.jpeg\",\"url\":\"https:\\\/\\\/macite.tg\\\/wp-content\\\/uploads\\\/2023\\\/09\\\/WhatsApp-Image-2023-09-19-at-14.44.41-122x122.jpeg\",\"contentUrl\":\"https:\\\/\\\/macite.tg\\\/wp-content\\\/uploads\\\/2023\\\/09\\\/WhatsApp-Image-2023-09-19-at-14.44.41-122x122.jpeg\",\"caption\":\"Jean Pierre BAWELA\"},\"url\":\"https:\\\/\\\/macite.tg\\\/?author=2\"}]}<\/script>\n<!-- \/ Yoast SEO plugin. -->","yoast_head_json":{"title":"L\u2019AXE LOME \u2013 NEW DELHI SE RENFORCE\u00a0: Le nouvel Ambassadeur indien, Shri Sayed Razi Haider Fahmi, re\u00e7u par le Pr\u00e9sident de la R\u00e9publique -","robots":{"index":"index","follow":"follow","max-snippet":"max-snippet:-1","max-image-preview":"max-image-preview:large","max-video-preview":"max-video-preview:-1"},"canonical":"https:\/\/macite.tg\/?p=23903","og_locale":"fr_FR","og_type":"article","og_title":"L\u2019AXE LOME \u2013 NEW DELHI SE RENFORCE\u00a0: Le nouvel Ambassadeur indien, Shri Sayed Razi Haider Fahmi, re\u00e7u par le Pr\u00e9sident de la R\u00e9publique -","og_description":"Le nouvel Ambassadeur de l&rsquo;Inde au Togo, Shri Sayed Razi Haider Fahmi, a pr\u00e9sent\u00e9, hier 31 juillet, ses lettres de cr\u00e9ance au Pr\u00e9sident de la R\u00e9publique, Jean-Lucien Kwassi Lanyo Savi de Tov\u00e9. C\u2019\u00e9tait \u00e0 l\u2019occasion d\u2019un c\u00e9r\u00e9monial. Le diplomate indien a eu, hier 31 juillet, [&hellip;]","og_url":"https:\/\/macite.tg\/?p=23903","article_published_time":"2025-08-01T11:08:03+00:00","article_modified_time":"2025-08-01T11:14:14+00:00","og_image":[{"width":500,"height":423,"url":"https:\/\/macite.tg\/wp-content\/uploads\/2025\/08\/INDE.jpg","type":"image\/jpeg"}],"author":"Jean Pierre BAWELA","twitter_card":"summary_large_image","twitter_misc":{"\u00c9crit par":"Jean Pierre BAWELA","Dur\u00e9e de lecture estim\u00e9e":"3 minutes"},"schema":{"@context":"https:\/\/schema.org","@graph":[{"@type":"Article","@id":"https:\/\/macite.tg\/?p=23903#article","isPartOf":{"@id":"https:\/\/macite.tg\/?p=23903"},"author":{"name":"Jean Pierre BAWELA","@id":"https:\/\/macite.tg\/#\/schema\/person\/e9f2de7e5dbbe7770a9402c7ce82f5c2"},"headline":"L\u2019AXE LOME \u2013 NEW DELHI SE RENFORCE\u00a0: Le nouvel Ambassadeur indien, Shri Sayed Razi Haider Fahmi, re\u00e7u par le Pr\u00e9sident de la R\u00e9publique","datePublished":"2025-08-01T11:08:03+00:00","dateModified":"2025-08-01T11:14:14+00:00","mainEntityOfPage":{"@id":"https:\/\/macite.tg\/?p=23903"},"wordCount":361,"commentCount":0,"image":{"@id":"https:\/\/macite.tg\/?p=23903#primaryimage"},"thumbnailUrl":"https:\/\/macite.tg\/wp-content\/uploads\/2025\/08\/INDE.jpg","articleSection":["ACTUALITE","DIPLOMATIE"],"inLanguage":"fr-FR","potentialAction":[{"@type":"CommentAction","name":"Comment","target":["https:\/\/macite.tg\/?p=23903#respond"]}]},{"@type":"WebPage","@id":"https:\/\/macite.tg\/?p=23903","url":"https:\/\/macite.tg\/?p=23903","name":"L\u2019AXE LOME \u2013 NEW DELHI SE RENFORCE\u00a0: Le nouvel Ambassadeur indien, Shri Sayed Razi Haider Fahmi, re\u00e7u par le Pr\u00e9sident de la R\u00e9publique -","isPartOf":{"@id":"https:\/\/macite.tg\/#website"},"primaryImageOfPage":{"@id":"https:\/\/macite.tg\/?p=23903#primaryimage"},"image":{"@id":"https:\/\/macite.tg\/?p=23903#primaryimage"},"thumbnailUrl":"https:\/\/macite.tg\/wp-content\/uploads\/2025\/08\/INDE.jpg","datePublished":"2025-08-01T11:08:03+00:00","dateModified":"2025-08-01T11:14:14+00:00","author":{"@id":"https:\/\/macite.tg\/#\/schema\/person\/e9f2de7e5dbbe7770a9402c7ce82f5c2"},"breadcrumb":{"@id":"https:\/\/macite.tg\/?p=23903#breadcrumb"},"inLanguage":"fr-FR","potentialAction":[{"@type":"ReadAction","target":["https:\/\/macite.tg\/?p=23903"]}]},{"@type":"ImageObject","inLanguage":"fr-FR","@id":"https:\/\/macite.tg\/?p=23903#primaryimage","url":"https:\/\/macite.tg\/wp-content\/uploads\/2025\/08\/INDE.jpg","contentUrl":"https:\/\/macite.tg\/wp-content\/uploads\/2025\/08\/INDE.jpg","width":500,"height":423,"caption":"le diplomate indien, Shri Sayed Razi Haider Fahmi, re\u00e7u par le Pr\u00e9sident togolais, Jean Lucien Savi de Tov\u00e9"},{"@type":"BreadcrumbList","@id":"https:\/\/macite.tg\/?p=23903#breadcrumb","itemListElement":[{"@type":"ListItem","position":1,"name":"Accueil","item":"https:\/\/macite.tg\/"},{"@type":"ListItem","position":2,"name":"L\u2019AXE LOME \u2013 NEW DELHI SE RENFORCE\u00a0: Le nouvel Ambassadeur indien, Shri Sayed Razi Haider Fahmi, re\u00e7u par le Pr\u00e9sident de la R\u00e9publique"}]},{"@type":"WebSite","@id":"https:\/\/macite.tg\/#website","url":"https:\/\/macite.tg\/","name":"","description":"L&#039;information, la bonne!!!","potentialAction":[{"@type":"SearchAction","target":{"@type":"EntryPoint","urlTemplate":"https:\/\/macite.tg\/?s={search_term_string}"},"query-input":{"@type":"PropertyValueSpecification","valueRequired":true,"valueName":"search_term_string"}}],"inLanguage":"fr-FR"},{"@type":"Person","@id":"https:\/\/macite.tg\/#\/schema\/person\/e9f2de7e5dbbe7770a9402c7ce82f5c2","name":"Jean Pierre BAWELA","image":{"@type":"ImageObject","inLanguage":"fr-FR","@id":"https:\/\/macite.tg\/wp-content\/uploads\/2023\/09\/WhatsApp-Image-2023-09-19-at-14.44.41-122x122.jpeg","url":"https:\/\/macite.tg\/wp-content\/uploads\/2023\/09\/WhatsApp-Image-2023-09-19-at-14.44.41-122x122.jpeg","contentUrl":"https:\/\/macite.tg\/wp-content\/uploads\/2023\/09\/WhatsApp-Image-2023-09-19-at-14.44.41-122x122.jpeg","caption":"Jean Pierre BAWELA"},"url":"https:\/\/macite.tg\/?author=2"}]}},"_links":{"self":[{"href":"https:\/\/macite.tg\/index.php?rest_route=\/wp\/v2\/posts\/23903","targetHints":{"allow":["GET"]}}],"collection":[{"href":"https:\/\/macite.tg\/index.php?rest_route=\/wp\/v2\/posts"}],"about":[{"href":"https:\/\/macite.tg\/index.php?rest_route=\/wp\/v2\/types\/post"}],"author":[{"embeddable":true,"href":"https:\/\/macite.tg\/index.php?rest_route=\/wp\/v2\/users\/2"}],"replies":[{"embeddable":true,"href":"https:\/\/macite.tg\/index.php?rest_route=%2Fwp%2Fv2%2Fcomments&post=23903"}],"version-history":[{"count":0,"href":"https:\/\/macite.tg\/index.php?rest_route=\/wp\/v2\/posts\/23903\/revisions"}],"wp:featuredmedia":[{"embeddable":true,"href":"https:\/\/macite.tg\/index.php?rest_route=\/wp\/v2\/media\/23904"}],"wp:attachment":[{"href":"https:\/\/macite.tg\/index.php?rest_route=%2Fwp%2Fv2%2Fmedia&parent=23903"}],"wp:term":[{"taxonomy":"category","embeddable":true,"href":"https:\/\/macite.tg\/index.php?rest_route=%2Fwp%2Fv2%2Fcategories&post=23903"},{"taxonomy":"post_tag","embeddable":true,"href":"https:\/\/macite.tg\/index.php?rest_route=%2Fwp%2Fv2%2Ftags&post=23903"}],"curies":[{"name":"wp","href":"https:\/\/api.w.org\/{rel}","templated":true}]}}