{"id":23880,"date":"2025-07-31T14:41:53","date_gmt":"2025-07-31T14:41:53","guid":{"rendered":"https:\/\/macite.tg\/?p=23880"},"modified":"2025-07-31T14:42:02","modified_gmt":"2025-07-31T14:42:02","slug":"remerciements-et-annonces-le-dernier-voyage-de-malana-diguemba-ce-samedi-02-aout","status":"publish","type":"post","link":"https:\/\/macite.tg\/?p=23880","title":{"rendered":"REMERCIEMENTS ET ANNONCES : Le dernier voyage de MALANA Diguemba&#8230; ce samedi 02 ao\u00fbt"},"content":{"rendered":"\n<p class=\"wp-block-paragraph\"><strong><em>Rappel\u00e9e \u00e0 son Cr\u00e9ateur le 12 juillet dernier \u00e0 Lom\u00e9, MALANA Diguemba, sera conduite \u00e0 sa derni\u00e8re demeure, ce samedi 02 ao\u00fbt 2025, au cimeti\u00e8re d\u2019Ad\u00e9ticop\u00e9, apr\u00e8s des c\u00e9r\u00e9monies fun\u00e9raires. Elle n\u2019avait que 39 ans. Unions de pri\u00e8res&nbsp;!<\/em><\/strong><\/p>\n\n\n\n<figure class=\"wp-block-image size-large\"><img loading=\"lazy\" decoding=\"async\" width=\"1024\" height=\"576\" src=\"https:\/\/macite.tg\/wp-content\/uploads\/2025\/07\/2e1b8c58-223a-46fe-8431-77e9b4e7866e-1024x576.jpg\" alt=\"\" class=\"wp-image-23882\" srcset=\"https:\/\/macite.tg\/wp-content\/uploads\/2025\/07\/2e1b8c58-223a-46fe-8431-77e9b4e7866e-1024x576.jpg 1024w, https:\/\/macite.tg\/wp-content\/uploads\/2025\/07\/2e1b8c58-223a-46fe-8431-77e9b4e7866e-300x169.jpg 300w, https:\/\/macite.tg\/wp-content\/uploads\/2025\/07\/2e1b8c58-223a-46fe-8431-77e9b4e7866e-768x432.jpg 768w, https:\/\/macite.tg\/wp-content\/uploads\/2025\/07\/2e1b8c58-223a-46fe-8431-77e9b4e7866e.jpg 1200w\" sizes=\"auto, (max-width: 1024px) 100vw, 1024px\" \/><\/figure>\n\n\n\n<figure class=\"wp-block-image size-large\"><img loading=\"lazy\" decoding=\"async\" width=\"1024\" height=\"576\" src=\"https:\/\/macite.tg\/wp-content\/uploads\/2025\/07\/43d32fa7-51cb-4962-a4e6-37b744d63d0a-1024x576.jpg\" alt=\"\" class=\"wp-image-23883\" srcset=\"https:\/\/macite.tg\/wp-content\/uploads\/2025\/07\/43d32fa7-51cb-4962-a4e6-37b744d63d0a-1024x576.jpg 1024w, https:\/\/macite.tg\/wp-content\/uploads\/2025\/07\/43d32fa7-51cb-4962-a4e6-37b744d63d0a-300x169.jpg 300w, https:\/\/macite.tg\/wp-content\/uploads\/2025\/07\/43d32fa7-51cb-4962-a4e6-37b744d63d0a-768x432.jpg 768w, https:\/\/macite.tg\/wp-content\/uploads\/2025\/07\/43d32fa7-51cb-4962-a4e6-37b744d63d0a.jpg 1200w\" sizes=\"auto, (max-width: 1024px) 100vw, 1024px\" \/><\/figure>\n\n\n\n<p class=\"wp-block-paragraph\"><a><strong><em>@macite.tg&nbsp;&nbsp;&nbsp;&nbsp;&nbsp;&nbsp;&nbsp;&nbsp;<\/em><\/strong><\/a><\/p>\n\n\n\n<p class=\"wp-block-paragraph\"><strong><em>E-mail&nbsp;: <\/em><\/strong><a href=\"mailto:maciteinfo@gmail.com\"><strong><em>maciteinfo@gmail.com<\/em><\/strong><\/a><strong><em>; <\/em><\/strong><a href=\"mailto:bawela1@gmail.com\"><strong><em>bawela1@gmail.com<\/em><\/strong><\/a><strong><em><\/em><\/strong><\/p>\n\n\n\n<p class=\"wp-block-paragraph\"><strong><em>Pour vos annonces, (publi)reportages, etc., joignez-nous au (00228)91515309\/<strong>79872224 <\/strong><strong><\/strong><\/em><\/strong><\/p>\n\n\n\n<p class=\"wp-block-paragraph\"><strong><em>www.macite.tg, L\u2019information, la bonne&nbsp;!<\/em><\/strong><\/p>\n","protected":false},"excerpt":{"rendered":"<p class=\"text-justify mb-2\" >Rappel\u00e9e \u00e0 son Cr\u00e9ateur le 12 juillet dernier \u00e0 Lom\u00e9, MALANA Diguemba, sera conduite \u00e0 sa derni\u00e8re demeure, ce samedi 02 ao\u00fbt 2025, au cimeti\u00e8re d\u2019Ad\u00e9ticop\u00e9, apr\u00e8s des c\u00e9r\u00e9monies fun\u00e9raires. Elle n\u2019avait que 39 ans. Unions de pri\u00e8res&nbsp;! @macite.tg&nbsp;&nbsp;&nbsp;&nbsp;&nbsp;&nbsp;&nbsp;&nbsp; E-mail&nbsp;: maciteinfo@gmail.com; bawela1@gmail.com Pour vos annonces, [&hellip;]<\/p>\n","protected":false},"author":2,"featured_media":23884,"comment_status":"open","ping_status":"open","sticky":false,"template":"","format":"standard","meta":{"footnotes":""},"categories":[20,31],"tags":[],"class_list":["post-23880","post","type-post","status-publish","format-standard","has-post-thumbnail","hentry","category-actualite","category-annonce"],"yoast_head":"<!-- This site is optimized with the Yoast SEO plugin v28.4 - https:\/\/yoast.com\/product\/yoast-seo-wordpress\/ -->\n<title>REMERCIEMENTS ET ANNONCES : Le dernier voyage de MALANA Diguemba... ce samedi 02 ao\u00fbt -<\/title>\n<meta name=\"robots\" content=\"index, follow, max-snippet:-1, max-image-preview:large, max-video-preview:-1\" \/>\n<link rel=\"canonical\" href=\"https:\/\/macite.tg\/?p=23880\" \/>\n<meta property=\"og:locale\" content=\"fr_FR\" \/>\n<meta property=\"og:type\" content=\"article\" \/>\n<meta property=\"og:title\" content=\"REMERCIEMENTS ET ANNONCES : Le dernier voyage de MALANA Diguemba... ce samedi 02 ao\u00fbt -\" \/>\n<meta property=\"og:description\" content=\"Rappel\u00e9e \u00e0 son Cr\u00e9ateur le 12 juillet dernier \u00e0 Lom\u00e9, MALANA Diguemba, sera conduite \u00e0 sa derni\u00e8re demeure, ce samedi 02 ao\u00fbt 2025, au cimeti\u00e8re d\u2019Ad\u00e9ticop\u00e9, apr\u00e8s des c\u00e9r\u00e9monies fun\u00e9raires. Elle n\u2019avait que 39 ans. Unions de pri\u00e8res&nbsp;! @macite.tg&nbsp;&nbsp;&nbsp;&nbsp;&nbsp;&nbsp;&nbsp;&nbsp; E-mail&nbsp;: maciteinfo@gmail.com; bawela1@gmail.com Pour vos annonces, [&hellip;]\" \/>\n<meta property=\"og:url\" content=\"https:\/\/macite.tg\/?p=23880\" \/>\n<meta property=\"article:published_time\" content=\"2025-07-31T14:41:53+00:00\" \/>\n<meta property=\"article:modified_time\" content=\"2025-07-31T14:42:02+00:00\" \/>\n<meta property=\"og:image\" content=\"https:\/\/macite.tg\/wp-content\/uploads\/2025\/07\/MALANA-Deguemba-1.jpg\" \/>\n\t<meta property=\"og:image:width\" content=\"500\" \/>\n\t<meta property=\"og:image:height\" content=\"344\" \/>\n\t<meta property=\"og:image:type\" content=\"image\/jpeg\" \/>\n<meta name=\"author\" content=\"Jean Pierre BAWELA\" \/>\n<meta name=\"twitter:card\" content=\"summary_large_image\" \/>\n<meta name=\"twitter:label1\" content=\"\u00c9crit par\" \/>\n\t<meta name=\"twitter:data1\" content=\"Jean Pierre BAWELA\" \/>\n\t<meta name=\"twitter:label2\" content=\"Dur\u00e9e de lecture estim\u00e9e\" \/>\n\t<meta name=\"twitter:data2\" content=\"1 minute\" \/>\n<script type=\"application\/ld+json\" class=\"yoast-schema-graph\">{\"@context\":\"https:\\\/\\\/schema.org\",\"@graph\":[{\"@type\":\"Article\",\"@id\":\"https:\\\/\\\/macite.tg\\\/?p=23880#article\",\"isPartOf\":{\"@id\":\"https:\\\/\\\/macite.tg\\\/?p=23880\"},\"author\":{\"name\":\"Jean Pierre BAWELA\",\"@id\":\"https:\\\/\\\/macite.tg\\\/#\\\/schema\\\/person\\\/e9f2de7e5dbbe7770a9402c7ce82f5c2\"},\"headline\":\"REMERCIEMENTS ET ANNONCES : Le dernier voyage de MALANA Diguemba&#8230; ce samedi 02 ao\u00fbt\",\"datePublished\":\"2025-07-31T14:41:53+00:00\",\"dateModified\":\"2025-07-31T14:42:02+00:00\",\"mainEntityOfPage\":{\"@id\":\"https:\\\/\\\/macite.tg\\\/?p=23880\"},\"wordCount\":92,\"commentCount\":0,\"image\":{\"@id\":\"https:\\\/\\\/macite.tg\\\/?p=23880#primaryimage\"},\"thumbnailUrl\":\"https:\\\/\\\/macite.tg\\\/wp-content\\\/uploads\\\/2025\\\/07\\\/MALANA-Deguemba-1.jpg\",\"articleSection\":[\"ACTUALITE\",\"ANNONCE\"],\"inLanguage\":\"fr-FR\",\"potentialAction\":[{\"@type\":\"CommentAction\",\"name\":\"Comment\",\"target\":[\"https:\\\/\\\/macite.tg\\\/?p=23880#respond\"]}]},{\"@type\":\"WebPage\",\"@id\":\"https:\\\/\\\/macite.tg\\\/?p=23880\",\"url\":\"https:\\\/\\\/macite.tg\\\/?p=23880\",\"name\":\"REMERCIEMENTS ET ANNONCES : Le dernier voyage de MALANA Diguemba... ce samedi 02 ao\u00fbt -\",\"isPartOf\":{\"@id\":\"https:\\\/\\\/macite.tg\\\/#website\"},\"primaryImageOfPage\":{\"@id\":\"https:\\\/\\\/macite.tg\\\/?p=23880#primaryimage\"},\"image\":{\"@id\":\"https:\\\/\\\/macite.tg\\\/?p=23880#primaryimage\"},\"thumbnailUrl\":\"https:\\\/\\\/macite.tg\\\/wp-content\\\/uploads\\\/2025\\\/07\\\/MALANA-Deguemba-1.jpg\",\"datePublished\":\"2025-07-31T14:41:53+00:00\",\"dateModified\":\"2025-07-31T14:42:02+00:00\",\"author\":{\"@id\":\"https:\\\/\\\/macite.tg\\\/#\\\/schema\\\/person\\\/e9f2de7e5dbbe7770a9402c7ce82f5c2\"},\"breadcrumb\":{\"@id\":\"https:\\\/\\\/macite.tg\\\/?p=23880#breadcrumb\"},\"inLanguage\":\"fr-FR\",\"potentialAction\":[{\"@type\":\"ReadAction\",\"target\":[\"https:\\\/\\\/macite.tg\\\/?p=23880\"]}]},{\"@type\":\"ImageObject\",\"inLanguage\":\"fr-FR\",\"@id\":\"https:\\\/\\\/macite.tg\\\/?p=23880#primaryimage\",\"url\":\"https:\\\/\\\/macite.tg\\\/wp-content\\\/uploads\\\/2025\\\/07\\\/MALANA-Deguemba-1.jpg\",\"contentUrl\":\"https:\\\/\\\/macite.tg\\\/wp-content\\\/uploads\\\/2025\\\/07\\\/MALANA-Deguemba-1.jpg\",\"width\":500,\"height\":344},{\"@type\":\"BreadcrumbList\",\"@id\":\"https:\\\/\\\/macite.tg\\\/?p=23880#breadcrumb\",\"itemListElement\":[{\"@type\":\"ListItem\",\"position\":1,\"name\":\"Accueil\",\"item\":\"https:\\\/\\\/macite.tg\\\/\"},{\"@type\":\"ListItem\",\"position\":2,\"name\":\"REMERCIEMENTS ET ANNONCES : Le dernier voyage de MALANA Diguemba&#8230; ce samedi 02 ao\u00fbt\"}]},{\"@type\":\"WebSite\",\"@id\":\"https:\\\/\\\/macite.tg\\\/#website\",\"url\":\"https:\\\/\\\/macite.tg\\\/\",\"name\":\"\",\"description\":\"L&#039;information, la bonne!!!\",\"potentialAction\":[{\"@type\":\"SearchAction\",\"target\":{\"@type\":\"EntryPoint\",\"urlTemplate\":\"https:\\\/\\\/macite.tg\\\/?s={search_term_string}\"},\"query-input\":{\"@type\":\"PropertyValueSpecification\",\"valueRequired\":true,\"valueName\":\"search_term_string\"}}],\"inLanguage\":\"fr-FR\"},{\"@type\":\"Person\",\"@id\":\"https:\\\/\\\/macite.tg\\\/#\\\/schema\\\/person\\\/e9f2de7e5dbbe7770a9402c7ce82f5c2\",\"name\":\"Jean Pierre BAWELA\",\"image\":{\"@type\":\"ImageObject\",\"inLanguage\":\"fr-FR\",\"@id\":\"https:\\\/\\\/macite.tg\\\/wp-content\\\/uploads\\\/2023\\\/09\\\/WhatsApp-Image-2023-09-19-at-14.44.41-122x122.jpeg\",\"url\":\"https:\\\/\\\/macite.tg\\\/wp-content\\\/uploads\\\/2023\\\/09\\\/WhatsApp-Image-2023-09-19-at-14.44.41-122x122.jpeg\",\"contentUrl\":\"https:\\\/\\\/macite.tg\\\/wp-content\\\/uploads\\\/2023\\\/09\\\/WhatsApp-Image-2023-09-19-at-14.44.41-122x122.jpeg\",\"caption\":\"Jean Pierre BAWELA\"},\"url\":\"https:\\\/\\\/macite.tg\\\/?author=2\"}]}<\/script>\n<!-- \/ Yoast SEO plugin. -->","yoast_head_json":{"title":"REMERCIEMENTS ET ANNONCES : Le dernier voyage de MALANA Diguemba... ce samedi 02 ao\u00fbt -","robots":{"index":"index","follow":"follow","max-snippet":"max-snippet:-1","max-image-preview":"max-image-preview:large","max-video-preview":"max-video-preview:-1"},"canonical":"https:\/\/macite.tg\/?p=23880","og_locale":"fr_FR","og_type":"article","og_title":"REMERCIEMENTS ET ANNONCES : Le dernier voyage de MALANA Diguemba... ce samedi 02 ao\u00fbt -","og_description":"Rappel\u00e9e \u00e0 son Cr\u00e9ateur le 12 juillet dernier \u00e0 Lom\u00e9, MALANA Diguemba, sera conduite \u00e0 sa derni\u00e8re demeure, ce samedi 02 ao\u00fbt 2025, au cimeti\u00e8re d\u2019Ad\u00e9ticop\u00e9, apr\u00e8s des c\u00e9r\u00e9monies fun\u00e9raires. Elle n\u2019avait que 39 ans. Unions de pri\u00e8res&nbsp;! @macite.tg&nbsp;&nbsp;&nbsp;&nbsp;&nbsp;&nbsp;&nbsp;&nbsp; E-mail&nbsp;: maciteinfo@gmail.com; bawela1@gmail.com Pour vos annonces, [&hellip;]","og_url":"https:\/\/macite.tg\/?p=23880","article_published_time":"2025-07-31T14:41:53+00:00","article_modified_time":"2025-07-31T14:42:02+00:00","og_image":[{"width":500,"height":344,"url":"https:\/\/macite.tg\/wp-content\/uploads\/2025\/07\/MALANA-Deguemba-1.jpg","type":"image\/jpeg"}],"author":"Jean Pierre BAWELA","twitter_card":"summary_large_image","twitter_misc":{"\u00c9crit par":"Jean Pierre BAWELA","Dur\u00e9e de lecture estim\u00e9e":"1 minute"},"schema":{"@context":"https:\/\/schema.org","@graph":[{"@type":"Article","@id":"https:\/\/macite.tg\/?p=23880#article","isPartOf":{"@id":"https:\/\/macite.tg\/?p=23880"},"author":{"name":"Jean Pierre BAWELA","@id":"https:\/\/macite.tg\/#\/schema\/person\/e9f2de7e5dbbe7770a9402c7ce82f5c2"},"headline":"REMERCIEMENTS ET ANNONCES : Le dernier voyage de MALANA Diguemba&#8230; ce samedi 02 ao\u00fbt","datePublished":"2025-07-31T14:41:53+00:00","dateModified":"2025-07-31T14:42:02+00:00","mainEntityOfPage":{"@id":"https:\/\/macite.tg\/?p=23880"},"wordCount":92,"commentCount":0,"image":{"@id":"https:\/\/macite.tg\/?p=23880#primaryimage"},"thumbnailUrl":"https:\/\/macite.tg\/wp-content\/uploads\/2025\/07\/MALANA-Deguemba-1.jpg","articleSection":["ACTUALITE","ANNONCE"],"inLanguage":"fr-FR","potentialAction":[{"@type":"CommentAction","name":"Comment","target":["https:\/\/macite.tg\/?p=23880#respond"]}]},{"@type":"WebPage","@id":"https:\/\/macite.tg\/?p=23880","url":"https:\/\/macite.tg\/?p=23880","name":"REMERCIEMENTS ET ANNONCES : Le dernier voyage de MALANA Diguemba... ce samedi 02 ao\u00fbt -","isPartOf":{"@id":"https:\/\/macite.tg\/#website"},"primaryImageOfPage":{"@id":"https:\/\/macite.tg\/?p=23880#primaryimage"},"image":{"@id":"https:\/\/macite.tg\/?p=23880#primaryimage"},"thumbnailUrl":"https:\/\/macite.tg\/wp-content\/uploads\/2025\/07\/MALANA-Deguemba-1.jpg","datePublished":"2025-07-31T14:41:53+00:00","dateModified":"2025-07-31T14:42:02+00:00","author":{"@id":"https:\/\/macite.tg\/#\/schema\/person\/e9f2de7e5dbbe7770a9402c7ce82f5c2"},"breadcrumb":{"@id":"https:\/\/macite.tg\/?p=23880#breadcrumb"},"inLanguage":"fr-FR","potentialAction":[{"@type":"ReadAction","target":["https:\/\/macite.tg\/?p=23880"]}]},{"@type":"ImageObject","inLanguage":"fr-FR","@id":"https:\/\/macite.tg\/?p=23880#primaryimage","url":"https:\/\/macite.tg\/wp-content\/uploads\/2025\/07\/MALANA-Deguemba-1.jpg","contentUrl":"https:\/\/macite.tg\/wp-content\/uploads\/2025\/07\/MALANA-Deguemba-1.jpg","width":500,"height":344},{"@type":"BreadcrumbList","@id":"https:\/\/macite.tg\/?p=23880#breadcrumb","itemListElement":[{"@type":"ListItem","position":1,"name":"Accueil","item":"https:\/\/macite.tg\/"},{"@type":"ListItem","position":2,"name":"REMERCIEMENTS ET ANNONCES : Le dernier voyage de MALANA Diguemba&#8230; ce samedi 02 ao\u00fbt"}]},{"@type":"WebSite","@id":"https:\/\/macite.tg\/#website","url":"https:\/\/macite.tg\/","name":"","description":"L&#039;information, la bonne!!!","potentialAction":[{"@type":"SearchAction","target":{"@type":"EntryPoint","urlTemplate":"https:\/\/macite.tg\/?s={search_term_string}"},"query-input":{"@type":"PropertyValueSpecification","valueRequired":true,"valueName":"search_term_string"}}],"inLanguage":"fr-FR"},{"@type":"Person","@id":"https:\/\/macite.tg\/#\/schema\/person\/e9f2de7e5dbbe7770a9402c7ce82f5c2","name":"Jean Pierre BAWELA","image":{"@type":"ImageObject","inLanguage":"fr-FR","@id":"https:\/\/macite.tg\/wp-content\/uploads\/2023\/09\/WhatsApp-Image-2023-09-19-at-14.44.41-122x122.jpeg","url":"https:\/\/macite.tg\/wp-content\/uploads\/2023\/09\/WhatsApp-Image-2023-09-19-at-14.44.41-122x122.jpeg","contentUrl":"https:\/\/macite.tg\/wp-content\/uploads\/2023\/09\/WhatsApp-Image-2023-09-19-at-14.44.41-122x122.jpeg","caption":"Jean Pierre BAWELA"},"url":"https:\/\/macite.tg\/?author=2"}]}},"_links":{"self":[{"href":"https:\/\/macite.tg\/index.php?rest_route=\/wp\/v2\/posts\/23880","targetHints":{"allow":["GET"]}}],"collection":[{"href":"https:\/\/macite.tg\/index.php?rest_route=\/wp\/v2\/posts"}],"about":[{"href":"https:\/\/macite.tg\/index.php?rest_route=\/wp\/v2\/types\/post"}],"author":[{"embeddable":true,"href":"https:\/\/macite.tg\/index.php?rest_route=\/wp\/v2\/users\/2"}],"replies":[{"embeddable":true,"href":"https:\/\/macite.tg\/index.php?rest_route=%2Fwp%2Fv2%2Fcomments&post=23880"}],"version-history":[{"count":0,"href":"https:\/\/macite.tg\/index.php?rest_route=\/wp\/v2\/posts\/23880\/revisions"}],"wp:featuredmedia":[{"embeddable":true,"href":"https:\/\/macite.tg\/index.php?rest_route=\/wp\/v2\/media\/23884"}],"wp:attachment":[{"href":"https:\/\/macite.tg\/index.php?rest_route=%2Fwp%2Fv2%2Fmedia&parent=23880"}],"wp:term":[{"taxonomy":"category","embeddable":true,"href":"https:\/\/macite.tg\/index.php?rest_route=%2Fwp%2Fv2%2Fcategories&post=23880"},{"taxonomy":"post_tag","embeddable":true,"href":"https:\/\/macite.tg\/index.php?rest_route=%2Fwp%2Fv2%2Ftags&post=23880"}],"curies":[{"name":"wp","href":"https:\/\/api.w.org\/{rel}","templated":true}]}}