{"id":23863,"date":"2025-07-31T10:58:35","date_gmt":"2025-07-31T10:58:35","guid":{"rendered":"https:\/\/macite.tg\/?p=23863"},"modified":"2025-07-31T10:58:37","modified_gmt":"2025-07-31T10:58:37","slug":"liban-accord-de-taref-le-role-majeur-de-la-diplomatie-marocaine-salue-depuis-alger-par-le-president-joseph-aoun","status":"publish","type":"post","link":"https:\/\/macite.tg\/?p=23863","title":{"rendered":"LIBAN \/ ACCORD DE TAR\u00cbF\u00a0: Le r\u00f4le majeur de la diplomatie marocaine, salu\u00e9 depuis Alger par le Pr\u00e9sident Joseph Aoun"},"content":{"rendered":"\n<p class=\"wp-block-paragraph\"><strong><em>En reconnaissance du r\u00f4le majeur jou\u00e9 par la diplomatie marocaine dans les efforts ayant pr\u00e9par\u00e9 la signature de l\u2019\u00ab\u00a0Accord de Ta\u00ebf\u00a0\u00bb, ou Document de r\u00e9conciliation nationale libanaise, qui mit un terme \u00e0 la guerre civile au Liban \u00e0 la fin des ann\u00e9es 1990, le pr\u00e9sident libanais Joseph Aoun a tenu \u00e0 saluer depuis la capitale alg\u00e9rienne les efforts historiques d\u00e9ploy\u00e9s par Rabat pour unifier les rangs libanais et surmonter l\u2019une des crises politiques les plus sombres qu\u2019ait travers\u00e9 ce pays du Moyen-Orient.<\/em><\/strong> <\/p>\n\n\n\n<p class=\"wp-block-paragraph\">S\u2019exprimant lors d\u2019une conf\u00e9rence de presse conjointe avec son homologue alg\u00e9rien Abdelmadjid Tebboune, dans le cadre de sa visite officielle en Alg\u00e9rie, le pr\u00e9sident libanais a d\u00e9clar\u00e9\u202fque \u00ab<em>\u202fles relations entre le Liban et l\u2019Alg\u00e9rie sont des relations historiques, vieilles comme leur existence commune, avec celle de leurs fr\u00e8res arabes sur les rives de la M\u00e9diterran\u00e9e\u202f<\/em>\u00bb.<\/p>\n\n\n\n<p class=\"wp-block-paragraph\">Joseph Aoun a encha\u00een\u00e9 en affirmant que \u00ab<em>\u202fles pays arabes doivent \u00eatre unis par l\u2019int\u00e9r\u00eat arabe commun, sur la base de la recherche du bien de l\u2019\u00eatre humain dans chacun de nos pays et dans notre r\u00e9gion, et dans un monde que nous voulons ouvert et amical\u202f<\/em>\u00bb.<\/p>\n\n\n<div class=\"wp-block-image\">\n<figure class=\"aligncenter size-full is-resized\"><img loading=\"lazy\" decoding=\"async\" width=\"500\" height=\"500\" src=\"https:\/\/macite.tg\/wp-content\/uploads\/2025\/07\/LES-MERCREDIS-DU-FISC.jpg\" alt=\"\" class=\"wp-image-23832\" style=\"width:614px;height:auto\" srcset=\"https:\/\/macite.tg\/wp-content\/uploads\/2025\/07\/LES-MERCREDIS-DU-FISC.jpg 500w, https:\/\/macite.tg\/wp-content\/uploads\/2025\/07\/LES-MERCREDIS-DU-FISC-300x300.jpg 300w, https:\/\/macite.tg\/wp-content\/uploads\/2025\/07\/LES-MERCREDIS-DU-FISC-150x150.jpg 150w, https:\/\/macite.tg\/wp-content\/uploads\/2025\/07\/LES-MERCREDIS-DU-FISC-122x122.jpg 122w\" sizes=\"auto, (max-width: 500px) 100vw, 500px\" \/><\/figure>\n<\/div>\n\n\n<p class=\"wp-block-paragraph\">Le chef de l\u2019\u00c9tat libanais a ensuite insist\u00e9 sur l\u2019appui constant de l\u2019Alg\u00e9rie \u00e0 son pays\u202f: \u00ab<em>\u202fLe Liban n\u2019oublie pas les positions de l\u2019Alg\u00e9rie, qui l\u2019a toujours soutenu. Elle n\u2019a jamais manqu\u00e9 aux efforts de bonne volont\u00e9 entrepris dans le cadre arabe pour sortir le Liban de ses crises et mettre fin \u00e0 ses conflits complexes, m\u00ealant dimensions internes et pressions externes. Elle a notamment particip\u00e9 \u00e0 la Haute Commission arabe, aux c\u00f4t\u00e9s des deux pays fr\u00e8res que sont le Royaume d\u2019Arabie Saoudite et le Royaume du Maroc, dans les efforts ayant conduit \u00e0 l\u2019adoption du Document de r\u00e9conciliation nationale dans la ville de Ta\u00ebf\u202f<\/em>\u00bb.<\/p>\n\n\n\n<p class=\"wp-block-paragraph\">Joseph Aoun a \u00e9galement rappel\u00e9 l\u2019importance de ce tournant dans l\u2019histoire de son pays,\u202fnotant que \u00ab<em>\u202fl\u2019Accord de Ta\u00ebf s\u2019est transform\u00e9 en constitution du syst\u00e8me politique libanais, en fondement du vivre-ensemble national, de l\u2019appartenance arabe du Liban et de sa pleine souverainet\u00e9\u202f\u00bb.&nbsp;<\/em>Il a ajout\u00e9\u202fque<em>&nbsp;\u00ab\u202fse rem\u00e9morer cette \u00e9tape ne fait que renforcer notre conviction que la solidarit\u00e9 arabe est une n\u00e9cessit\u00e9 pour la force du Liban, le renforcement de son unit\u00e9 et la pr\u00e9servation de sa souverainet\u00e9 et de son ind\u00e9pendance\u202f<\/em>\u00bb.<\/p>\n\n\n\n<p class=\"wp-block-paragraph\">Depuis toujours, le Royaume du Maroc a manifest\u00e9 un attachement constant \u00e0 la cause libanaise. Sur les sc\u00e8nes politique, r\u00e9gionale et internationale, Rabat a toujours affich\u00e9 son soutien \u00e0 l\u2019\u00c9tat libanais institutionnel en temps de crise, veillant \u00e0 d\u00e9fendre son unit\u00e9, \u00e0 garantir son ind\u00e9pendance, et rejetant fermement toute forme d\u2019ing\u00e9rence ext\u00e9rieure dans ses affaires internes ou toute tentative de formation d\u2019un \u00ab<em>\u202f\u00c9tat dans l\u2019\u00c9tat\u202f<\/em>\u00bb.<\/p>\n\n\n<div class=\"wp-block-image\">\n<figure class=\"aligncenter size-full\"><img loading=\"lazy\" decoding=\"async\" width=\"851\" height=\"315\" src=\"https:\/\/macite.tg\/wp-content\/uploads\/2025\/07\/OTR_Ferer-pour-batir-1.jpg\" alt=\"\" class=\"wp-image-23830\" srcset=\"https:\/\/macite.tg\/wp-content\/uploads\/2025\/07\/OTR_Ferer-pour-batir-1.jpg 851w, https:\/\/macite.tg\/wp-content\/uploads\/2025\/07\/OTR_Ferer-pour-batir-1-300x111.jpg 300w, https:\/\/macite.tg\/wp-content\/uploads\/2025\/07\/OTR_Ferer-pour-batir-1-768x284.jpg 768w\" sizes=\"auto, (max-width: 851px) 100vw, 851px\" \/><\/figure>\n<\/div>\n\n\n<p class=\"wp-block-paragraph\">Ce soutien n\u2019a d\u2019ailleurs pas \u00e9t\u00e9 limit\u00e9 \u00e0 la seule sph\u00e8re politique. Le Maroc s\u2019est \u00e9galement illustr\u00e9 par de nombreuses initiatives \u00e0 caract\u00e8re humanitaire, parmi lesquelles figure la mise en place, \u00e0 l\u2019\u00e9t\u00e9 2020, d\u2019un h\u00f4pital militaire de campagne dans la capitale Beyrouth, imm\u00e9diatement apr\u00e8s l\u2019explosion meurtri\u00e8re survenue au port. Cet \u00e9tablissement m\u00e9dical a permis \u00e0 des milliers de Libanais de recevoir des soins, parall\u00e8lement \u00e0 l\u2019acheminement de plusieurs tonnes d\u2019aides m\u00e9dicales et alimentaires envoy\u00e9es sur instructions royales, afin d\u2019att\u00e9nuer les cons\u00e9quences de cette trag\u00e9die qui a fait de nombreuses victimes.<\/p>\n\n\n\n<p class=\"wp-block-paragraph\">Dans un contexte ant\u00e9rieur, l\u2019ambassadeur du Liban au Maroc, Ziad Atallah, avait lui aussi soulign\u00e9 la profondeur strat\u00e9gique et l\u2019anciennet\u00e9 des relations entre Rabat et Beyrouth. Lors d\u2019une rencontre organis\u00e9e dans la capitale marocaine, il avait d\u00e9clar\u00e9\u202fque \u00ab<em>\u202fle Liban est pr\u00e9sent dans le c\u0153ur de la famille royale au Maroc, \u00e0 travers un lien de sang et d\u2019alliance, incarn\u00e9 par Lalla Lamia Solh, \u00e9pouse du d\u00e9funt prince Moulay Abdellah, oncle de Sa Majest\u00e9 le Roi Mohammed VI. Elle est issue de la c\u00e9l\u00e8bre famille libanaise Solh.<\/em>\u202f\u00bb<\/p>\n\n\n<div class=\"wp-block-image\">\n<figure class=\"aligncenter size-large is-resized\"><img loading=\"lazy\" decoding=\"async\" width=\"723\" height=\"1024\" src=\"https:\/\/macite.tg\/wp-content\/uploads\/2025\/07\/TPU-2025-723x1024.jpg\" alt=\"\" class=\"wp-image-23823\" style=\"width:605px;height:auto\" srcset=\"https:\/\/macite.tg\/wp-content\/uploads\/2025\/07\/TPU-2025-723x1024.jpg 723w, https:\/\/macite.tg\/wp-content\/uploads\/2025\/07\/TPU-2025-212x300.jpg 212w, https:\/\/macite.tg\/wp-content\/uploads\/2025\/07\/TPU-2025.jpg 763w\" sizes=\"auto, (max-width: 723px) 100vw, 723px\" \/><\/figure>\n<\/div>\n\n\n<p class=\"wp-block-paragraph\">Le diplomate libanais avait \u00e9galement tenu \u00e0 rappeler que \u00ab<em>\u202fle Royaume a jou\u00e9 un r\u00f4le d\u00e9terminant dans l\u2019Accord de Ta\u00ebf qui a mis fin \u00e0 la guerre civile libanaise, notamment gr\u00e2ce au roi d\u00e9funt Hassan II, dont les efforts d\u00e9ploy\u00e9s lors des sommets arabes ont permis de faire aboutir cet accord, dans l\u2019objectif d\u2019aider le peuple libanais \u00e0 surmonter ses \u00e9preuve<\/em>s\u202f\u00bb.<\/p>\n\n\n\n<p class=\"wp-block-paragraph\"><strong>MSN<\/strong><\/p>\n\n\n\n<p class=\"wp-block-paragraph\"><a><strong><em>@macite.tg&nbsp;&nbsp;&nbsp;&nbsp;&nbsp;&nbsp;&nbsp;&nbsp;<\/em><\/strong><\/a><\/p>\n\n\n\n<p class=\"wp-block-paragraph\"><strong><em>E-mail&nbsp;: <\/em><\/strong><a href=\"mailto:maciteinfo@gmail.com\"><strong><em>maciteinfo@gmail.com<\/em><\/strong><\/a><strong><em>; <\/em><\/strong><a href=\"mailto:bawela1@gmail.com\"><strong><em>bawela1@gmail.com<\/em><\/strong><\/a><strong><em><\/em><\/strong><\/p>\n\n\n\n<p class=\"wp-block-paragraph\"><strong><em>Pour vos annonces, (publi)reportages, etc., joignez-nous au (00228)91515309\/<strong>79872224 <\/strong><strong><\/strong><\/em><\/strong><\/p>\n\n\n\n<p class=\"wp-block-paragraph\"><strong><em>www.macite.tg, L\u2019information, la bonne&nbsp;!<\/em><\/strong><\/p>\n\n\n\n<p class=\"wp-block-paragraph\"><\/p>\n","protected":false},"excerpt":{"rendered":"<p class=\"text-justify mb-2\" >En reconnaissance du r\u00f4le majeur jou\u00e9 par la diplomatie marocaine dans les efforts ayant pr\u00e9par\u00e9 la signature de l\u2019\u00ab\u00a0Accord de Ta\u00ebf\u00a0\u00bb, ou Document de r\u00e9conciliation nationale libanaise, qui mit un terme \u00e0 la guerre civile au Liban \u00e0 la fin des ann\u00e9es 1990, le pr\u00e9sident [&hellip;]<\/p>\n","protected":false},"author":2,"featured_media":23869,"comment_status":"open","ping_status":"open","sticky":false,"template":"","format":"standard","meta":{"footnotes":""},"categories":[20,8],"tags":[],"class_list":["post-23863","post","type-post","status-publish","format-standard","has-post-thumbnail","hentry","category-actualite","category-diplomatie"],"yoast_head":"<!-- This site is optimized with the Yoast SEO plugin v28.4 - https:\/\/yoast.com\/product\/yoast-seo-wordpress\/ -->\n<title>LIBAN \/ ACCORD DE TAR\u00cbF\u00a0: Le r\u00f4le majeur de la diplomatie marocaine, salu\u00e9 depuis Alger par le Pr\u00e9sident Joseph Aoun -<\/title>\n<meta name=\"robots\" content=\"index, follow, max-snippet:-1, max-image-preview:large, max-video-preview:-1\" \/>\n<link rel=\"canonical\" href=\"https:\/\/macite.tg\/?p=23863\" \/>\n<meta property=\"og:locale\" content=\"fr_FR\" \/>\n<meta property=\"og:type\" content=\"article\" \/>\n<meta property=\"og:title\" content=\"LIBAN \/ ACCORD DE TAR\u00cbF\u00a0: Le r\u00f4le majeur de la diplomatie marocaine, salu\u00e9 depuis Alger par le Pr\u00e9sident Joseph Aoun -\" \/>\n<meta property=\"og:description\" content=\"En reconnaissance du r\u00f4le majeur jou\u00e9 par la diplomatie marocaine dans les efforts ayant pr\u00e9par\u00e9 la signature de l\u2019\u00ab\u00a0Accord de Ta\u00ebf\u00a0\u00bb, ou Document de r\u00e9conciliation nationale libanaise, qui mit un terme \u00e0 la guerre civile au Liban \u00e0 la fin des ann\u00e9es 1990, le pr\u00e9sident [&hellip;]\" \/>\n<meta property=\"og:url\" content=\"https:\/\/macite.tg\/?p=23863\" \/>\n<meta property=\"article:published_time\" content=\"2025-07-31T10:58:35+00:00\" \/>\n<meta property=\"article:modified_time\" content=\"2025-07-31T10:58:37+00:00\" \/>\n<meta property=\"og:image\" content=\"https:\/\/macite.tg\/wp-content\/uploads\/2025\/07\/image-69.png\" \/>\n\t<meta property=\"og:image:width\" content=\"534\" \/>\n\t<meta property=\"og:image:height\" content=\"356\" \/>\n\t<meta property=\"og:image:type\" content=\"image\/png\" \/>\n<meta name=\"author\" content=\"Jean Pierre BAWELA\" \/>\n<meta name=\"twitter:card\" content=\"summary_large_image\" \/>\n<meta name=\"twitter:label1\" content=\"\u00c9crit par\" \/>\n\t<meta name=\"twitter:data1\" content=\"Jean Pierre BAWELA\" \/>\n\t<meta name=\"twitter:label2\" content=\"Dur\u00e9e de lecture estim\u00e9e\" \/>\n\t<meta name=\"twitter:data2\" content=\"5 minutes\" \/>\n<script type=\"application\/ld+json\" class=\"yoast-schema-graph\">{\"@context\":\"https:\\\/\\\/schema.org\",\"@graph\":[{\"@type\":\"Article\",\"@id\":\"https:\\\/\\\/macite.tg\\\/?p=23863#article\",\"isPartOf\":{\"@id\":\"https:\\\/\\\/macite.tg\\\/?p=23863\"},\"author\":{\"name\":\"Jean Pierre BAWELA\",\"@id\":\"https:\\\/\\\/macite.tg\\\/#\\\/schema\\\/person\\\/e9f2de7e5dbbe7770a9402c7ce82f5c2\"},\"headline\":\"LIBAN \\\/ ACCORD DE TAR\u00cbF\u00a0: Le r\u00f4le majeur de la diplomatie marocaine, salu\u00e9 depuis Alger par le Pr\u00e9sident Joseph Aoun\",\"datePublished\":\"2025-07-31T10:58:35+00:00\",\"dateModified\":\"2025-07-31T10:58:37+00:00\",\"mainEntityOfPage\":{\"@id\":\"https:\\\/\\\/macite.tg\\\/?p=23863\"},\"wordCount\":827,\"commentCount\":0,\"image\":{\"@id\":\"https:\\\/\\\/macite.tg\\\/?p=23863#primaryimage\"},\"thumbnailUrl\":\"https:\\\/\\\/macite.tg\\\/wp-content\\\/uploads\\\/2025\\\/07\\\/image-69.png\",\"articleSection\":[\"ACTUALITE\",\"DIPLOMATIE\"],\"inLanguage\":\"fr-FR\",\"potentialAction\":[{\"@type\":\"CommentAction\",\"name\":\"Comment\",\"target\":[\"https:\\\/\\\/macite.tg\\\/?p=23863#respond\"]}]},{\"@type\":\"WebPage\",\"@id\":\"https:\\\/\\\/macite.tg\\\/?p=23863\",\"url\":\"https:\\\/\\\/macite.tg\\\/?p=23863\",\"name\":\"LIBAN \\\/ ACCORD DE TAR\u00cbF\u00a0: Le r\u00f4le majeur de la diplomatie marocaine, salu\u00e9 depuis Alger par le Pr\u00e9sident Joseph Aoun -\",\"isPartOf\":{\"@id\":\"https:\\\/\\\/macite.tg\\\/#website\"},\"primaryImageOfPage\":{\"@id\":\"https:\\\/\\\/macite.tg\\\/?p=23863#primaryimage\"},\"image\":{\"@id\":\"https:\\\/\\\/macite.tg\\\/?p=23863#primaryimage\"},\"thumbnailUrl\":\"https:\\\/\\\/macite.tg\\\/wp-content\\\/uploads\\\/2025\\\/07\\\/image-69.png\",\"datePublished\":\"2025-07-31T10:58:35+00:00\",\"dateModified\":\"2025-07-31T10:58:37+00:00\",\"author\":{\"@id\":\"https:\\\/\\\/macite.tg\\\/#\\\/schema\\\/person\\\/e9f2de7e5dbbe7770a9402c7ce82f5c2\"},\"breadcrumb\":{\"@id\":\"https:\\\/\\\/macite.tg\\\/?p=23863#breadcrumb\"},\"inLanguage\":\"fr-FR\",\"potentialAction\":[{\"@type\":\"ReadAction\",\"target\":[\"https:\\\/\\\/macite.tg\\\/?p=23863\"]}]},{\"@type\":\"ImageObject\",\"inLanguage\":\"fr-FR\",\"@id\":\"https:\\\/\\\/macite.tg\\\/?p=23863#primaryimage\",\"url\":\"https:\\\/\\\/macite.tg\\\/wp-content\\\/uploads\\\/2025\\\/07\\\/image-69.png\",\"contentUrl\":\"https:\\\/\\\/macite.tg\\\/wp-content\\\/uploads\\\/2025\\\/07\\\/image-69.png\",\"width\":534,\"height\":356,\"caption\":\"Les presidents libanais Joseph Aoun (g) et alg\u00e9rien Abdelmadjid Tebboune (dt)\"},{\"@type\":\"BreadcrumbList\",\"@id\":\"https:\\\/\\\/macite.tg\\\/?p=23863#breadcrumb\",\"itemListElement\":[{\"@type\":\"ListItem\",\"position\":1,\"name\":\"Accueil\",\"item\":\"https:\\\/\\\/macite.tg\\\/\"},{\"@type\":\"ListItem\",\"position\":2,\"name\":\"LIBAN \\\/ ACCORD DE TAR\u00cbF\u00a0: Le r\u00f4le majeur de la diplomatie marocaine, salu\u00e9 depuis Alger par le Pr\u00e9sident Joseph Aoun\"}]},{\"@type\":\"WebSite\",\"@id\":\"https:\\\/\\\/macite.tg\\\/#website\",\"url\":\"https:\\\/\\\/macite.tg\\\/\",\"name\":\"\",\"description\":\"L&#039;information, la bonne!!!\",\"potentialAction\":[{\"@type\":\"SearchAction\",\"target\":{\"@type\":\"EntryPoint\",\"urlTemplate\":\"https:\\\/\\\/macite.tg\\\/?s={search_term_string}\"},\"query-input\":{\"@type\":\"PropertyValueSpecification\",\"valueRequired\":true,\"valueName\":\"search_term_string\"}}],\"inLanguage\":\"fr-FR\"},{\"@type\":\"Person\",\"@id\":\"https:\\\/\\\/macite.tg\\\/#\\\/schema\\\/person\\\/e9f2de7e5dbbe7770a9402c7ce82f5c2\",\"name\":\"Jean Pierre BAWELA\",\"image\":{\"@type\":\"ImageObject\",\"inLanguage\":\"fr-FR\",\"@id\":\"https:\\\/\\\/macite.tg\\\/wp-content\\\/uploads\\\/2023\\\/09\\\/WhatsApp-Image-2023-09-19-at-14.44.41-122x122.jpeg\",\"url\":\"https:\\\/\\\/macite.tg\\\/wp-content\\\/uploads\\\/2023\\\/09\\\/WhatsApp-Image-2023-09-19-at-14.44.41-122x122.jpeg\",\"contentUrl\":\"https:\\\/\\\/macite.tg\\\/wp-content\\\/uploads\\\/2023\\\/09\\\/WhatsApp-Image-2023-09-19-at-14.44.41-122x122.jpeg\",\"caption\":\"Jean Pierre BAWELA\"},\"url\":\"https:\\\/\\\/macite.tg\\\/?author=2\"}]}<\/script>\n<!-- \/ Yoast SEO plugin. -->","yoast_head_json":{"title":"LIBAN \/ ACCORD DE TAR\u00cbF\u00a0: Le r\u00f4le majeur de la diplomatie marocaine, salu\u00e9 depuis Alger par le Pr\u00e9sident Joseph Aoun -","robots":{"index":"index","follow":"follow","max-snippet":"max-snippet:-1","max-image-preview":"max-image-preview:large","max-video-preview":"max-video-preview:-1"},"canonical":"https:\/\/macite.tg\/?p=23863","og_locale":"fr_FR","og_type":"article","og_title":"LIBAN \/ ACCORD DE TAR\u00cbF\u00a0: Le r\u00f4le majeur de la diplomatie marocaine, salu\u00e9 depuis Alger par le Pr\u00e9sident Joseph Aoun -","og_description":"En reconnaissance du r\u00f4le majeur jou\u00e9 par la diplomatie marocaine dans les efforts ayant pr\u00e9par\u00e9 la signature de l\u2019\u00ab\u00a0Accord de Ta\u00ebf\u00a0\u00bb, ou Document de r\u00e9conciliation nationale libanaise, qui mit un terme \u00e0 la guerre civile au Liban \u00e0 la fin des ann\u00e9es 1990, le pr\u00e9sident [&hellip;]","og_url":"https:\/\/macite.tg\/?p=23863","article_published_time":"2025-07-31T10:58:35+00:00","article_modified_time":"2025-07-31T10:58:37+00:00","og_image":[{"width":534,"height":356,"url":"https:\/\/macite.tg\/wp-content\/uploads\/2025\/07\/image-69.png","type":"image\/png"}],"author":"Jean Pierre BAWELA","twitter_card":"summary_large_image","twitter_misc":{"\u00c9crit par":"Jean Pierre BAWELA","Dur\u00e9e de lecture estim\u00e9e":"5 minutes"},"schema":{"@context":"https:\/\/schema.org","@graph":[{"@type":"Article","@id":"https:\/\/macite.tg\/?p=23863#article","isPartOf":{"@id":"https:\/\/macite.tg\/?p=23863"},"author":{"name":"Jean Pierre BAWELA","@id":"https:\/\/macite.tg\/#\/schema\/person\/e9f2de7e5dbbe7770a9402c7ce82f5c2"},"headline":"LIBAN \/ ACCORD DE TAR\u00cbF\u00a0: Le r\u00f4le majeur de la diplomatie marocaine, salu\u00e9 depuis Alger par le Pr\u00e9sident Joseph Aoun","datePublished":"2025-07-31T10:58:35+00:00","dateModified":"2025-07-31T10:58:37+00:00","mainEntityOfPage":{"@id":"https:\/\/macite.tg\/?p=23863"},"wordCount":827,"commentCount":0,"image":{"@id":"https:\/\/macite.tg\/?p=23863#primaryimage"},"thumbnailUrl":"https:\/\/macite.tg\/wp-content\/uploads\/2025\/07\/image-69.png","articleSection":["ACTUALITE","DIPLOMATIE"],"inLanguage":"fr-FR","potentialAction":[{"@type":"CommentAction","name":"Comment","target":["https:\/\/macite.tg\/?p=23863#respond"]}]},{"@type":"WebPage","@id":"https:\/\/macite.tg\/?p=23863","url":"https:\/\/macite.tg\/?p=23863","name":"LIBAN \/ ACCORD DE TAR\u00cbF\u00a0: Le r\u00f4le majeur de la diplomatie marocaine, salu\u00e9 depuis Alger par le Pr\u00e9sident Joseph Aoun -","isPartOf":{"@id":"https:\/\/macite.tg\/#website"},"primaryImageOfPage":{"@id":"https:\/\/macite.tg\/?p=23863#primaryimage"},"image":{"@id":"https:\/\/macite.tg\/?p=23863#primaryimage"},"thumbnailUrl":"https:\/\/macite.tg\/wp-content\/uploads\/2025\/07\/image-69.png","datePublished":"2025-07-31T10:58:35+00:00","dateModified":"2025-07-31T10:58:37+00:00","author":{"@id":"https:\/\/macite.tg\/#\/schema\/person\/e9f2de7e5dbbe7770a9402c7ce82f5c2"},"breadcrumb":{"@id":"https:\/\/macite.tg\/?p=23863#breadcrumb"},"inLanguage":"fr-FR","potentialAction":[{"@type":"ReadAction","target":["https:\/\/macite.tg\/?p=23863"]}]},{"@type":"ImageObject","inLanguage":"fr-FR","@id":"https:\/\/macite.tg\/?p=23863#primaryimage","url":"https:\/\/macite.tg\/wp-content\/uploads\/2025\/07\/image-69.png","contentUrl":"https:\/\/macite.tg\/wp-content\/uploads\/2025\/07\/image-69.png","width":534,"height":356,"caption":"Les presidents libanais Joseph Aoun (g) et alg\u00e9rien Abdelmadjid Tebboune (dt)"},{"@type":"BreadcrumbList","@id":"https:\/\/macite.tg\/?p=23863#breadcrumb","itemListElement":[{"@type":"ListItem","position":1,"name":"Accueil","item":"https:\/\/macite.tg\/"},{"@type":"ListItem","position":2,"name":"LIBAN \/ ACCORD DE TAR\u00cbF\u00a0: Le r\u00f4le majeur de la diplomatie marocaine, salu\u00e9 depuis Alger par le Pr\u00e9sident Joseph Aoun"}]},{"@type":"WebSite","@id":"https:\/\/macite.tg\/#website","url":"https:\/\/macite.tg\/","name":"","description":"L&#039;information, la bonne!!!","potentialAction":[{"@type":"SearchAction","target":{"@type":"EntryPoint","urlTemplate":"https:\/\/macite.tg\/?s={search_term_string}"},"query-input":{"@type":"PropertyValueSpecification","valueRequired":true,"valueName":"search_term_string"}}],"inLanguage":"fr-FR"},{"@type":"Person","@id":"https:\/\/macite.tg\/#\/schema\/person\/e9f2de7e5dbbe7770a9402c7ce82f5c2","name":"Jean Pierre BAWELA","image":{"@type":"ImageObject","inLanguage":"fr-FR","@id":"https:\/\/macite.tg\/wp-content\/uploads\/2023\/09\/WhatsApp-Image-2023-09-19-at-14.44.41-122x122.jpeg","url":"https:\/\/macite.tg\/wp-content\/uploads\/2023\/09\/WhatsApp-Image-2023-09-19-at-14.44.41-122x122.jpeg","contentUrl":"https:\/\/macite.tg\/wp-content\/uploads\/2023\/09\/WhatsApp-Image-2023-09-19-at-14.44.41-122x122.jpeg","caption":"Jean Pierre BAWELA"},"url":"https:\/\/macite.tg\/?author=2"}]}},"_links":{"self":[{"href":"https:\/\/macite.tg\/index.php?rest_route=\/wp\/v2\/posts\/23863","targetHints":{"allow":["GET"]}}],"collection":[{"href":"https:\/\/macite.tg\/index.php?rest_route=\/wp\/v2\/posts"}],"about":[{"href":"https:\/\/macite.tg\/index.php?rest_route=\/wp\/v2\/types\/post"}],"author":[{"embeddable":true,"href":"https:\/\/macite.tg\/index.php?rest_route=\/wp\/v2\/users\/2"}],"replies":[{"embeddable":true,"href":"https:\/\/macite.tg\/index.php?rest_route=%2Fwp%2Fv2%2Fcomments&post=23863"}],"version-history":[{"count":0,"href":"https:\/\/macite.tg\/index.php?rest_route=\/wp\/v2\/posts\/23863\/revisions"}],"wp:featuredmedia":[{"embeddable":true,"href":"https:\/\/macite.tg\/index.php?rest_route=\/wp\/v2\/media\/23869"}],"wp:attachment":[{"href":"https:\/\/macite.tg\/index.php?rest_route=%2Fwp%2Fv2%2Fmedia&parent=23863"}],"wp:term":[{"taxonomy":"category","embeddable":true,"href":"https:\/\/macite.tg\/index.php?rest_route=%2Fwp%2Fv2%2Fcategories&post=23863"},{"taxonomy":"post_tag","embeddable":true,"href":"https:\/\/macite.tg\/index.php?rest_route=%2Fwp%2Fv2%2Ftags&post=23863"}],"curies":[{"name":"wp","href":"https:\/\/api.w.org\/{rel}","templated":true}]}}