{"id":23859,"date":"2025-07-30T18:41:22","date_gmt":"2025-07-30T18:41:22","guid":{"rendered":"https:\/\/macite.tg\/?p=23859"},"modified":"2025-07-30T18:41:26","modified_gmt":"2025-07-30T18:41:26","slug":"courant-electrique-la-ceet-annonce-des-perturbations-du-30-juillet-au-03-aout-prochain","status":"publish","type":"post","link":"https:\/\/macite.tg\/?p=23859","title":{"rendered":"COURANT ELECTRIQUE : La CEET annonce des perturbations du 30 juillet au 03 ao\u00fbt prochain&#8230;"},"content":{"rendered":"\n<p class=\"wp-block-paragraph\"><strong><em>En raison des travaux de raccordement et de mise en service e nouveaux ouvrages sur son r\u00e9seau, la Compagnie \u00e9nergie \u00e9lectrique du Togo (CEET) annonce que la fourniture du courant \u00e9lectrique va conna\u00eetre des perturbations dans certains quartiers et p\u00e9riph\u00e9ries de la capitale.<\/em><\/strong><\/p>\n\n\n\n<p class=\"wp-block-paragraph\">Ces perturbations qui vont d\u00e9marrer ce mercredi 30 juillet vont perdurer jusqu\u2019au dimanche 03 ao\u00fbt prochain, ceci de 08h30 \u00e0 14h30 au plus tard, indique la CEET<\/p>\n\n\n\n<p class=\"wp-block-paragraph\">Comme \u00e0 l\u2019accoutum\u00e9e, la Compagnie publique \u00ab&nbsp;<em>recommande que les appareils soient d\u00e9branch\u00e9s lorsqu\u2019une coupure intervient<\/em>&nbsp;\u00bb.<\/p>\n\n\n<div class=\"wp-block-image\">\n<figure class=\"aligncenter size-full\"><img loading=\"lazy\" decoding=\"async\" width=\"851\" height=\"315\" src=\"https:\/\/macite.tg\/wp-content\/uploads\/2025\/07\/OTR_Bandeau-Renseignements-2.jpg\" alt=\"\" class=\"wp-image-23793\" srcset=\"https:\/\/macite.tg\/wp-content\/uploads\/2025\/07\/OTR_Bandeau-Renseignements-2.jpg 851w, https:\/\/macite.tg\/wp-content\/uploads\/2025\/07\/OTR_Bandeau-Renseignements-2-300x111.jpg 300w, https:\/\/macite.tg\/wp-content\/uploads\/2025\/07\/OTR_Bandeau-Renseignements-2-768x284.jpg 768w\" sizes=\"auto, (max-width: 851px) 100vw, 851px\" \/><\/figure>\n<\/div>\n\n\n<p class=\"wp-block-paragraph\"><strong>Programme des interruptions<\/strong><\/p>\n\n\n\n<p class=\"wp-block-paragraph\"><strong>Mercredi 30 juillet 2025<\/strong><\/p>\n\n\n\n<p class=\"wp-block-paragraph\">09h \u00e0 13h&nbsp;: Zones Agence Ago\u00e9, Formatec et leurs environs.<\/p>\n\n\n\n<p class=\"wp-block-paragraph\">09h \u00e0 14h&nbsp;: Zone Ablogam\u00e9 et ses environs.<\/p>\n\n\n\n<p class=\"wp-block-paragraph\"><strong>Jeudi 31 juillet 2025<\/strong> <\/p>\n\n\n\n<p class=\"wp-block-paragraph\">08h30 \u00e0 14h30&nbsp;: Zone Agb\u00e9 Nosito et ses environs.<\/p>\n\n\n\n<p class=\"wp-block-paragraph\">09h \u00e0 13h&nbsp;: Zones Av\u00e9pozo Kpota, Togb\u00e9 Komah\u00e9, et leurs environs.<\/p>\n\n\n\n<p class=\"wp-block-paragraph\"><strong>Vendredi 1er ao\u00fbt 2025<\/strong><\/p>\n\n\n\n<p class=\"wp-block-paragraph\">09h \u00e0 13h&nbsp;: Zones Ago\u00e9 Macaronie Ludo, Loccoh et leurs environs.<\/p>\n\n\n\n<p class=\"wp-block-paragraph\">09h \u00e0 14h&nbsp;: Zones 14 Villas, K\u00e9gu\u00e9 3 et leurs environs.<\/p>\n\n\n<div class=\"wp-block-image\">\n<figure class=\"aligncenter size-full is-resized\"><img loading=\"lazy\" decoding=\"async\" width=\"500\" height=\"500\" src=\"https:\/\/macite.tg\/wp-content\/uploads\/2025\/07\/LES-MERCREDIS-DU-FISC.jpg\" alt=\"\" class=\"wp-image-23832\" style=\"width:624px;height:auto\" srcset=\"https:\/\/macite.tg\/wp-content\/uploads\/2025\/07\/LES-MERCREDIS-DU-FISC.jpg 500w, https:\/\/macite.tg\/wp-content\/uploads\/2025\/07\/LES-MERCREDIS-DU-FISC-300x300.jpg 300w, https:\/\/macite.tg\/wp-content\/uploads\/2025\/07\/LES-MERCREDIS-DU-FISC-150x150.jpg 150w, https:\/\/macite.tg\/wp-content\/uploads\/2025\/07\/LES-MERCREDIS-DU-FISC-122x122.jpg 122w\" sizes=\"auto, (max-width: 500px) 100vw, 500px\" \/><\/figure>\n<\/div>\n\n\n<p class=\"wp-block-paragraph\"><strong>Dimanche 03 ao\u00fbt 2025<\/strong><\/p>\n\n\n\n<p class=\"wp-block-paragraph\">08h30 \u00e0 13h30&nbsp;: Dodo Style, Sotoraf, Afrique Industrie 1 et 2, S3P, Oryx, Rodis 1 et 2, Plastica, Coco Beach, Ramatou, Arte, Tom et Oma et leurs environs.<\/p>\n\n\n\n<p class=\"wp-block-paragraph\">08h30 \u00e0 14h30&nbsp;: Zone Eau Potable, Centre pour Mineur, CMS Massoyi, Econome Rurale, Cacaveli et leurs environs.<\/p>\n\n\n\n<p class=\"wp-block-paragraph\"><a><strong><em>@macite.tg&nbsp;&nbsp;&nbsp;&nbsp;&nbsp;&nbsp;&nbsp;&nbsp;<\/em><\/strong><\/a><\/p>\n\n\n\n<p class=\"wp-block-paragraph\"><strong><em>E-mail&nbsp;: <\/em><\/strong><a href=\"mailto:maciteinfo@gmail.com\"><strong><em>maciteinfo@gmail.com<\/em><\/strong><\/a><strong><em>; <\/em><\/strong><a href=\"mailto:bawela1@gmail.com\"><strong><em>bawela1@gmail.com<\/em><\/strong><\/a><strong><em><\/em><\/strong><\/p>\n\n\n\n<p class=\"wp-block-paragraph\"><strong><em>Pour vos annonces, (publi)reportages, etc., joignez-nous au (00228)91515309\/<strong>79872224 <\/strong><strong><\/strong><\/em><\/strong><\/p>\n\n\n\n<p class=\"wp-block-paragraph\"><strong><em>www.macite.tg, L\u2019information, la bonne&nbsp;!<\/em><\/strong><\/p>\n\n\n\n<p class=\"wp-block-paragraph\"><\/p>\n","protected":false},"excerpt":{"rendered":"<p class=\"text-justify mb-2\" >En raison des travaux de raccordement et de mise en service e nouveaux ouvrages sur son r\u00e9seau, la Compagnie \u00e9nergie \u00e9lectrique du Togo (CEET) annonce que la fourniture du courant \u00e9lectrique va conna\u00eetre des perturbations dans certains quartiers et p\u00e9riph\u00e9ries de la capitale. Ces perturbations [&hellip;]<\/p>\n","protected":false},"author":2,"featured_media":23860,"comment_status":"open","ping_status":"open","sticky":false,"template":"","format":"standard","meta":{"footnotes":""},"categories":[20,38],"tags":[],"class_list":["post-23859","post","type-post","status-publish","format-standard","has-post-thumbnail","hentry","category-actualite","category-energie"],"yoast_head":"<!-- This site is optimized with the Yoast SEO plugin v28.4 - https:\/\/yoast.com\/product\/yoast-seo-wordpress\/ -->\n<title>COURANT ELECTRIQUE : La CEET annonce des perturbations du 30 juillet au 03 ao\u00fbt prochain... -<\/title>\n<meta name=\"robots\" content=\"index, follow, max-snippet:-1, max-image-preview:large, max-video-preview:-1\" \/>\n<link rel=\"canonical\" href=\"https:\/\/macite.tg\/?p=23859\" \/>\n<meta property=\"og:locale\" content=\"fr_FR\" \/>\n<meta property=\"og:type\" content=\"article\" \/>\n<meta property=\"og:title\" content=\"COURANT ELECTRIQUE : La CEET annonce des perturbations du 30 juillet au 03 ao\u00fbt prochain... -\" \/>\n<meta property=\"og:description\" content=\"En raison des travaux de raccordement et de mise en service e nouveaux ouvrages sur son r\u00e9seau, la Compagnie \u00e9nergie \u00e9lectrique du Togo (CEET) annonce que la fourniture du courant \u00e9lectrique va conna\u00eetre des perturbations dans certains quartiers et p\u00e9riph\u00e9ries de la capitale. Ces perturbations [&hellip;]\" \/>\n<meta property=\"og:url\" content=\"https:\/\/macite.tg\/?p=23859\" \/>\n<meta property=\"article:published_time\" content=\"2025-07-30T18:41:22+00:00\" \/>\n<meta property=\"article:modified_time\" content=\"2025-07-30T18:41:26+00:00\" \/>\n<meta property=\"og:image\" content=\"https:\/\/macite.tg\/wp-content\/uploads\/2025\/07\/image-68.png\" \/>\n\t<meta property=\"og:image:width\" content=\"232\" \/>\n\t<meta property=\"og:image:height\" content=\"183\" \/>\n\t<meta property=\"og:image:type\" content=\"image\/png\" \/>\n<meta name=\"author\" content=\"Jean Pierre BAWELA\" \/>\n<meta name=\"twitter:card\" content=\"summary_large_image\" \/>\n<meta name=\"twitter:label1\" content=\"\u00c9crit par\" \/>\n\t<meta name=\"twitter:data1\" content=\"Jean Pierre BAWELA\" \/>\n\t<meta name=\"twitter:label2\" content=\"Dur\u00e9e de lecture estim\u00e9e\" \/>\n\t<meta name=\"twitter:data2\" content=\"2 minutes\" \/>\n<script type=\"application\/ld+json\" class=\"yoast-schema-graph\">{\"@context\":\"https:\\\/\\\/schema.org\",\"@graph\":[{\"@type\":\"Article\",\"@id\":\"https:\\\/\\\/macite.tg\\\/?p=23859#article\",\"isPartOf\":{\"@id\":\"https:\\\/\\\/macite.tg\\\/?p=23859\"},\"author\":{\"name\":\"Jean Pierre BAWELA\",\"@id\":\"https:\\\/\\\/macite.tg\\\/#\\\/schema\\\/person\\\/e9f2de7e5dbbe7770a9402c7ce82f5c2\"},\"headline\":\"COURANT ELECTRIQUE : La CEET annonce des perturbations du 30 juillet au 03 ao\u00fbt prochain&#8230;\",\"datePublished\":\"2025-07-30T18:41:22+00:00\",\"dateModified\":\"2025-07-30T18:41:26+00:00\",\"mainEntityOfPage\":{\"@id\":\"https:\\\/\\\/macite.tg\\\/?p=23859\"},\"wordCount\":258,\"commentCount\":0,\"image\":{\"@id\":\"https:\\\/\\\/macite.tg\\\/?p=23859#primaryimage\"},\"thumbnailUrl\":\"https:\\\/\\\/macite.tg\\\/wp-content\\\/uploads\\\/2025\\\/07\\\/image-68.png\",\"articleSection\":[\"ACTUALITE\",\"ENERGIE\"],\"inLanguage\":\"fr-FR\",\"potentialAction\":[{\"@type\":\"CommentAction\",\"name\":\"Comment\",\"target\":[\"https:\\\/\\\/macite.tg\\\/?p=23859#respond\"]}]},{\"@type\":\"WebPage\",\"@id\":\"https:\\\/\\\/macite.tg\\\/?p=23859\",\"url\":\"https:\\\/\\\/macite.tg\\\/?p=23859\",\"name\":\"COURANT ELECTRIQUE : La CEET annonce des perturbations du 30 juillet au 03 ao\u00fbt prochain... -\",\"isPartOf\":{\"@id\":\"https:\\\/\\\/macite.tg\\\/#website\"},\"primaryImageOfPage\":{\"@id\":\"https:\\\/\\\/macite.tg\\\/?p=23859#primaryimage\"},\"image\":{\"@id\":\"https:\\\/\\\/macite.tg\\\/?p=23859#primaryimage\"},\"thumbnailUrl\":\"https:\\\/\\\/macite.tg\\\/wp-content\\\/uploads\\\/2025\\\/07\\\/image-68.png\",\"datePublished\":\"2025-07-30T18:41:22+00:00\",\"dateModified\":\"2025-07-30T18:41:26+00:00\",\"author\":{\"@id\":\"https:\\\/\\\/macite.tg\\\/#\\\/schema\\\/person\\\/e9f2de7e5dbbe7770a9402c7ce82f5c2\"},\"breadcrumb\":{\"@id\":\"https:\\\/\\\/macite.tg\\\/?p=23859#breadcrumb\"},\"inLanguage\":\"fr-FR\",\"potentialAction\":[{\"@type\":\"ReadAction\",\"target\":[\"https:\\\/\\\/macite.tg\\\/?p=23859\"]}]},{\"@type\":\"ImageObject\",\"inLanguage\":\"fr-FR\",\"@id\":\"https:\\\/\\\/macite.tg\\\/?p=23859#primaryimage\",\"url\":\"https:\\\/\\\/macite.tg\\\/wp-content\\\/uploads\\\/2025\\\/07\\\/image-68.png\",\"contentUrl\":\"https:\\\/\\\/macite.tg\\\/wp-content\\\/uploads\\\/2025\\\/07\\\/image-68.png\",\"width\":232,\"height\":183},{\"@type\":\"BreadcrumbList\",\"@id\":\"https:\\\/\\\/macite.tg\\\/?p=23859#breadcrumb\",\"itemListElement\":[{\"@type\":\"ListItem\",\"position\":1,\"name\":\"Accueil\",\"item\":\"https:\\\/\\\/macite.tg\\\/\"},{\"@type\":\"ListItem\",\"position\":2,\"name\":\"COURANT ELECTRIQUE : La CEET annonce des perturbations du 30 juillet au 03 ao\u00fbt prochain&#8230;\"}]},{\"@type\":\"WebSite\",\"@id\":\"https:\\\/\\\/macite.tg\\\/#website\",\"url\":\"https:\\\/\\\/macite.tg\\\/\",\"name\":\"\",\"description\":\"L&#039;information, la bonne!!!\",\"potentialAction\":[{\"@type\":\"SearchAction\",\"target\":{\"@type\":\"EntryPoint\",\"urlTemplate\":\"https:\\\/\\\/macite.tg\\\/?s={search_term_string}\"},\"query-input\":{\"@type\":\"PropertyValueSpecification\",\"valueRequired\":true,\"valueName\":\"search_term_string\"}}],\"inLanguage\":\"fr-FR\"},{\"@type\":\"Person\",\"@id\":\"https:\\\/\\\/macite.tg\\\/#\\\/schema\\\/person\\\/e9f2de7e5dbbe7770a9402c7ce82f5c2\",\"name\":\"Jean Pierre BAWELA\",\"image\":{\"@type\":\"ImageObject\",\"inLanguage\":\"fr-FR\",\"@id\":\"https:\\\/\\\/macite.tg\\\/wp-content\\\/uploads\\\/2023\\\/09\\\/WhatsApp-Image-2023-09-19-at-14.44.41-122x122.jpeg\",\"url\":\"https:\\\/\\\/macite.tg\\\/wp-content\\\/uploads\\\/2023\\\/09\\\/WhatsApp-Image-2023-09-19-at-14.44.41-122x122.jpeg\",\"contentUrl\":\"https:\\\/\\\/macite.tg\\\/wp-content\\\/uploads\\\/2023\\\/09\\\/WhatsApp-Image-2023-09-19-at-14.44.41-122x122.jpeg\",\"caption\":\"Jean Pierre BAWELA\"},\"url\":\"https:\\\/\\\/macite.tg\\\/?author=2\"}]}<\/script>\n<!-- \/ Yoast SEO plugin. -->","yoast_head_json":{"title":"COURANT ELECTRIQUE : La CEET annonce des perturbations du 30 juillet au 03 ao\u00fbt prochain... -","robots":{"index":"index","follow":"follow","max-snippet":"max-snippet:-1","max-image-preview":"max-image-preview:large","max-video-preview":"max-video-preview:-1"},"canonical":"https:\/\/macite.tg\/?p=23859","og_locale":"fr_FR","og_type":"article","og_title":"COURANT ELECTRIQUE : La CEET annonce des perturbations du 30 juillet au 03 ao\u00fbt prochain... -","og_description":"En raison des travaux de raccordement et de mise en service e nouveaux ouvrages sur son r\u00e9seau, la Compagnie \u00e9nergie \u00e9lectrique du Togo (CEET) annonce que la fourniture du courant \u00e9lectrique va conna\u00eetre des perturbations dans certains quartiers et p\u00e9riph\u00e9ries de la capitale. Ces perturbations [&hellip;]","og_url":"https:\/\/macite.tg\/?p=23859","article_published_time":"2025-07-30T18:41:22+00:00","article_modified_time":"2025-07-30T18:41:26+00:00","og_image":[{"width":232,"height":183,"url":"https:\/\/macite.tg\/wp-content\/uploads\/2025\/07\/image-68.png","type":"image\/png"}],"author":"Jean Pierre BAWELA","twitter_card":"summary_large_image","twitter_misc":{"\u00c9crit par":"Jean Pierre BAWELA","Dur\u00e9e de lecture estim\u00e9e":"2 minutes"},"schema":{"@context":"https:\/\/schema.org","@graph":[{"@type":"Article","@id":"https:\/\/macite.tg\/?p=23859#article","isPartOf":{"@id":"https:\/\/macite.tg\/?p=23859"},"author":{"name":"Jean Pierre BAWELA","@id":"https:\/\/macite.tg\/#\/schema\/person\/e9f2de7e5dbbe7770a9402c7ce82f5c2"},"headline":"COURANT ELECTRIQUE : La CEET annonce des perturbations du 30 juillet au 03 ao\u00fbt prochain&#8230;","datePublished":"2025-07-30T18:41:22+00:00","dateModified":"2025-07-30T18:41:26+00:00","mainEntityOfPage":{"@id":"https:\/\/macite.tg\/?p=23859"},"wordCount":258,"commentCount":0,"image":{"@id":"https:\/\/macite.tg\/?p=23859#primaryimage"},"thumbnailUrl":"https:\/\/macite.tg\/wp-content\/uploads\/2025\/07\/image-68.png","articleSection":["ACTUALITE","ENERGIE"],"inLanguage":"fr-FR","potentialAction":[{"@type":"CommentAction","name":"Comment","target":["https:\/\/macite.tg\/?p=23859#respond"]}]},{"@type":"WebPage","@id":"https:\/\/macite.tg\/?p=23859","url":"https:\/\/macite.tg\/?p=23859","name":"COURANT ELECTRIQUE : La CEET annonce des perturbations du 30 juillet au 03 ao\u00fbt prochain... -","isPartOf":{"@id":"https:\/\/macite.tg\/#website"},"primaryImageOfPage":{"@id":"https:\/\/macite.tg\/?p=23859#primaryimage"},"image":{"@id":"https:\/\/macite.tg\/?p=23859#primaryimage"},"thumbnailUrl":"https:\/\/macite.tg\/wp-content\/uploads\/2025\/07\/image-68.png","datePublished":"2025-07-30T18:41:22+00:00","dateModified":"2025-07-30T18:41:26+00:00","author":{"@id":"https:\/\/macite.tg\/#\/schema\/person\/e9f2de7e5dbbe7770a9402c7ce82f5c2"},"breadcrumb":{"@id":"https:\/\/macite.tg\/?p=23859#breadcrumb"},"inLanguage":"fr-FR","potentialAction":[{"@type":"ReadAction","target":["https:\/\/macite.tg\/?p=23859"]}]},{"@type":"ImageObject","inLanguage":"fr-FR","@id":"https:\/\/macite.tg\/?p=23859#primaryimage","url":"https:\/\/macite.tg\/wp-content\/uploads\/2025\/07\/image-68.png","contentUrl":"https:\/\/macite.tg\/wp-content\/uploads\/2025\/07\/image-68.png","width":232,"height":183},{"@type":"BreadcrumbList","@id":"https:\/\/macite.tg\/?p=23859#breadcrumb","itemListElement":[{"@type":"ListItem","position":1,"name":"Accueil","item":"https:\/\/macite.tg\/"},{"@type":"ListItem","position":2,"name":"COURANT ELECTRIQUE : La CEET annonce des perturbations du 30 juillet au 03 ao\u00fbt prochain&#8230;"}]},{"@type":"WebSite","@id":"https:\/\/macite.tg\/#website","url":"https:\/\/macite.tg\/","name":"","description":"L&#039;information, la bonne!!!","potentialAction":[{"@type":"SearchAction","target":{"@type":"EntryPoint","urlTemplate":"https:\/\/macite.tg\/?s={search_term_string}"},"query-input":{"@type":"PropertyValueSpecification","valueRequired":true,"valueName":"search_term_string"}}],"inLanguage":"fr-FR"},{"@type":"Person","@id":"https:\/\/macite.tg\/#\/schema\/person\/e9f2de7e5dbbe7770a9402c7ce82f5c2","name":"Jean Pierre BAWELA","image":{"@type":"ImageObject","inLanguage":"fr-FR","@id":"https:\/\/macite.tg\/wp-content\/uploads\/2023\/09\/WhatsApp-Image-2023-09-19-at-14.44.41-122x122.jpeg","url":"https:\/\/macite.tg\/wp-content\/uploads\/2023\/09\/WhatsApp-Image-2023-09-19-at-14.44.41-122x122.jpeg","contentUrl":"https:\/\/macite.tg\/wp-content\/uploads\/2023\/09\/WhatsApp-Image-2023-09-19-at-14.44.41-122x122.jpeg","caption":"Jean Pierre BAWELA"},"url":"https:\/\/macite.tg\/?author=2"}]}},"_links":{"self":[{"href":"https:\/\/macite.tg\/index.php?rest_route=\/wp\/v2\/posts\/23859","targetHints":{"allow":["GET"]}}],"collection":[{"href":"https:\/\/macite.tg\/index.php?rest_route=\/wp\/v2\/posts"}],"about":[{"href":"https:\/\/macite.tg\/index.php?rest_route=\/wp\/v2\/types\/post"}],"author":[{"embeddable":true,"href":"https:\/\/macite.tg\/index.php?rest_route=\/wp\/v2\/users\/2"}],"replies":[{"embeddable":true,"href":"https:\/\/macite.tg\/index.php?rest_route=%2Fwp%2Fv2%2Fcomments&post=23859"}],"version-history":[{"count":0,"href":"https:\/\/macite.tg\/index.php?rest_route=\/wp\/v2\/posts\/23859\/revisions"}],"wp:featuredmedia":[{"embeddable":true,"href":"https:\/\/macite.tg\/index.php?rest_route=\/wp\/v2\/media\/23860"}],"wp:attachment":[{"href":"https:\/\/macite.tg\/index.php?rest_route=%2Fwp%2Fv2%2Fmedia&parent=23859"}],"wp:term":[{"taxonomy":"category","embeddable":true,"href":"https:\/\/macite.tg\/index.php?rest_route=%2Fwp%2Fv2%2Fcategories&post=23859"},{"taxonomy":"post_tag","embeddable":true,"href":"https:\/\/macite.tg\/index.php?rest_route=%2Fwp%2Fv2%2Ftags&post=23859"}],"curies":[{"name":"wp","href":"https:\/\/api.w.org\/{rel}","templated":true}]}}