{"id":23856,"date":"2025-07-30T18:15:02","date_gmt":"2025-07-30T18:15:02","guid":{"rendered":"https:\/\/macite.tg\/?p=23856"},"modified":"2025-07-30T18:15:05","modified_gmt":"2025-07-30T18:15:05","slug":"crise-politique-en-cote-divoire-le-dossier-cheick-tidjane-atterrit-sur-le-bureau-des-nations-unies","status":"publish","type":"post","link":"https:\/\/macite.tg\/?p=23856","title":{"rendered":"CRISE POLITIQUE EN COTE D\u2019IVOIRE\u00a0: Le dossier Cheick Tidjane atterrit sur le bureau des Nations-Unies"},"content":{"rendered":"\n<p class=\"wp-block-paragraph\"><strong><em>Le Haut-Commissariat des Nations Unies aux droits de l\u2019homme a adress\u00e9, le 29 juillet dernier, une correspondance officielle au Repr\u00e9sentant permanent de la C\u00f4te d\u2019Ivoire aupr\u00e8s de l\u2019ONU et des organisations internationales \u00e0 Gen\u00e8ve.<\/em><\/strong><\/p>\n\n\n\n<p class=\"wp-block-paragraph\">Dans cette note, le Secr\u00e9taire g\u00e9n\u00e9ral de l\u2019ONU, agissant au nom du Comit\u00e9 des droits de l\u2019homme, accuse r\u00e9ception des informations transmises par l\u2019\u00c9tat ivoirien le 16 juillet 2025, relatives \u00e0 la communication n\u00b04808\/2025 d\u00e9pos\u00e9e au nom de M. Cheick Tidjane Thiam.<\/p>\n\n\n<div class=\"wp-block-image\">\n<figure class=\"aligncenter size-full\"><img loading=\"lazy\" decoding=\"async\" width=\"851\" height=\"315\" src=\"https:\/\/macite.tg\/wp-content\/uploads\/2025\/07\/OTR_Bandeau-Renseignements-2.jpg\" alt=\"\" class=\"wp-image-23793\" srcset=\"https:\/\/macite.tg\/wp-content\/uploads\/2025\/07\/OTR_Bandeau-Renseignements-2.jpg 851w, https:\/\/macite.tg\/wp-content\/uploads\/2025\/07\/OTR_Bandeau-Renseignements-2-300x111.jpg 300w, https:\/\/macite.tg\/wp-content\/uploads\/2025\/07\/OTR_Bandeau-Renseignements-2-768x284.jpg 768w\" sizes=\"auto, (max-width: 851px) 100vw, 851px\" \/><\/figure>\n<\/div>\n\n\n<p class=\"wp-block-paragraph\">Le Comit\u00e9, saisi dans le cadre du Protocole facultatif se rapportant au Pacte international relatif aux droits civils et politiques, a examin\u00e9 le dossier conform\u00e9ment \u00e0 la r\u00e8gle 94 de son r\u00e8glement int\u00e9rieur.<\/p>\n\n\n\n<p class=\"wp-block-paragraph\">Apr\u00e8s analyse, il a d\u00e9cid\u00e9 de ne pas acc\u00e9der, pour l\u2019instant, \u00e0 la demande de mesures provisoires formul\u00e9e au b\u00e9n\u00e9fice de M. Thiam. <\/p>\n\n\n\n<p class=\"wp-block-paragraph\">Toutefois, l\u2019organe onusien exhorte les autorit\u00e9s ivoiriennes \u00e0 <em>\u00ab prendre toutes les mesures n\u00e9cessaires pour garantir que l\u2019auteur puisse exercer ses droits politiques \u00bb,<\/em> tel que pr\u00e9vu par l\u2019article 25 du Pacte, le temps que sa requ\u00eate soit \u00e9tudi\u00e9e en profondeur.<\/p>\n\n\n\n<p class=\"wp-block-paragraph\">Le Comit\u00e9 pr\u00e9cise qu\u2019aucune d\u00e9cision n\u2019a encore \u00e9t\u00e9 prise ni sur la recevabilit\u00e9 de la communication, ni sur le fond des all\u00e9gations. Il invite l\u2019\u00c9tat de C\u00f4te d\u2019Ivoire \u00e0 fournir ses observations d\u00e9taill\u00e9es d\u2019ici au 8 janvier 2026. Les informations fournies par l\u2019\u00c9tat ivoirien le 16 juillet ont par ailleurs \u00e9t\u00e9 transmises \u00e0 Cheick Tidjane Thiam pour information.<\/p>\n\n\n<div class=\"wp-block-image\">\n<figure class=\"aligncenter size-full is-resized\"><img loading=\"lazy\" decoding=\"async\" width=\"500\" height=\"500\" src=\"https:\/\/macite.tg\/wp-content\/uploads\/2025\/07\/Geo-ref-1.jpg\" alt=\"\" class=\"wp-image-23648\" style=\"width:576px;height:auto\" srcset=\"https:\/\/macite.tg\/wp-content\/uploads\/2025\/07\/Geo-ref-1.jpg 500w, https:\/\/macite.tg\/wp-content\/uploads\/2025\/07\/Geo-ref-1-300x300.jpg 300w, https:\/\/macite.tg\/wp-content\/uploads\/2025\/07\/Geo-ref-1-150x150.jpg 150w, https:\/\/macite.tg\/wp-content\/uploads\/2025\/07\/Geo-ref-1-122x122.jpg 122w\" sizes=\"auto, (max-width: 500px) 100vw, 500px\" \/><\/figure>\n<\/div>\n\n\n<p class=\"wp-block-paragraph\">Cette d\u00e9marche marque une \u00e9tape importante dans l\u2019examen de cette affaire par les instances onusiennes, qui insistent sur le respect des droits civils et politiques en toutes circonstances.<\/p>\n\n\n\n<p class=\"wp-block-paragraph\"><strong>SyndiGate Media<\/strong><\/p>\n\n\n\n<p class=\"wp-block-paragraph\"><strong><em>@macite.tg&nbsp;&nbsp;&nbsp;&nbsp;&nbsp;&nbsp;&nbsp;&nbsp;<\/em><\/strong><\/p>\n\n\n\n<p class=\"wp-block-paragraph\"><strong><em>E-mail&nbsp;: <\/em><\/strong><a href=\"mailto:maciteinfo@gmail.com\"><strong><em>maciteinfo@gmail.com<\/em><\/strong><\/a><strong><em>; <\/em><\/strong><a href=\"mailto:bawela1@gmail.com\"><strong><em>bawela1@gmail.com<\/em><\/strong><\/a><strong><em><\/em><\/strong><\/p>\n\n\n\n<p class=\"wp-block-paragraph\"><strong><em>Pour vos annonces, (publi)reportages, etc., joignez-nous au (00228)91515309\/<strong>79872224 <\/strong><strong><\/strong><\/em><\/strong><\/p>\n\n\n\n<p class=\"wp-block-paragraph\"><strong><em>www.macite.tg, L\u2019information, la bonne&nbsp;!<\/em><\/strong><\/p>\n\n\n\n<p class=\"wp-block-paragraph\"><\/p>\n","protected":false},"excerpt":{"rendered":"<p class=\"text-justify mb-2\" >Le Haut-Commissariat des Nations Unies aux droits de l\u2019homme a adress\u00e9, le 29 juillet dernier, une correspondance officielle au Repr\u00e9sentant permanent de la C\u00f4te d\u2019Ivoire aupr\u00e8s de l\u2019ONU et des organisations internationales \u00e0 Gen\u00e8ve. Dans cette note, le Secr\u00e9taire g\u00e9n\u00e9ral de l\u2019ONU, agissant au nom [&hellip;]<\/p>\n","protected":false},"author":2,"featured_media":23857,"comment_status":"open","ping_status":"open","sticky":false,"template":"","format":"standard","meta":{"footnotes":""},"categories":[20,1],"tags":[],"class_list":["post-23856","post","type-post","status-publish","format-standard","has-post-thumbnail","hentry","category-actualite","category-politique"],"yoast_head":"<!-- This site is optimized with the Yoast SEO plugin v28.4 - https:\/\/yoast.com\/product\/yoast-seo-wordpress\/ -->\n<title>CRISE POLITIQUE EN COTE D\u2019IVOIRE\u00a0: Le dossier Cheick Tidjane atterrit sur le bureau des Nations-Unies -<\/title>\n<meta name=\"robots\" content=\"index, follow, max-snippet:-1, max-image-preview:large, max-video-preview:-1\" \/>\n<link rel=\"canonical\" href=\"https:\/\/macite.tg\/?p=23856\" \/>\n<meta property=\"og:locale\" content=\"fr_FR\" \/>\n<meta property=\"og:type\" content=\"article\" \/>\n<meta property=\"og:title\" content=\"CRISE POLITIQUE EN COTE D\u2019IVOIRE\u00a0: Le dossier Cheick Tidjane atterrit sur le bureau des Nations-Unies -\" \/>\n<meta property=\"og:description\" content=\"Le Haut-Commissariat des Nations Unies aux droits de l\u2019homme a adress\u00e9, le 29 juillet dernier, une correspondance officielle au Repr\u00e9sentant permanent de la C\u00f4te d\u2019Ivoire aupr\u00e8s de l\u2019ONU et des organisations internationales \u00e0 Gen\u00e8ve. Dans cette note, le Secr\u00e9taire g\u00e9n\u00e9ral de l\u2019ONU, agissant au nom [&hellip;]\" \/>\n<meta property=\"og:url\" content=\"https:\/\/macite.tg\/?p=23856\" \/>\n<meta property=\"article:published_time\" content=\"2025-07-30T18:15:02+00:00\" \/>\n<meta property=\"article:modified_time\" content=\"2025-07-30T18:15:05+00:00\" \/>\n<meta property=\"og:image\" content=\"https:\/\/macite.tg\/wp-content\/uploads\/2025\/07\/image-67.png\" \/>\n\t<meta property=\"og:image:width\" content=\"534\" \/>\n\t<meta property=\"og:image:height\" content=\"344\" \/>\n\t<meta property=\"og:image:type\" content=\"image\/png\" \/>\n<meta name=\"author\" content=\"Jean Pierre BAWELA\" \/>\n<meta name=\"twitter:card\" content=\"summary_large_image\" \/>\n<meta name=\"twitter:label1\" content=\"\u00c9crit par\" \/>\n\t<meta name=\"twitter:data1\" content=\"Jean Pierre BAWELA\" \/>\n\t<meta name=\"twitter:label2\" content=\"Dur\u00e9e de lecture estim\u00e9e\" \/>\n\t<meta name=\"twitter:data2\" content=\"2 minutes\" \/>\n<script type=\"application\/ld+json\" class=\"yoast-schema-graph\">{\"@context\":\"https:\\\/\\\/schema.org\",\"@graph\":[{\"@type\":\"Article\",\"@id\":\"https:\\\/\\\/macite.tg\\\/?p=23856#article\",\"isPartOf\":{\"@id\":\"https:\\\/\\\/macite.tg\\\/?p=23856\"},\"author\":{\"name\":\"Jean Pierre BAWELA\",\"@id\":\"https:\\\/\\\/macite.tg\\\/#\\\/schema\\\/person\\\/e9f2de7e5dbbe7770a9402c7ce82f5c2\"},\"headline\":\"CRISE POLITIQUE EN COTE D\u2019IVOIRE\u00a0: Le dossier Cheick Tidjane atterrit sur le bureau des Nations-Unies\",\"datePublished\":\"2025-07-30T18:15:02+00:00\",\"dateModified\":\"2025-07-30T18:15:05+00:00\",\"mainEntityOfPage\":{\"@id\":\"https:\\\/\\\/macite.tg\\\/?p=23856\"},\"wordCount\":343,\"commentCount\":0,\"image\":{\"@id\":\"https:\\\/\\\/macite.tg\\\/?p=23856#primaryimage\"},\"thumbnailUrl\":\"https:\\\/\\\/macite.tg\\\/wp-content\\\/uploads\\\/2025\\\/07\\\/image-67.png\",\"articleSection\":[\"ACTUALITE\",\"POLITIQUE\"],\"inLanguage\":\"fr-FR\",\"potentialAction\":[{\"@type\":\"CommentAction\",\"name\":\"Comment\",\"target\":[\"https:\\\/\\\/macite.tg\\\/?p=23856#respond\"]}]},{\"@type\":\"WebPage\",\"@id\":\"https:\\\/\\\/macite.tg\\\/?p=23856\",\"url\":\"https:\\\/\\\/macite.tg\\\/?p=23856\",\"name\":\"CRISE POLITIQUE EN COTE D\u2019IVOIRE\u00a0: Le dossier Cheick Tidjane atterrit sur le bureau des Nations-Unies -\",\"isPartOf\":{\"@id\":\"https:\\\/\\\/macite.tg\\\/#website\"},\"primaryImageOfPage\":{\"@id\":\"https:\\\/\\\/macite.tg\\\/?p=23856#primaryimage\"},\"image\":{\"@id\":\"https:\\\/\\\/macite.tg\\\/?p=23856#primaryimage\"},\"thumbnailUrl\":\"https:\\\/\\\/macite.tg\\\/wp-content\\\/uploads\\\/2025\\\/07\\\/image-67.png\",\"datePublished\":\"2025-07-30T18:15:02+00:00\",\"dateModified\":\"2025-07-30T18:15:05+00:00\",\"author\":{\"@id\":\"https:\\\/\\\/macite.tg\\\/#\\\/schema\\\/person\\\/e9f2de7e5dbbe7770a9402c7ce82f5c2\"},\"breadcrumb\":{\"@id\":\"https:\\\/\\\/macite.tg\\\/?p=23856#breadcrumb\"},\"inLanguage\":\"fr-FR\",\"potentialAction\":[{\"@type\":\"ReadAction\",\"target\":[\"https:\\\/\\\/macite.tg\\\/?p=23856\"]}]},{\"@type\":\"ImageObject\",\"inLanguage\":\"fr-FR\",\"@id\":\"https:\\\/\\\/macite.tg\\\/?p=23856#primaryimage\",\"url\":\"https:\\\/\\\/macite.tg\\\/wp-content\\\/uploads\\\/2025\\\/07\\\/image-67.png\",\"contentUrl\":\"https:\\\/\\\/macite.tg\\\/wp-content\\\/uploads\\\/2025\\\/07\\\/image-67.png\",\"width\":534,\"height\":344,\"caption\":\"Cheick Tidjane Thiam\"},{\"@type\":\"BreadcrumbList\",\"@id\":\"https:\\\/\\\/macite.tg\\\/?p=23856#breadcrumb\",\"itemListElement\":[{\"@type\":\"ListItem\",\"position\":1,\"name\":\"Accueil\",\"item\":\"https:\\\/\\\/macite.tg\\\/\"},{\"@type\":\"ListItem\",\"position\":2,\"name\":\"CRISE POLITIQUE EN COTE D\u2019IVOIRE\u00a0: Le dossier Cheick Tidjane atterrit sur le bureau des Nations-Unies\"}]},{\"@type\":\"WebSite\",\"@id\":\"https:\\\/\\\/macite.tg\\\/#website\",\"url\":\"https:\\\/\\\/macite.tg\\\/\",\"name\":\"\",\"description\":\"L&#039;information, la bonne!!!\",\"potentialAction\":[{\"@type\":\"SearchAction\",\"target\":{\"@type\":\"EntryPoint\",\"urlTemplate\":\"https:\\\/\\\/macite.tg\\\/?s={search_term_string}\"},\"query-input\":{\"@type\":\"PropertyValueSpecification\",\"valueRequired\":true,\"valueName\":\"search_term_string\"}}],\"inLanguage\":\"fr-FR\"},{\"@type\":\"Person\",\"@id\":\"https:\\\/\\\/macite.tg\\\/#\\\/schema\\\/person\\\/e9f2de7e5dbbe7770a9402c7ce82f5c2\",\"name\":\"Jean Pierre BAWELA\",\"image\":{\"@type\":\"ImageObject\",\"inLanguage\":\"fr-FR\",\"@id\":\"https:\\\/\\\/macite.tg\\\/wp-content\\\/uploads\\\/2023\\\/09\\\/WhatsApp-Image-2023-09-19-at-14.44.41-122x122.jpeg\",\"url\":\"https:\\\/\\\/macite.tg\\\/wp-content\\\/uploads\\\/2023\\\/09\\\/WhatsApp-Image-2023-09-19-at-14.44.41-122x122.jpeg\",\"contentUrl\":\"https:\\\/\\\/macite.tg\\\/wp-content\\\/uploads\\\/2023\\\/09\\\/WhatsApp-Image-2023-09-19-at-14.44.41-122x122.jpeg\",\"caption\":\"Jean Pierre BAWELA\"},\"url\":\"https:\\\/\\\/macite.tg\\\/?author=2\"}]}<\/script>\n<!-- \/ Yoast SEO plugin. -->","yoast_head_json":{"title":"CRISE POLITIQUE EN COTE D\u2019IVOIRE\u00a0: Le dossier Cheick Tidjane atterrit sur le bureau des Nations-Unies -","robots":{"index":"index","follow":"follow","max-snippet":"max-snippet:-1","max-image-preview":"max-image-preview:large","max-video-preview":"max-video-preview:-1"},"canonical":"https:\/\/macite.tg\/?p=23856","og_locale":"fr_FR","og_type":"article","og_title":"CRISE POLITIQUE EN COTE D\u2019IVOIRE\u00a0: Le dossier Cheick Tidjane atterrit sur le bureau des Nations-Unies -","og_description":"Le Haut-Commissariat des Nations Unies aux droits de l\u2019homme a adress\u00e9, le 29 juillet dernier, une correspondance officielle au Repr\u00e9sentant permanent de la C\u00f4te d\u2019Ivoire aupr\u00e8s de l\u2019ONU et des organisations internationales \u00e0 Gen\u00e8ve. Dans cette note, le Secr\u00e9taire g\u00e9n\u00e9ral de l\u2019ONU, agissant au nom [&hellip;]","og_url":"https:\/\/macite.tg\/?p=23856","article_published_time":"2025-07-30T18:15:02+00:00","article_modified_time":"2025-07-30T18:15:05+00:00","og_image":[{"width":534,"height":344,"url":"https:\/\/macite.tg\/wp-content\/uploads\/2025\/07\/image-67.png","type":"image\/png"}],"author":"Jean Pierre BAWELA","twitter_card":"summary_large_image","twitter_misc":{"\u00c9crit par":"Jean Pierre BAWELA","Dur\u00e9e de lecture estim\u00e9e":"2 minutes"},"schema":{"@context":"https:\/\/schema.org","@graph":[{"@type":"Article","@id":"https:\/\/macite.tg\/?p=23856#article","isPartOf":{"@id":"https:\/\/macite.tg\/?p=23856"},"author":{"name":"Jean Pierre BAWELA","@id":"https:\/\/macite.tg\/#\/schema\/person\/e9f2de7e5dbbe7770a9402c7ce82f5c2"},"headline":"CRISE POLITIQUE EN COTE D\u2019IVOIRE\u00a0: Le dossier Cheick Tidjane atterrit sur le bureau des Nations-Unies","datePublished":"2025-07-30T18:15:02+00:00","dateModified":"2025-07-30T18:15:05+00:00","mainEntityOfPage":{"@id":"https:\/\/macite.tg\/?p=23856"},"wordCount":343,"commentCount":0,"image":{"@id":"https:\/\/macite.tg\/?p=23856#primaryimage"},"thumbnailUrl":"https:\/\/macite.tg\/wp-content\/uploads\/2025\/07\/image-67.png","articleSection":["ACTUALITE","POLITIQUE"],"inLanguage":"fr-FR","potentialAction":[{"@type":"CommentAction","name":"Comment","target":["https:\/\/macite.tg\/?p=23856#respond"]}]},{"@type":"WebPage","@id":"https:\/\/macite.tg\/?p=23856","url":"https:\/\/macite.tg\/?p=23856","name":"CRISE POLITIQUE EN COTE D\u2019IVOIRE\u00a0: Le dossier Cheick Tidjane atterrit sur le bureau des Nations-Unies -","isPartOf":{"@id":"https:\/\/macite.tg\/#website"},"primaryImageOfPage":{"@id":"https:\/\/macite.tg\/?p=23856#primaryimage"},"image":{"@id":"https:\/\/macite.tg\/?p=23856#primaryimage"},"thumbnailUrl":"https:\/\/macite.tg\/wp-content\/uploads\/2025\/07\/image-67.png","datePublished":"2025-07-30T18:15:02+00:00","dateModified":"2025-07-30T18:15:05+00:00","author":{"@id":"https:\/\/macite.tg\/#\/schema\/person\/e9f2de7e5dbbe7770a9402c7ce82f5c2"},"breadcrumb":{"@id":"https:\/\/macite.tg\/?p=23856#breadcrumb"},"inLanguage":"fr-FR","potentialAction":[{"@type":"ReadAction","target":["https:\/\/macite.tg\/?p=23856"]}]},{"@type":"ImageObject","inLanguage":"fr-FR","@id":"https:\/\/macite.tg\/?p=23856#primaryimage","url":"https:\/\/macite.tg\/wp-content\/uploads\/2025\/07\/image-67.png","contentUrl":"https:\/\/macite.tg\/wp-content\/uploads\/2025\/07\/image-67.png","width":534,"height":344,"caption":"Cheick Tidjane Thiam"},{"@type":"BreadcrumbList","@id":"https:\/\/macite.tg\/?p=23856#breadcrumb","itemListElement":[{"@type":"ListItem","position":1,"name":"Accueil","item":"https:\/\/macite.tg\/"},{"@type":"ListItem","position":2,"name":"CRISE POLITIQUE EN COTE D\u2019IVOIRE\u00a0: Le dossier Cheick Tidjane atterrit sur le bureau des Nations-Unies"}]},{"@type":"WebSite","@id":"https:\/\/macite.tg\/#website","url":"https:\/\/macite.tg\/","name":"","description":"L&#039;information, la bonne!!!","potentialAction":[{"@type":"SearchAction","target":{"@type":"EntryPoint","urlTemplate":"https:\/\/macite.tg\/?s={search_term_string}"},"query-input":{"@type":"PropertyValueSpecification","valueRequired":true,"valueName":"search_term_string"}}],"inLanguage":"fr-FR"},{"@type":"Person","@id":"https:\/\/macite.tg\/#\/schema\/person\/e9f2de7e5dbbe7770a9402c7ce82f5c2","name":"Jean Pierre BAWELA","image":{"@type":"ImageObject","inLanguage":"fr-FR","@id":"https:\/\/macite.tg\/wp-content\/uploads\/2023\/09\/WhatsApp-Image-2023-09-19-at-14.44.41-122x122.jpeg","url":"https:\/\/macite.tg\/wp-content\/uploads\/2023\/09\/WhatsApp-Image-2023-09-19-at-14.44.41-122x122.jpeg","contentUrl":"https:\/\/macite.tg\/wp-content\/uploads\/2023\/09\/WhatsApp-Image-2023-09-19-at-14.44.41-122x122.jpeg","caption":"Jean Pierre BAWELA"},"url":"https:\/\/macite.tg\/?author=2"}]}},"_links":{"self":[{"href":"https:\/\/macite.tg\/index.php?rest_route=\/wp\/v2\/posts\/23856","targetHints":{"allow":["GET"]}}],"collection":[{"href":"https:\/\/macite.tg\/index.php?rest_route=\/wp\/v2\/posts"}],"about":[{"href":"https:\/\/macite.tg\/index.php?rest_route=\/wp\/v2\/types\/post"}],"author":[{"embeddable":true,"href":"https:\/\/macite.tg\/index.php?rest_route=\/wp\/v2\/users\/2"}],"replies":[{"embeddable":true,"href":"https:\/\/macite.tg\/index.php?rest_route=%2Fwp%2Fv2%2Fcomments&post=23856"}],"version-history":[{"count":0,"href":"https:\/\/macite.tg\/index.php?rest_route=\/wp\/v2\/posts\/23856\/revisions"}],"wp:featuredmedia":[{"embeddable":true,"href":"https:\/\/macite.tg\/index.php?rest_route=\/wp\/v2\/media\/23857"}],"wp:attachment":[{"href":"https:\/\/macite.tg\/index.php?rest_route=%2Fwp%2Fv2%2Fmedia&parent=23856"}],"wp:term":[{"taxonomy":"category","embeddable":true,"href":"https:\/\/macite.tg\/index.php?rest_route=%2Fwp%2Fv2%2Fcategories&post=23856"},{"taxonomy":"post_tag","embeddable":true,"href":"https:\/\/macite.tg\/index.php?rest_route=%2Fwp%2Fv2%2Ftags&post=23856"}],"curies":[{"name":"wp","href":"https:\/\/api.w.org\/{rel}","templated":true}]}}