{"id":23848,"date":"2025-07-30T17:24:29","date_gmt":"2025-07-30T17:24:29","guid":{"rendered":"https:\/\/macite.tg\/?p=23848"},"modified":"2025-07-30T17:24:34","modified_gmt":"2025-07-30T17:24:34","slug":"fete-du-trone-impulser-une-nouvelle-generation-de-programmes-de-developpement-territorial-pour-un-maroc-emergent-et-stable","status":"publish","type":"post","link":"https:\/\/macite.tg\/?p=23848","title":{"rendered":"FETE DU TRONE : Impulser une nouvelle g\u00e9n\u00e9ration de programmes de d\u00e9veloppement territorial&#8230; pour un Maroc \u00e9mergent et stable"},"content":{"rendered":"\n<p class=\"wp-block-paragraph\"><strong><em>Le Royaume du Maroc comm\u00e9more ce 30 juillet la Glorieuse F\u00eate du Tr\u00f4ne. Rendez-vous annuel de renouvellement des liens d\u2019all\u00e9geance mutuelle et moment privil\u00e9gi\u00e9 pour exalter de nouveau les sentiments d\u2019affection et de loyaut\u00e9, qui unissent le peuple marocain \u00e0 son Souverain, cette c\u00e9l\u00e9bration est aussi l\u2019occasion de faire le point sur l\u2019\u00e9tat de la Nation, mais aussi des projections. Outre le bilan des acquis qui est dress\u00e9 \u00e0 cette occasion, c\u2019est le moment id\u00e9al de faire la synth\u00e8se des projets et des d\u00e9fis qui attendent le Royaume. C\u2019est bien \u00e0 ce dernier sujet que nous allons tabler.<\/em><\/strong><\/p>\n\n\n\n<p class=\"wp-block-paragraph\">Lors de Son Discours Royal, le Souverain marocain a soulign\u00e9 Son d\u00e9sir de <em>\u00ab&nbsp;passer des canevas classiques du d\u00e9veloppement social \u00e0 une approche en termes de d\u00e9veloppement territorial int\u00e9gr\u00e9&nbsp;\u00bb. <\/em>L\u2019objectif, note Sa Majest\u00e9 le Roi c\u2019est que, <em>\u00ab&nbsp;sans distinction ni exclusion, et dans quelque r\u00e9gion que ce soit, les fruits du progr\u00e8s et du d\u00e9veloppement profitent \u00e0 tous les citoyens&nbsp;\u00bb<\/em>.<\/p>\n\n\n<div class=\"wp-block-image\">\n<figure class=\"aligncenter size-full\"><img loading=\"lazy\" decoding=\"async\" width=\"851\" height=\"315\" src=\"https:\/\/macite.tg\/wp-content\/uploads\/2025\/07\/OTR_Ferer-pour-batir-1.jpg\" alt=\"\" class=\"wp-image-23830\" srcset=\"https:\/\/macite.tg\/wp-content\/uploads\/2025\/07\/OTR_Ferer-pour-batir-1.jpg 851w, https:\/\/macite.tg\/wp-content\/uploads\/2025\/07\/OTR_Ferer-pour-batir-1-300x111.jpg 300w, https:\/\/macite.tg\/wp-content\/uploads\/2025\/07\/OTR_Ferer-pour-batir-1-768x284.jpg 768w\" sizes=\"auto, (max-width: 851px) 100vw, 851px\" \/><\/figure>\n<\/div>\n\n\n<p class=\"wp-block-paragraph\">A cet effet, notre le Roi, de Hautes Orientations Royales seront faites au gouvernement dans l\u2019optique de <em>\u00ab&nbsp;l\u2019\u00e9laboration d\u2019une nouvelle g\u00e9n\u00e9ration de programmes de d\u00e9veloppement territorial fond\u00e9s sur la valorisation des sp\u00e9cificit\u00e9s locales, la consolidation de la r\u00e9gionalisation avanc\u00e9e et le principe de compl\u00e9mentarit\u00e9 et de solidarit\u00e9 entre les entit\u00e9s territoriales&nbsp;\u00bb,<\/em> pr\u00e9cise le Discours Royal. &nbsp;<\/p>\n\n\n\n<p class=\"wp-block-paragraph\">Dans les faits, ces programmes devront ainsi compter sur la <em>\u00ab&nbsp;mutualisation des efforts de tous les acteurs et sur leur articulation autour de priorit\u00e9s clairement d\u00e9finies et de projets g\u00e9n\u00e9rateurs d\u2019impacts r\u00e9els, couvrant notamment :<\/em><\/p>\n\n\n\n<p class=\"wp-block-paragraph\"><strong><em>Premi\u00e8rement :<\/em><\/strong><em> la promotion de l\u2019emploi, \u00e0 travers la valorisation des potentialit\u00e9s \u00e9conomiques r\u00e9gionales et l\u2019instauration d\u2019un climat favorable \u00e0 l\u2019entrepreneuriat et \u00e0 l\u2019investissement local.<\/em><\/p>\n\n\n\n<p class=\"wp-block-paragraph\"><strong><em>Deuxi\u00e8mement :<\/em><\/strong><em> le renforcement des services sociaux de base, plus particuli\u00e8rement l\u2019\u00e9ducation et l\u2019enseignement ainsi que les soins de sant\u00e9, de mani\u00e8re \u00e0 pr\u00e9server la dignit\u00e9 des citoyens et \u00e0 instaurer la justice spatiale.<\/em><\/p>\n\n\n\n<p class=\"wp-block-paragraph\"><strong><em>Troisi\u00e8mement <\/em><\/strong><em>: l\u2019adoption d\u2019un mod\u00e8le de gestion proactive et durable des ressources en eau, au regard de l\u2019aggravation du stress hydrique et du changement climatique.<\/em><\/p>\n\n\n<div class=\"wp-block-image\">\n<figure class=\"aligncenter size-large is-resized\"><img loading=\"lazy\" decoding=\"async\" width=\"723\" height=\"1024\" src=\"https:\/\/macite.tg\/wp-content\/uploads\/2025\/07\/TPU-2025-723x1024.jpg\" alt=\"\" class=\"wp-image-23823\" style=\"width:623px;height:auto\" srcset=\"https:\/\/macite.tg\/wp-content\/uploads\/2025\/07\/TPU-2025-723x1024.jpg 723w, https:\/\/macite.tg\/wp-content\/uploads\/2025\/07\/TPU-2025-212x300.jpg 212w, https:\/\/macite.tg\/wp-content\/uploads\/2025\/07\/TPU-2025.jpg 763w\" sizes=\"auto, (max-width: 723px) 100vw, 723px\" \/><\/figure>\n<\/div>\n\n\n<p class=\"wp-block-paragraph\"><em><strong>Quatri\u00e8mement<\/strong> : le lancement des projets de mise \u00e0 niveau territoriale int\u00e9gr\u00e9e, en totale r\u00e9sonance avec les m\u00e9gaprojets en chantier \u00e0 l\u2019\u00e9chelle du pays\u00a0\u00bb.<\/em><\/p>\n\n\n\n<p class=\"wp-block-paragraph\">C\u2019est dire que loin de se contenter des acquis, le Souverain marocain veut faire de la promotion du d\u00e9veloppement \u00e9conomique et humain global de l\u2019ensemble des territoires, un socle devant conforter la place du Royaume dans le concert des nations \u00e9mergentes.<\/p>\n\n\n\n<p class=\"wp-block-paragraph\"><strong>MC<\/strong><\/p>\n\n\n\n<p class=\"wp-block-paragraph\"><a><strong><em>@macite.tg&nbsp;&nbsp;&nbsp;&nbsp;<\/em><\/strong><\/a><\/p>\n\n\n\n<p class=\"wp-block-paragraph\"><strong><em>E-mail&nbsp;: <\/em><\/strong><a href=\"mailto:maciteinfo@gmail.com\"><strong><em>maciteinfo@gmail.com<\/em><\/strong><\/a><strong><em>; <\/em><\/strong><a href=\"mailto:bawela1@gmail.com\"><strong><em>bawela1@gmail.com<\/em><\/strong><\/a><strong><em><u><\/u><\/em><\/strong><\/p>\n\n\n\n<p class=\"wp-block-paragraph\"><strong><em>Pour vos annonces, (publi)reportages, etc., joignez-nous au (00228)91515309\/79872224 <\/em><\/strong><strong><\/strong><\/p>\n\n\n\n<p class=\"wp-block-paragraph\"><strong><em>www.macite.tg, L\u2019information, la bonne&nbsp;!<\/em><\/strong><\/p>\n\n\n\n<p class=\"wp-block-paragraph\"><\/p>\n","protected":false},"excerpt":{"rendered":"<p class=\"text-justify mb-2\" >Le Royaume du Maroc comm\u00e9more ce 30 juillet la Glorieuse F\u00eate du Tr\u00f4ne. Rendez-vous annuel de renouvellement des liens d\u2019all\u00e9geance mutuelle et moment privil\u00e9gi\u00e9 pour exalter de nouveau les sentiments d\u2019affection et de loyaut\u00e9, qui unissent le peuple marocain \u00e0 son Souverain, cette c\u00e9l\u00e9bration est [&hellip;]<\/p>\n","protected":false},"author":2,"featured_media":23851,"comment_status":"open","ping_status":"open","sticky":false,"template":"","format":"standard","meta":{"footnotes":""},"categories":[20,15],"tags":[],"class_list":["post-23848","post","type-post","status-publish","format-standard","has-post-thumbnail","hentry","category-actualite","category-developpement"],"yoast_head":"<!-- This site is optimized with the Yoast SEO plugin v28.4 - https:\/\/yoast.com\/product\/yoast-seo-wordpress\/ -->\n<title>FETE DU TRONE : Impulser une nouvelle g\u00e9n\u00e9ration de programmes de d\u00e9veloppement territorial... pour un Maroc \u00e9mergent et stable -<\/title>\n<meta name=\"robots\" content=\"index, follow, max-snippet:-1, max-image-preview:large, max-video-preview:-1\" \/>\n<link rel=\"canonical\" href=\"https:\/\/macite.tg\/?p=23848\" \/>\n<meta property=\"og:locale\" content=\"fr_FR\" \/>\n<meta property=\"og:type\" content=\"article\" \/>\n<meta property=\"og:title\" content=\"FETE DU TRONE : Impulser une nouvelle g\u00e9n\u00e9ration de programmes de d\u00e9veloppement territorial... pour un Maroc \u00e9mergent et stable -\" \/>\n<meta property=\"og:description\" content=\"Le Royaume du Maroc comm\u00e9more ce 30 juillet la Glorieuse F\u00eate du Tr\u00f4ne. Rendez-vous annuel de renouvellement des liens d\u2019all\u00e9geance mutuelle et moment privil\u00e9gi\u00e9 pour exalter de nouveau les sentiments d\u2019affection et de loyaut\u00e9, qui unissent le peuple marocain \u00e0 son Souverain, cette c\u00e9l\u00e9bration est [&hellip;]\" \/>\n<meta property=\"og:url\" content=\"https:\/\/macite.tg\/?p=23848\" \/>\n<meta property=\"article:published_time\" content=\"2025-07-30T17:24:29+00:00\" \/>\n<meta property=\"article:modified_time\" content=\"2025-07-30T17:24:34+00:00\" \/>\n<meta property=\"og:image\" content=\"https:\/\/macite.tg\/wp-content\/uploads\/2025\/07\/LE-ROI-MOHAMMED-VI.jpg\" \/>\n\t<meta property=\"og:image:width\" content=\"500\" \/>\n\t<meta property=\"og:image:height\" content=\"408\" \/>\n\t<meta property=\"og:image:type\" content=\"image\/jpeg\" \/>\n<meta name=\"author\" content=\"Jean Pierre BAWELA\" \/>\n<meta name=\"twitter:card\" content=\"summary_large_image\" \/>\n<meta name=\"twitter:label1\" content=\"\u00c9crit par\" \/>\n\t<meta name=\"twitter:data1\" content=\"Jean Pierre BAWELA\" \/>\n\t<meta name=\"twitter:label2\" content=\"Dur\u00e9e de lecture estim\u00e9e\" \/>\n\t<meta name=\"twitter:data2\" content=\"3 minutes\" \/>\n<script type=\"application\/ld+json\" class=\"yoast-schema-graph\">{\"@context\":\"https:\\\/\\\/schema.org\",\"@graph\":[{\"@type\":\"Article\",\"@id\":\"https:\\\/\\\/macite.tg\\\/?p=23848#article\",\"isPartOf\":{\"@id\":\"https:\\\/\\\/macite.tg\\\/?p=23848\"},\"author\":{\"name\":\"Jean Pierre BAWELA\",\"@id\":\"https:\\\/\\\/macite.tg\\\/#\\\/schema\\\/person\\\/e9f2de7e5dbbe7770a9402c7ce82f5c2\"},\"headline\":\"FETE DU TRONE : Impulser une nouvelle g\u00e9n\u00e9ration de programmes de d\u00e9veloppement territorial&#8230; pour un Maroc \u00e9mergent et stable\",\"datePublished\":\"2025-07-30T17:24:29+00:00\",\"dateModified\":\"2025-07-30T17:24:34+00:00\",\"mainEntityOfPage\":{\"@id\":\"https:\\\/\\\/macite.tg\\\/?p=23848\"},\"wordCount\":512,\"commentCount\":0,\"image\":{\"@id\":\"https:\\\/\\\/macite.tg\\\/?p=23848#primaryimage\"},\"thumbnailUrl\":\"https:\\\/\\\/macite.tg\\\/wp-content\\\/uploads\\\/2025\\\/07\\\/LE-ROI-MOHAMMED-VI.jpg\",\"articleSection\":[\"ACTUALITE\",\"DEVELOPPEMENT\"],\"inLanguage\":\"fr-FR\",\"potentialAction\":[{\"@type\":\"CommentAction\",\"name\":\"Comment\",\"target\":[\"https:\\\/\\\/macite.tg\\\/?p=23848#respond\"]}]},{\"@type\":\"WebPage\",\"@id\":\"https:\\\/\\\/macite.tg\\\/?p=23848\",\"url\":\"https:\\\/\\\/macite.tg\\\/?p=23848\",\"name\":\"FETE DU TRONE : Impulser une nouvelle g\u00e9n\u00e9ration de programmes de d\u00e9veloppement territorial... pour un Maroc \u00e9mergent et stable -\",\"isPartOf\":{\"@id\":\"https:\\\/\\\/macite.tg\\\/#website\"},\"primaryImageOfPage\":{\"@id\":\"https:\\\/\\\/macite.tg\\\/?p=23848#primaryimage\"},\"image\":{\"@id\":\"https:\\\/\\\/macite.tg\\\/?p=23848#primaryimage\"},\"thumbnailUrl\":\"https:\\\/\\\/macite.tg\\\/wp-content\\\/uploads\\\/2025\\\/07\\\/LE-ROI-MOHAMMED-VI.jpg\",\"datePublished\":\"2025-07-30T17:24:29+00:00\",\"dateModified\":\"2025-07-30T17:24:34+00:00\",\"author\":{\"@id\":\"https:\\\/\\\/macite.tg\\\/#\\\/schema\\\/person\\\/e9f2de7e5dbbe7770a9402c7ce82f5c2\"},\"breadcrumb\":{\"@id\":\"https:\\\/\\\/macite.tg\\\/?p=23848#breadcrumb\"},\"inLanguage\":\"fr-FR\",\"potentialAction\":[{\"@type\":\"ReadAction\",\"target\":[\"https:\\\/\\\/macite.tg\\\/?p=23848\"]}]},{\"@type\":\"ImageObject\",\"inLanguage\":\"fr-FR\",\"@id\":\"https:\\\/\\\/macite.tg\\\/?p=23848#primaryimage\",\"url\":\"https:\\\/\\\/macite.tg\\\/wp-content\\\/uploads\\\/2025\\\/07\\\/LE-ROI-MOHAMMED-VI.jpg\",\"contentUrl\":\"https:\\\/\\\/macite.tg\\\/wp-content\\\/uploads\\\/2025\\\/07\\\/LE-ROI-MOHAMMED-VI.jpg\",\"width\":500,\"height\":408,\"caption\":\"SM le Roi\"},{\"@type\":\"BreadcrumbList\",\"@id\":\"https:\\\/\\\/macite.tg\\\/?p=23848#breadcrumb\",\"itemListElement\":[{\"@type\":\"ListItem\",\"position\":1,\"name\":\"Accueil\",\"item\":\"https:\\\/\\\/macite.tg\\\/\"},{\"@type\":\"ListItem\",\"position\":2,\"name\":\"FETE DU TRONE : Impulser une nouvelle g\u00e9n\u00e9ration de programmes de d\u00e9veloppement territorial&#8230; pour un Maroc \u00e9mergent et stable\"}]},{\"@type\":\"WebSite\",\"@id\":\"https:\\\/\\\/macite.tg\\\/#website\",\"url\":\"https:\\\/\\\/macite.tg\\\/\",\"name\":\"\",\"description\":\"L&#039;information, la bonne!!!\",\"potentialAction\":[{\"@type\":\"SearchAction\",\"target\":{\"@type\":\"EntryPoint\",\"urlTemplate\":\"https:\\\/\\\/macite.tg\\\/?s={search_term_string}\"},\"query-input\":{\"@type\":\"PropertyValueSpecification\",\"valueRequired\":true,\"valueName\":\"search_term_string\"}}],\"inLanguage\":\"fr-FR\"},{\"@type\":\"Person\",\"@id\":\"https:\\\/\\\/macite.tg\\\/#\\\/schema\\\/person\\\/e9f2de7e5dbbe7770a9402c7ce82f5c2\",\"name\":\"Jean Pierre BAWELA\",\"image\":{\"@type\":\"ImageObject\",\"inLanguage\":\"fr-FR\",\"@id\":\"https:\\\/\\\/macite.tg\\\/wp-content\\\/uploads\\\/2023\\\/09\\\/WhatsApp-Image-2023-09-19-at-14.44.41-122x122.jpeg\",\"url\":\"https:\\\/\\\/macite.tg\\\/wp-content\\\/uploads\\\/2023\\\/09\\\/WhatsApp-Image-2023-09-19-at-14.44.41-122x122.jpeg\",\"contentUrl\":\"https:\\\/\\\/macite.tg\\\/wp-content\\\/uploads\\\/2023\\\/09\\\/WhatsApp-Image-2023-09-19-at-14.44.41-122x122.jpeg\",\"caption\":\"Jean Pierre BAWELA\"},\"url\":\"https:\\\/\\\/macite.tg\\\/?author=2\"}]}<\/script>\n<!-- \/ Yoast SEO plugin. -->","yoast_head_json":{"title":"FETE DU TRONE : Impulser une nouvelle g\u00e9n\u00e9ration de programmes de d\u00e9veloppement territorial... pour un Maroc \u00e9mergent et stable -","robots":{"index":"index","follow":"follow","max-snippet":"max-snippet:-1","max-image-preview":"max-image-preview:large","max-video-preview":"max-video-preview:-1"},"canonical":"https:\/\/macite.tg\/?p=23848","og_locale":"fr_FR","og_type":"article","og_title":"FETE DU TRONE : Impulser une nouvelle g\u00e9n\u00e9ration de programmes de d\u00e9veloppement territorial... pour un Maroc \u00e9mergent et stable -","og_description":"Le Royaume du Maroc comm\u00e9more ce 30 juillet la Glorieuse F\u00eate du Tr\u00f4ne. Rendez-vous annuel de renouvellement des liens d\u2019all\u00e9geance mutuelle et moment privil\u00e9gi\u00e9 pour exalter de nouveau les sentiments d\u2019affection et de loyaut\u00e9, qui unissent le peuple marocain \u00e0 son Souverain, cette c\u00e9l\u00e9bration est [&hellip;]","og_url":"https:\/\/macite.tg\/?p=23848","article_published_time":"2025-07-30T17:24:29+00:00","article_modified_time":"2025-07-30T17:24:34+00:00","og_image":[{"width":500,"height":408,"url":"https:\/\/macite.tg\/wp-content\/uploads\/2025\/07\/LE-ROI-MOHAMMED-VI.jpg","type":"image\/jpeg"}],"author":"Jean Pierre BAWELA","twitter_card":"summary_large_image","twitter_misc":{"\u00c9crit par":"Jean Pierre BAWELA","Dur\u00e9e de lecture estim\u00e9e":"3 minutes"},"schema":{"@context":"https:\/\/schema.org","@graph":[{"@type":"Article","@id":"https:\/\/macite.tg\/?p=23848#article","isPartOf":{"@id":"https:\/\/macite.tg\/?p=23848"},"author":{"name":"Jean Pierre BAWELA","@id":"https:\/\/macite.tg\/#\/schema\/person\/e9f2de7e5dbbe7770a9402c7ce82f5c2"},"headline":"FETE DU TRONE : Impulser une nouvelle g\u00e9n\u00e9ration de programmes de d\u00e9veloppement territorial&#8230; pour un Maroc \u00e9mergent et stable","datePublished":"2025-07-30T17:24:29+00:00","dateModified":"2025-07-30T17:24:34+00:00","mainEntityOfPage":{"@id":"https:\/\/macite.tg\/?p=23848"},"wordCount":512,"commentCount":0,"image":{"@id":"https:\/\/macite.tg\/?p=23848#primaryimage"},"thumbnailUrl":"https:\/\/macite.tg\/wp-content\/uploads\/2025\/07\/LE-ROI-MOHAMMED-VI.jpg","articleSection":["ACTUALITE","DEVELOPPEMENT"],"inLanguage":"fr-FR","potentialAction":[{"@type":"CommentAction","name":"Comment","target":["https:\/\/macite.tg\/?p=23848#respond"]}]},{"@type":"WebPage","@id":"https:\/\/macite.tg\/?p=23848","url":"https:\/\/macite.tg\/?p=23848","name":"FETE DU TRONE : Impulser une nouvelle g\u00e9n\u00e9ration de programmes de d\u00e9veloppement territorial... pour un Maroc \u00e9mergent et stable -","isPartOf":{"@id":"https:\/\/macite.tg\/#website"},"primaryImageOfPage":{"@id":"https:\/\/macite.tg\/?p=23848#primaryimage"},"image":{"@id":"https:\/\/macite.tg\/?p=23848#primaryimage"},"thumbnailUrl":"https:\/\/macite.tg\/wp-content\/uploads\/2025\/07\/LE-ROI-MOHAMMED-VI.jpg","datePublished":"2025-07-30T17:24:29+00:00","dateModified":"2025-07-30T17:24:34+00:00","author":{"@id":"https:\/\/macite.tg\/#\/schema\/person\/e9f2de7e5dbbe7770a9402c7ce82f5c2"},"breadcrumb":{"@id":"https:\/\/macite.tg\/?p=23848#breadcrumb"},"inLanguage":"fr-FR","potentialAction":[{"@type":"ReadAction","target":["https:\/\/macite.tg\/?p=23848"]}]},{"@type":"ImageObject","inLanguage":"fr-FR","@id":"https:\/\/macite.tg\/?p=23848#primaryimage","url":"https:\/\/macite.tg\/wp-content\/uploads\/2025\/07\/LE-ROI-MOHAMMED-VI.jpg","contentUrl":"https:\/\/macite.tg\/wp-content\/uploads\/2025\/07\/LE-ROI-MOHAMMED-VI.jpg","width":500,"height":408,"caption":"SM le Roi"},{"@type":"BreadcrumbList","@id":"https:\/\/macite.tg\/?p=23848#breadcrumb","itemListElement":[{"@type":"ListItem","position":1,"name":"Accueil","item":"https:\/\/macite.tg\/"},{"@type":"ListItem","position":2,"name":"FETE DU TRONE : Impulser une nouvelle g\u00e9n\u00e9ration de programmes de d\u00e9veloppement territorial&#8230; pour un Maroc \u00e9mergent et stable"}]},{"@type":"WebSite","@id":"https:\/\/macite.tg\/#website","url":"https:\/\/macite.tg\/","name":"","description":"L&#039;information, la bonne!!!","potentialAction":[{"@type":"SearchAction","target":{"@type":"EntryPoint","urlTemplate":"https:\/\/macite.tg\/?s={search_term_string}"},"query-input":{"@type":"PropertyValueSpecification","valueRequired":true,"valueName":"search_term_string"}}],"inLanguage":"fr-FR"},{"@type":"Person","@id":"https:\/\/macite.tg\/#\/schema\/person\/e9f2de7e5dbbe7770a9402c7ce82f5c2","name":"Jean Pierre BAWELA","image":{"@type":"ImageObject","inLanguage":"fr-FR","@id":"https:\/\/macite.tg\/wp-content\/uploads\/2023\/09\/WhatsApp-Image-2023-09-19-at-14.44.41-122x122.jpeg","url":"https:\/\/macite.tg\/wp-content\/uploads\/2023\/09\/WhatsApp-Image-2023-09-19-at-14.44.41-122x122.jpeg","contentUrl":"https:\/\/macite.tg\/wp-content\/uploads\/2023\/09\/WhatsApp-Image-2023-09-19-at-14.44.41-122x122.jpeg","caption":"Jean Pierre BAWELA"},"url":"https:\/\/macite.tg\/?author=2"}]}},"_links":{"self":[{"href":"https:\/\/macite.tg\/index.php?rest_route=\/wp\/v2\/posts\/23848","targetHints":{"allow":["GET"]}}],"collection":[{"href":"https:\/\/macite.tg\/index.php?rest_route=\/wp\/v2\/posts"}],"about":[{"href":"https:\/\/macite.tg\/index.php?rest_route=\/wp\/v2\/types\/post"}],"author":[{"embeddable":true,"href":"https:\/\/macite.tg\/index.php?rest_route=\/wp\/v2\/users\/2"}],"replies":[{"embeddable":true,"href":"https:\/\/macite.tg\/index.php?rest_route=%2Fwp%2Fv2%2Fcomments&post=23848"}],"version-history":[{"count":0,"href":"https:\/\/macite.tg\/index.php?rest_route=\/wp\/v2\/posts\/23848\/revisions"}],"wp:featuredmedia":[{"embeddable":true,"href":"https:\/\/macite.tg\/index.php?rest_route=\/wp\/v2\/media\/23851"}],"wp:attachment":[{"href":"https:\/\/macite.tg\/index.php?rest_route=%2Fwp%2Fv2%2Fmedia&parent=23848"}],"wp:term":[{"taxonomy":"category","embeddable":true,"href":"https:\/\/macite.tg\/index.php?rest_route=%2Fwp%2Fv2%2Fcategories&post=23848"},{"taxonomy":"post_tag","embeddable":true,"href":"https:\/\/macite.tg\/index.php?rest_route=%2Fwp%2Fv2%2Ftags&post=23848"}],"curies":[{"name":"wp","href":"https:\/\/api.w.org\/{rel}","templated":true}]}}