{"id":2382,"date":"2022-12-06T12:38:25","date_gmt":"2022-12-06T12:38:25","guid":{"rendered":"https:\/\/macite.info\/?p=2382"},"modified":"2022-12-06T12:38:26","modified_gmt":"2022-12-06T12:38:26","slug":"elections-cedeao-une-assemblee-generale-du-resao-precedee-dun-symposium-a-grand-bassam","status":"publish","type":"post","link":"https:\/\/macite.tg\/?p=2382","title":{"rendered":"\u00c9LECTIONS\/CEDEAO\u00a0: Une Assembl\u00e9e G\u00e9n\u00e9rale du RESAO pr\u00e9c\u00e9d\u00e9e d\u2019un symposium \u00e0 Grand Bassam"},"content":{"rendered":"\n<p class=\"wp-block-paragraph\"><strong><em>Fid\u00e8le \u00e0 ses pr\u00e9rogatives, le R\u00e9seau des structures de gestion \u00e9lectorale en Afrique de l\u2019Ouest (RESAO) sera le 13 d\u00e9cembre prochain en assembl\u00e9e g\u00e9n\u00e9rale \u00e0 Grand Bassam en C\u00f4te d\u2019Ivoire.<\/em><\/strong> LOM\u00c9 <\/p>\n\n\n\n<p class=\"wp-block-paragraph\">Organisation fa\u00eeti\u00e8re des OGE en Afrique de l&rsquo;Ouest, cr\u00e9\u00e9e en 2008, le RESAO \/ECONEC a pour mandat principal de promouvoir la tenue d&rsquo;\u00e9lections pacifiques, \u00e9quitables et cr\u00e9dibles dont les r\u00e9sultats sont accept\u00e9s par toutes les parties prenantes. A cette rencontre, les membres du RESAO \/ECONEC auront une fois encore l\u2019occasion de r\u00e9fl\u00e9chir et de partager les exp\u00e9riences.<\/p>\n\n\n\n<p class=\"wp-block-paragraph\">Pour rappel, dans la plupart des \u00c9tats d&rsquo;Afrique de l&rsquo;Ouest, il est fait le constat d\u2019un manque de confiance g\u00e9n\u00e9ralis\u00e9 dans les processus \u00e9lectoraux et les institutions charg\u00e9es de les g\u00e9rer.&nbsp; L\u2019un des reproches les plus courants est que les \u00e9lections sont truqu\u00e9es, avec des r\u00e9sultats \u00e9crits \u00e0 l&rsquo;avance et n&rsquo;ayant aucun rapport avec les suffrages exprim\u00e9s dans les bureaux de vote. Cette absence de confiance se refl\u00e8te dans le fait que les r\u00e9sultats ont \u00e9t\u00e9 contest\u00e9s lors de six des neuf \u00e9lections pr\u00e9sidentielles organis\u00e9es dans la r\u00e9gion entre 2020 et 2021.<\/p>\n\n\n\n<p class=\"wp-block-paragraph\">Les d\u00e9fenseurs de la d\u00e9mocratie \u00e9lectorale, en ce qui les concernent, affirment souvent que les \u00e9lections constituent le moyen le plus efficace d&rsquo;atteindre les objectifs de d\u00e9veloppement des citoyens en leur permettant de choisir les dirigeants ou les repr\u00e9sentants dont les projets refl\u00e8tent le mieux leurs aspirations.<\/p>\n\n\n\n<p class=\"wp-block-paragraph\">Selon l\u2019Initiative de donn\u00e9es \u00e9lectorales ouvertes (Open Election Data Initiative), les \u00e9lections servent donc de base \u00e0 la l\u00e9gitimit\u00e9 d\u00e9mocratique car elles permettent aux citoyens de demander des comptes \u00e0 leurs dirigeants en votant pour l&rsquo;entr\u00e9e ou la sortie des candidats en fonction de la mani\u00e8re dont ils ont d\u00e9fendu ou entendent d\u00e9fendre leurs int\u00e9r\u00eats.<\/p>\n\n\n<div class=\"wp-block-image\">\n<figure class=\"aligncenter size-large is-resized\"><img loading=\"lazy\" decoding=\"async\" src=\"https:\/\/macite.tg\/wp-content\/uploads\/2022\/11\/ANNONCES-1-1-1024x426.jpg\" alt=\"\" class=\"wp-image-2047\" width=\"694\" height=\"288\" srcset=\"https:\/\/macite.tg\/wp-content\/uploads\/2022\/11\/ANNONCES-1-1-1024x426.jpg 1024w, https:\/\/macite.tg\/wp-content\/uploads\/2022\/11\/ANNONCES-1-1-300x125.jpg 300w, https:\/\/macite.tg\/wp-content\/uploads\/2022\/11\/ANNONCES-1-1-768x319.jpg 768w, https:\/\/macite.tg\/wp-content\/uploads\/2022\/11\/ANNONCES-1-1.jpg 1080w\" sizes=\"auto, (max-width: 694px) 100vw, 694px\" \/><\/figure>\n<\/div>\n\n\n<p class=\"wp-block-paragraph\"><strong>Une Assembl\u00e9e G\u00e9n\u00e9rale pr\u00e9c\u00e9d\u00e9e d\u2019un symposium<\/strong><\/p>\n\n\n\n<p class=\"wp-block-paragraph\">Le RESAO, dans le cadre de son mandat et conform\u00e9ment \u00e0 sa tradition, organise le 12 d\u00e9cembre 2022 toujours \u00e0 Grand Bassam, en amont de son assembl\u00e9e g\u00e9n\u00e9rale, un symposium d&rsquo;une journ\u00e9e sur le th\u00e8me : garantir l\u2019inviolabilit\u00e9 et l&rsquo;int\u00e9grit\u00e9 du vote. L&rsquo;objectif cl\u00e9 du symposium est d&rsquo;examiner de mani\u00e8re critique les moyens de garantir que les votes individuels aboutissent \u00e0 un r\u00e9sultat \u00e9lectoral l\u00e9gitime et acceptable dans l\u2019espace CEDEAO. &nbsp;<\/p>\n\n\n\n<p class=\"wp-block-paragraph\">Les Acteurs principaux et Experts \u00e9lectoraux auront entre autres l\u2019opportunit\u00e9 d\u2019examiner les diff\u00e9rentes approches th\u00e9oriques pour parvenir \u00e0 un r\u00e9sultat \u00e9lectoral cr\u00e9dible, d\u2019explorer les meilleures pratiques internationales en mati\u00e8re de gestion des r\u00e9sultats \u00e9lectoraux, d\u2019\u00e9valuer les moyens pratiques de cr\u00e9er une piste d&rsquo;audit pour les r\u00e9sultats des \u00e9lections. Les participants \u00e0 ce symposium auront \u00e9galement la lourde mission de partager les moyens de garantir l\u2019int\u00e9grit\u00e9 et la sinc\u00e9rit\u00e9 du vote dans l\u2019espace du RESAO et de partager les exp\u00e9riences de traitement et de gestion des r\u00e9sultats \u00e9lectoraux de divers membres du RESAO. &nbsp;<\/p>\n\n\n\n<p class=\"wp-block-paragraph\">Les participants attendus au symposium sont les Pr\u00e9sidents et\/ou membres des OGE-membres du RESAO, les Directeurs des Op\u00e9rations des OGE membres du RESAO, les Experts \u00e9lectoraux de toute l&rsquo;Afrique de l&rsquo;Ouest, les Universitaires ayant un int\u00e9r\u00eat de recherche dans les processus \u00e9lectoraux et politiques en Afrique de l&rsquo;Ouest, les Partenaires de d\u00e9veloppement impliqu\u00e9s dans le soutien\/assistance \u00e9lectorale des OGE et les m\u00e9dias. &nbsp;<\/p>\n\n\n\n<p class=\"wp-block-paragraph\"><strong>Cr\u00e9do TETTEH (In LE MEDIUM n\u00b0530 du 06 au 12 D\u00e9cembre 2022)<\/strong><\/p>\n\n\n\n<p class=\"wp-block-paragraph\"><strong><em>@macite.info<\/em><\/strong><\/p>\n\n\n\n<p class=\"wp-block-paragraph\"><strong><em>E-mail&nbsp;: <\/em><\/strong><a href=\"mailto:maciteinfo@gmail.com\"><strong><em>maciteinfo@gmail.com<\/em><\/strong><\/a><strong><em>; <\/em><\/strong><a href=\"mailto:bawela1@gmail.com\"><strong><em>bawela1@gmail.com<\/em><\/strong><\/a><strong><em><\/em><\/strong><\/p>\n\n\n\n<p class=\"wp-block-paragraph\"><strong><em>Pour vos annonces, (publi)reportages, etc., joignez nous au (00228) 91515309\/<strong>79872224<\/strong><\/em><\/strong><em><\/em><\/p>\n\n\n\n<p class=\"wp-block-paragraph\"><a href=\"http:\/\/www.macite.info\"><strong><em>www.macite.info<\/em><\/strong><\/a><strong><em>, L\u2019information, la bonne&nbsp;!<\/em><\/strong><\/p>\n","protected":false},"excerpt":{"rendered":"<p class=\"text-justify mb-2\" >Fid\u00e8le \u00e0 ses pr\u00e9rogatives, le R\u00e9seau des structures de gestion \u00e9lectorale en Afrique de l\u2019Ouest (RESAO) sera le 13 d\u00e9cembre prochain en assembl\u00e9e g\u00e9n\u00e9rale \u00e0 Grand Bassam en C\u00f4te d\u2019Ivoire. LOM\u00c9 Organisation fa\u00eeti\u00e8re des OGE en Afrique de l&rsquo;Ouest, cr\u00e9\u00e9e en 2008, le RESAO \/ECONEC [&hellip;]<\/p>\n","protected":false},"author":2,"featured_media":2385,"comment_status":"open","ping_status":"open","sticky":false,"template":"","format":"standard","meta":{"footnotes":""},"categories":[1],"tags":[],"class_list":["post-2382","post","type-post","status-publish","format-standard","has-post-thumbnail","hentry","category-politique"],"yoast_head":"<!-- This site is optimized with the Yoast SEO plugin v28.4 - https:\/\/yoast.com\/product\/yoast-seo-wordpress\/ -->\n<title>\u00c9LECTIONS\/CEDEAO\u00a0: Une Assembl\u00e9e G\u00e9n\u00e9rale du RESAO pr\u00e9c\u00e9d\u00e9e d\u2019un symposium \u00e0 Grand Bassam -<\/title>\n<meta name=\"robots\" content=\"index, follow, max-snippet:-1, max-image-preview:large, max-video-preview:-1\" \/>\n<link rel=\"canonical\" href=\"https:\/\/macite.tg\/?p=2382\" \/>\n<meta property=\"og:locale\" content=\"fr_FR\" \/>\n<meta property=\"og:type\" content=\"article\" \/>\n<meta property=\"og:title\" content=\"\u00c9LECTIONS\/CEDEAO\u00a0: Une Assembl\u00e9e G\u00e9n\u00e9rale du RESAO pr\u00e9c\u00e9d\u00e9e d\u2019un symposium \u00e0 Grand Bassam -\" \/>\n<meta property=\"og:description\" content=\"Fid\u00e8le \u00e0 ses pr\u00e9rogatives, le R\u00e9seau des structures de gestion \u00e9lectorale en Afrique de l\u2019Ouest (RESAO) sera le 13 d\u00e9cembre prochain en assembl\u00e9e g\u00e9n\u00e9rale \u00e0 Grand Bassam en C\u00f4te d\u2019Ivoire. LOM\u00c9 Organisation fa\u00eeti\u00e8re des OGE en Afrique de l&rsquo;Ouest, cr\u00e9\u00e9e en 2008, le RESAO \/ECONEC [&hellip;]\" \/>\n<meta property=\"og:url\" content=\"https:\/\/macite.tg\/?p=2382\" \/>\n<meta property=\"article:published_time\" content=\"2022-12-06T12:38:25+00:00\" \/>\n<meta property=\"article:modified_time\" content=\"2022-12-06T12:38:26+00:00\" \/>\n<meta property=\"og:image\" content=\"https:\/\/macite.tg\/wp-content\/uploads\/2022\/12\/Dr-Francis-.jpg\" \/>\n\t<meta property=\"og:image:width\" content=\"500\" \/>\n\t<meta property=\"og:image:height\" content=\"369\" \/>\n\t<meta property=\"og:image:type\" content=\"image\/jpeg\" \/>\n<meta name=\"author\" content=\"Jean Pierre BAWELA\" \/>\n<meta name=\"twitter:card\" content=\"summary_large_image\" \/>\n<meta name=\"twitter:label1\" content=\"\u00c9crit par\" \/>\n\t<meta name=\"twitter:data1\" content=\"Jean Pierre BAWELA\" \/>\n\t<meta name=\"twitter:label2\" content=\"Dur\u00e9e de lecture estim\u00e9e\" \/>\n\t<meta name=\"twitter:data2\" content=\"3 minutes\" \/>\n<script type=\"application\/ld+json\" class=\"yoast-schema-graph\">{\"@context\":\"https:\\\/\\\/schema.org\",\"@graph\":[{\"@type\":\"Article\",\"@id\":\"https:\\\/\\\/macite.tg\\\/?p=2382#article\",\"isPartOf\":{\"@id\":\"https:\\\/\\\/macite.tg\\\/?p=2382\"},\"author\":{\"name\":\"Jean Pierre BAWELA\",\"@id\":\"https:\\\/\\\/macite.tg\\\/#\\\/schema\\\/person\\\/e9f2de7e5dbbe7770a9402c7ce82f5c2\"},\"headline\":\"\u00c9LECTIONS\\\/CEDEAO\u00a0: Une Assembl\u00e9e G\u00e9n\u00e9rale du RESAO pr\u00e9c\u00e9d\u00e9e d\u2019un symposium \u00e0 Grand Bassam\",\"datePublished\":\"2022-12-06T12:38:25+00:00\",\"dateModified\":\"2022-12-06T12:38:26+00:00\",\"mainEntityOfPage\":{\"@id\":\"https:\\\/\\\/macite.tg\\\/?p=2382\"},\"wordCount\":669,\"commentCount\":0,\"image\":{\"@id\":\"https:\\\/\\\/macite.tg\\\/?p=2382#primaryimage\"},\"thumbnailUrl\":\"https:\\\/\\\/macite.tg\\\/wp-content\\\/uploads\\\/2022\\\/12\\\/Dr-Francis-.jpg\",\"articleSection\":[\"POLITIQUE\"],\"inLanguage\":\"fr-FR\",\"potentialAction\":[{\"@type\":\"CommentAction\",\"name\":\"Comment\",\"target\":[\"https:\\\/\\\/macite.tg\\\/?p=2382#respond\"]}]},{\"@type\":\"WebPage\",\"@id\":\"https:\\\/\\\/macite.tg\\\/?p=2382\",\"url\":\"https:\\\/\\\/macite.tg\\\/?p=2382\",\"name\":\"\u00c9LECTIONS\\\/CEDEAO\u00a0: Une Assembl\u00e9e G\u00e9n\u00e9rale du RESAO pr\u00e9c\u00e9d\u00e9e d\u2019un symposium \u00e0 Grand Bassam -\",\"isPartOf\":{\"@id\":\"https:\\\/\\\/macite.tg\\\/#website\"},\"primaryImageOfPage\":{\"@id\":\"https:\\\/\\\/macite.tg\\\/?p=2382#primaryimage\"},\"image\":{\"@id\":\"https:\\\/\\\/macite.tg\\\/?p=2382#primaryimage\"},\"thumbnailUrl\":\"https:\\\/\\\/macite.tg\\\/wp-content\\\/uploads\\\/2022\\\/12\\\/Dr-Francis-.jpg\",\"datePublished\":\"2022-12-06T12:38:25+00:00\",\"dateModified\":\"2022-12-06T12:38:26+00:00\",\"author\":{\"@id\":\"https:\\\/\\\/macite.tg\\\/#\\\/schema\\\/person\\\/e9f2de7e5dbbe7770a9402c7ce82f5c2\"},\"breadcrumb\":{\"@id\":\"https:\\\/\\\/macite.tg\\\/?p=2382#breadcrumb\"},\"inLanguage\":\"fr-FR\",\"potentialAction\":[{\"@type\":\"ReadAction\",\"target\":[\"https:\\\/\\\/macite.tg\\\/?p=2382\"]}]},{\"@type\":\"ImageObject\",\"inLanguage\":\"fr-FR\",\"@id\":\"https:\\\/\\\/macite.tg\\\/?p=2382#primaryimage\",\"url\":\"https:\\\/\\\/macite.tg\\\/wp-content\\\/uploads\\\/2022\\\/12\\\/Dr-Francis-.jpg\",\"contentUrl\":\"https:\\\/\\\/macite.tg\\\/wp-content\\\/uploads\\\/2022\\\/12\\\/Dr-Francis-.jpg\",\"width\":500,\"height\":369,\"caption\":\"Gr Francis Gabriel OKE, Secr\u00e9taire permanent du RESAO.\"},{\"@type\":\"BreadcrumbList\",\"@id\":\"https:\\\/\\\/macite.tg\\\/?p=2382#breadcrumb\",\"itemListElement\":[{\"@type\":\"ListItem\",\"position\":1,\"name\":\"Accueil\",\"item\":\"https:\\\/\\\/macite.tg\\\/\"},{\"@type\":\"ListItem\",\"position\":2,\"name\":\"\u00c9LECTIONS\\\/CEDEAO\u00a0: Une Assembl\u00e9e G\u00e9n\u00e9rale du RESAO pr\u00e9c\u00e9d\u00e9e d\u2019un symposium \u00e0 Grand Bassam\"}]},{\"@type\":\"WebSite\",\"@id\":\"https:\\\/\\\/macite.tg\\\/#website\",\"url\":\"https:\\\/\\\/macite.tg\\\/\",\"name\":\"\",\"description\":\"L&#039;information, la bonne!!!\",\"potentialAction\":[{\"@type\":\"SearchAction\",\"target\":{\"@type\":\"EntryPoint\",\"urlTemplate\":\"https:\\\/\\\/macite.tg\\\/?s={search_term_string}\"},\"query-input\":{\"@type\":\"PropertyValueSpecification\",\"valueRequired\":true,\"valueName\":\"search_term_string\"}}],\"inLanguage\":\"fr-FR\"},{\"@type\":\"Person\",\"@id\":\"https:\\\/\\\/macite.tg\\\/#\\\/schema\\\/person\\\/e9f2de7e5dbbe7770a9402c7ce82f5c2\",\"name\":\"Jean Pierre BAWELA\",\"image\":{\"@type\":\"ImageObject\",\"inLanguage\":\"fr-FR\",\"@id\":\"https:\\\/\\\/macite.tg\\\/wp-content\\\/uploads\\\/2023\\\/09\\\/WhatsApp-Image-2023-09-19-at-14.44.41-122x122.jpeg\",\"url\":\"https:\\\/\\\/macite.tg\\\/wp-content\\\/uploads\\\/2023\\\/09\\\/WhatsApp-Image-2023-09-19-at-14.44.41-122x122.jpeg\",\"contentUrl\":\"https:\\\/\\\/macite.tg\\\/wp-content\\\/uploads\\\/2023\\\/09\\\/WhatsApp-Image-2023-09-19-at-14.44.41-122x122.jpeg\",\"caption\":\"Jean Pierre BAWELA\"},\"url\":\"https:\\\/\\\/macite.tg\\\/?author=2\"}]}<\/script>\n<!-- \/ Yoast SEO plugin. -->","yoast_head_json":{"title":"\u00c9LECTIONS\/CEDEAO\u00a0: Une Assembl\u00e9e G\u00e9n\u00e9rale du RESAO pr\u00e9c\u00e9d\u00e9e d\u2019un symposium \u00e0 Grand Bassam -","robots":{"index":"index","follow":"follow","max-snippet":"max-snippet:-1","max-image-preview":"max-image-preview:large","max-video-preview":"max-video-preview:-1"},"canonical":"https:\/\/macite.tg\/?p=2382","og_locale":"fr_FR","og_type":"article","og_title":"\u00c9LECTIONS\/CEDEAO\u00a0: Une Assembl\u00e9e G\u00e9n\u00e9rale du RESAO pr\u00e9c\u00e9d\u00e9e d\u2019un symposium \u00e0 Grand Bassam -","og_description":"Fid\u00e8le \u00e0 ses pr\u00e9rogatives, le R\u00e9seau des structures de gestion \u00e9lectorale en Afrique de l\u2019Ouest (RESAO) sera le 13 d\u00e9cembre prochain en assembl\u00e9e g\u00e9n\u00e9rale \u00e0 Grand Bassam en C\u00f4te d\u2019Ivoire. LOM\u00c9 Organisation fa\u00eeti\u00e8re des OGE en Afrique de l&rsquo;Ouest, cr\u00e9\u00e9e en 2008, le RESAO \/ECONEC [&hellip;]","og_url":"https:\/\/macite.tg\/?p=2382","article_published_time":"2022-12-06T12:38:25+00:00","article_modified_time":"2022-12-06T12:38:26+00:00","og_image":[{"width":500,"height":369,"url":"https:\/\/macite.tg\/wp-content\/uploads\/2022\/12\/Dr-Francis-.jpg","type":"image\/jpeg"}],"author":"Jean Pierre BAWELA","twitter_card":"summary_large_image","twitter_misc":{"\u00c9crit par":"Jean Pierre BAWELA","Dur\u00e9e de lecture estim\u00e9e":"3 minutes"},"schema":{"@context":"https:\/\/schema.org","@graph":[{"@type":"Article","@id":"https:\/\/macite.tg\/?p=2382#article","isPartOf":{"@id":"https:\/\/macite.tg\/?p=2382"},"author":{"name":"Jean Pierre BAWELA","@id":"https:\/\/macite.tg\/#\/schema\/person\/e9f2de7e5dbbe7770a9402c7ce82f5c2"},"headline":"\u00c9LECTIONS\/CEDEAO\u00a0: Une Assembl\u00e9e G\u00e9n\u00e9rale du RESAO pr\u00e9c\u00e9d\u00e9e d\u2019un symposium \u00e0 Grand Bassam","datePublished":"2022-12-06T12:38:25+00:00","dateModified":"2022-12-06T12:38:26+00:00","mainEntityOfPage":{"@id":"https:\/\/macite.tg\/?p=2382"},"wordCount":669,"commentCount":0,"image":{"@id":"https:\/\/macite.tg\/?p=2382#primaryimage"},"thumbnailUrl":"https:\/\/macite.tg\/wp-content\/uploads\/2022\/12\/Dr-Francis-.jpg","articleSection":["POLITIQUE"],"inLanguage":"fr-FR","potentialAction":[{"@type":"CommentAction","name":"Comment","target":["https:\/\/macite.tg\/?p=2382#respond"]}]},{"@type":"WebPage","@id":"https:\/\/macite.tg\/?p=2382","url":"https:\/\/macite.tg\/?p=2382","name":"\u00c9LECTIONS\/CEDEAO\u00a0: Une Assembl\u00e9e G\u00e9n\u00e9rale du RESAO pr\u00e9c\u00e9d\u00e9e d\u2019un symposium \u00e0 Grand Bassam -","isPartOf":{"@id":"https:\/\/macite.tg\/#website"},"primaryImageOfPage":{"@id":"https:\/\/macite.tg\/?p=2382#primaryimage"},"image":{"@id":"https:\/\/macite.tg\/?p=2382#primaryimage"},"thumbnailUrl":"https:\/\/macite.tg\/wp-content\/uploads\/2022\/12\/Dr-Francis-.jpg","datePublished":"2022-12-06T12:38:25+00:00","dateModified":"2022-12-06T12:38:26+00:00","author":{"@id":"https:\/\/macite.tg\/#\/schema\/person\/e9f2de7e5dbbe7770a9402c7ce82f5c2"},"breadcrumb":{"@id":"https:\/\/macite.tg\/?p=2382#breadcrumb"},"inLanguage":"fr-FR","potentialAction":[{"@type":"ReadAction","target":["https:\/\/macite.tg\/?p=2382"]}]},{"@type":"ImageObject","inLanguage":"fr-FR","@id":"https:\/\/macite.tg\/?p=2382#primaryimage","url":"https:\/\/macite.tg\/wp-content\/uploads\/2022\/12\/Dr-Francis-.jpg","contentUrl":"https:\/\/macite.tg\/wp-content\/uploads\/2022\/12\/Dr-Francis-.jpg","width":500,"height":369,"caption":"Gr Francis Gabriel OKE, Secr\u00e9taire permanent du RESAO."},{"@type":"BreadcrumbList","@id":"https:\/\/macite.tg\/?p=2382#breadcrumb","itemListElement":[{"@type":"ListItem","position":1,"name":"Accueil","item":"https:\/\/macite.tg\/"},{"@type":"ListItem","position":2,"name":"\u00c9LECTIONS\/CEDEAO\u00a0: Une Assembl\u00e9e G\u00e9n\u00e9rale du RESAO pr\u00e9c\u00e9d\u00e9e d\u2019un symposium \u00e0 Grand Bassam"}]},{"@type":"WebSite","@id":"https:\/\/macite.tg\/#website","url":"https:\/\/macite.tg\/","name":"","description":"L&#039;information, la bonne!!!","potentialAction":[{"@type":"SearchAction","target":{"@type":"EntryPoint","urlTemplate":"https:\/\/macite.tg\/?s={search_term_string}"},"query-input":{"@type":"PropertyValueSpecification","valueRequired":true,"valueName":"search_term_string"}}],"inLanguage":"fr-FR"},{"@type":"Person","@id":"https:\/\/macite.tg\/#\/schema\/person\/e9f2de7e5dbbe7770a9402c7ce82f5c2","name":"Jean Pierre BAWELA","image":{"@type":"ImageObject","inLanguage":"fr-FR","@id":"https:\/\/macite.tg\/wp-content\/uploads\/2023\/09\/WhatsApp-Image-2023-09-19-at-14.44.41-122x122.jpeg","url":"https:\/\/macite.tg\/wp-content\/uploads\/2023\/09\/WhatsApp-Image-2023-09-19-at-14.44.41-122x122.jpeg","contentUrl":"https:\/\/macite.tg\/wp-content\/uploads\/2023\/09\/WhatsApp-Image-2023-09-19-at-14.44.41-122x122.jpeg","caption":"Jean Pierre BAWELA"},"url":"https:\/\/macite.tg\/?author=2"}]}},"_links":{"self":[{"href":"https:\/\/macite.tg\/index.php?rest_route=\/wp\/v2\/posts\/2382","targetHints":{"allow":["GET"]}}],"collection":[{"href":"https:\/\/macite.tg\/index.php?rest_route=\/wp\/v2\/posts"}],"about":[{"href":"https:\/\/macite.tg\/index.php?rest_route=\/wp\/v2\/types\/post"}],"author":[{"embeddable":true,"href":"https:\/\/macite.tg\/index.php?rest_route=\/wp\/v2\/users\/2"}],"replies":[{"embeddable":true,"href":"https:\/\/macite.tg\/index.php?rest_route=%2Fwp%2Fv2%2Fcomments&post=2382"}],"version-history":[{"count":0,"href":"https:\/\/macite.tg\/index.php?rest_route=\/wp\/v2\/posts\/2382\/revisions"}],"wp:featuredmedia":[{"embeddable":true,"href":"https:\/\/macite.tg\/index.php?rest_route=\/wp\/v2\/media\/2385"}],"wp:attachment":[{"href":"https:\/\/macite.tg\/index.php?rest_route=%2Fwp%2Fv2%2Fmedia&parent=2382"}],"wp:term":[{"taxonomy":"category","embeddable":true,"href":"https:\/\/macite.tg\/index.php?rest_route=%2Fwp%2Fv2%2Fcategories&post=2382"},{"taxonomy":"post_tag","embeddable":true,"href":"https:\/\/macite.tg\/index.php?rest_route=%2Fwp%2Fv2%2Ftags&post=2382"}],"curies":[{"name":"wp","href":"https:\/\/api.w.org\/{rel}","templated":true}]}}