{"id":2362,"date":"2022-12-06T10:30:07","date_gmt":"2022-12-06T10:30:07","guid":{"rendered":"https:\/\/macite.info\/?p=2362"},"modified":"2022-12-06T10:30:08","modified_gmt":"2022-12-06T10:30:08","slug":"cedeao-soldats-ivoiriens-detenus-au-mali-tous-les-yeux-rives-sur-faure-gnassingbe","status":"publish","type":"post","link":"https:\/\/macite.tg\/?p=2362","title":{"rendered":"CEDEAO \/ SOLDATS IVOIRIENS D\u00c9TENUS AU MALI: Tous les yeux riv\u00e9s sur Faure Gnassingb\u00e9"},"content":{"rendered":"\n<p class=\"wp-block-paragraph\"><strong><em>Les dirigeants d\u2019Afrique de l\u2019Ouest ont lanc\u00e9 un ultimatum aux autorit\u00e9s maliennes de lib\u00e9rer les 46 soldats ivoiriens, qu\u2019elles d\u00e9tiennent depuis le mois de Juillet, avant le 1<sup>er<\/sup> Janvier 2023. A d\u00e9faut, des sanctions suivront. C\u2019est l\u2019une des d\u00e9cisions prises lors du sommet tenu \u00e0 Abuja, la capitale nig\u00e9riane.<\/em><\/strong><\/p>\n\n\n\n<p class=\"wp-block-paragraph\">Faure Gnassingb\u00e9, m\u00e9diateur dans cette crise, est attendu \u00e0 Bamako dans les jours \u00e0 venir pour porter le message de vive voix au Pr\u00e9sident du Mali Assimi Go\u00efta. L\u2019implication du leader togolais dans ce dossier avait permis la lib\u00e9ration de trois soldates qui ont \u00e9t\u00e9 remises aux autorit\u00e9s ivoiriennes.<\/p>\n\n\n<div class=\"wp-block-image\">\n<figure class=\"aligncenter size-large is-resized\"><img loading=\"lazy\" decoding=\"async\" src=\"https:\/\/macite.tg\/wp-content\/uploads\/2022\/12\/IMG-20221205-WA0065-1024x683.jpg\" alt=\"\" class=\"wp-image-2365\" width=\"728\" height=\"485\" srcset=\"https:\/\/macite.tg\/wp-content\/uploads\/2022\/12\/IMG-20221205-WA0065-1024x683.jpg 1024w, https:\/\/macite.tg\/wp-content\/uploads\/2022\/12\/IMG-20221205-WA0065-300x200.jpg 300w, https:\/\/macite.tg\/wp-content\/uploads\/2022\/12\/IMG-20221205-WA0065-768x512.jpg 768w, https:\/\/macite.tg\/wp-content\/uploads\/2022\/12\/IMG-20221205-WA0065-650x434.jpg 650w, https:\/\/macite.tg\/wp-content\/uploads\/2022\/12\/IMG-20221205-WA0065-730x487.jpg 730w, https:\/\/macite.tg\/wp-content\/uploads\/2022\/12\/IMG-20221205-WA0065-112x75.jpg 112w, https:\/\/macite.tg\/wp-content\/uploads\/2022\/12\/IMG-20221205-WA0065-425x283.jpg 425w, https:\/\/macite.tg\/wp-content\/uploads\/2022\/12\/IMG-20221205-WA0065-430x287.jpg 430w, https:\/\/macite.tg\/wp-content\/uploads\/2022\/12\/IMG-20221205-WA0065.jpg 1080w\" sizes=\"auto, (max-width: 728px) 100vw, 728px\" \/><figcaption><em><strong>Une vue de l&rsquo;assistance lors des travaux&#8230;<\/strong><\/em><\/figcaption><\/figure>\n<\/div>\n\n\n<p class=\"wp-block-paragraph\">\u00ab\u00a0<em>La R\u00e9publique de C\u00f4te d\u2019Ivoire d\u00e9plore que des manquements et des incompr\u00e9hensions aient \u00e9t\u00e9 \u00e0 l\u2019origine de cet \u00e9v\u00e9nement fortement regrettable. La R\u00e9publique de C\u00f4te d\u2019Ivoire, soucieuse de maintenir des relations de bon voisinage avec le Mali, s\u2019engage \u00e0 respecter les proc\u00e9dures des Nations Unies ainsi que les nouvelles r\u00e8gles et dispositions maliennes \u00e9dict\u00e9es, relatives au d\u00e9ploiement des forces militaires au Mali.<\/em><\/p>\n\n\n\n<p class=\"wp-block-paragraph\"><em>Enfin, afin d\u2019aplanir les divergences existantes et de contribuer ainsi \u00e0 la pr\u00e9servation de la paix et de la stabilit\u00e9 dans la sous-r\u00e9gion, la R\u00e9publique de C\u00f4te d\u2019Ivoire s\u2019engage \u00e0 poursuivre, de mani\u00e8re transparente et constructive avec le Mali, les \u00e9changes et les discussions sur tous les sujets d&rsquo;int\u00e9r\u00eat commun<\/em>\u201d, avait indiqu\u00e9 le Directeur de cabinet du Pr\u00e9sident ivoirien Alassane Ouattara.<\/p>\n\n\n\n<p class=\"wp-block-paragraph\">Mais depuis, la tension n\u2019est pas tomb\u00e9e entre le Mali et la C\u00f4te d\u2019Ivoire. Cette derni\u00e8re a indiqu\u00e9 vouloir mettre fin \u00e0 sa participation \u00e0 la MINUSMA o\u00f9 elle envoie r\u00e9guli\u00e8rement des troupes.<\/p>\n\n\n\n<p class=\"wp-block-paragraph\">Tous les yeux sont donc riv\u00e9s sur Faure Gnassingb\u00e9 qui, depuis le coup d\u2019Etat ayant amen\u00e9 Assimi Go\u00efta au pouvoir, n\u2019a cess\u00e9 de plaider pour que les dirigeants Ouest africain affichent une certaine compr\u00e9hension vis-\u00e0-vis de la junte au Mali afin de permettre au pays de renouer avec une vie politique d\u00e9mocratique par l\u2019organisation d\u2019\u00e9lection pr\u00e9sidentielle. Le Togo a pes\u00e9 de tout son poids pour que les sanctions inflig\u00e9es par la CEDEAO en d\u00e9but d\u2019ann\u00e9e soient lev\u00e9es.<\/p>\n\n\n<div class=\"wp-block-image\">\n<figure class=\"aligncenter size-large is-resized\"><img loading=\"lazy\" decoding=\"async\" src=\"https:\/\/macite.tg\/wp-content\/uploads\/2022\/11\/ANNONCES-1-1-1024x426.jpg\" alt=\"\" class=\"wp-image-2047\" width=\"643\" height=\"267\" srcset=\"https:\/\/macite.tg\/wp-content\/uploads\/2022\/11\/ANNONCES-1-1-1024x426.jpg 1024w, https:\/\/macite.tg\/wp-content\/uploads\/2022\/11\/ANNONCES-1-1-300x125.jpg 300w, https:\/\/macite.tg\/wp-content\/uploads\/2022\/11\/ANNONCES-1-1-768x319.jpg 768w, https:\/\/macite.tg\/wp-content\/uploads\/2022\/11\/ANNONCES-1-1.jpg 1080w\" sizes=\"auto, (max-width: 643px) 100vw, 643px\" \/><\/figure>\n<\/div>\n\n\n<p class=\"wp-block-paragraph\">Autres d\u00e9cisions prises \u00e0 Abuja par les Chefs d\u2019Etat, c\u2019est l\u2019adoption d&rsquo;un projet de cr\u00e9ation d&rsquo;une force r\u00e9gionale antiterroriste et anti coups d&rsquo;\u00e9tat. \u00ab <em>Les dirigeants de la C\u00e9d\u00e9ao ont d\u00e9cid\u00e9 de recalibrer notre architecture s\u00e9curitaire\u00bb,<\/em>\u00a0a dit Omar Touray, pr\u00e9sident de la commission de la C\u00e9d\u00e9ao. <\/p>\n\n\n\n<p class=\"wp-block-paragraph\">Il s\u2019agit de prendre en main leur\u00a0<em>\u00ab propre s\u00e9curit\u00e9 \u00bb<\/em>\u00a0et non plus de s\u2019en remettre \u00e0 des acteurs ext\u00e9rieurs, a-t-il expliqu\u00e9. Ils sont \u00ab<em> r\u00e9solus \u00e0 \u00e9tablir une force r\u00e9gionale qui interviendra en cas de besoin, qu\u2019il s\u2019agisse de s\u00e9curit\u00e9, de terrorisme ou de r\u00e9tablir l\u2019ordre constitutionnel dans des \u00c9tats membres \u00bb,<\/em>\u00a0a-t-il d\u00e9clar\u00e9. Il est indiqu\u00e9 que des responsables militaires de la r\u00e9gion se r\u00e9uniront dans la deuxi\u00e8me moiti\u00e9 de janvier 2023 pour discuter des modalit\u00e9s d\u2019\u00e9tablissement de la force r\u00e9gionale.<\/p>\n\n\n\n<p class=\"wp-block-paragraph\"><strong><em>(In LE MEDIUM n\u00b0530 du 06 au 12 D\u00e9cembre 2022)<\/em><\/strong><\/p>\n\n\n\n<p class=\"wp-block-paragraph\"><strong><em>@macite.info<\/em><\/strong><\/p>\n\n\n\n<p class=\"wp-block-paragraph\"><strong><em>E-mail&nbsp;: <\/em><\/strong><a href=\"mailto:maciteinfo@gmail.com\"><strong><em>maciteinfo@gmail.com<\/em><\/strong><\/a><strong><em>; <\/em><\/strong><a href=\"mailto:bawela1@gmail.com\"><strong><em>bawela1@gmail.com<\/em><\/strong><\/a><strong><em><\/em><\/strong><\/p>\n\n\n\n<p class=\"wp-block-paragraph\"><strong><em>Pour vos annonces, (publi)reportages, etc., joignez nous au (00228) 91515309\/<strong>79872224<\/strong><\/em><\/strong><em><\/em><\/p>\n\n\n\n<p class=\"wp-block-paragraph\"><a href=\"http:\/\/www.macite.info\"><strong><em>www.macite.info<\/em><\/strong><\/a><strong><em>, L\u2019information, la bonne&nbsp;!<\/em><\/strong><\/p>\n","protected":false},"excerpt":{"rendered":"<p class=\"text-justify mb-2\" >Les dirigeants d\u2019Afrique de l\u2019Ouest ont lanc\u00e9 un ultimatum aux autorit\u00e9s maliennes de lib\u00e9rer les 46 soldats ivoiriens, qu\u2019elles d\u00e9tiennent depuis le mois de Juillet, avant le 1er Janvier 2023. A d\u00e9faut, des sanctions suivront. C\u2019est l\u2019une des d\u00e9cisions prises lors du sommet tenu \u00e0 [&hellip;]<\/p>\n","protected":false},"author":2,"featured_media":2364,"comment_status":"open","ping_status":"open","sticky":false,"template":"","format":"standard","meta":{"footnotes":""},"categories":[1],"tags":[],"class_list":["post-2362","post","type-post","status-publish","format-standard","has-post-thumbnail","hentry","category-politique"],"yoast_head":"<!-- This site is optimized with the Yoast SEO plugin v28.4 - https:\/\/yoast.com\/product\/yoast-seo-wordpress\/ -->\n<title>CEDEAO \/ SOLDATS IVOIRIENS D\u00c9TENUS AU MALI: Tous les yeux riv\u00e9s sur Faure Gnassingb\u00e9 -<\/title>\n<meta name=\"robots\" content=\"index, follow, max-snippet:-1, max-image-preview:large, max-video-preview:-1\" \/>\n<link rel=\"canonical\" href=\"https:\/\/macite.tg\/?p=2362\" \/>\n<meta property=\"og:locale\" content=\"fr_FR\" \/>\n<meta property=\"og:type\" content=\"article\" \/>\n<meta property=\"og:title\" content=\"CEDEAO \/ SOLDATS IVOIRIENS D\u00c9TENUS AU MALI: Tous les yeux riv\u00e9s sur Faure Gnassingb\u00e9 -\" \/>\n<meta property=\"og:description\" content=\"Les dirigeants d\u2019Afrique de l\u2019Ouest ont lanc\u00e9 un ultimatum aux autorit\u00e9s maliennes de lib\u00e9rer les 46 soldats ivoiriens, qu\u2019elles d\u00e9tiennent depuis le mois de Juillet, avant le 1er Janvier 2023. A d\u00e9faut, des sanctions suivront. C\u2019est l\u2019une des d\u00e9cisions prises lors du sommet tenu \u00e0 [&hellip;]\" \/>\n<meta property=\"og:url\" content=\"https:\/\/macite.tg\/?p=2362\" \/>\n<meta property=\"article:published_time\" content=\"2022-12-06T10:30:07+00:00\" \/>\n<meta property=\"article:modified_time\" content=\"2022-12-06T10:30:08+00:00\" \/>\n<meta property=\"og:image\" content=\"https:\/\/macite.tg\/wp-content\/uploads\/2022\/12\/IMG-20221205-WA0061.jpg\" \/>\n\t<meta property=\"og:image:width\" content=\"1080\" \/>\n\t<meta property=\"og:image:height\" content=\"720\" \/>\n\t<meta property=\"og:image:type\" content=\"image\/jpeg\" \/>\n<meta name=\"author\" content=\"Jean Pierre BAWELA\" \/>\n<meta name=\"twitter:card\" content=\"summary_large_image\" \/>\n<meta name=\"twitter:label1\" content=\"\u00c9crit par\" \/>\n\t<meta name=\"twitter:data1\" content=\"Jean Pierre BAWELA\" \/>\n\t<meta name=\"twitter:label2\" content=\"Dur\u00e9e de lecture estim\u00e9e\" \/>\n\t<meta name=\"twitter:data2\" content=\"3 minutes\" \/>\n<script type=\"application\/ld+json\" class=\"yoast-schema-graph\">{\"@context\":\"https:\\\/\\\/schema.org\",\"@graph\":[{\"@type\":\"Article\",\"@id\":\"https:\\\/\\\/macite.tg\\\/?p=2362#article\",\"isPartOf\":{\"@id\":\"https:\\\/\\\/macite.tg\\\/?p=2362\"},\"author\":{\"name\":\"Jean Pierre BAWELA\",\"@id\":\"https:\\\/\\\/macite.tg\\\/#\\\/schema\\\/person\\\/e9f2de7e5dbbe7770a9402c7ce82f5c2\"},\"headline\":\"CEDEAO \\\/ SOLDATS IVOIRIENS D\u00c9TENUS AU MALI: Tous les yeux riv\u00e9s sur Faure Gnassingb\u00e9\",\"datePublished\":\"2022-12-06T10:30:07+00:00\",\"dateModified\":\"2022-12-06T10:30:08+00:00\",\"mainEntityOfPage\":{\"@id\":\"https:\\\/\\\/macite.tg\\\/?p=2362\"},\"wordCount\":600,\"commentCount\":0,\"image\":{\"@id\":\"https:\\\/\\\/macite.tg\\\/?p=2362#primaryimage\"},\"thumbnailUrl\":\"https:\\\/\\\/macite.tg\\\/wp-content\\\/uploads\\\/2022\\\/12\\\/IMG-20221205-WA0061.jpg\",\"articleSection\":[\"POLITIQUE\"],\"inLanguage\":\"fr-FR\",\"potentialAction\":[{\"@type\":\"CommentAction\",\"name\":\"Comment\",\"target\":[\"https:\\\/\\\/macite.tg\\\/?p=2362#respond\"]}]},{\"@type\":\"WebPage\",\"@id\":\"https:\\\/\\\/macite.tg\\\/?p=2362\",\"url\":\"https:\\\/\\\/macite.tg\\\/?p=2362\",\"name\":\"CEDEAO \\\/ SOLDATS IVOIRIENS D\u00c9TENUS AU MALI: Tous les yeux riv\u00e9s sur Faure Gnassingb\u00e9 -\",\"isPartOf\":{\"@id\":\"https:\\\/\\\/macite.tg\\\/#website\"},\"primaryImageOfPage\":{\"@id\":\"https:\\\/\\\/macite.tg\\\/?p=2362#primaryimage\"},\"image\":{\"@id\":\"https:\\\/\\\/macite.tg\\\/?p=2362#primaryimage\"},\"thumbnailUrl\":\"https:\\\/\\\/macite.tg\\\/wp-content\\\/uploads\\\/2022\\\/12\\\/IMG-20221205-WA0061.jpg\",\"datePublished\":\"2022-12-06T10:30:07+00:00\",\"dateModified\":\"2022-12-06T10:30:08+00:00\",\"author\":{\"@id\":\"https:\\\/\\\/macite.tg\\\/#\\\/schema\\\/person\\\/e9f2de7e5dbbe7770a9402c7ce82f5c2\"},\"breadcrumb\":{\"@id\":\"https:\\\/\\\/macite.tg\\\/?p=2362#breadcrumb\"},\"inLanguage\":\"fr-FR\",\"potentialAction\":[{\"@type\":\"ReadAction\",\"target\":[\"https:\\\/\\\/macite.tg\\\/?p=2362\"]}]},{\"@type\":\"ImageObject\",\"inLanguage\":\"fr-FR\",\"@id\":\"https:\\\/\\\/macite.tg\\\/?p=2362#primaryimage\",\"url\":\"https:\\\/\\\/macite.tg\\\/wp-content\\\/uploads\\\/2022\\\/12\\\/IMG-20221205-WA0061.jpg\",\"contentUrl\":\"https:\\\/\\\/macite.tg\\\/wp-content\\\/uploads\\\/2022\\\/12\\\/IMG-20221205-WA0061.jpg\",\"width\":1080,\"height\":720},{\"@type\":\"BreadcrumbList\",\"@id\":\"https:\\\/\\\/macite.tg\\\/?p=2362#breadcrumb\",\"itemListElement\":[{\"@type\":\"ListItem\",\"position\":1,\"name\":\"Accueil\",\"item\":\"https:\\\/\\\/macite.tg\\\/\"},{\"@type\":\"ListItem\",\"position\":2,\"name\":\"CEDEAO \\\/ SOLDATS IVOIRIENS D\u00c9TENUS AU MALI: Tous les yeux riv\u00e9s sur Faure Gnassingb\u00e9\"}]},{\"@type\":\"WebSite\",\"@id\":\"https:\\\/\\\/macite.tg\\\/#website\",\"url\":\"https:\\\/\\\/macite.tg\\\/\",\"name\":\"\",\"description\":\"L&#039;information, la bonne!!!\",\"potentialAction\":[{\"@type\":\"SearchAction\",\"target\":{\"@type\":\"EntryPoint\",\"urlTemplate\":\"https:\\\/\\\/macite.tg\\\/?s={search_term_string}\"},\"query-input\":{\"@type\":\"PropertyValueSpecification\",\"valueRequired\":true,\"valueName\":\"search_term_string\"}}],\"inLanguage\":\"fr-FR\"},{\"@type\":\"Person\",\"@id\":\"https:\\\/\\\/macite.tg\\\/#\\\/schema\\\/person\\\/e9f2de7e5dbbe7770a9402c7ce82f5c2\",\"name\":\"Jean Pierre BAWELA\",\"image\":{\"@type\":\"ImageObject\",\"inLanguage\":\"fr-FR\",\"@id\":\"https:\\\/\\\/macite.tg\\\/wp-content\\\/uploads\\\/2023\\\/09\\\/WhatsApp-Image-2023-09-19-at-14.44.41-122x122.jpeg\",\"url\":\"https:\\\/\\\/macite.tg\\\/wp-content\\\/uploads\\\/2023\\\/09\\\/WhatsApp-Image-2023-09-19-at-14.44.41-122x122.jpeg\",\"contentUrl\":\"https:\\\/\\\/macite.tg\\\/wp-content\\\/uploads\\\/2023\\\/09\\\/WhatsApp-Image-2023-09-19-at-14.44.41-122x122.jpeg\",\"caption\":\"Jean Pierre BAWELA\"},\"url\":\"https:\\\/\\\/macite.tg\\\/?author=2\"}]}<\/script>\n<!-- \/ Yoast SEO plugin. -->","yoast_head_json":{"title":"CEDEAO \/ SOLDATS IVOIRIENS D\u00c9TENUS AU MALI: Tous les yeux riv\u00e9s sur Faure Gnassingb\u00e9 -","robots":{"index":"index","follow":"follow","max-snippet":"max-snippet:-1","max-image-preview":"max-image-preview:large","max-video-preview":"max-video-preview:-1"},"canonical":"https:\/\/macite.tg\/?p=2362","og_locale":"fr_FR","og_type":"article","og_title":"CEDEAO \/ SOLDATS IVOIRIENS D\u00c9TENUS AU MALI: Tous les yeux riv\u00e9s sur Faure Gnassingb\u00e9 -","og_description":"Les dirigeants d\u2019Afrique de l\u2019Ouest ont lanc\u00e9 un ultimatum aux autorit\u00e9s maliennes de lib\u00e9rer les 46 soldats ivoiriens, qu\u2019elles d\u00e9tiennent depuis le mois de Juillet, avant le 1er Janvier 2023. A d\u00e9faut, des sanctions suivront. C\u2019est l\u2019une des d\u00e9cisions prises lors du sommet tenu \u00e0 [&hellip;]","og_url":"https:\/\/macite.tg\/?p=2362","article_published_time":"2022-12-06T10:30:07+00:00","article_modified_time":"2022-12-06T10:30:08+00:00","og_image":[{"width":1080,"height":720,"url":"https:\/\/macite.tg\/wp-content\/uploads\/2022\/12\/IMG-20221205-WA0061.jpg","type":"image\/jpeg"}],"author":"Jean Pierre BAWELA","twitter_card":"summary_large_image","twitter_misc":{"\u00c9crit par":"Jean Pierre BAWELA","Dur\u00e9e de lecture estim\u00e9e":"3 minutes"},"schema":{"@context":"https:\/\/schema.org","@graph":[{"@type":"Article","@id":"https:\/\/macite.tg\/?p=2362#article","isPartOf":{"@id":"https:\/\/macite.tg\/?p=2362"},"author":{"name":"Jean Pierre BAWELA","@id":"https:\/\/macite.tg\/#\/schema\/person\/e9f2de7e5dbbe7770a9402c7ce82f5c2"},"headline":"CEDEAO \/ SOLDATS IVOIRIENS D\u00c9TENUS AU MALI: Tous les yeux riv\u00e9s sur Faure Gnassingb\u00e9","datePublished":"2022-12-06T10:30:07+00:00","dateModified":"2022-12-06T10:30:08+00:00","mainEntityOfPage":{"@id":"https:\/\/macite.tg\/?p=2362"},"wordCount":600,"commentCount":0,"image":{"@id":"https:\/\/macite.tg\/?p=2362#primaryimage"},"thumbnailUrl":"https:\/\/macite.tg\/wp-content\/uploads\/2022\/12\/IMG-20221205-WA0061.jpg","articleSection":["POLITIQUE"],"inLanguage":"fr-FR","potentialAction":[{"@type":"CommentAction","name":"Comment","target":["https:\/\/macite.tg\/?p=2362#respond"]}]},{"@type":"WebPage","@id":"https:\/\/macite.tg\/?p=2362","url":"https:\/\/macite.tg\/?p=2362","name":"CEDEAO \/ SOLDATS IVOIRIENS D\u00c9TENUS AU MALI: Tous les yeux riv\u00e9s sur Faure Gnassingb\u00e9 -","isPartOf":{"@id":"https:\/\/macite.tg\/#website"},"primaryImageOfPage":{"@id":"https:\/\/macite.tg\/?p=2362#primaryimage"},"image":{"@id":"https:\/\/macite.tg\/?p=2362#primaryimage"},"thumbnailUrl":"https:\/\/macite.tg\/wp-content\/uploads\/2022\/12\/IMG-20221205-WA0061.jpg","datePublished":"2022-12-06T10:30:07+00:00","dateModified":"2022-12-06T10:30:08+00:00","author":{"@id":"https:\/\/macite.tg\/#\/schema\/person\/e9f2de7e5dbbe7770a9402c7ce82f5c2"},"breadcrumb":{"@id":"https:\/\/macite.tg\/?p=2362#breadcrumb"},"inLanguage":"fr-FR","potentialAction":[{"@type":"ReadAction","target":["https:\/\/macite.tg\/?p=2362"]}]},{"@type":"ImageObject","inLanguage":"fr-FR","@id":"https:\/\/macite.tg\/?p=2362#primaryimage","url":"https:\/\/macite.tg\/wp-content\/uploads\/2022\/12\/IMG-20221205-WA0061.jpg","contentUrl":"https:\/\/macite.tg\/wp-content\/uploads\/2022\/12\/IMG-20221205-WA0061.jpg","width":1080,"height":720},{"@type":"BreadcrumbList","@id":"https:\/\/macite.tg\/?p=2362#breadcrumb","itemListElement":[{"@type":"ListItem","position":1,"name":"Accueil","item":"https:\/\/macite.tg\/"},{"@type":"ListItem","position":2,"name":"CEDEAO \/ SOLDATS IVOIRIENS D\u00c9TENUS AU MALI: Tous les yeux riv\u00e9s sur Faure Gnassingb\u00e9"}]},{"@type":"WebSite","@id":"https:\/\/macite.tg\/#website","url":"https:\/\/macite.tg\/","name":"","description":"L&#039;information, la bonne!!!","potentialAction":[{"@type":"SearchAction","target":{"@type":"EntryPoint","urlTemplate":"https:\/\/macite.tg\/?s={search_term_string}"},"query-input":{"@type":"PropertyValueSpecification","valueRequired":true,"valueName":"search_term_string"}}],"inLanguage":"fr-FR"},{"@type":"Person","@id":"https:\/\/macite.tg\/#\/schema\/person\/e9f2de7e5dbbe7770a9402c7ce82f5c2","name":"Jean Pierre BAWELA","image":{"@type":"ImageObject","inLanguage":"fr-FR","@id":"https:\/\/macite.tg\/wp-content\/uploads\/2023\/09\/WhatsApp-Image-2023-09-19-at-14.44.41-122x122.jpeg","url":"https:\/\/macite.tg\/wp-content\/uploads\/2023\/09\/WhatsApp-Image-2023-09-19-at-14.44.41-122x122.jpeg","contentUrl":"https:\/\/macite.tg\/wp-content\/uploads\/2023\/09\/WhatsApp-Image-2023-09-19-at-14.44.41-122x122.jpeg","caption":"Jean Pierre BAWELA"},"url":"https:\/\/macite.tg\/?author=2"}]}},"_links":{"self":[{"href":"https:\/\/macite.tg\/index.php?rest_route=\/wp\/v2\/posts\/2362","targetHints":{"allow":["GET"]}}],"collection":[{"href":"https:\/\/macite.tg\/index.php?rest_route=\/wp\/v2\/posts"}],"about":[{"href":"https:\/\/macite.tg\/index.php?rest_route=\/wp\/v2\/types\/post"}],"author":[{"embeddable":true,"href":"https:\/\/macite.tg\/index.php?rest_route=\/wp\/v2\/users\/2"}],"replies":[{"embeddable":true,"href":"https:\/\/macite.tg\/index.php?rest_route=%2Fwp%2Fv2%2Fcomments&post=2362"}],"version-history":[{"count":0,"href":"https:\/\/macite.tg\/index.php?rest_route=\/wp\/v2\/posts\/2362\/revisions"}],"wp:featuredmedia":[{"embeddable":true,"href":"https:\/\/macite.tg\/index.php?rest_route=\/wp\/v2\/media\/2364"}],"wp:attachment":[{"href":"https:\/\/macite.tg\/index.php?rest_route=%2Fwp%2Fv2%2Fmedia&parent=2362"}],"wp:term":[{"taxonomy":"category","embeddable":true,"href":"https:\/\/macite.tg\/index.php?rest_route=%2Fwp%2Fv2%2Fcategories&post=2362"},{"taxonomy":"post_tag","embeddable":true,"href":"https:\/\/macite.tg\/index.php?rest_route=%2Fwp%2Fv2%2Ftags&post=2362"}],"curies":[{"name":"wp","href":"https:\/\/api.w.org\/{rel}","templated":true}]}}