{"id":2358,"date":"2022-12-05T15:47:46","date_gmt":"2022-12-05T15:47:46","guid":{"rendered":"https:\/\/macite.info\/?p=2358"},"modified":"2022-12-05T15:49:41","modified_gmt":"2022-12-05T15:49:41","slug":"affaire-de-la-none-enceinte-les-precisions-de-leglise-catholique","status":"publish","type":"post","link":"https:\/\/macite.tg\/?p=2358","title":{"rendered":"AFFAIRE DE LA NONE \u2018\u2019ENCEINTE\u2019\u2019\u00a0: Les pr\u00e9cisions de l\u2019\u00c9glise Catholique"},"content":{"rendered":"\n<p class=\"wp-block-paragraph\"><strong><em>L\u2019histoire fait beaucoup de bruit sur les r\u00e9seaux sociaux ces derni\u00e8res heures au Cameroun. Les internautes ne comprennent pas comment quelqu\u2019un qui a fait le v\u0153u de chastet\u00e9, puisse tomber subitement enceinte, et continue par porter la soutane, contrairement \u00e0 ce que la religion autorise. Camerounweb en parle largement.<\/em><\/strong><\/p>\n\n\n\n<p class=\"wp-block-paragraph\">Ils sont plusieurs \u00e0 se poser des questions \u00e0 la vue de cette image d\u2019une none ave un \u2018\u2019ventre\u2019\u2019, post\u00e9e sur les r\u00e9seaux sociaux. <em>\u00ab Qui est responsable de \u00e7a ? Vous n\u2019aviez plus peur de Dieu hein ? M\u00eame dans la maison de Dieu ? \u00bb, <\/em>s\u2019interrogent les internautes.<\/p>\n\n\n\n<p class=\"wp-block-paragraph\"><em>\u00ab Eh, qui a fait \u00e7a, s\u0153ur \u00bb,<\/em> se demande un autre observateur sur Facebook. <em>\u00ab En plus, elle passe tranquillement, comme s\u2019il n\u2019y avait rien l\u00e0-bas \u00bb.<\/em><\/p>\n\n\n\n<p class=\"wp-block-paragraph\">La femme est toujours dans la longue robe blanche qui est la pi\u00e8ce principale du costume eccl\u00e9siastique traditionnel.<\/p>\n\n\n\n<p class=\"wp-block-paragraph\">Son ventre est bien gonfl\u00e9, ressemblant fortement \u00e0 celui d\u2019une femme qui est \u00e0 un stade tr\u00e8s avanc\u00e9 de grossesse. <em>\u00ab Ne salissez pas l\u2019image de cette bonne s\u0153ur pour la recherche des commentaires et des likes pour du buzz. Elle est malade depuis de longues ann\u00e9es. Au moins Dieu, craignez-le. C\u2019est d\u00e9cevant venant de vous \u00bb,<\/em> commente un internaute qui donne l\u2019impression de conna\u00eetre la femme. Selon celui-ci, la religieuse camerounaise ne serait pas tomb\u00e9e enceinte. C\u2019est une maladie dont elle souffre qui aurait fait ballonner son ventre. Justement, le lanceur d\u2019alerte N\u2019zui Manto soutient cette m\u00eame th\u00e8se : <em>\u00abS\u0153ur Elizabeth souffre d\u2019une maladie depuis quelques ann\u00e9es \u00bb.<\/em><\/p>\n\n\n<div class=\"wp-block-image\">\n<figure class=\"aligncenter size-large is-resized\"><img loading=\"lazy\" decoding=\"async\" src=\"https:\/\/macite.tg\/wp-content\/uploads\/2022\/11\/ANNONCES-1-1-1024x426.jpg\" alt=\"\" class=\"wp-image-2047\" width=\"705\" height=\"293\" srcset=\"https:\/\/macite.tg\/wp-content\/uploads\/2022\/11\/ANNONCES-1-1-1024x426.jpg 1024w, https:\/\/macite.tg\/wp-content\/uploads\/2022\/11\/ANNONCES-1-1-300x125.jpg 300w, https:\/\/macite.tg\/wp-content\/uploads\/2022\/11\/ANNONCES-1-1-768x319.jpg 768w, https:\/\/macite.tg\/wp-content\/uploads\/2022\/11\/ANNONCES-1-1.jpg 1080w\" sizes=\"auto, (max-width: 705px) 100vw, 705px\" \/><\/figure>\n<\/div>\n\n\n<p class=\"wp-block-paragraph\">L\u2019indignation et la curiosit\u00e9 des internautes sont grandes parce qu\u2019une s\u0153ur religieuse n\u2019est pas cens\u00e9e tomber enceinte. Le cas \u00e9ch\u00e9ant, elle est d\u00e9responsabilis\u00e9e de ses t\u00e2ches, autrement dit, on la suspend.<\/p>\n\n\n\n<p class=\"wp-block-paragraph\"><strong>Les explications du Dioc\u00e8se de Yaound\u00e9<\/strong><\/p>\n\n\n\n<p class=\"wp-block-paragraph\">Dans une publication, les responsables du Dioc\u00e8se de Yaound\u00e9 expliquent que c\u2019est bien la S\u0153ur \u00c9lisabeth connue de plusieurs personnes qui est sur les images. Sauf que le gros ventre de la none, n\u2019est pas une grossesse. La s\u0153ur souffrirait d\u2019une maladie&nbsp; depuis plusieurs ann\u00e9es.<\/p>\n\n\n\n<p class=\"wp-block-paragraph\"><em>\u00ab&nbsp;Quand la perversion envahit le monde, il n\u2019est plus aucun lieu o\u00f9 ne passe la satire et l\u2019infect parole\u2026A nous tous qui sommes choqu\u00e9s par les publications ind\u00e9centes au sujet de la s\u0153ur, que le Seigneur nous donne de tenir t\u00eate au malin et qu\u2019il accorde la gu\u00e9rison \u00e0 la s\u0153ur&nbsp;\u00bb,<\/em> \u00e9crit le Dioc\u00e8se de Yaound\u00e9.<\/p>\n\n\n\n<p class=\"wp-block-paragraph\">L\u2019activiste Nzui Manto a \u00e9galement expliqu\u00e9 pourquoi la s\u0153ur avait un gros ventre qui ressemble \u00e0 une grossesse.<\/p>\n\n\n\n<p class=\"wp-block-paragraph\"><em>\u00ab&nbsp;S\u0153ur \u00c9lisabeth souffre d\u2019une maladie depuis quelques ann\u00e9es. D\u2019ailleurs ses anciens \u00e9l\u00e8ves dans un internat de la place o\u00f9 elle donnait des cours sur la morale \u00e9taient t\u00e9moins de la d\u00e9gradation de son \u00e9tat de sant\u00e9. Voici des heures d\u00e9j\u00e0 des internautes lui attribuent une grossesse imaginaire dont le seul but est de se d\u00e9fouler&nbsp;\u00bb,<\/em> \u00e9crit-il.<\/p>\n\n\n\n<p class=\"wp-block-paragraph\"><strong><u>Source<\/u><\/strong><strong>&nbsp;: CamerounWeb<\/strong><\/p>\n\n\n\n<p class=\"wp-block-paragraph\"><strong><em>@macite.info<\/em><\/strong><\/p>\n\n\n\n<p class=\"wp-block-paragraph\"><strong><em>E-mail&nbsp;: <\/em><\/strong><a href=\"mailto:maciteinfo@gmail.com\"><strong><em>maciteinfo@gmail.com<\/em><\/strong><\/a><strong><em>; <\/em><\/strong><a href=\"mailto:bawela1@gmail.com\"><strong><em>bawela1@gmail.com<\/em><\/strong><\/a><\/p>\n\n\n\n<p class=\"wp-block-paragraph\"><strong><em>Pour vos annonces, (publi)reportages, etc., joignez nous au (00228) 91515309\/<strong>79872224<\/strong><\/em><\/strong><em><\/em><\/p>\n\n\n\n<p class=\"wp-block-paragraph\"><a href=\"http:\/\/www.macite.info\"><strong><em>www.macite.info<\/em><\/strong><\/a><strong><em>, L\u2019information, la bonne&nbsp;!<\/em><\/strong><\/p>\n","protected":false},"excerpt":{"rendered":"<p class=\"text-justify mb-2\" >L\u2019histoire fait beaucoup de bruit sur les r\u00e9seaux sociaux ces derni\u00e8res heures au Cameroun. Les internautes ne comprennent pas comment quelqu\u2019un qui a fait le v\u0153u de chastet\u00e9, puisse tomber subitement enceinte, et continue par porter la soutane, contrairement \u00e0 ce que la religion autorise. [&hellip;]<\/p>\n","protected":false},"author":2,"featured_media":2359,"comment_status":"open","ping_status":"open","sticky":false,"template":"","format":"standard","meta":{"footnotes":""},"categories":[6],"tags":[],"class_list":["post-2358","post","type-post","status-publish","format-standard","has-post-thumbnail","hentry","category-societe"],"yoast_head":"<!-- This site is optimized with the Yoast SEO plugin v28.4 - https:\/\/yoast.com\/product\/yoast-seo-wordpress\/ -->\n<title>AFFAIRE DE LA NONE \u2018\u2019ENCEINTE\u2019\u2019\u00a0: Les pr\u00e9cisions de l\u2019\u00c9glise Catholique -<\/title>\n<meta name=\"robots\" content=\"index, follow, max-snippet:-1, max-image-preview:large, max-video-preview:-1\" \/>\n<link rel=\"canonical\" href=\"https:\/\/macite.tg\/?p=2358\" \/>\n<meta property=\"og:locale\" content=\"fr_FR\" \/>\n<meta property=\"og:type\" content=\"article\" \/>\n<meta property=\"og:title\" content=\"AFFAIRE DE LA NONE \u2018\u2019ENCEINTE\u2019\u2019\u00a0: Les pr\u00e9cisions de l\u2019\u00c9glise Catholique -\" \/>\n<meta property=\"og:description\" content=\"L\u2019histoire fait beaucoup de bruit sur les r\u00e9seaux sociaux ces derni\u00e8res heures au Cameroun. Les internautes ne comprennent pas comment quelqu\u2019un qui a fait le v\u0153u de chastet\u00e9, puisse tomber subitement enceinte, et continue par porter la soutane, contrairement \u00e0 ce que la religion autorise. [&hellip;]\" \/>\n<meta property=\"og:url\" content=\"https:\/\/macite.tg\/?p=2358\" \/>\n<meta property=\"article:published_time\" content=\"2022-12-05T15:47:46+00:00\" \/>\n<meta property=\"article:modified_time\" content=\"2022-12-05T15:49:41+00:00\" \/>\n<meta property=\"og:image\" content=\"https:\/\/macite.tg\/wp-content\/uploads\/2022\/12\/soeur-catholique.jpg\" \/>\n\t<meta property=\"og:image:width\" content=\"300\" \/>\n\t<meta property=\"og:image:height\" content=\"241\" \/>\n\t<meta property=\"og:image:type\" content=\"image\/jpeg\" \/>\n<meta name=\"author\" content=\"Jean Pierre BAWELA\" \/>\n<meta name=\"twitter:card\" content=\"summary_large_image\" \/>\n<meta name=\"twitter:label1\" content=\"\u00c9crit par\" \/>\n\t<meta name=\"twitter:data1\" content=\"Jean Pierre BAWELA\" \/>\n\t<meta name=\"twitter:label2\" content=\"Dur\u00e9e de lecture estim\u00e9e\" \/>\n\t<meta name=\"twitter:data2\" content=\"3 minutes\" \/>\n<script type=\"application\/ld+json\" class=\"yoast-schema-graph\">{\"@context\":\"https:\\\/\\\/schema.org\",\"@graph\":[{\"@type\":\"Article\",\"@id\":\"https:\\\/\\\/macite.tg\\\/?p=2358#article\",\"isPartOf\":{\"@id\":\"https:\\\/\\\/macite.tg\\\/?p=2358\"},\"author\":{\"name\":\"Jean Pierre BAWELA\",\"@id\":\"https:\\\/\\\/macite.tg\\\/#\\\/schema\\\/person\\\/e9f2de7e5dbbe7770a9402c7ce82f5c2\"},\"headline\":\"AFFAIRE DE LA NONE \u2018\u2019ENCEINTE\u2019\u2019\u00a0: Les pr\u00e9cisions de l\u2019\u00c9glise Catholique\",\"datePublished\":\"2022-12-05T15:47:46+00:00\",\"dateModified\":\"2022-12-05T15:49:41+00:00\",\"mainEntityOfPage\":{\"@id\":\"https:\\\/\\\/macite.tg\\\/?p=2358\"},\"wordCount\":567,\"commentCount\":0,\"image\":{\"@id\":\"https:\\\/\\\/macite.tg\\\/?p=2358#primaryimage\"},\"thumbnailUrl\":\"https:\\\/\\\/macite.tg\\\/wp-content\\\/uploads\\\/2022\\\/12\\\/soeur-catholique.jpg\",\"articleSection\":[\"SOCIETE\"],\"inLanguage\":\"fr-FR\",\"potentialAction\":[{\"@type\":\"CommentAction\",\"name\":\"Comment\",\"target\":[\"https:\\\/\\\/macite.tg\\\/?p=2358#respond\"]}]},{\"@type\":\"WebPage\",\"@id\":\"https:\\\/\\\/macite.tg\\\/?p=2358\",\"url\":\"https:\\\/\\\/macite.tg\\\/?p=2358\",\"name\":\"AFFAIRE DE LA NONE \u2018\u2019ENCEINTE\u2019\u2019\u00a0: Les pr\u00e9cisions de l\u2019\u00c9glise Catholique -\",\"isPartOf\":{\"@id\":\"https:\\\/\\\/macite.tg\\\/#website\"},\"primaryImageOfPage\":{\"@id\":\"https:\\\/\\\/macite.tg\\\/?p=2358#primaryimage\"},\"image\":{\"@id\":\"https:\\\/\\\/macite.tg\\\/?p=2358#primaryimage\"},\"thumbnailUrl\":\"https:\\\/\\\/macite.tg\\\/wp-content\\\/uploads\\\/2022\\\/12\\\/soeur-catholique.jpg\",\"datePublished\":\"2022-12-05T15:47:46+00:00\",\"dateModified\":\"2022-12-05T15:49:41+00:00\",\"author\":{\"@id\":\"https:\\\/\\\/macite.tg\\\/#\\\/schema\\\/person\\\/e9f2de7e5dbbe7770a9402c7ce82f5c2\"},\"breadcrumb\":{\"@id\":\"https:\\\/\\\/macite.tg\\\/?p=2358#breadcrumb\"},\"inLanguage\":\"fr-FR\",\"potentialAction\":[{\"@type\":\"ReadAction\",\"target\":[\"https:\\\/\\\/macite.tg\\\/?p=2358\"]}]},{\"@type\":\"ImageObject\",\"inLanguage\":\"fr-FR\",\"@id\":\"https:\\\/\\\/macite.tg\\\/?p=2358#primaryimage\",\"url\":\"https:\\\/\\\/macite.tg\\\/wp-content\\\/uploads\\\/2022\\\/12\\\/soeur-catholique.jpg\",\"contentUrl\":\"https:\\\/\\\/macite.tg\\\/wp-content\\\/uploads\\\/2022\\\/12\\\/soeur-catholique.jpg\",\"width\":300,\"height\":241},{\"@type\":\"BreadcrumbList\",\"@id\":\"https:\\\/\\\/macite.tg\\\/?p=2358#breadcrumb\",\"itemListElement\":[{\"@type\":\"ListItem\",\"position\":1,\"name\":\"Accueil\",\"item\":\"https:\\\/\\\/macite.tg\\\/\"},{\"@type\":\"ListItem\",\"position\":2,\"name\":\"AFFAIRE DE LA NONE \u2018\u2019ENCEINTE\u2019\u2019\u00a0: Les pr\u00e9cisions de l\u2019\u00c9glise Catholique\"}]},{\"@type\":\"WebSite\",\"@id\":\"https:\\\/\\\/macite.tg\\\/#website\",\"url\":\"https:\\\/\\\/macite.tg\\\/\",\"name\":\"\",\"description\":\"L&#039;information, la bonne!!!\",\"potentialAction\":[{\"@type\":\"SearchAction\",\"target\":{\"@type\":\"EntryPoint\",\"urlTemplate\":\"https:\\\/\\\/macite.tg\\\/?s={search_term_string}\"},\"query-input\":{\"@type\":\"PropertyValueSpecification\",\"valueRequired\":true,\"valueName\":\"search_term_string\"}}],\"inLanguage\":\"fr-FR\"},{\"@type\":\"Person\",\"@id\":\"https:\\\/\\\/macite.tg\\\/#\\\/schema\\\/person\\\/e9f2de7e5dbbe7770a9402c7ce82f5c2\",\"name\":\"Jean Pierre BAWELA\",\"image\":{\"@type\":\"ImageObject\",\"inLanguage\":\"fr-FR\",\"@id\":\"https:\\\/\\\/macite.tg\\\/wp-content\\\/uploads\\\/2023\\\/09\\\/WhatsApp-Image-2023-09-19-at-14.44.41-122x122.jpeg\",\"url\":\"https:\\\/\\\/macite.tg\\\/wp-content\\\/uploads\\\/2023\\\/09\\\/WhatsApp-Image-2023-09-19-at-14.44.41-122x122.jpeg\",\"contentUrl\":\"https:\\\/\\\/macite.tg\\\/wp-content\\\/uploads\\\/2023\\\/09\\\/WhatsApp-Image-2023-09-19-at-14.44.41-122x122.jpeg\",\"caption\":\"Jean Pierre BAWELA\"},\"url\":\"https:\\\/\\\/macite.tg\\\/?author=2\"}]}<\/script>\n<!-- \/ Yoast SEO plugin. -->","yoast_head_json":{"title":"AFFAIRE DE LA NONE \u2018\u2019ENCEINTE\u2019\u2019\u00a0: Les pr\u00e9cisions de l\u2019\u00c9glise Catholique -","robots":{"index":"index","follow":"follow","max-snippet":"max-snippet:-1","max-image-preview":"max-image-preview:large","max-video-preview":"max-video-preview:-1"},"canonical":"https:\/\/macite.tg\/?p=2358","og_locale":"fr_FR","og_type":"article","og_title":"AFFAIRE DE LA NONE \u2018\u2019ENCEINTE\u2019\u2019\u00a0: Les pr\u00e9cisions de l\u2019\u00c9glise Catholique -","og_description":"L\u2019histoire fait beaucoup de bruit sur les r\u00e9seaux sociaux ces derni\u00e8res heures au Cameroun. Les internautes ne comprennent pas comment quelqu\u2019un qui a fait le v\u0153u de chastet\u00e9, puisse tomber subitement enceinte, et continue par porter la soutane, contrairement \u00e0 ce que la religion autorise. [&hellip;]","og_url":"https:\/\/macite.tg\/?p=2358","article_published_time":"2022-12-05T15:47:46+00:00","article_modified_time":"2022-12-05T15:49:41+00:00","og_image":[{"width":300,"height":241,"url":"https:\/\/macite.tg\/wp-content\/uploads\/2022\/12\/soeur-catholique.jpg","type":"image\/jpeg"}],"author":"Jean Pierre BAWELA","twitter_card":"summary_large_image","twitter_misc":{"\u00c9crit par":"Jean Pierre BAWELA","Dur\u00e9e de lecture estim\u00e9e":"3 minutes"},"schema":{"@context":"https:\/\/schema.org","@graph":[{"@type":"Article","@id":"https:\/\/macite.tg\/?p=2358#article","isPartOf":{"@id":"https:\/\/macite.tg\/?p=2358"},"author":{"name":"Jean Pierre BAWELA","@id":"https:\/\/macite.tg\/#\/schema\/person\/e9f2de7e5dbbe7770a9402c7ce82f5c2"},"headline":"AFFAIRE DE LA NONE \u2018\u2019ENCEINTE\u2019\u2019\u00a0: Les pr\u00e9cisions de l\u2019\u00c9glise Catholique","datePublished":"2022-12-05T15:47:46+00:00","dateModified":"2022-12-05T15:49:41+00:00","mainEntityOfPage":{"@id":"https:\/\/macite.tg\/?p=2358"},"wordCount":567,"commentCount":0,"image":{"@id":"https:\/\/macite.tg\/?p=2358#primaryimage"},"thumbnailUrl":"https:\/\/macite.tg\/wp-content\/uploads\/2022\/12\/soeur-catholique.jpg","articleSection":["SOCIETE"],"inLanguage":"fr-FR","potentialAction":[{"@type":"CommentAction","name":"Comment","target":["https:\/\/macite.tg\/?p=2358#respond"]}]},{"@type":"WebPage","@id":"https:\/\/macite.tg\/?p=2358","url":"https:\/\/macite.tg\/?p=2358","name":"AFFAIRE DE LA NONE \u2018\u2019ENCEINTE\u2019\u2019\u00a0: Les pr\u00e9cisions de l\u2019\u00c9glise Catholique -","isPartOf":{"@id":"https:\/\/macite.tg\/#website"},"primaryImageOfPage":{"@id":"https:\/\/macite.tg\/?p=2358#primaryimage"},"image":{"@id":"https:\/\/macite.tg\/?p=2358#primaryimage"},"thumbnailUrl":"https:\/\/macite.tg\/wp-content\/uploads\/2022\/12\/soeur-catholique.jpg","datePublished":"2022-12-05T15:47:46+00:00","dateModified":"2022-12-05T15:49:41+00:00","author":{"@id":"https:\/\/macite.tg\/#\/schema\/person\/e9f2de7e5dbbe7770a9402c7ce82f5c2"},"breadcrumb":{"@id":"https:\/\/macite.tg\/?p=2358#breadcrumb"},"inLanguage":"fr-FR","potentialAction":[{"@type":"ReadAction","target":["https:\/\/macite.tg\/?p=2358"]}]},{"@type":"ImageObject","inLanguage":"fr-FR","@id":"https:\/\/macite.tg\/?p=2358#primaryimage","url":"https:\/\/macite.tg\/wp-content\/uploads\/2022\/12\/soeur-catholique.jpg","contentUrl":"https:\/\/macite.tg\/wp-content\/uploads\/2022\/12\/soeur-catholique.jpg","width":300,"height":241},{"@type":"BreadcrumbList","@id":"https:\/\/macite.tg\/?p=2358#breadcrumb","itemListElement":[{"@type":"ListItem","position":1,"name":"Accueil","item":"https:\/\/macite.tg\/"},{"@type":"ListItem","position":2,"name":"AFFAIRE DE LA NONE \u2018\u2019ENCEINTE\u2019\u2019\u00a0: Les pr\u00e9cisions de l\u2019\u00c9glise Catholique"}]},{"@type":"WebSite","@id":"https:\/\/macite.tg\/#website","url":"https:\/\/macite.tg\/","name":"","description":"L&#039;information, la bonne!!!","potentialAction":[{"@type":"SearchAction","target":{"@type":"EntryPoint","urlTemplate":"https:\/\/macite.tg\/?s={search_term_string}"},"query-input":{"@type":"PropertyValueSpecification","valueRequired":true,"valueName":"search_term_string"}}],"inLanguage":"fr-FR"},{"@type":"Person","@id":"https:\/\/macite.tg\/#\/schema\/person\/e9f2de7e5dbbe7770a9402c7ce82f5c2","name":"Jean Pierre BAWELA","image":{"@type":"ImageObject","inLanguage":"fr-FR","@id":"https:\/\/macite.tg\/wp-content\/uploads\/2023\/09\/WhatsApp-Image-2023-09-19-at-14.44.41-122x122.jpeg","url":"https:\/\/macite.tg\/wp-content\/uploads\/2023\/09\/WhatsApp-Image-2023-09-19-at-14.44.41-122x122.jpeg","contentUrl":"https:\/\/macite.tg\/wp-content\/uploads\/2023\/09\/WhatsApp-Image-2023-09-19-at-14.44.41-122x122.jpeg","caption":"Jean Pierre BAWELA"},"url":"https:\/\/macite.tg\/?author=2"}]}},"_links":{"self":[{"href":"https:\/\/macite.tg\/index.php?rest_route=\/wp\/v2\/posts\/2358","targetHints":{"allow":["GET"]}}],"collection":[{"href":"https:\/\/macite.tg\/index.php?rest_route=\/wp\/v2\/posts"}],"about":[{"href":"https:\/\/macite.tg\/index.php?rest_route=\/wp\/v2\/types\/post"}],"author":[{"embeddable":true,"href":"https:\/\/macite.tg\/index.php?rest_route=\/wp\/v2\/users\/2"}],"replies":[{"embeddable":true,"href":"https:\/\/macite.tg\/index.php?rest_route=%2Fwp%2Fv2%2Fcomments&post=2358"}],"version-history":[{"count":0,"href":"https:\/\/macite.tg\/index.php?rest_route=\/wp\/v2\/posts\/2358\/revisions"}],"wp:featuredmedia":[{"embeddable":true,"href":"https:\/\/macite.tg\/index.php?rest_route=\/wp\/v2\/media\/2359"}],"wp:attachment":[{"href":"https:\/\/macite.tg\/index.php?rest_route=%2Fwp%2Fv2%2Fmedia&parent=2358"}],"wp:term":[{"taxonomy":"category","embeddable":true,"href":"https:\/\/macite.tg\/index.php?rest_route=%2Fwp%2Fv2%2Fcategories&post=2358"},{"taxonomy":"post_tag","embeddable":true,"href":"https:\/\/macite.tg\/index.php?rest_route=%2Fwp%2Fv2%2Ftags&post=2358"}],"curies":[{"name":"wp","href":"https:\/\/api.w.org\/{rel}","templated":true}]}}