{"id":23561,"date":"2025-07-16T16:35:59","date_gmt":"2025-07-16T16:35:59","guid":{"rendered":"https:\/\/macite.tg\/?p=23561"},"modified":"2025-07-16T16:36:07","modified_gmt":"2025-07-16T16:36:07","slug":"unite-nationale-le-president-de-la-republique-a-recu-des-tetes-couronnees","status":"publish","type":"post","link":"https:\/\/macite.tg\/?p=23561","title":{"rendered":"UNITE NATIONALE\u00a0: Le Pr\u00e9sident de la R\u00e9publique a re\u00e7u des t\u00eates couronn\u00e9es"},"content":{"rendered":"\n<p class=\"wp-block-paragraph\"><strong><em>Le Pr\u00e9sident de la R\u00e9publique, Jean-Lucien Savi de Tov\u00e9, a re\u00e7u, hier mardi 15 juillet en audience au Palais de la Pr\u00e9sidence, une d\u00e9l\u00e9gation des t\u00eates couronn\u00e9es.<\/em><\/strong><\/p>\n\n\n\n<p class=\"wp-block-paragraph\">Conduite par Sama Kouya Batcharo, pr\u00e9sident du Conseil national des chefs traditionnels du Togo (CNCTT), et chef du canton de Kpinzind\u00e8, dans la Kozah, cette d\u00e9l\u00e9gation est all\u00e9e pr\u00e9sent\u00e9e ses civilit\u00e9s au Pr\u00e9sident de la R\u00e9publique, Jean-Lucien Savi de Tov\u00e9, depuis son \u00e9lection le 03 mai dernier.<\/p>\n\n\n<div class=\"wp-block-image\">\n<figure class=\"aligncenter size-full\"><img loading=\"lazy\" decoding=\"async\" width=\"730\" height=\"1024\" src=\"https:\/\/macite.tg\/wp-content\/uploads\/2025\/07\/image-1.jpeg\" alt=\"\" class=\"wp-image-23518\" srcset=\"https:\/\/macite.tg\/wp-content\/uploads\/2025\/07\/image-1.jpeg 730w, https:\/\/macite.tg\/wp-content\/uploads\/2025\/07\/image-1-214x300.jpeg 214w\" sizes=\"auto, (max-width: 730px) 100vw, 730px\" \/><\/figure>\n<\/div>\n\n\n<p class=\"wp-block-paragraph\">Tout en r\u00e9affirmant leur disponibilit\u00e9 \u00e0 travailler pour la consolidation de l\u2019unit\u00e9 nationale, les gardiens des us et coutumes ont saisi l\u2019occasion pour inviter les populations \u00e0 sortir massivement demain 17 juillet pour accomplir leur devoir civique, ceci dans le calme et la s\u00e9r\u00e9nit\u00e9.<\/p>\n\n\n\n<p class=\"wp-block-paragraph\"><strong>La R\u00e9daction<\/strong><\/p>\n\n\n\n<p class=\"wp-block-paragraph\"><a><strong><em>@macite.tg&nbsp;&nbsp;&nbsp;&nbsp;&nbsp;&nbsp;&nbsp;&nbsp;<\/em><\/strong><\/a><\/p>\n\n\n\n<p class=\"wp-block-paragraph\"><strong><em>E-mail&nbsp;: <\/em><\/strong><a href=\"mailto:maciteinfo@gmail.com\"><strong><em>maciteinfo@gmail.com<\/em><\/strong><\/a><strong><em>; <\/em><\/strong><a href=\"mailto:bawela1@gmail.com\"><strong><em>bawela1@gmail.com<\/em><\/strong><\/a><strong><em><\/em><\/strong><\/p>\n\n\n\n<p class=\"wp-block-paragraph\"><strong><em>Pour vos annonces, (publi)reportages, etc., joignez-nous au (00228)91515309\/<strong>79872224 <\/strong><strong><\/strong><\/em><\/strong><\/p>\n\n\n\n<p class=\"wp-block-paragraph\"><strong><em>www.macite.tg, L\u2019information, la bonne&nbsp;!<\/em><\/strong><\/p>\n","protected":false},"excerpt":{"rendered":"<p class=\"text-justify mb-2\" >Le Pr\u00e9sident de la R\u00e9publique, Jean-Lucien Savi de Tov\u00e9, a re\u00e7u, hier mardi 15 juillet en audience au Palais de la Pr\u00e9sidence, une d\u00e9l\u00e9gation des t\u00eates couronn\u00e9es. Conduite par Sama Kouya Batcharo, pr\u00e9sident du Conseil national des chefs traditionnels du Togo (CNCTT), et chef du [&hellip;]<\/p>\n","protected":false},"author":2,"featured_media":23563,"comment_status":"open","ping_status":"open","sticky":false,"template":"","format":"standard","meta":{"footnotes":""},"categories":[20,1],"tags":[],"class_list":["post-23561","post","type-post","status-publish","format-standard","has-post-thumbnail","hentry","category-actualite","category-politique"],"yoast_head":"<!-- This site is optimized with the Yoast SEO plugin v28.4 - https:\/\/yoast.com\/product\/yoast-seo-wordpress\/ -->\n<title>UNITE NATIONALE\u00a0: Le Pr\u00e9sident de la R\u00e9publique a re\u00e7u des t\u00eates couronn\u00e9es -<\/title>\n<meta name=\"robots\" content=\"index, follow, max-snippet:-1, max-image-preview:large, max-video-preview:-1\" \/>\n<link rel=\"canonical\" href=\"https:\/\/macite.tg\/?p=23561\" \/>\n<meta property=\"og:locale\" content=\"fr_FR\" \/>\n<meta property=\"og:type\" content=\"article\" \/>\n<meta property=\"og:title\" content=\"UNITE NATIONALE\u00a0: Le Pr\u00e9sident de la R\u00e9publique a re\u00e7u des t\u00eates couronn\u00e9es -\" \/>\n<meta property=\"og:description\" content=\"Le Pr\u00e9sident de la R\u00e9publique, Jean-Lucien Savi de Tov\u00e9, a re\u00e7u, hier mardi 15 juillet en audience au Palais de la Pr\u00e9sidence, une d\u00e9l\u00e9gation des t\u00eates couronn\u00e9es. Conduite par Sama Kouya Batcharo, pr\u00e9sident du Conseil national des chefs traditionnels du Togo (CNCTT), et chef du [&hellip;]\" \/>\n<meta property=\"og:url\" content=\"https:\/\/macite.tg\/?p=23561\" \/>\n<meta property=\"article:published_time\" content=\"2025-07-16T16:35:59+00:00\" \/>\n<meta property=\"article:modified_time\" content=\"2025-07-16T16:36:07+00:00\" \/>\n<meta property=\"og:image\" content=\"https:\/\/macite.tg\/wp-content\/uploads\/2025\/07\/PR.jpg\" \/>\n\t<meta property=\"og:image:width\" content=\"500\" \/>\n\t<meta property=\"og:image:height\" content=\"249\" \/>\n\t<meta property=\"og:image:type\" content=\"image\/jpeg\" \/>\n<meta name=\"author\" content=\"Jean Pierre BAWELA\" \/>\n<meta name=\"twitter:card\" content=\"summary_large_image\" \/>\n<meta name=\"twitter:label1\" content=\"\u00c9crit par\" \/>\n\t<meta name=\"twitter:data1\" content=\"Jean Pierre BAWELA\" \/>\n\t<meta name=\"twitter:label2\" content=\"Dur\u00e9e de lecture estim\u00e9e\" \/>\n\t<meta name=\"twitter:data2\" content=\"2 minutes\" \/>\n<script type=\"application\/ld+json\" class=\"yoast-schema-graph\">{\"@context\":\"https:\\\/\\\/schema.org\",\"@graph\":[{\"@type\":\"Article\",\"@id\":\"https:\\\/\\\/macite.tg\\\/?p=23561#article\",\"isPartOf\":{\"@id\":\"https:\\\/\\\/macite.tg\\\/?p=23561\"},\"author\":{\"name\":\"Jean Pierre BAWELA\",\"@id\":\"https:\\\/\\\/macite.tg\\\/#\\\/schema\\\/person\\\/e9f2de7e5dbbe7770a9402c7ce82f5c2\"},\"headline\":\"UNITE NATIONALE\u00a0: Le Pr\u00e9sident de la R\u00e9publique a re\u00e7u des t\u00eates couronn\u00e9es\",\"datePublished\":\"2025-07-16T16:35:59+00:00\",\"dateModified\":\"2025-07-16T16:36:07+00:00\",\"mainEntityOfPage\":{\"@id\":\"https:\\\/\\\/macite.tg\\\/?p=23561\"},\"wordCount\":189,\"commentCount\":0,\"image\":{\"@id\":\"https:\\\/\\\/macite.tg\\\/?p=23561#primaryimage\"},\"thumbnailUrl\":\"https:\\\/\\\/macite.tg\\\/wp-content\\\/uploads\\\/2025\\\/07\\\/PR.jpg\",\"articleSection\":[\"ACTUALITE\",\"POLITIQUE\"],\"inLanguage\":\"fr-FR\",\"potentialAction\":[{\"@type\":\"CommentAction\",\"name\":\"Comment\",\"target\":[\"https:\\\/\\\/macite.tg\\\/?p=23561#respond\"]}]},{\"@type\":\"WebPage\",\"@id\":\"https:\\\/\\\/macite.tg\\\/?p=23561\",\"url\":\"https:\\\/\\\/macite.tg\\\/?p=23561\",\"name\":\"UNITE NATIONALE\u00a0: Le Pr\u00e9sident de la R\u00e9publique a re\u00e7u des t\u00eates couronn\u00e9es -\",\"isPartOf\":{\"@id\":\"https:\\\/\\\/macite.tg\\\/#website\"},\"primaryImageOfPage\":{\"@id\":\"https:\\\/\\\/macite.tg\\\/?p=23561#primaryimage\"},\"image\":{\"@id\":\"https:\\\/\\\/macite.tg\\\/?p=23561#primaryimage\"},\"thumbnailUrl\":\"https:\\\/\\\/macite.tg\\\/wp-content\\\/uploads\\\/2025\\\/07\\\/PR.jpg\",\"datePublished\":\"2025-07-16T16:35:59+00:00\",\"dateModified\":\"2025-07-16T16:36:07+00:00\",\"author\":{\"@id\":\"https:\\\/\\\/macite.tg\\\/#\\\/schema\\\/person\\\/e9f2de7e5dbbe7770a9402c7ce82f5c2\"},\"breadcrumb\":{\"@id\":\"https:\\\/\\\/macite.tg\\\/?p=23561#breadcrumb\"},\"inLanguage\":\"fr-FR\",\"potentialAction\":[{\"@type\":\"ReadAction\",\"target\":[\"https:\\\/\\\/macite.tg\\\/?p=23561\"]}]},{\"@type\":\"ImageObject\",\"inLanguage\":\"fr-FR\",\"@id\":\"https:\\\/\\\/macite.tg\\\/?p=23561#primaryimage\",\"url\":\"https:\\\/\\\/macite.tg\\\/wp-content\\\/uploads\\\/2025\\\/07\\\/PR.jpg\",\"contentUrl\":\"https:\\\/\\\/macite.tg\\\/wp-content\\\/uploads\\\/2025\\\/07\\\/PR.jpg\",\"width\":500,\"height\":249,\"caption\":\"Photo de famille avec le Pr\u00e9sident de la R\u00e9publique, jean-Lucien Savi de Tov\u00e9.\"},{\"@type\":\"BreadcrumbList\",\"@id\":\"https:\\\/\\\/macite.tg\\\/?p=23561#breadcrumb\",\"itemListElement\":[{\"@type\":\"ListItem\",\"position\":1,\"name\":\"Accueil\",\"item\":\"https:\\\/\\\/macite.tg\\\/\"},{\"@type\":\"ListItem\",\"position\":2,\"name\":\"UNITE NATIONALE\u00a0: Le Pr\u00e9sident de la R\u00e9publique a re\u00e7u des t\u00eates couronn\u00e9es\"}]},{\"@type\":\"WebSite\",\"@id\":\"https:\\\/\\\/macite.tg\\\/#website\",\"url\":\"https:\\\/\\\/macite.tg\\\/\",\"name\":\"\",\"description\":\"L&#039;information, la bonne!!!\",\"potentialAction\":[{\"@type\":\"SearchAction\",\"target\":{\"@type\":\"EntryPoint\",\"urlTemplate\":\"https:\\\/\\\/macite.tg\\\/?s={search_term_string}\"},\"query-input\":{\"@type\":\"PropertyValueSpecification\",\"valueRequired\":true,\"valueName\":\"search_term_string\"}}],\"inLanguage\":\"fr-FR\"},{\"@type\":\"Person\",\"@id\":\"https:\\\/\\\/macite.tg\\\/#\\\/schema\\\/person\\\/e9f2de7e5dbbe7770a9402c7ce82f5c2\",\"name\":\"Jean Pierre BAWELA\",\"image\":{\"@type\":\"ImageObject\",\"inLanguage\":\"fr-FR\",\"@id\":\"https:\\\/\\\/macite.tg\\\/wp-content\\\/uploads\\\/2023\\\/09\\\/WhatsApp-Image-2023-09-19-at-14.44.41-122x122.jpeg\",\"url\":\"https:\\\/\\\/macite.tg\\\/wp-content\\\/uploads\\\/2023\\\/09\\\/WhatsApp-Image-2023-09-19-at-14.44.41-122x122.jpeg\",\"contentUrl\":\"https:\\\/\\\/macite.tg\\\/wp-content\\\/uploads\\\/2023\\\/09\\\/WhatsApp-Image-2023-09-19-at-14.44.41-122x122.jpeg\",\"caption\":\"Jean Pierre BAWELA\"},\"url\":\"https:\\\/\\\/macite.tg\\\/?author=2\"}]}<\/script>\n<!-- \/ Yoast SEO plugin. -->","yoast_head_json":{"title":"UNITE NATIONALE\u00a0: Le Pr\u00e9sident de la R\u00e9publique a re\u00e7u des t\u00eates couronn\u00e9es -","robots":{"index":"index","follow":"follow","max-snippet":"max-snippet:-1","max-image-preview":"max-image-preview:large","max-video-preview":"max-video-preview:-1"},"canonical":"https:\/\/macite.tg\/?p=23561","og_locale":"fr_FR","og_type":"article","og_title":"UNITE NATIONALE\u00a0: Le Pr\u00e9sident de la R\u00e9publique a re\u00e7u des t\u00eates couronn\u00e9es -","og_description":"Le Pr\u00e9sident de la R\u00e9publique, Jean-Lucien Savi de Tov\u00e9, a re\u00e7u, hier mardi 15 juillet en audience au Palais de la Pr\u00e9sidence, une d\u00e9l\u00e9gation des t\u00eates couronn\u00e9es. Conduite par Sama Kouya Batcharo, pr\u00e9sident du Conseil national des chefs traditionnels du Togo (CNCTT), et chef du [&hellip;]","og_url":"https:\/\/macite.tg\/?p=23561","article_published_time":"2025-07-16T16:35:59+00:00","article_modified_time":"2025-07-16T16:36:07+00:00","og_image":[{"width":500,"height":249,"url":"https:\/\/macite.tg\/wp-content\/uploads\/2025\/07\/PR.jpg","type":"image\/jpeg"}],"author":"Jean Pierre BAWELA","twitter_card":"summary_large_image","twitter_misc":{"\u00c9crit par":"Jean Pierre BAWELA","Dur\u00e9e de lecture estim\u00e9e":"2 minutes"},"schema":{"@context":"https:\/\/schema.org","@graph":[{"@type":"Article","@id":"https:\/\/macite.tg\/?p=23561#article","isPartOf":{"@id":"https:\/\/macite.tg\/?p=23561"},"author":{"name":"Jean Pierre BAWELA","@id":"https:\/\/macite.tg\/#\/schema\/person\/e9f2de7e5dbbe7770a9402c7ce82f5c2"},"headline":"UNITE NATIONALE\u00a0: Le Pr\u00e9sident de la R\u00e9publique a re\u00e7u des t\u00eates couronn\u00e9es","datePublished":"2025-07-16T16:35:59+00:00","dateModified":"2025-07-16T16:36:07+00:00","mainEntityOfPage":{"@id":"https:\/\/macite.tg\/?p=23561"},"wordCount":189,"commentCount":0,"image":{"@id":"https:\/\/macite.tg\/?p=23561#primaryimage"},"thumbnailUrl":"https:\/\/macite.tg\/wp-content\/uploads\/2025\/07\/PR.jpg","articleSection":["ACTUALITE","POLITIQUE"],"inLanguage":"fr-FR","potentialAction":[{"@type":"CommentAction","name":"Comment","target":["https:\/\/macite.tg\/?p=23561#respond"]}]},{"@type":"WebPage","@id":"https:\/\/macite.tg\/?p=23561","url":"https:\/\/macite.tg\/?p=23561","name":"UNITE NATIONALE\u00a0: Le Pr\u00e9sident de la R\u00e9publique a re\u00e7u des t\u00eates couronn\u00e9es -","isPartOf":{"@id":"https:\/\/macite.tg\/#website"},"primaryImageOfPage":{"@id":"https:\/\/macite.tg\/?p=23561#primaryimage"},"image":{"@id":"https:\/\/macite.tg\/?p=23561#primaryimage"},"thumbnailUrl":"https:\/\/macite.tg\/wp-content\/uploads\/2025\/07\/PR.jpg","datePublished":"2025-07-16T16:35:59+00:00","dateModified":"2025-07-16T16:36:07+00:00","author":{"@id":"https:\/\/macite.tg\/#\/schema\/person\/e9f2de7e5dbbe7770a9402c7ce82f5c2"},"breadcrumb":{"@id":"https:\/\/macite.tg\/?p=23561#breadcrumb"},"inLanguage":"fr-FR","potentialAction":[{"@type":"ReadAction","target":["https:\/\/macite.tg\/?p=23561"]}]},{"@type":"ImageObject","inLanguage":"fr-FR","@id":"https:\/\/macite.tg\/?p=23561#primaryimage","url":"https:\/\/macite.tg\/wp-content\/uploads\/2025\/07\/PR.jpg","contentUrl":"https:\/\/macite.tg\/wp-content\/uploads\/2025\/07\/PR.jpg","width":500,"height":249,"caption":"Photo de famille avec le Pr\u00e9sident de la R\u00e9publique, jean-Lucien Savi de Tov\u00e9."},{"@type":"BreadcrumbList","@id":"https:\/\/macite.tg\/?p=23561#breadcrumb","itemListElement":[{"@type":"ListItem","position":1,"name":"Accueil","item":"https:\/\/macite.tg\/"},{"@type":"ListItem","position":2,"name":"UNITE NATIONALE\u00a0: Le Pr\u00e9sident de la R\u00e9publique a re\u00e7u des t\u00eates couronn\u00e9es"}]},{"@type":"WebSite","@id":"https:\/\/macite.tg\/#website","url":"https:\/\/macite.tg\/","name":"","description":"L&#039;information, la bonne!!!","potentialAction":[{"@type":"SearchAction","target":{"@type":"EntryPoint","urlTemplate":"https:\/\/macite.tg\/?s={search_term_string}"},"query-input":{"@type":"PropertyValueSpecification","valueRequired":true,"valueName":"search_term_string"}}],"inLanguage":"fr-FR"},{"@type":"Person","@id":"https:\/\/macite.tg\/#\/schema\/person\/e9f2de7e5dbbe7770a9402c7ce82f5c2","name":"Jean Pierre BAWELA","image":{"@type":"ImageObject","inLanguage":"fr-FR","@id":"https:\/\/macite.tg\/wp-content\/uploads\/2023\/09\/WhatsApp-Image-2023-09-19-at-14.44.41-122x122.jpeg","url":"https:\/\/macite.tg\/wp-content\/uploads\/2023\/09\/WhatsApp-Image-2023-09-19-at-14.44.41-122x122.jpeg","contentUrl":"https:\/\/macite.tg\/wp-content\/uploads\/2023\/09\/WhatsApp-Image-2023-09-19-at-14.44.41-122x122.jpeg","caption":"Jean Pierre BAWELA"},"url":"https:\/\/macite.tg\/?author=2"}]}},"_links":{"self":[{"href":"https:\/\/macite.tg\/index.php?rest_route=\/wp\/v2\/posts\/23561","targetHints":{"allow":["GET"]}}],"collection":[{"href":"https:\/\/macite.tg\/index.php?rest_route=\/wp\/v2\/posts"}],"about":[{"href":"https:\/\/macite.tg\/index.php?rest_route=\/wp\/v2\/types\/post"}],"author":[{"embeddable":true,"href":"https:\/\/macite.tg\/index.php?rest_route=\/wp\/v2\/users\/2"}],"replies":[{"embeddable":true,"href":"https:\/\/macite.tg\/index.php?rest_route=%2Fwp%2Fv2%2Fcomments&post=23561"}],"version-history":[{"count":0,"href":"https:\/\/macite.tg\/index.php?rest_route=\/wp\/v2\/posts\/23561\/revisions"}],"wp:featuredmedia":[{"embeddable":true,"href":"https:\/\/macite.tg\/index.php?rest_route=\/wp\/v2\/media\/23563"}],"wp:attachment":[{"href":"https:\/\/macite.tg\/index.php?rest_route=%2Fwp%2Fv2%2Fmedia&parent=23561"}],"wp:term":[{"taxonomy":"category","embeddable":true,"href":"https:\/\/macite.tg\/index.php?rest_route=%2Fwp%2Fv2%2Fcategories&post=23561"},{"taxonomy":"post_tag","embeddable":true,"href":"https:\/\/macite.tg\/index.php?rest_route=%2Fwp%2Fv2%2Ftags&post=23561"}],"curies":[{"name":"wp","href":"https:\/\/api.w.org\/{rel}","templated":true}]}}