{"id":23558,"date":"2025-07-16T15:58:46","date_gmt":"2025-07-16T15:58:46","guid":{"rendered":"https:\/\/macite.tg\/?p=23558"},"modified":"2025-07-16T16:22:57","modified_gmt":"2025-07-16T16:22:57","slug":"commune-lac-1-de-jeunes-artisans-ont-recu-des-kits-dinstallation-un-don-du-president-du-conseil","status":"publish","type":"post","link":"https:\/\/macite.tg\/?p=23558","title":{"rendered":"COMMUNE LAC 1\u00a0: Le Pr\u00e9sident du Conseil offre des kits d\u2019installation aux jeunes artisans&#8230;"},"content":{"rendered":"\n<p class=\"wp-block-paragraph\"><strong><em>De jeunes artisans de la commune des Lacs 1 ont re\u00e7u un accompagnement sp\u00e9cial de la part du Pr\u00e9sident du Conseil, Faure Essozimna Gnassingb\u00e9. Ce geste de grand c\u0153ur, donne l\u2019opportunit\u00e9 \u00e0 ces jeunes artisans fra\u00eechement dipl\u00f4m\u00e9s, de pouvoir s\u2019installer \u00e0 leur propre compte.<\/em><\/strong><em><\/em><\/p>\n\n\n\n<p class=\"wp-block-paragraph\">Cette initiative a \u00e9t\u00e9 rendue possible gr\u00e2ce \u00e0 la collaboration \u00e9troite entre les Ministres en charge du Commerce et de l\u2019Artisanat, et de la Jeunesse, qui ont jou\u00e9 un r\u00f4le de mentors aupr\u00e8s de cette cohorte inspirante. Ceci sans compter avec le soutien remarquable du Maire des Lacs 1, Me Alexis Aquereburu.<\/p>\n\n\n<div class=\"wp-block-image\">\n<figure class=\"aligncenter size-full is-resized\"><img loading=\"lazy\" decoding=\"async\" width=\"690\" height=\"170\" src=\"https:\/\/macite.tg\/wp-content\/uploads\/2025\/07\/OTR_TVM.jpg\" alt=\"\" class=\"wp-image-23364\" style=\"width:840px;height:auto\" srcset=\"https:\/\/macite.tg\/wp-content\/uploads\/2025\/07\/OTR_TVM.jpg 690w, https:\/\/macite.tg\/wp-content\/uploads\/2025\/07\/OTR_TVM-300x74.jpg 300w\" sizes=\"auto, (max-width: 690px) 100vw, 690px\" \/><\/figure>\n<\/div>\n\n\n<p class=\"wp-block-paragraph\">Le Maire Aquereburu, il faut le souligner, a pes\u00e9 de tout son poids dans ce projet afin de soutenir la jeunesse de sa commune.<\/p>\n\n\n\n<p class=\"wp-block-paragraph\">Les b\u00e9n\u00e9ficiaires de ce programme sont d\u00e9sormais pr\u00eats \u00e0 cr\u00e9er de la valeur tout en portant haut les m\u00e9tiers artisanaux dans le pays. <\/p>\n\n\n<div class=\"wp-block-image\">\n<figure class=\"aligncenter size-full is-resized\"><img loading=\"lazy\" decoding=\"async\" width=\"730\" height=\"1024\" src=\"https:\/\/macite.tg\/wp-content\/uploads\/2025\/07\/image-1.jpeg\" alt=\"\" class=\"wp-image-23518\" style=\"width:504px;height:auto\" srcset=\"https:\/\/macite.tg\/wp-content\/uploads\/2025\/07\/image-1.jpeg 730w, https:\/\/macite.tg\/wp-content\/uploads\/2025\/07\/image-1-214x300.jpeg 214w\" sizes=\"auto, (max-width: 730px) 100vw, 730px\" \/><\/figure>\n<\/div>\n\n\n<p class=\"wp-block-paragraph\">Cette initiative est un exemple concret de l\u2019engagement des autorit\u00e9s togolaises \u00e0 investir dans la jeunesse et l\u2019artisanat pour un Togo fort, productif et solidaire.<\/p>\n\n\n\n<p class=\"wp-block-paragraph\"><strong>La R\u00e9daction<\/strong><\/p>\n\n\n\n<p class=\"wp-block-paragraph\"><a><strong><em>@macite.tg&nbsp;&nbsp;&nbsp;&nbsp;&nbsp;&nbsp;&nbsp;&nbsp;<\/em><\/strong><\/a><\/p>\n\n\n\n<p class=\"wp-block-paragraph\"><strong><em>E-mail&nbsp;: <\/em><\/strong><a href=\"mailto:maciteinfo@gmail.com\"><strong><em>maciteinfo@gmail.com<\/em><\/strong><\/a><strong><em>; <\/em><\/strong><a href=\"mailto:bawela1@gmail.com\"><strong><em>bawela1@gmail.com<\/em><\/strong><\/a><strong><em><\/em><\/strong><\/p>\n\n\n\n<p class=\"wp-block-paragraph\"><strong><em>Pour vos annonces, (publi)reportages, etc., joignez-nous au (00228)91515309\/<strong>79872224 <\/strong><strong><\/strong><\/em><\/strong><\/p>\n\n\n\n<p class=\"wp-block-paragraph\"><strong><em>www.macite.tg, L\u2019information, la bonne&nbsp;!<\/em><\/strong><\/p>\n\n\n\n<p class=\"wp-block-paragraph\"><\/p>\n","protected":false},"excerpt":{"rendered":"<p class=\"text-justify mb-2\" >De jeunes artisans de la commune des Lacs 1 ont re\u00e7u un accompagnement sp\u00e9cial de la part du Pr\u00e9sident du Conseil, Faure Essozimna Gnassingb\u00e9. Ce geste de grand c\u0153ur, donne l\u2019opportunit\u00e9 \u00e0 ces jeunes artisans fra\u00eechement dipl\u00f4m\u00e9s, de pouvoir s\u2019installer \u00e0 leur propre compte. Cette [&hellip;]<\/p>\n","protected":false},"author":2,"featured_media":23559,"comment_status":"open","ping_status":"open","sticky":false,"template":"","format":"standard","meta":{"footnotes":""},"categories":[20,43],"tags":[],"class_list":["post-23558","post","type-post","status-publish","format-standard","has-post-thumbnail","hentry","category-actualite","category-emploi"],"yoast_head":"<!-- This site is optimized with the Yoast SEO plugin v28.4 - https:\/\/yoast.com\/product\/yoast-seo-wordpress\/ -->\n<title>COMMUNE LAC 1\u00a0: Le Pr\u00e9sident du Conseil offre des kits d\u2019installation aux jeunes artisans... -<\/title>\n<meta name=\"robots\" content=\"index, follow, max-snippet:-1, max-image-preview:large, max-video-preview:-1\" \/>\n<link rel=\"canonical\" href=\"https:\/\/macite.tg\/?p=23558\" \/>\n<meta property=\"og:locale\" content=\"fr_FR\" \/>\n<meta property=\"og:type\" content=\"article\" \/>\n<meta property=\"og:title\" content=\"COMMUNE LAC 1\u00a0: Le Pr\u00e9sident du Conseil offre des kits d\u2019installation aux jeunes artisans... -\" \/>\n<meta property=\"og:description\" content=\"De jeunes artisans de la commune des Lacs 1 ont re\u00e7u un accompagnement sp\u00e9cial de la part du Pr\u00e9sident du Conseil, Faure Essozimna Gnassingb\u00e9. Ce geste de grand c\u0153ur, donne l\u2019opportunit\u00e9 \u00e0 ces jeunes artisans fra\u00eechement dipl\u00f4m\u00e9s, de pouvoir s\u2019installer \u00e0 leur propre compte. Cette [&hellip;]\" \/>\n<meta property=\"og:url\" content=\"https:\/\/macite.tg\/?p=23558\" \/>\n<meta property=\"article:published_time\" content=\"2025-07-16T15:58:46+00:00\" \/>\n<meta property=\"article:modified_time\" content=\"2025-07-16T16:22:57+00:00\" \/>\n<meta property=\"og:image\" content=\"https:\/\/macite.tg\/wp-content\/uploads\/2025\/07\/514cddec-a883-4072-b5f7-5fba68f0dd23.jpg\" \/>\n\t<meta property=\"og:image:width\" content=\"500\" \/>\n\t<meta property=\"og:image:height\" content=\"375\" \/>\n\t<meta property=\"og:image:type\" content=\"image\/jpeg\" \/>\n<meta name=\"author\" content=\"Jean Pierre BAWELA\" \/>\n<meta name=\"twitter:card\" content=\"summary_large_image\" \/>\n<meta name=\"twitter:label1\" content=\"\u00c9crit par\" \/>\n\t<meta name=\"twitter:data1\" content=\"Jean Pierre BAWELA\" \/>\n\t<meta name=\"twitter:label2\" content=\"Dur\u00e9e de lecture estim\u00e9e\" \/>\n\t<meta name=\"twitter:data2\" content=\"2 minutes\" \/>\n<script type=\"application\/ld+json\" class=\"yoast-schema-graph\">{\"@context\":\"https:\\\/\\\/schema.org\",\"@graph\":[{\"@type\":\"Article\",\"@id\":\"https:\\\/\\\/macite.tg\\\/?p=23558#article\",\"isPartOf\":{\"@id\":\"https:\\\/\\\/macite.tg\\\/?p=23558\"},\"author\":{\"name\":\"Jean Pierre BAWELA\",\"@id\":\"https:\\\/\\\/macite.tg\\\/#\\\/schema\\\/person\\\/e9f2de7e5dbbe7770a9402c7ce82f5c2\"},\"headline\":\"COMMUNE LAC 1\u00a0: Le Pr\u00e9sident du Conseil offre des kits d\u2019installation aux jeunes artisans&#8230;\",\"datePublished\":\"2025-07-16T15:58:46+00:00\",\"dateModified\":\"2025-07-16T16:22:57+00:00\",\"mainEntityOfPage\":{\"@id\":\"https:\\\/\\\/macite.tg\\\/?p=23558\"},\"wordCount\":235,\"commentCount\":0,\"image\":{\"@id\":\"https:\\\/\\\/macite.tg\\\/?p=23558#primaryimage\"},\"thumbnailUrl\":\"https:\\\/\\\/macite.tg\\\/wp-content\\\/uploads\\\/2025\\\/07\\\/514cddec-a883-4072-b5f7-5fba68f0dd23.jpg\",\"articleSection\":[\"ACTUALITE\",\"EMPLOI\"],\"inLanguage\":\"fr-FR\",\"potentialAction\":[{\"@type\":\"CommentAction\",\"name\":\"Comment\",\"target\":[\"https:\\\/\\\/macite.tg\\\/?p=23558#respond\"]}]},{\"@type\":\"WebPage\",\"@id\":\"https:\\\/\\\/macite.tg\\\/?p=23558\",\"url\":\"https:\\\/\\\/macite.tg\\\/?p=23558\",\"name\":\"COMMUNE LAC 1\u00a0: Le Pr\u00e9sident du Conseil offre des kits d\u2019installation aux jeunes artisans... -\",\"isPartOf\":{\"@id\":\"https:\\\/\\\/macite.tg\\\/#website\"},\"primaryImageOfPage\":{\"@id\":\"https:\\\/\\\/macite.tg\\\/?p=23558#primaryimage\"},\"image\":{\"@id\":\"https:\\\/\\\/macite.tg\\\/?p=23558#primaryimage\"},\"thumbnailUrl\":\"https:\\\/\\\/macite.tg\\\/wp-content\\\/uploads\\\/2025\\\/07\\\/514cddec-a883-4072-b5f7-5fba68f0dd23.jpg\",\"datePublished\":\"2025-07-16T15:58:46+00:00\",\"dateModified\":\"2025-07-16T16:22:57+00:00\",\"author\":{\"@id\":\"https:\\\/\\\/macite.tg\\\/#\\\/schema\\\/person\\\/e9f2de7e5dbbe7770a9402c7ce82f5c2\"},\"breadcrumb\":{\"@id\":\"https:\\\/\\\/macite.tg\\\/?p=23558#breadcrumb\"},\"inLanguage\":\"fr-FR\",\"potentialAction\":[{\"@type\":\"ReadAction\",\"target\":[\"https:\\\/\\\/macite.tg\\\/?p=23558\"]}]},{\"@type\":\"ImageObject\",\"inLanguage\":\"fr-FR\",\"@id\":\"https:\\\/\\\/macite.tg\\\/?p=23558#primaryimage\",\"url\":\"https:\\\/\\\/macite.tg\\\/wp-content\\\/uploads\\\/2025\\\/07\\\/514cddec-a883-4072-b5f7-5fba68f0dd23.jpg\",\"contentUrl\":\"https:\\\/\\\/macite.tg\\\/wp-content\\\/uploads\\\/2025\\\/07\\\/514cddec-a883-4072-b5f7-5fba68f0dd23.jpg\",\"width\":500,\"height\":375,\"caption\":\"Remise symbolique de kits aux jeunes artisans fra\u00eechement dipl\u00f4m\u00e9s dans les Lacs\"},{\"@type\":\"BreadcrumbList\",\"@id\":\"https:\\\/\\\/macite.tg\\\/?p=23558#breadcrumb\",\"itemListElement\":[{\"@type\":\"ListItem\",\"position\":1,\"name\":\"Accueil\",\"item\":\"https:\\\/\\\/macite.tg\\\/\"},{\"@type\":\"ListItem\",\"position\":2,\"name\":\"COMMUNE LAC 1\u00a0: Le Pr\u00e9sident du Conseil offre des kits d\u2019installation aux jeunes artisans&#8230;\"}]},{\"@type\":\"WebSite\",\"@id\":\"https:\\\/\\\/macite.tg\\\/#website\",\"url\":\"https:\\\/\\\/macite.tg\\\/\",\"name\":\"\",\"description\":\"L&#039;information, la bonne!!!\",\"potentialAction\":[{\"@type\":\"SearchAction\",\"target\":{\"@type\":\"EntryPoint\",\"urlTemplate\":\"https:\\\/\\\/macite.tg\\\/?s={search_term_string}\"},\"query-input\":{\"@type\":\"PropertyValueSpecification\",\"valueRequired\":true,\"valueName\":\"search_term_string\"}}],\"inLanguage\":\"fr-FR\"},{\"@type\":\"Person\",\"@id\":\"https:\\\/\\\/macite.tg\\\/#\\\/schema\\\/person\\\/e9f2de7e5dbbe7770a9402c7ce82f5c2\",\"name\":\"Jean Pierre BAWELA\",\"image\":{\"@type\":\"ImageObject\",\"inLanguage\":\"fr-FR\",\"@id\":\"https:\\\/\\\/macite.tg\\\/wp-content\\\/uploads\\\/2023\\\/09\\\/WhatsApp-Image-2023-09-19-at-14.44.41-122x122.jpeg\",\"url\":\"https:\\\/\\\/macite.tg\\\/wp-content\\\/uploads\\\/2023\\\/09\\\/WhatsApp-Image-2023-09-19-at-14.44.41-122x122.jpeg\",\"contentUrl\":\"https:\\\/\\\/macite.tg\\\/wp-content\\\/uploads\\\/2023\\\/09\\\/WhatsApp-Image-2023-09-19-at-14.44.41-122x122.jpeg\",\"caption\":\"Jean Pierre BAWELA\"},\"url\":\"https:\\\/\\\/macite.tg\\\/?author=2\"}]}<\/script>\n<!-- \/ Yoast SEO plugin. -->","yoast_head_json":{"title":"COMMUNE LAC 1\u00a0: Le Pr\u00e9sident du Conseil offre des kits d\u2019installation aux jeunes artisans... -","robots":{"index":"index","follow":"follow","max-snippet":"max-snippet:-1","max-image-preview":"max-image-preview:large","max-video-preview":"max-video-preview:-1"},"canonical":"https:\/\/macite.tg\/?p=23558","og_locale":"fr_FR","og_type":"article","og_title":"COMMUNE LAC 1\u00a0: Le Pr\u00e9sident du Conseil offre des kits d\u2019installation aux jeunes artisans... -","og_description":"De jeunes artisans de la commune des Lacs 1 ont re\u00e7u un accompagnement sp\u00e9cial de la part du Pr\u00e9sident du Conseil, Faure Essozimna Gnassingb\u00e9. Ce geste de grand c\u0153ur, donne l\u2019opportunit\u00e9 \u00e0 ces jeunes artisans fra\u00eechement dipl\u00f4m\u00e9s, de pouvoir s\u2019installer \u00e0 leur propre compte. Cette [&hellip;]","og_url":"https:\/\/macite.tg\/?p=23558","article_published_time":"2025-07-16T15:58:46+00:00","article_modified_time":"2025-07-16T16:22:57+00:00","og_image":[{"width":500,"height":375,"url":"https:\/\/macite.tg\/wp-content\/uploads\/2025\/07\/514cddec-a883-4072-b5f7-5fba68f0dd23.jpg","type":"image\/jpeg"}],"author":"Jean Pierre BAWELA","twitter_card":"summary_large_image","twitter_misc":{"\u00c9crit par":"Jean Pierre BAWELA","Dur\u00e9e de lecture estim\u00e9e":"2 minutes"},"schema":{"@context":"https:\/\/schema.org","@graph":[{"@type":"Article","@id":"https:\/\/macite.tg\/?p=23558#article","isPartOf":{"@id":"https:\/\/macite.tg\/?p=23558"},"author":{"name":"Jean Pierre BAWELA","@id":"https:\/\/macite.tg\/#\/schema\/person\/e9f2de7e5dbbe7770a9402c7ce82f5c2"},"headline":"COMMUNE LAC 1\u00a0: Le Pr\u00e9sident du Conseil offre des kits d\u2019installation aux jeunes artisans&#8230;","datePublished":"2025-07-16T15:58:46+00:00","dateModified":"2025-07-16T16:22:57+00:00","mainEntityOfPage":{"@id":"https:\/\/macite.tg\/?p=23558"},"wordCount":235,"commentCount":0,"image":{"@id":"https:\/\/macite.tg\/?p=23558#primaryimage"},"thumbnailUrl":"https:\/\/macite.tg\/wp-content\/uploads\/2025\/07\/514cddec-a883-4072-b5f7-5fba68f0dd23.jpg","articleSection":["ACTUALITE","EMPLOI"],"inLanguage":"fr-FR","potentialAction":[{"@type":"CommentAction","name":"Comment","target":["https:\/\/macite.tg\/?p=23558#respond"]}]},{"@type":"WebPage","@id":"https:\/\/macite.tg\/?p=23558","url":"https:\/\/macite.tg\/?p=23558","name":"COMMUNE LAC 1\u00a0: Le Pr\u00e9sident du Conseil offre des kits d\u2019installation aux jeunes artisans... -","isPartOf":{"@id":"https:\/\/macite.tg\/#website"},"primaryImageOfPage":{"@id":"https:\/\/macite.tg\/?p=23558#primaryimage"},"image":{"@id":"https:\/\/macite.tg\/?p=23558#primaryimage"},"thumbnailUrl":"https:\/\/macite.tg\/wp-content\/uploads\/2025\/07\/514cddec-a883-4072-b5f7-5fba68f0dd23.jpg","datePublished":"2025-07-16T15:58:46+00:00","dateModified":"2025-07-16T16:22:57+00:00","author":{"@id":"https:\/\/macite.tg\/#\/schema\/person\/e9f2de7e5dbbe7770a9402c7ce82f5c2"},"breadcrumb":{"@id":"https:\/\/macite.tg\/?p=23558#breadcrumb"},"inLanguage":"fr-FR","potentialAction":[{"@type":"ReadAction","target":["https:\/\/macite.tg\/?p=23558"]}]},{"@type":"ImageObject","inLanguage":"fr-FR","@id":"https:\/\/macite.tg\/?p=23558#primaryimage","url":"https:\/\/macite.tg\/wp-content\/uploads\/2025\/07\/514cddec-a883-4072-b5f7-5fba68f0dd23.jpg","contentUrl":"https:\/\/macite.tg\/wp-content\/uploads\/2025\/07\/514cddec-a883-4072-b5f7-5fba68f0dd23.jpg","width":500,"height":375,"caption":"Remise symbolique de kits aux jeunes artisans fra\u00eechement dipl\u00f4m\u00e9s dans les Lacs"},{"@type":"BreadcrumbList","@id":"https:\/\/macite.tg\/?p=23558#breadcrumb","itemListElement":[{"@type":"ListItem","position":1,"name":"Accueil","item":"https:\/\/macite.tg\/"},{"@type":"ListItem","position":2,"name":"COMMUNE LAC 1\u00a0: Le Pr\u00e9sident du Conseil offre des kits d\u2019installation aux jeunes artisans&#8230;"}]},{"@type":"WebSite","@id":"https:\/\/macite.tg\/#website","url":"https:\/\/macite.tg\/","name":"","description":"L&#039;information, la bonne!!!","potentialAction":[{"@type":"SearchAction","target":{"@type":"EntryPoint","urlTemplate":"https:\/\/macite.tg\/?s={search_term_string}"},"query-input":{"@type":"PropertyValueSpecification","valueRequired":true,"valueName":"search_term_string"}}],"inLanguage":"fr-FR"},{"@type":"Person","@id":"https:\/\/macite.tg\/#\/schema\/person\/e9f2de7e5dbbe7770a9402c7ce82f5c2","name":"Jean Pierre BAWELA","image":{"@type":"ImageObject","inLanguage":"fr-FR","@id":"https:\/\/macite.tg\/wp-content\/uploads\/2023\/09\/WhatsApp-Image-2023-09-19-at-14.44.41-122x122.jpeg","url":"https:\/\/macite.tg\/wp-content\/uploads\/2023\/09\/WhatsApp-Image-2023-09-19-at-14.44.41-122x122.jpeg","contentUrl":"https:\/\/macite.tg\/wp-content\/uploads\/2023\/09\/WhatsApp-Image-2023-09-19-at-14.44.41-122x122.jpeg","caption":"Jean Pierre BAWELA"},"url":"https:\/\/macite.tg\/?author=2"}]}},"_links":{"self":[{"href":"https:\/\/macite.tg\/index.php?rest_route=\/wp\/v2\/posts\/23558","targetHints":{"allow":["GET"]}}],"collection":[{"href":"https:\/\/macite.tg\/index.php?rest_route=\/wp\/v2\/posts"}],"about":[{"href":"https:\/\/macite.tg\/index.php?rest_route=\/wp\/v2\/types\/post"}],"author":[{"embeddable":true,"href":"https:\/\/macite.tg\/index.php?rest_route=\/wp\/v2\/users\/2"}],"replies":[{"embeddable":true,"href":"https:\/\/macite.tg\/index.php?rest_route=%2Fwp%2Fv2%2Fcomments&post=23558"}],"version-history":[{"count":0,"href":"https:\/\/macite.tg\/index.php?rest_route=\/wp\/v2\/posts\/23558\/revisions"}],"wp:featuredmedia":[{"embeddable":true,"href":"https:\/\/macite.tg\/index.php?rest_route=\/wp\/v2\/media\/23559"}],"wp:attachment":[{"href":"https:\/\/macite.tg\/index.php?rest_route=%2Fwp%2Fv2%2Fmedia&parent=23558"}],"wp:term":[{"taxonomy":"category","embeddable":true,"href":"https:\/\/macite.tg\/index.php?rest_route=%2Fwp%2Fv2%2Fcategories&post=23558"},{"taxonomy":"post_tag","embeddable":true,"href":"https:\/\/macite.tg\/index.php?rest_route=%2Fwp%2Fv2%2Ftags&post=23558"}],"curies":[{"name":"wp","href":"https:\/\/api.w.org\/{rel}","templated":true}]}}