{"id":23555,"date":"2025-07-15T21:45:06","date_gmt":"2025-07-15T21:45:06","guid":{"rendered":"https:\/\/macite.tg\/?p=23555"},"modified":"2025-07-15T21:45:09","modified_gmt":"2025-07-15T21:45:09","slug":"municipales-2025-zio-reaffirme-son-soutien-indefectible-au-grand-parti-unir","status":"publish","type":"post","link":"https:\/\/macite.tg\/?p=23555","title":{"rendered":"MUNICIPALES 2025 : Zio r\u00e9affirme son soutien ind\u00e9fectible au Grand Parti UNIR"},"content":{"rendered":"\n<p class=\"wp-block-paragraph\"><strong><em>\u00c0 moins de 48 heures du scrutin en vue des \u00e9lections municipales du jeudi 17 juillet 2025, la population de Zio a d\u00e9montr\u00e9, ce jour, une mobilisation sans pr\u00e9c\u00e9dent au stade Docteur Kaolo de Ts\u00e9vi\u00e9, \u00e0 l\u2019occasion du meeting de cl\u00f4ture de la campagne \u00e9lectorale du parti Union pour la R\u00e9publique (UNIR). Cette mobilisation exceptionnelle a connu la participation du Militant Kodjo Sevon-T\u00e9p\u00e9 Ad\u00e9dz\u00e9, Vice-pr\u00e9sident UNIR pour la R\u00e9gion Maritime.<\/em><\/strong><\/p>\n\n\n\n<p class=\"wp-block-paragraph\">Dans une ambiance empreinte d\u2019enthousiasme, de ferveur et de d\u00e9termination, les militantes et militants de tous \u00e2ges ont r\u00e9affirm\u00e9, en bloc, leur attachement aux id\u00e9aux de paix, de coh\u00e9sion sociale, de d\u00e9veloppement durable et de d\u00e9centralisation port\u00e9s par le Pr\u00e9sident du Conseil, Pr\u00e9sident national du Grand Parti UNIR, le Tr\u00e8s Distingu\u00e9 militant Faure Essozimna Gnassingb\u00e9.<\/p>\n\n\n<div class=\"wp-block-image\">\n<figure class=\"aligncenter size-full\"><img loading=\"lazy\" decoding=\"async\" width=\"730\" height=\"1024\" src=\"https:\/\/macite.tg\/wp-content\/uploads\/2025\/07\/image-1.jpeg\" alt=\"\" class=\"wp-image-23518\" srcset=\"https:\/\/macite.tg\/wp-content\/uploads\/2025\/07\/image-1.jpeg 730w, https:\/\/macite.tg\/wp-content\/uploads\/2025\/07\/image-1-214x300.jpeg 214w\" sizes=\"auto, (max-width: 730px) 100vw, 730px\" \/><\/figure>\n<\/div>\n\n\n<p class=\"wp-block-paragraph\"><em>\u00ab Votre mobilisation exceptionnelle et votre enthousiasme lors de ce meeting apoth\u00e9ose de la campagne \u00e9lectorale \u00e0 Ts\u00e9vi\u00e9 ce jour, sont la preuve du choix unanime de Zio en faveur de notre Grand parti #UNIR \u00bb,<\/em> a indiqu\u00e9 le militant Kodjo Sevon-T\u00e9p\u00e9 Ad\u00e9dz\u00e9, Vice-pr\u00e9sident UNIR pour la R\u00e9gion Maritime.<\/p>\n\n\n\n<p class=\"wp-block-paragraph\">Ce meeting apoth\u00e9ose de la campagne dans la pr\u00e9fecture de Zio, a consacr\u00e9 l\u2019engagement populaire et la fid\u00e9lit\u00e9 des populations de Zio au parti UNIR. Il marque aussi une volont\u00e9 collective de faire du scrutin du 17 juillet, un rendez-vous de confiance renouvel\u00e9e.<\/p>\n\n\n<div class=\"wp-block-image\">\n<figure class=\"aligncenter size-large is-resized\"><img loading=\"lazy\" decoding=\"async\" width=\"1024\" height=\"1024\" src=\"https:\/\/macite.tg\/wp-content\/uploads\/2025\/07\/OTR_IMPOT-1024x1024.jpg\" alt=\"\" class=\"wp-image-23337\" style=\"width:514px;height:auto\" srcset=\"https:\/\/macite.tg\/wp-content\/uploads\/2025\/07\/OTR_IMPOT-1024x1024.jpg 1024w, https:\/\/macite.tg\/wp-content\/uploads\/2025\/07\/OTR_IMPOT-300x300.jpg 300w, https:\/\/macite.tg\/wp-content\/uploads\/2025\/07\/OTR_IMPOT-150x150.jpg 150w, https:\/\/macite.tg\/wp-content\/uploads\/2025\/07\/OTR_IMPOT-768x768.jpg 768w, https:\/\/macite.tg\/wp-content\/uploads\/2025\/07\/OTR_IMPOT-1536x1536.jpg 1536w, https:\/\/macite.tg\/wp-content\/uploads\/2025\/07\/OTR_IMPOT-122x122.jpg 122w, https:\/\/macite.tg\/wp-content\/uploads\/2025\/07\/OTR_IMPOT.jpg 2048w\" sizes=\"auto, (max-width: 1024px) 100vw, 1024px\" \/><\/figure>\n<\/div>\n\n\n<p class=\"wp-block-paragraph\"><em>\u00ab Pr\u00e9parons nos cartes d\u2019\u00e9lecteurs pour faire le choix utile le 17 juillet 2025. Ensemble, unis et d\u00e9termin\u00e9s, nous marchons vers la victoire. \u00bb,<\/em> a laiss\u00e9 entendre le Vice-pr\u00e9sident UNIR pour la R\u00e9gion Maritime.<\/p>\n\n\n\n<p class=\"wp-block-paragraph\"><a><strong><em>@macite.tg&nbsp;&nbsp;&nbsp;&nbsp;&nbsp;&nbsp;&nbsp;&nbsp;<\/em><\/strong><\/a><\/p>\n\n\n\n<p class=\"wp-block-paragraph\"><strong><em>E-mail&nbsp;: <\/em><\/strong><a href=\"mailto:maciteinfo@gmail.com\"><strong><em>maciteinfo@gmail.com<\/em><\/strong><\/a><strong><em>; <\/em><\/strong><a href=\"mailto:bawela1@gmail.com\"><strong><em>bawela1@gmail.com<\/em><\/strong><\/a><strong><em><\/em><\/strong><\/p>\n\n\n\n<p class=\"wp-block-paragraph\"><strong><em>Pour vos annonces, (publi)reportages, etc., joignez-nous au (00228)91515309\/<strong>79872224 <\/strong><strong><\/strong><\/em><\/strong><\/p>\n\n\n\n<p class=\"wp-block-paragraph\"><strong><em>www.macite.tg, L\u2019information, la bonne&nbsp;!<\/em><\/strong><\/p>\n\n\n\n<p class=\"wp-block-paragraph\"><\/p>\n","protected":false},"excerpt":{"rendered":"<p class=\"text-justify mb-2\" >\u00c0 moins de 48 heures du scrutin en vue des \u00e9lections municipales du jeudi 17 juillet 2025, la population de Zio a d\u00e9montr\u00e9, ce jour, une mobilisation sans pr\u00e9c\u00e9dent au stade Docteur Kaolo de Ts\u00e9vi\u00e9, \u00e0 l\u2019occasion du meeting de cl\u00f4ture de la campagne \u00e9lectorale [&hellip;]<\/p>\n","protected":false},"author":2,"featured_media":23556,"comment_status":"open","ping_status":"open","sticky":false,"template":"","format":"standard","meta":{"footnotes":""},"categories":[20,1],"tags":[],"class_list":["post-23555","post","type-post","status-publish","format-standard","has-post-thumbnail","hentry","category-actualite","category-politique"],"yoast_head":"<!-- This site is optimized with the Yoast SEO plugin v28.4 - https:\/\/yoast.com\/product\/yoast-seo-wordpress\/ -->\n<title>MUNICIPALES 2025 : Zio r\u00e9affirme son soutien ind\u00e9fectible au Grand Parti UNIR -<\/title>\n<meta name=\"robots\" content=\"index, follow, max-snippet:-1, max-image-preview:large, max-video-preview:-1\" \/>\n<link rel=\"canonical\" href=\"https:\/\/macite.tg\/?p=23555\" \/>\n<meta property=\"og:locale\" content=\"fr_FR\" \/>\n<meta property=\"og:type\" content=\"article\" \/>\n<meta property=\"og:title\" content=\"MUNICIPALES 2025 : Zio r\u00e9affirme son soutien ind\u00e9fectible au Grand Parti UNIR -\" \/>\n<meta property=\"og:description\" content=\"\u00c0 moins de 48 heures du scrutin en vue des \u00e9lections municipales du jeudi 17 juillet 2025, la population de Zio a d\u00e9montr\u00e9, ce jour, une mobilisation sans pr\u00e9c\u00e9dent au stade Docteur Kaolo de Ts\u00e9vi\u00e9, \u00e0 l\u2019occasion du meeting de cl\u00f4ture de la campagne \u00e9lectorale [&hellip;]\" \/>\n<meta property=\"og:url\" content=\"https:\/\/macite.tg\/?p=23555\" \/>\n<meta property=\"article:published_time\" content=\"2025-07-15T21:45:06+00:00\" \/>\n<meta property=\"article:modified_time\" content=\"2025-07-15T21:45:09+00:00\" \/>\n<meta property=\"og:image\" content=\"https:\/\/macite.tg\/wp-content\/uploads\/2025\/07\/ZIO.jpg\" \/>\n\t<meta property=\"og:image:width\" content=\"500\" \/>\n\t<meta property=\"og:image:height\" content=\"333\" \/>\n\t<meta property=\"og:image:type\" content=\"image\/jpeg\" \/>\n<meta name=\"author\" content=\"Jean Pierre BAWELA\" \/>\n<meta name=\"twitter:card\" content=\"summary_large_image\" \/>\n<meta name=\"twitter:label1\" content=\"\u00c9crit par\" \/>\n\t<meta name=\"twitter:data1\" content=\"Jean Pierre BAWELA\" \/>\n\t<meta name=\"twitter:label2\" content=\"Dur\u00e9e de lecture estim\u00e9e\" \/>\n\t<meta name=\"twitter:data2\" content=\"2 minutes\" \/>\n<script type=\"application\/ld+json\" class=\"yoast-schema-graph\">{\"@context\":\"https:\\\/\\\/schema.org\",\"@graph\":[{\"@type\":\"Article\",\"@id\":\"https:\\\/\\\/macite.tg\\\/?p=23555#article\",\"isPartOf\":{\"@id\":\"https:\\\/\\\/macite.tg\\\/?p=23555\"},\"author\":{\"name\":\"Jean Pierre BAWELA\",\"@id\":\"https:\\\/\\\/macite.tg\\\/#\\\/schema\\\/person\\\/e9f2de7e5dbbe7770a9402c7ce82f5c2\"},\"headline\":\"MUNICIPALES 2025 : Zio r\u00e9affirme son soutien ind\u00e9fectible au Grand Parti UNIR\",\"datePublished\":\"2025-07-15T21:45:06+00:00\",\"dateModified\":\"2025-07-15T21:45:09+00:00\",\"mainEntityOfPage\":{\"@id\":\"https:\\\/\\\/macite.tg\\\/?p=23555\"},\"wordCount\":323,\"commentCount\":0,\"image\":{\"@id\":\"https:\\\/\\\/macite.tg\\\/?p=23555#primaryimage\"},\"thumbnailUrl\":\"https:\\\/\\\/macite.tg\\\/wp-content\\\/uploads\\\/2025\\\/07\\\/ZIO.jpg\",\"articleSection\":[\"ACTUALITE\",\"POLITIQUE\"],\"inLanguage\":\"fr-FR\",\"potentialAction\":[{\"@type\":\"CommentAction\",\"name\":\"Comment\",\"target\":[\"https:\\\/\\\/macite.tg\\\/?p=23555#respond\"]}]},{\"@type\":\"WebPage\",\"@id\":\"https:\\\/\\\/macite.tg\\\/?p=23555\",\"url\":\"https:\\\/\\\/macite.tg\\\/?p=23555\",\"name\":\"MUNICIPALES 2025 : Zio r\u00e9affirme son soutien ind\u00e9fectible au Grand Parti UNIR -\",\"isPartOf\":{\"@id\":\"https:\\\/\\\/macite.tg\\\/#website\"},\"primaryImageOfPage\":{\"@id\":\"https:\\\/\\\/macite.tg\\\/?p=23555#primaryimage\"},\"image\":{\"@id\":\"https:\\\/\\\/macite.tg\\\/?p=23555#primaryimage\"},\"thumbnailUrl\":\"https:\\\/\\\/macite.tg\\\/wp-content\\\/uploads\\\/2025\\\/07\\\/ZIO.jpg\",\"datePublished\":\"2025-07-15T21:45:06+00:00\",\"dateModified\":\"2025-07-15T21:45:09+00:00\",\"author\":{\"@id\":\"https:\\\/\\\/macite.tg\\\/#\\\/schema\\\/person\\\/e9f2de7e5dbbe7770a9402c7ce82f5c2\"},\"breadcrumb\":{\"@id\":\"https:\\\/\\\/macite.tg\\\/?p=23555#breadcrumb\"},\"inLanguage\":\"fr-FR\",\"potentialAction\":[{\"@type\":\"ReadAction\",\"target\":[\"https:\\\/\\\/macite.tg\\\/?p=23555\"]}]},{\"@type\":\"ImageObject\",\"inLanguage\":\"fr-FR\",\"@id\":\"https:\\\/\\\/macite.tg\\\/?p=23555#primaryimage\",\"url\":\"https:\\\/\\\/macite.tg\\\/wp-content\\\/uploads\\\/2025\\\/07\\\/ZIO.jpg\",\"contentUrl\":\"https:\\\/\\\/macite.tg\\\/wp-content\\\/uploads\\\/2025\\\/07\\\/ZIO.jpg\",\"width\":500,\"height\":333},{\"@type\":\"BreadcrumbList\",\"@id\":\"https:\\\/\\\/macite.tg\\\/?p=23555#breadcrumb\",\"itemListElement\":[{\"@type\":\"ListItem\",\"position\":1,\"name\":\"Accueil\",\"item\":\"https:\\\/\\\/macite.tg\\\/\"},{\"@type\":\"ListItem\",\"position\":2,\"name\":\"MUNICIPALES 2025 : Zio r\u00e9affirme son soutien ind\u00e9fectible au Grand Parti UNIR\"}]},{\"@type\":\"WebSite\",\"@id\":\"https:\\\/\\\/macite.tg\\\/#website\",\"url\":\"https:\\\/\\\/macite.tg\\\/\",\"name\":\"\",\"description\":\"L&#039;information, la bonne!!!\",\"potentialAction\":[{\"@type\":\"SearchAction\",\"target\":{\"@type\":\"EntryPoint\",\"urlTemplate\":\"https:\\\/\\\/macite.tg\\\/?s={search_term_string}\"},\"query-input\":{\"@type\":\"PropertyValueSpecification\",\"valueRequired\":true,\"valueName\":\"search_term_string\"}}],\"inLanguage\":\"fr-FR\"},{\"@type\":\"Person\",\"@id\":\"https:\\\/\\\/macite.tg\\\/#\\\/schema\\\/person\\\/e9f2de7e5dbbe7770a9402c7ce82f5c2\",\"name\":\"Jean Pierre BAWELA\",\"image\":{\"@type\":\"ImageObject\",\"inLanguage\":\"fr-FR\",\"@id\":\"https:\\\/\\\/macite.tg\\\/wp-content\\\/uploads\\\/2023\\\/09\\\/WhatsApp-Image-2023-09-19-at-14.44.41-122x122.jpeg\",\"url\":\"https:\\\/\\\/macite.tg\\\/wp-content\\\/uploads\\\/2023\\\/09\\\/WhatsApp-Image-2023-09-19-at-14.44.41-122x122.jpeg\",\"contentUrl\":\"https:\\\/\\\/macite.tg\\\/wp-content\\\/uploads\\\/2023\\\/09\\\/WhatsApp-Image-2023-09-19-at-14.44.41-122x122.jpeg\",\"caption\":\"Jean Pierre BAWELA\"},\"url\":\"https:\\\/\\\/macite.tg\\\/?author=2\"}]}<\/script>\n<!-- \/ Yoast SEO plugin. -->","yoast_head_json":{"title":"MUNICIPALES 2025 : Zio r\u00e9affirme son soutien ind\u00e9fectible au Grand Parti UNIR -","robots":{"index":"index","follow":"follow","max-snippet":"max-snippet:-1","max-image-preview":"max-image-preview:large","max-video-preview":"max-video-preview:-1"},"canonical":"https:\/\/macite.tg\/?p=23555","og_locale":"fr_FR","og_type":"article","og_title":"MUNICIPALES 2025 : Zio r\u00e9affirme son soutien ind\u00e9fectible au Grand Parti UNIR -","og_description":"\u00c0 moins de 48 heures du scrutin en vue des \u00e9lections municipales du jeudi 17 juillet 2025, la population de Zio a d\u00e9montr\u00e9, ce jour, une mobilisation sans pr\u00e9c\u00e9dent au stade Docteur Kaolo de Ts\u00e9vi\u00e9, \u00e0 l\u2019occasion du meeting de cl\u00f4ture de la campagne \u00e9lectorale [&hellip;]","og_url":"https:\/\/macite.tg\/?p=23555","article_published_time":"2025-07-15T21:45:06+00:00","article_modified_time":"2025-07-15T21:45:09+00:00","og_image":[{"width":500,"height":333,"url":"https:\/\/macite.tg\/wp-content\/uploads\/2025\/07\/ZIO.jpg","type":"image\/jpeg"}],"author":"Jean Pierre BAWELA","twitter_card":"summary_large_image","twitter_misc":{"\u00c9crit par":"Jean Pierre BAWELA","Dur\u00e9e de lecture estim\u00e9e":"2 minutes"},"schema":{"@context":"https:\/\/schema.org","@graph":[{"@type":"Article","@id":"https:\/\/macite.tg\/?p=23555#article","isPartOf":{"@id":"https:\/\/macite.tg\/?p=23555"},"author":{"name":"Jean Pierre BAWELA","@id":"https:\/\/macite.tg\/#\/schema\/person\/e9f2de7e5dbbe7770a9402c7ce82f5c2"},"headline":"MUNICIPALES 2025 : Zio r\u00e9affirme son soutien ind\u00e9fectible au Grand Parti UNIR","datePublished":"2025-07-15T21:45:06+00:00","dateModified":"2025-07-15T21:45:09+00:00","mainEntityOfPage":{"@id":"https:\/\/macite.tg\/?p=23555"},"wordCount":323,"commentCount":0,"image":{"@id":"https:\/\/macite.tg\/?p=23555#primaryimage"},"thumbnailUrl":"https:\/\/macite.tg\/wp-content\/uploads\/2025\/07\/ZIO.jpg","articleSection":["ACTUALITE","POLITIQUE"],"inLanguage":"fr-FR","potentialAction":[{"@type":"CommentAction","name":"Comment","target":["https:\/\/macite.tg\/?p=23555#respond"]}]},{"@type":"WebPage","@id":"https:\/\/macite.tg\/?p=23555","url":"https:\/\/macite.tg\/?p=23555","name":"MUNICIPALES 2025 : Zio r\u00e9affirme son soutien ind\u00e9fectible au Grand Parti UNIR -","isPartOf":{"@id":"https:\/\/macite.tg\/#website"},"primaryImageOfPage":{"@id":"https:\/\/macite.tg\/?p=23555#primaryimage"},"image":{"@id":"https:\/\/macite.tg\/?p=23555#primaryimage"},"thumbnailUrl":"https:\/\/macite.tg\/wp-content\/uploads\/2025\/07\/ZIO.jpg","datePublished":"2025-07-15T21:45:06+00:00","dateModified":"2025-07-15T21:45:09+00:00","author":{"@id":"https:\/\/macite.tg\/#\/schema\/person\/e9f2de7e5dbbe7770a9402c7ce82f5c2"},"breadcrumb":{"@id":"https:\/\/macite.tg\/?p=23555#breadcrumb"},"inLanguage":"fr-FR","potentialAction":[{"@type":"ReadAction","target":["https:\/\/macite.tg\/?p=23555"]}]},{"@type":"ImageObject","inLanguage":"fr-FR","@id":"https:\/\/macite.tg\/?p=23555#primaryimage","url":"https:\/\/macite.tg\/wp-content\/uploads\/2025\/07\/ZIO.jpg","contentUrl":"https:\/\/macite.tg\/wp-content\/uploads\/2025\/07\/ZIO.jpg","width":500,"height":333},{"@type":"BreadcrumbList","@id":"https:\/\/macite.tg\/?p=23555#breadcrumb","itemListElement":[{"@type":"ListItem","position":1,"name":"Accueil","item":"https:\/\/macite.tg\/"},{"@type":"ListItem","position":2,"name":"MUNICIPALES 2025 : Zio r\u00e9affirme son soutien ind\u00e9fectible au Grand Parti UNIR"}]},{"@type":"WebSite","@id":"https:\/\/macite.tg\/#website","url":"https:\/\/macite.tg\/","name":"","description":"L&#039;information, la bonne!!!","potentialAction":[{"@type":"SearchAction","target":{"@type":"EntryPoint","urlTemplate":"https:\/\/macite.tg\/?s={search_term_string}"},"query-input":{"@type":"PropertyValueSpecification","valueRequired":true,"valueName":"search_term_string"}}],"inLanguage":"fr-FR"},{"@type":"Person","@id":"https:\/\/macite.tg\/#\/schema\/person\/e9f2de7e5dbbe7770a9402c7ce82f5c2","name":"Jean Pierre BAWELA","image":{"@type":"ImageObject","inLanguage":"fr-FR","@id":"https:\/\/macite.tg\/wp-content\/uploads\/2023\/09\/WhatsApp-Image-2023-09-19-at-14.44.41-122x122.jpeg","url":"https:\/\/macite.tg\/wp-content\/uploads\/2023\/09\/WhatsApp-Image-2023-09-19-at-14.44.41-122x122.jpeg","contentUrl":"https:\/\/macite.tg\/wp-content\/uploads\/2023\/09\/WhatsApp-Image-2023-09-19-at-14.44.41-122x122.jpeg","caption":"Jean Pierre BAWELA"},"url":"https:\/\/macite.tg\/?author=2"}]}},"_links":{"self":[{"href":"https:\/\/macite.tg\/index.php?rest_route=\/wp\/v2\/posts\/23555","targetHints":{"allow":["GET"]}}],"collection":[{"href":"https:\/\/macite.tg\/index.php?rest_route=\/wp\/v2\/posts"}],"about":[{"href":"https:\/\/macite.tg\/index.php?rest_route=\/wp\/v2\/types\/post"}],"author":[{"embeddable":true,"href":"https:\/\/macite.tg\/index.php?rest_route=\/wp\/v2\/users\/2"}],"replies":[{"embeddable":true,"href":"https:\/\/macite.tg\/index.php?rest_route=%2Fwp%2Fv2%2Fcomments&post=23555"}],"version-history":[{"count":0,"href":"https:\/\/macite.tg\/index.php?rest_route=\/wp\/v2\/posts\/23555\/revisions"}],"wp:featuredmedia":[{"embeddable":true,"href":"https:\/\/macite.tg\/index.php?rest_route=\/wp\/v2\/media\/23556"}],"wp:attachment":[{"href":"https:\/\/macite.tg\/index.php?rest_route=%2Fwp%2Fv2%2Fmedia&parent=23555"}],"wp:term":[{"taxonomy":"category","embeddable":true,"href":"https:\/\/macite.tg\/index.php?rest_route=%2Fwp%2Fv2%2Fcategories&post=23555"},{"taxonomy":"post_tag","embeddable":true,"href":"https:\/\/macite.tg\/index.php?rest_route=%2Fwp%2Fv2%2Ftags&post=23555"}],"curies":[{"name":"wp","href":"https:\/\/api.w.org\/{rel}","templated":true}]}}