{"id":23552,"date":"2025-07-15T18:21:56","date_gmt":"2025-07-15T18:21:56","guid":{"rendered":"https:\/\/macite.tg\/?p=23552"},"modified":"2025-07-15T18:22:00","modified_gmt":"2025-07-15T18:22:00","slug":"campagnes-electorales-togbui-edem-semekonawo-et-mme-akedjo-genevieve-ont-donne-le-ton-a-adidogome-teshi","status":"publish","type":"post","link":"https:\/\/macite.tg\/?p=23552","title":{"rendered":"CAMPAGNES ELECTORALES : Togbui Edem Semekonawo et Mme Akedjo Genevi\u00e8ve ont donn\u00e9 le ton \u00e0 Adidogom\u00e9 Teshi"},"content":{"rendered":"\n<p class=\"wp-block-paragraph\"><\/p>\n\n\n\n<p class=\"wp-block-paragraph\"><strong><em>Le chef canton de Sagbado, Togbui Edem Semekonawo, et Mme Akedjo Genevi\u00e8ve (candidate sur la liste d&rsquo;Unir), \u00e9taient, hier lundi 14 juillet, devant les populations d&rsquo;Adidogom\u00e9 Teshi et de Wonyom\u00e9. Il \u00e9tait question de sensibiliser les populations sur la n\u00e9cessit\u00e9 \u00e0 voter utile, de voter pour le parti Union pour la R\u00e9publique (UNIR) qui continue de faire ses preuves sur le terrain.<\/em><\/strong><\/p>\n\n\n\n<p class=\"wp-block-paragraph\">Grande op\u00e9ration de charme, hier lundi 14 juillet, aupr\u00e8s des populations d&rsquo;Adidogom\u00e9 Teshi et de Wonyom\u00e9.<\/p>\n\n\n\n<p class=\"wp-block-paragraph\"><em>\u00ab&nbsp;Je prie chaque citoyen respectueusement d&rsquo;ouvrir les yeux, les oreilles et le c\u0153ur et il verra l&rsquo;effort fourni par le gouvernement depuis l&rsquo;av\u00e8nement du Pr\u00e9sident Faure Essozimna Gnassingb\u00e9.<\/em><\/p>\n\n\n<div class=\"wp-block-image\">\n<figure class=\"aligncenter size-full is-resized\"><img loading=\"lazy\" decoding=\"async\" width=\"690\" height=\"170\" src=\"https:\/\/macite.tg\/wp-content\/uploads\/2025\/07\/OTR_TVM.jpg\" alt=\"\" class=\"wp-image-23364\" style=\"width:840px;height:auto\" srcset=\"https:\/\/macite.tg\/wp-content\/uploads\/2025\/07\/OTR_TVM.jpg 690w, https:\/\/macite.tg\/wp-content\/uploads\/2025\/07\/OTR_TVM-300x74.jpg 300w\" sizes=\"auto, (max-width: 690px) 100vw, 690px\" \/><\/figure>\n<\/div>\n\n\n<p class=\"wp-block-paragraph\"><em>Loin de toute d\u00e9magogie, beaucoup de choses ont \u00e9t\u00e9 faites, surtout en mati\u00e8re d&rsquo;infrastructures, et je vous fais \u00e9conomie d&rsquo;une liste exhaustive&nbsp;\u00bb,<\/em> a indiqu\u00e9 Togbui Edem Semekonawo, avant d&rsquo;ajouter&nbsp;: \u00ab&nbsp;Pour un d\u00e9veloppement de notre commune, voter pour le parti Unir&nbsp;\u00bb.<\/p>\n\n\n\n<p class=\"wp-block-paragraph\">S&rsquo;agissant de la mobilisation dans ces deux localit\u00e9s, elle a impressionn\u00e9 Togbui Edem Semekonawo. <em>\u00ab&nbsp;C&rsquo;est une d\u00e9monstration de notre capacit\u00e9 de mobilisation. C&rsquo;est une campagne de proximit\u00e9 intense qui se fait&nbsp;\u00bb,<\/em> a-t-il d\u00e9clar\u00e9.<\/p>\n\n\n\n<p class=\"wp-block-paragraph\">Mme Akedjo Genevi\u00e8ve, candidate sur la liste d&rsquo;Unir Golfe 7 annonce&nbsp;<em>\u00ab&nbsp;un tas de projets de soci\u00e9t\u00e9&nbsp;\u00bb,<\/em> qui permettront d&rsquo;assurer le bien-\u00eatre des populations.<\/p>\n\n\n\n<p class=\"wp-block-paragraph\">Le militant Daniel Botozan (candidat sur la liste Unir), quant \u00e0 lui, a pris d&rsquo;assaut le quartier de Lankouvi et Segb\u00e9. Et partout, c&rsquo;est le monde qu&rsquo;il a drain\u00e9 autour de lui.<\/p>\n\n\n\n<p class=\"wp-block-paragraph\">&nbsp;Aujourd&rsquo;hui le dernier jour de cette campagne, Togbui Edem Semekonawo annonce une grande caravane \u00e0 travers les diff\u00e9rentes art\u00e8res de la commune Golfe 7 pour mobiliser les populations en vue du scrutin de 17 juillet prochain.<\/p>\n\n\n<div class=\"wp-block-image\">\n<figure class=\"aligncenter size-full is-resized\"><img loading=\"lazy\" decoding=\"async\" width=\"730\" height=\"1024\" src=\"https:\/\/macite.tg\/wp-content\/uploads\/2025\/07\/image-1.jpeg\" alt=\"\" class=\"wp-image-23518\" style=\"width:566px;height:auto\" srcset=\"https:\/\/macite.tg\/wp-content\/uploads\/2025\/07\/image-1.jpeg 730w, https:\/\/macite.tg\/wp-content\/uploads\/2025\/07\/image-1-214x300.jpeg 214w\" sizes=\"auto, (max-width: 730px) 100vw, 730px\" \/><\/figure>\n<\/div>\n\n\n<p class=\"wp-block-paragraph\">Une grande d\u00e9monstration de force est s\u00fbrement attendue ce mardi dans la commune du Golfe 7.<\/p>\n\n\n\n<p class=\"wp-block-paragraph\">La bataille est lanc\u00e9e et plus que quelques heures pour la fin de la campagne \u00e9lectorale. Le rendez-vous est pris dans les urnes&nbsp;!<\/p>\n\n\n\n<p class=\"wp-block-paragraph\"><strong>(Avec Robert A.)<\/strong><\/p>\n\n\n\n<p class=\"wp-block-paragraph\"><a><strong><em>@macite.tg&nbsp;&nbsp;&nbsp;&nbsp;&nbsp;&nbsp;&nbsp;&nbsp;<\/em><\/strong><\/a><\/p>\n\n\n\n<p class=\"wp-block-paragraph\"><strong><em>E-mail&nbsp;: <\/em><\/strong><a href=\"mailto:maciteinfo@gmail.com\"><strong><em>maciteinfo@gmail.com<\/em><\/strong><\/a><strong><em>; <\/em><\/strong><a href=\"mailto:bawela1@gmail.com\"><strong><em>bawela1@gmail.com<\/em><\/strong><\/a><strong><em><\/em><\/strong><\/p>\n\n\n\n<p class=\"wp-block-paragraph\"><strong><em>Pour vos annonces, (publi)reportages, etc., joignez-nous au (00228)91515309\/<strong>79872224 <\/strong><strong><\/strong><\/em><\/strong><\/p>\n\n\n\n<p class=\"wp-block-paragraph\"><strong><em>www.macite.tg, L\u2019information, la bonne&nbsp;!<\/em><\/strong><\/p>\n\n\n\n<p class=\"wp-block-paragraph\"><\/p>\n","protected":false},"excerpt":{"rendered":"<p class=\"text-justify mb-2\" >Le chef canton de Sagbado, Togbui Edem Semekonawo, et Mme Akedjo Genevi\u00e8ve (candidate sur la liste d&rsquo;Unir), \u00e9taient, hier lundi 14 juillet, devant les populations d&rsquo;Adidogom\u00e9 Teshi et de Wonyom\u00e9. Il \u00e9tait question de sensibiliser les populations sur la n\u00e9cessit\u00e9 \u00e0 voter utile, de voter [&hellip;]<\/p>\n","protected":false},"author":2,"featured_media":23553,"comment_status":"open","ping_status":"open","sticky":false,"template":"","format":"standard","meta":{"footnotes":""},"categories":[20,1],"tags":[],"class_list":["post-23552","post","type-post","status-publish","format-standard","has-post-thumbnail","hentry","category-actualite","category-politique"],"yoast_head":"<!-- This site is optimized with the Yoast SEO plugin v28.4 - https:\/\/yoast.com\/product\/yoast-seo-wordpress\/ -->\n<title>CAMPAGNES ELECTORALES : Togbui Edem Semekonawo et Mme Akedjo Genevi\u00e8ve ont donn\u00e9 le ton \u00e0 Adidogom\u00e9 Teshi -<\/title>\n<meta name=\"robots\" content=\"index, follow, max-snippet:-1, max-image-preview:large, max-video-preview:-1\" \/>\n<link rel=\"canonical\" href=\"https:\/\/macite.tg\/?p=23552\" \/>\n<meta property=\"og:locale\" content=\"fr_FR\" \/>\n<meta property=\"og:type\" content=\"article\" \/>\n<meta property=\"og:title\" content=\"CAMPAGNES ELECTORALES : Togbui Edem Semekonawo et Mme Akedjo Genevi\u00e8ve ont donn\u00e9 le ton \u00e0 Adidogom\u00e9 Teshi -\" \/>\n<meta property=\"og:description\" content=\"Le chef canton de Sagbado, Togbui Edem Semekonawo, et Mme Akedjo Genevi\u00e8ve (candidate sur la liste d&rsquo;Unir), \u00e9taient, hier lundi 14 juillet, devant les populations d&rsquo;Adidogom\u00e9 Teshi et de Wonyom\u00e9. Il \u00e9tait question de sensibiliser les populations sur la n\u00e9cessit\u00e9 \u00e0 voter utile, de voter [&hellip;]\" \/>\n<meta property=\"og:url\" content=\"https:\/\/macite.tg\/?p=23552\" \/>\n<meta property=\"article:published_time\" content=\"2025-07-15T18:21:56+00:00\" \/>\n<meta property=\"article:modified_time\" content=\"2025-07-15T18:22:00+00:00\" \/>\n<meta property=\"og:image\" content=\"https:\/\/macite.tg\/wp-content\/uploads\/2025\/07\/TOGBUI.jpg\" \/>\n\t<meta property=\"og:image:width\" content=\"500\" \/>\n\t<meta property=\"og:image:height\" content=\"224\" \/>\n\t<meta property=\"og:image:type\" content=\"image\/jpeg\" \/>\n<meta name=\"author\" content=\"Jean Pierre BAWELA\" \/>\n<meta name=\"twitter:card\" content=\"summary_large_image\" \/>\n<meta name=\"twitter:label1\" content=\"\u00c9crit par\" \/>\n\t<meta name=\"twitter:data1\" content=\"Jean Pierre BAWELA\" \/>\n\t<meta name=\"twitter:label2\" content=\"Dur\u00e9e de lecture estim\u00e9e\" \/>\n\t<meta name=\"twitter:data2\" content=\"3 minutes\" \/>\n<script type=\"application\/ld+json\" class=\"yoast-schema-graph\">{\"@context\":\"https:\\\/\\\/schema.org\",\"@graph\":[{\"@type\":\"Article\",\"@id\":\"https:\\\/\\\/macite.tg\\\/?p=23552#article\",\"isPartOf\":{\"@id\":\"https:\\\/\\\/macite.tg\\\/?p=23552\"},\"author\":{\"name\":\"Jean Pierre BAWELA\",\"@id\":\"https:\\\/\\\/macite.tg\\\/#\\\/schema\\\/person\\\/e9f2de7e5dbbe7770a9402c7ce82f5c2\"},\"headline\":\"CAMPAGNES ELECTORALES : Togbui Edem Semekonawo et Mme Akedjo Genevi\u00e8ve ont donn\u00e9 le ton \u00e0 Adidogom\u00e9 Teshi\",\"datePublished\":\"2025-07-15T18:21:56+00:00\",\"dateModified\":\"2025-07-15T18:22:00+00:00\",\"mainEntityOfPage\":{\"@id\":\"https:\\\/\\\/macite.tg\\\/?p=23552\"},\"wordCount\":406,\"commentCount\":0,\"image\":{\"@id\":\"https:\\\/\\\/macite.tg\\\/?p=23552#primaryimage\"},\"thumbnailUrl\":\"https:\\\/\\\/macite.tg\\\/wp-content\\\/uploads\\\/2025\\\/07\\\/TOGBUI.jpg\",\"articleSection\":[\"ACTUALITE\",\"POLITIQUE\"],\"inLanguage\":\"fr-FR\",\"potentialAction\":[{\"@type\":\"CommentAction\",\"name\":\"Comment\",\"target\":[\"https:\\\/\\\/macite.tg\\\/?p=23552#respond\"]}]},{\"@type\":\"WebPage\",\"@id\":\"https:\\\/\\\/macite.tg\\\/?p=23552\",\"url\":\"https:\\\/\\\/macite.tg\\\/?p=23552\",\"name\":\"CAMPAGNES ELECTORALES : Togbui Edem Semekonawo et Mme Akedjo Genevi\u00e8ve ont donn\u00e9 le ton \u00e0 Adidogom\u00e9 Teshi -\",\"isPartOf\":{\"@id\":\"https:\\\/\\\/macite.tg\\\/#website\"},\"primaryImageOfPage\":{\"@id\":\"https:\\\/\\\/macite.tg\\\/?p=23552#primaryimage\"},\"image\":{\"@id\":\"https:\\\/\\\/macite.tg\\\/?p=23552#primaryimage\"},\"thumbnailUrl\":\"https:\\\/\\\/macite.tg\\\/wp-content\\\/uploads\\\/2025\\\/07\\\/TOGBUI.jpg\",\"datePublished\":\"2025-07-15T18:21:56+00:00\",\"dateModified\":\"2025-07-15T18:22:00+00:00\",\"author\":{\"@id\":\"https:\\\/\\\/macite.tg\\\/#\\\/schema\\\/person\\\/e9f2de7e5dbbe7770a9402c7ce82f5c2\"},\"breadcrumb\":{\"@id\":\"https:\\\/\\\/macite.tg\\\/?p=23552#breadcrumb\"},\"inLanguage\":\"fr-FR\",\"potentialAction\":[{\"@type\":\"ReadAction\",\"target\":[\"https:\\\/\\\/macite.tg\\\/?p=23552\"]}]},{\"@type\":\"ImageObject\",\"inLanguage\":\"fr-FR\",\"@id\":\"https:\\\/\\\/macite.tg\\\/?p=23552#primaryimage\",\"url\":\"https:\\\/\\\/macite.tg\\\/wp-content\\\/uploads\\\/2025\\\/07\\\/TOGBUI.jpg\",\"contentUrl\":\"https:\\\/\\\/macite.tg\\\/wp-content\\\/uploads\\\/2025\\\/07\\\/TOGBUI.jpg\",\"width\":500,\"height\":224},{\"@type\":\"BreadcrumbList\",\"@id\":\"https:\\\/\\\/macite.tg\\\/?p=23552#breadcrumb\",\"itemListElement\":[{\"@type\":\"ListItem\",\"position\":1,\"name\":\"Accueil\",\"item\":\"https:\\\/\\\/macite.tg\\\/\"},{\"@type\":\"ListItem\",\"position\":2,\"name\":\"CAMPAGNES ELECTORALES : Togbui Edem Semekonawo et Mme Akedjo Genevi\u00e8ve ont donn\u00e9 le ton \u00e0 Adidogom\u00e9 Teshi\"}]},{\"@type\":\"WebSite\",\"@id\":\"https:\\\/\\\/macite.tg\\\/#website\",\"url\":\"https:\\\/\\\/macite.tg\\\/\",\"name\":\"\",\"description\":\"L&#039;information, la bonne!!!\",\"potentialAction\":[{\"@type\":\"SearchAction\",\"target\":{\"@type\":\"EntryPoint\",\"urlTemplate\":\"https:\\\/\\\/macite.tg\\\/?s={search_term_string}\"},\"query-input\":{\"@type\":\"PropertyValueSpecification\",\"valueRequired\":true,\"valueName\":\"search_term_string\"}}],\"inLanguage\":\"fr-FR\"},{\"@type\":\"Person\",\"@id\":\"https:\\\/\\\/macite.tg\\\/#\\\/schema\\\/person\\\/e9f2de7e5dbbe7770a9402c7ce82f5c2\",\"name\":\"Jean Pierre BAWELA\",\"image\":{\"@type\":\"ImageObject\",\"inLanguage\":\"fr-FR\",\"@id\":\"https:\\\/\\\/macite.tg\\\/wp-content\\\/uploads\\\/2023\\\/09\\\/WhatsApp-Image-2023-09-19-at-14.44.41-122x122.jpeg\",\"url\":\"https:\\\/\\\/macite.tg\\\/wp-content\\\/uploads\\\/2023\\\/09\\\/WhatsApp-Image-2023-09-19-at-14.44.41-122x122.jpeg\",\"contentUrl\":\"https:\\\/\\\/macite.tg\\\/wp-content\\\/uploads\\\/2023\\\/09\\\/WhatsApp-Image-2023-09-19-at-14.44.41-122x122.jpeg\",\"caption\":\"Jean Pierre BAWELA\"},\"url\":\"https:\\\/\\\/macite.tg\\\/?author=2\"}]}<\/script>\n<!-- \/ Yoast SEO plugin. -->","yoast_head_json":{"title":"CAMPAGNES ELECTORALES : Togbui Edem Semekonawo et Mme Akedjo Genevi\u00e8ve ont donn\u00e9 le ton \u00e0 Adidogom\u00e9 Teshi -","robots":{"index":"index","follow":"follow","max-snippet":"max-snippet:-1","max-image-preview":"max-image-preview:large","max-video-preview":"max-video-preview:-1"},"canonical":"https:\/\/macite.tg\/?p=23552","og_locale":"fr_FR","og_type":"article","og_title":"CAMPAGNES ELECTORALES : Togbui Edem Semekonawo et Mme Akedjo Genevi\u00e8ve ont donn\u00e9 le ton \u00e0 Adidogom\u00e9 Teshi -","og_description":"Le chef canton de Sagbado, Togbui Edem Semekonawo, et Mme Akedjo Genevi\u00e8ve (candidate sur la liste d&rsquo;Unir), \u00e9taient, hier lundi 14 juillet, devant les populations d&rsquo;Adidogom\u00e9 Teshi et de Wonyom\u00e9. Il \u00e9tait question de sensibiliser les populations sur la n\u00e9cessit\u00e9 \u00e0 voter utile, de voter [&hellip;]","og_url":"https:\/\/macite.tg\/?p=23552","article_published_time":"2025-07-15T18:21:56+00:00","article_modified_time":"2025-07-15T18:22:00+00:00","og_image":[{"width":500,"height":224,"url":"https:\/\/macite.tg\/wp-content\/uploads\/2025\/07\/TOGBUI.jpg","type":"image\/jpeg"}],"author":"Jean Pierre BAWELA","twitter_card":"summary_large_image","twitter_misc":{"\u00c9crit par":"Jean Pierre BAWELA","Dur\u00e9e de lecture estim\u00e9e":"3 minutes"},"schema":{"@context":"https:\/\/schema.org","@graph":[{"@type":"Article","@id":"https:\/\/macite.tg\/?p=23552#article","isPartOf":{"@id":"https:\/\/macite.tg\/?p=23552"},"author":{"name":"Jean Pierre BAWELA","@id":"https:\/\/macite.tg\/#\/schema\/person\/e9f2de7e5dbbe7770a9402c7ce82f5c2"},"headline":"CAMPAGNES ELECTORALES : Togbui Edem Semekonawo et Mme Akedjo Genevi\u00e8ve ont donn\u00e9 le ton \u00e0 Adidogom\u00e9 Teshi","datePublished":"2025-07-15T18:21:56+00:00","dateModified":"2025-07-15T18:22:00+00:00","mainEntityOfPage":{"@id":"https:\/\/macite.tg\/?p=23552"},"wordCount":406,"commentCount":0,"image":{"@id":"https:\/\/macite.tg\/?p=23552#primaryimage"},"thumbnailUrl":"https:\/\/macite.tg\/wp-content\/uploads\/2025\/07\/TOGBUI.jpg","articleSection":["ACTUALITE","POLITIQUE"],"inLanguage":"fr-FR","potentialAction":[{"@type":"CommentAction","name":"Comment","target":["https:\/\/macite.tg\/?p=23552#respond"]}]},{"@type":"WebPage","@id":"https:\/\/macite.tg\/?p=23552","url":"https:\/\/macite.tg\/?p=23552","name":"CAMPAGNES ELECTORALES : Togbui Edem Semekonawo et Mme Akedjo Genevi\u00e8ve ont donn\u00e9 le ton \u00e0 Adidogom\u00e9 Teshi -","isPartOf":{"@id":"https:\/\/macite.tg\/#website"},"primaryImageOfPage":{"@id":"https:\/\/macite.tg\/?p=23552#primaryimage"},"image":{"@id":"https:\/\/macite.tg\/?p=23552#primaryimage"},"thumbnailUrl":"https:\/\/macite.tg\/wp-content\/uploads\/2025\/07\/TOGBUI.jpg","datePublished":"2025-07-15T18:21:56+00:00","dateModified":"2025-07-15T18:22:00+00:00","author":{"@id":"https:\/\/macite.tg\/#\/schema\/person\/e9f2de7e5dbbe7770a9402c7ce82f5c2"},"breadcrumb":{"@id":"https:\/\/macite.tg\/?p=23552#breadcrumb"},"inLanguage":"fr-FR","potentialAction":[{"@type":"ReadAction","target":["https:\/\/macite.tg\/?p=23552"]}]},{"@type":"ImageObject","inLanguage":"fr-FR","@id":"https:\/\/macite.tg\/?p=23552#primaryimage","url":"https:\/\/macite.tg\/wp-content\/uploads\/2025\/07\/TOGBUI.jpg","contentUrl":"https:\/\/macite.tg\/wp-content\/uploads\/2025\/07\/TOGBUI.jpg","width":500,"height":224},{"@type":"BreadcrumbList","@id":"https:\/\/macite.tg\/?p=23552#breadcrumb","itemListElement":[{"@type":"ListItem","position":1,"name":"Accueil","item":"https:\/\/macite.tg\/"},{"@type":"ListItem","position":2,"name":"CAMPAGNES ELECTORALES : Togbui Edem Semekonawo et Mme Akedjo Genevi\u00e8ve ont donn\u00e9 le ton \u00e0 Adidogom\u00e9 Teshi"}]},{"@type":"WebSite","@id":"https:\/\/macite.tg\/#website","url":"https:\/\/macite.tg\/","name":"","description":"L&#039;information, la bonne!!!","potentialAction":[{"@type":"SearchAction","target":{"@type":"EntryPoint","urlTemplate":"https:\/\/macite.tg\/?s={search_term_string}"},"query-input":{"@type":"PropertyValueSpecification","valueRequired":true,"valueName":"search_term_string"}}],"inLanguage":"fr-FR"},{"@type":"Person","@id":"https:\/\/macite.tg\/#\/schema\/person\/e9f2de7e5dbbe7770a9402c7ce82f5c2","name":"Jean Pierre BAWELA","image":{"@type":"ImageObject","inLanguage":"fr-FR","@id":"https:\/\/macite.tg\/wp-content\/uploads\/2023\/09\/WhatsApp-Image-2023-09-19-at-14.44.41-122x122.jpeg","url":"https:\/\/macite.tg\/wp-content\/uploads\/2023\/09\/WhatsApp-Image-2023-09-19-at-14.44.41-122x122.jpeg","contentUrl":"https:\/\/macite.tg\/wp-content\/uploads\/2023\/09\/WhatsApp-Image-2023-09-19-at-14.44.41-122x122.jpeg","caption":"Jean Pierre BAWELA"},"url":"https:\/\/macite.tg\/?author=2"}]}},"_links":{"self":[{"href":"https:\/\/macite.tg\/index.php?rest_route=\/wp\/v2\/posts\/23552","targetHints":{"allow":["GET"]}}],"collection":[{"href":"https:\/\/macite.tg\/index.php?rest_route=\/wp\/v2\/posts"}],"about":[{"href":"https:\/\/macite.tg\/index.php?rest_route=\/wp\/v2\/types\/post"}],"author":[{"embeddable":true,"href":"https:\/\/macite.tg\/index.php?rest_route=\/wp\/v2\/users\/2"}],"replies":[{"embeddable":true,"href":"https:\/\/macite.tg\/index.php?rest_route=%2Fwp%2Fv2%2Fcomments&post=23552"}],"version-history":[{"count":0,"href":"https:\/\/macite.tg\/index.php?rest_route=\/wp\/v2\/posts\/23552\/revisions"}],"wp:featuredmedia":[{"embeddable":true,"href":"https:\/\/macite.tg\/index.php?rest_route=\/wp\/v2\/media\/23553"}],"wp:attachment":[{"href":"https:\/\/macite.tg\/index.php?rest_route=%2Fwp%2Fv2%2Fmedia&parent=23552"}],"wp:term":[{"taxonomy":"category","embeddable":true,"href":"https:\/\/macite.tg\/index.php?rest_route=%2Fwp%2Fv2%2Fcategories&post=23552"},{"taxonomy":"post_tag","embeddable":true,"href":"https:\/\/macite.tg\/index.php?rest_route=%2Fwp%2Fv2%2Ftags&post=23552"}],"curies":[{"name":"wp","href":"https:\/\/api.w.org\/{rel}","templated":true}]}}