{"id":23544,"date":"2025-07-15T17:37:00","date_gmt":"2025-07-15T17:37:00","guid":{"rendered":"https:\/\/macite.tg\/?p=23544"},"modified":"2025-07-15T17:40:25","modified_gmt":"2025-07-15T17:40:25","slug":"deces-de-lancien-president-du-nigeria-le-president-du-conseil-exprime-sa-tristesse","status":"publish","type":"post","link":"https:\/\/macite.tg\/?p=23544","title":{"rendered":"DECES DE L\u2019ANCIEN PRESIDENT DU NIGERIA\u00a0: Le Pr\u00e9sident du Conseil et le Togo expriment leur tristesse \u2026"},"content":{"rendered":"\n<p class=\"wp-block-paragraph\"><strong><em>&nbsp;Le Nig\u00e9ria est en deuil&nbsp;! L\u2019ancien pr\u00e9sident Muhammadu Buhari, est d\u00e9c\u00e9d\u00e9, le dimanche 13 juillet \u00e0 Londres, au Royaume-Uni. Au lendemain de l\u2019annonce, les hommages fusent de partout\u2026<\/em><\/strong><\/p>\n\n\n\n<p class=\"wp-block-paragraph\">Le Togo, par le biais du Pr\u00e9sident du Conseil, s\u2019est joint \u00e0 la vague des hommages. Dans un message, le Pr\u00e9sident du Conseil, Faure Essozimna Gnassingb\u00e9, a exprim\u00e9e sa tristesse et ses condol\u00e9ances \u00e0 la famille du d\u00e9funt et au peuple fr\u00e8re du Nig\u00e9ria.<\/p>\n\n\n<div class=\"wp-block-image\">\n<figure class=\"aligncenter size-full\"><img loading=\"lazy\" decoding=\"async\" width=\"851\" height=\"315\" src=\"https:\/\/macite.tg\/wp-content\/uploads\/2025\/07\/OTR_Bandeau-Renseignements-1.jpg\" alt=\"\" class=\"wp-image-23510\" srcset=\"https:\/\/macite.tg\/wp-content\/uploads\/2025\/07\/OTR_Bandeau-Renseignements-1.jpg 851w, https:\/\/macite.tg\/wp-content\/uploads\/2025\/07\/OTR_Bandeau-Renseignements-1-300x111.jpg 300w, https:\/\/macite.tg\/wp-content\/uploads\/2025\/07\/OTR_Bandeau-Renseignements-1-768x284.jpg 768w\" sizes=\"auto, (max-width: 851px) 100vw, 851px\" \/><\/figure>\n<\/div>\n\n\n<p class=\"wp-block-paragraph\">\u00ab&nbsp;<em>Nous honorons la m\u00e9moire d\u2019un patriote et homme d\u2019\u00c9tat, engag\u00e9 toute sa vie pour le Nig\u00e9ria, notre r\u00e9gion et notre continent&nbsp;\u00bb,<\/em> a \u00e9crit le Pr\u00e9sident du Conseil sur compte X.<\/p>\n\n\n\n<p class=\"wp-block-paragraph\">Militaire de formation, Muhammadu Buhari, deux fois pr\u00e9sident de la R\u00e9publique (1983 \u00e0 1985, puis de 2015 \u00e0 2023), s\u2019inscrit dans la lign\u00e9e des hommes forts du Nig\u00e9ria. Il avait 82 ans.<\/p>\n\n\n<div class=\"wp-block-image\">\n<figure class=\"aligncenter size-full is-resized\"><img loading=\"lazy\" decoding=\"async\" width=\"730\" height=\"1024\" src=\"https:\/\/macite.tg\/wp-content\/uploads\/2025\/07\/image-1.jpeg\" alt=\"\" class=\"wp-image-23518\" style=\"width:566px;height:auto\" srcset=\"https:\/\/macite.tg\/wp-content\/uploads\/2025\/07\/image-1.jpeg 730w, https:\/\/macite.tg\/wp-content\/uploads\/2025\/07\/image-1-214x300.jpeg 214w\" sizes=\"auto, (max-width: 730px) 100vw, 730px\" \/><\/figure>\n<\/div>\n\n\n<p class=\"wp-block-paragraph\">Sept jours de deuil national ont \u00e9t\u00e9 d\u00e9clar\u00e9s, et son inhumation ent\u00e9rin\u00e9e ce mardi 15 juillet.<\/p>\n\n\n\n<p class=\"wp-block-paragraph\"><strong>La R\u00e9daction<\/strong><\/p>\n\n\n\n<p class=\"wp-block-paragraph\"><a><strong><em>@macite.tg&nbsp;&nbsp;&nbsp;&nbsp;&nbsp;&nbsp;&nbsp;&nbsp;<\/em><\/strong><\/a><\/p>\n\n\n\n<p class=\"wp-block-paragraph\"><strong><em>E-mail&nbsp;: <\/em><\/strong><a href=\"mailto:maciteinfo@gmail.com\"><strong><em>maciteinfo@gmail.com<\/em><\/strong><\/a><strong><em>; <\/em><\/strong><a href=\"mailto:bawela1@gmail.com\"><strong><em>bawela1@gmail.com<\/em><\/strong><\/a><strong><em><\/em><\/strong><\/p>\n\n\n\n<p class=\"wp-block-paragraph\"><strong><em>Pour vos annonces, (publi)reportages, etc., joignez-nous au (00228)91515309\/<strong>79872224 <\/strong><strong><\/strong><\/em><\/strong><\/p>\n\n\n\n<p class=\"wp-block-paragraph\"><strong><em>www.macite.tg, L\u2019information, la bonne&nbsp;!<\/em><\/strong><\/p>\n\n\n\n<p class=\"wp-block-paragraph\"><\/p>\n","protected":false},"excerpt":{"rendered":"<p class=\"text-justify mb-2\" >&nbsp;Le Nig\u00e9ria est en deuil&nbsp;! L\u2019ancien pr\u00e9sident Muhammadu Buhari, est d\u00e9c\u00e9d\u00e9, le dimanche 13 juillet \u00e0 Londres, au Royaume-Uni. Au lendemain de l\u2019annonce, les hommages fusent de partout\u2026 Le Togo, par le biais du Pr\u00e9sident du Conseil, s\u2019est joint \u00e0 la vague des hommages. Dans [&hellip;]<\/p>\n","protected":false},"author":2,"featured_media":23545,"comment_status":"open","ping_status":"open","sticky":false,"template":"","format":"standard","meta":{"footnotes":""},"categories":[20,35],"tags":[],"class_list":["post-23544","post","type-post","status-publish","format-standard","has-post-thumbnail","hentry","category-actualite","category-necrologie"],"yoast_head":"<!-- This site is optimized with the Yoast SEO plugin v28.4 - https:\/\/yoast.com\/product\/yoast-seo-wordpress\/ -->\n<title>DECES DE L\u2019ANCIEN PRESIDENT DU NIGERIA\u00a0: Le Pr\u00e9sident du Conseil et le Togo expriment leur tristesse \u2026 -<\/title>\n<meta name=\"robots\" content=\"index, follow, max-snippet:-1, max-image-preview:large, max-video-preview:-1\" \/>\n<link rel=\"canonical\" href=\"https:\/\/macite.tg\/?p=23544\" \/>\n<meta property=\"og:locale\" content=\"fr_FR\" \/>\n<meta property=\"og:type\" content=\"article\" \/>\n<meta property=\"og:title\" content=\"DECES DE L\u2019ANCIEN PRESIDENT DU NIGERIA\u00a0: Le Pr\u00e9sident du Conseil et le Togo expriment leur tristesse \u2026 -\" \/>\n<meta property=\"og:description\" content=\"&nbsp;Le Nig\u00e9ria est en deuil&nbsp;! L\u2019ancien pr\u00e9sident Muhammadu Buhari, est d\u00e9c\u00e9d\u00e9, le dimanche 13 juillet \u00e0 Londres, au Royaume-Uni. Au lendemain de l\u2019annonce, les hommages fusent de partout\u2026 Le Togo, par le biais du Pr\u00e9sident du Conseil, s\u2019est joint \u00e0 la vague des hommages. Dans [&hellip;]\" \/>\n<meta property=\"og:url\" content=\"https:\/\/macite.tg\/?p=23544\" \/>\n<meta property=\"article:published_time\" content=\"2025-07-15T17:37:00+00:00\" \/>\n<meta property=\"article:modified_time\" content=\"2025-07-15T17:40:25+00:00\" \/>\n<meta property=\"og:image\" content=\"https:\/\/macite.tg\/wp-content\/uploads\/2025\/07\/BUHARI.jpg\" \/>\n\t<meta property=\"og:image:width\" content=\"500\" \/>\n\t<meta property=\"og:image:height\" content=\"671\" \/>\n\t<meta property=\"og:image:type\" content=\"image\/jpeg\" \/>\n<meta name=\"author\" content=\"Jean Pierre BAWELA\" \/>\n<meta name=\"twitter:card\" content=\"summary_large_image\" \/>\n<meta name=\"twitter:label1\" content=\"\u00c9crit par\" \/>\n\t<meta name=\"twitter:data1\" content=\"Jean Pierre BAWELA\" \/>\n\t<meta name=\"twitter:label2\" content=\"Dur\u00e9e de lecture estim\u00e9e\" \/>\n\t<meta name=\"twitter:data2\" content=\"2 minutes\" \/>\n<script type=\"application\/ld+json\" class=\"yoast-schema-graph\">{\"@context\":\"https:\\\/\\\/schema.org\",\"@graph\":[{\"@type\":\"Article\",\"@id\":\"https:\\\/\\\/macite.tg\\\/?p=23544#article\",\"isPartOf\":{\"@id\":\"https:\\\/\\\/macite.tg\\\/?p=23544\"},\"author\":{\"name\":\"Jean Pierre BAWELA\",\"@id\":\"https:\\\/\\\/macite.tg\\\/#\\\/schema\\\/person\\\/e9f2de7e5dbbe7770a9402c7ce82f5c2\"},\"headline\":\"DECES DE L\u2019ANCIEN PRESIDENT DU NIGERIA\u00a0: Le Pr\u00e9sident du Conseil et le Togo expriment leur tristesse \u2026\",\"datePublished\":\"2025-07-15T17:37:00+00:00\",\"dateModified\":\"2025-07-15T17:40:25+00:00\",\"mainEntityOfPage\":{\"@id\":\"https:\\\/\\\/macite.tg\\\/?p=23544\"},\"wordCount\":226,\"commentCount\":0,\"image\":{\"@id\":\"https:\\\/\\\/macite.tg\\\/?p=23544#primaryimage\"},\"thumbnailUrl\":\"https:\\\/\\\/macite.tg\\\/wp-content\\\/uploads\\\/2025\\\/07\\\/BUHARI.jpg\",\"articleSection\":[\"ACTUALITE\",\"NECROLOGIE\"],\"inLanguage\":\"fr-FR\",\"potentialAction\":[{\"@type\":\"CommentAction\",\"name\":\"Comment\",\"target\":[\"https:\\\/\\\/macite.tg\\\/?p=23544#respond\"]}]},{\"@type\":\"WebPage\",\"@id\":\"https:\\\/\\\/macite.tg\\\/?p=23544\",\"url\":\"https:\\\/\\\/macite.tg\\\/?p=23544\",\"name\":\"DECES DE L\u2019ANCIEN PRESIDENT DU NIGERIA\u00a0: Le Pr\u00e9sident du Conseil et le Togo expriment leur tristesse \u2026 -\",\"isPartOf\":{\"@id\":\"https:\\\/\\\/macite.tg\\\/#website\"},\"primaryImageOfPage\":{\"@id\":\"https:\\\/\\\/macite.tg\\\/?p=23544#primaryimage\"},\"image\":{\"@id\":\"https:\\\/\\\/macite.tg\\\/?p=23544#primaryimage\"},\"thumbnailUrl\":\"https:\\\/\\\/macite.tg\\\/wp-content\\\/uploads\\\/2025\\\/07\\\/BUHARI.jpg\",\"datePublished\":\"2025-07-15T17:37:00+00:00\",\"dateModified\":\"2025-07-15T17:40:25+00:00\",\"author\":{\"@id\":\"https:\\\/\\\/macite.tg\\\/#\\\/schema\\\/person\\\/e9f2de7e5dbbe7770a9402c7ce82f5c2\"},\"breadcrumb\":{\"@id\":\"https:\\\/\\\/macite.tg\\\/?p=23544#breadcrumb\"},\"inLanguage\":\"fr-FR\",\"potentialAction\":[{\"@type\":\"ReadAction\",\"target\":[\"https:\\\/\\\/macite.tg\\\/?p=23544\"]}]},{\"@type\":\"ImageObject\",\"inLanguage\":\"fr-FR\",\"@id\":\"https:\\\/\\\/macite.tg\\\/?p=23544#primaryimage\",\"url\":\"https:\\\/\\\/macite.tg\\\/wp-content\\\/uploads\\\/2025\\\/07\\\/BUHARI.jpg\",\"contentUrl\":\"https:\\\/\\\/macite.tg\\\/wp-content\\\/uploads\\\/2025\\\/07\\\/BUHARI.jpg\",\"width\":500,\"height\":671},{\"@type\":\"BreadcrumbList\",\"@id\":\"https:\\\/\\\/macite.tg\\\/?p=23544#breadcrumb\",\"itemListElement\":[{\"@type\":\"ListItem\",\"position\":1,\"name\":\"Accueil\",\"item\":\"https:\\\/\\\/macite.tg\\\/\"},{\"@type\":\"ListItem\",\"position\":2,\"name\":\"DECES DE L\u2019ANCIEN PRESIDENT DU NIGERIA\u00a0: Le Pr\u00e9sident du Conseil et le Togo expriment leur tristesse \u2026\"}]},{\"@type\":\"WebSite\",\"@id\":\"https:\\\/\\\/macite.tg\\\/#website\",\"url\":\"https:\\\/\\\/macite.tg\\\/\",\"name\":\"\",\"description\":\"L&#039;information, la bonne!!!\",\"potentialAction\":[{\"@type\":\"SearchAction\",\"target\":{\"@type\":\"EntryPoint\",\"urlTemplate\":\"https:\\\/\\\/macite.tg\\\/?s={search_term_string}\"},\"query-input\":{\"@type\":\"PropertyValueSpecification\",\"valueRequired\":true,\"valueName\":\"search_term_string\"}}],\"inLanguage\":\"fr-FR\"},{\"@type\":\"Person\",\"@id\":\"https:\\\/\\\/macite.tg\\\/#\\\/schema\\\/person\\\/e9f2de7e5dbbe7770a9402c7ce82f5c2\",\"name\":\"Jean Pierre BAWELA\",\"image\":{\"@type\":\"ImageObject\",\"inLanguage\":\"fr-FR\",\"@id\":\"https:\\\/\\\/macite.tg\\\/wp-content\\\/uploads\\\/2023\\\/09\\\/WhatsApp-Image-2023-09-19-at-14.44.41-122x122.jpeg\",\"url\":\"https:\\\/\\\/macite.tg\\\/wp-content\\\/uploads\\\/2023\\\/09\\\/WhatsApp-Image-2023-09-19-at-14.44.41-122x122.jpeg\",\"contentUrl\":\"https:\\\/\\\/macite.tg\\\/wp-content\\\/uploads\\\/2023\\\/09\\\/WhatsApp-Image-2023-09-19-at-14.44.41-122x122.jpeg\",\"caption\":\"Jean Pierre BAWELA\"},\"url\":\"https:\\\/\\\/macite.tg\\\/?author=2\"}]}<\/script>\n<!-- \/ Yoast SEO plugin. -->","yoast_head_json":{"title":"DECES DE L\u2019ANCIEN PRESIDENT DU NIGERIA\u00a0: Le Pr\u00e9sident du Conseil et le Togo expriment leur tristesse \u2026 -","robots":{"index":"index","follow":"follow","max-snippet":"max-snippet:-1","max-image-preview":"max-image-preview:large","max-video-preview":"max-video-preview:-1"},"canonical":"https:\/\/macite.tg\/?p=23544","og_locale":"fr_FR","og_type":"article","og_title":"DECES DE L\u2019ANCIEN PRESIDENT DU NIGERIA\u00a0: Le Pr\u00e9sident du Conseil et le Togo expriment leur tristesse \u2026 -","og_description":"&nbsp;Le Nig\u00e9ria est en deuil&nbsp;! L\u2019ancien pr\u00e9sident Muhammadu Buhari, est d\u00e9c\u00e9d\u00e9, le dimanche 13 juillet \u00e0 Londres, au Royaume-Uni. Au lendemain de l\u2019annonce, les hommages fusent de partout\u2026 Le Togo, par le biais du Pr\u00e9sident du Conseil, s\u2019est joint \u00e0 la vague des hommages. Dans [&hellip;]","og_url":"https:\/\/macite.tg\/?p=23544","article_published_time":"2025-07-15T17:37:00+00:00","article_modified_time":"2025-07-15T17:40:25+00:00","og_image":[{"width":500,"height":671,"url":"https:\/\/macite.tg\/wp-content\/uploads\/2025\/07\/BUHARI.jpg","type":"image\/jpeg"}],"author":"Jean Pierre BAWELA","twitter_card":"summary_large_image","twitter_misc":{"\u00c9crit par":"Jean Pierre BAWELA","Dur\u00e9e de lecture estim\u00e9e":"2 minutes"},"schema":{"@context":"https:\/\/schema.org","@graph":[{"@type":"Article","@id":"https:\/\/macite.tg\/?p=23544#article","isPartOf":{"@id":"https:\/\/macite.tg\/?p=23544"},"author":{"name":"Jean Pierre BAWELA","@id":"https:\/\/macite.tg\/#\/schema\/person\/e9f2de7e5dbbe7770a9402c7ce82f5c2"},"headline":"DECES DE L\u2019ANCIEN PRESIDENT DU NIGERIA\u00a0: Le Pr\u00e9sident du Conseil et le Togo expriment leur tristesse \u2026","datePublished":"2025-07-15T17:37:00+00:00","dateModified":"2025-07-15T17:40:25+00:00","mainEntityOfPage":{"@id":"https:\/\/macite.tg\/?p=23544"},"wordCount":226,"commentCount":0,"image":{"@id":"https:\/\/macite.tg\/?p=23544#primaryimage"},"thumbnailUrl":"https:\/\/macite.tg\/wp-content\/uploads\/2025\/07\/BUHARI.jpg","articleSection":["ACTUALITE","NECROLOGIE"],"inLanguage":"fr-FR","potentialAction":[{"@type":"CommentAction","name":"Comment","target":["https:\/\/macite.tg\/?p=23544#respond"]}]},{"@type":"WebPage","@id":"https:\/\/macite.tg\/?p=23544","url":"https:\/\/macite.tg\/?p=23544","name":"DECES DE L\u2019ANCIEN PRESIDENT DU NIGERIA\u00a0: Le Pr\u00e9sident du Conseil et le Togo expriment leur tristesse \u2026 -","isPartOf":{"@id":"https:\/\/macite.tg\/#website"},"primaryImageOfPage":{"@id":"https:\/\/macite.tg\/?p=23544#primaryimage"},"image":{"@id":"https:\/\/macite.tg\/?p=23544#primaryimage"},"thumbnailUrl":"https:\/\/macite.tg\/wp-content\/uploads\/2025\/07\/BUHARI.jpg","datePublished":"2025-07-15T17:37:00+00:00","dateModified":"2025-07-15T17:40:25+00:00","author":{"@id":"https:\/\/macite.tg\/#\/schema\/person\/e9f2de7e5dbbe7770a9402c7ce82f5c2"},"breadcrumb":{"@id":"https:\/\/macite.tg\/?p=23544#breadcrumb"},"inLanguage":"fr-FR","potentialAction":[{"@type":"ReadAction","target":["https:\/\/macite.tg\/?p=23544"]}]},{"@type":"ImageObject","inLanguage":"fr-FR","@id":"https:\/\/macite.tg\/?p=23544#primaryimage","url":"https:\/\/macite.tg\/wp-content\/uploads\/2025\/07\/BUHARI.jpg","contentUrl":"https:\/\/macite.tg\/wp-content\/uploads\/2025\/07\/BUHARI.jpg","width":500,"height":671},{"@type":"BreadcrumbList","@id":"https:\/\/macite.tg\/?p=23544#breadcrumb","itemListElement":[{"@type":"ListItem","position":1,"name":"Accueil","item":"https:\/\/macite.tg\/"},{"@type":"ListItem","position":2,"name":"DECES DE L\u2019ANCIEN PRESIDENT DU NIGERIA\u00a0: Le Pr\u00e9sident du Conseil et le Togo expriment leur tristesse \u2026"}]},{"@type":"WebSite","@id":"https:\/\/macite.tg\/#website","url":"https:\/\/macite.tg\/","name":"","description":"L&#039;information, la bonne!!!","potentialAction":[{"@type":"SearchAction","target":{"@type":"EntryPoint","urlTemplate":"https:\/\/macite.tg\/?s={search_term_string}"},"query-input":{"@type":"PropertyValueSpecification","valueRequired":true,"valueName":"search_term_string"}}],"inLanguage":"fr-FR"},{"@type":"Person","@id":"https:\/\/macite.tg\/#\/schema\/person\/e9f2de7e5dbbe7770a9402c7ce82f5c2","name":"Jean Pierre BAWELA","image":{"@type":"ImageObject","inLanguage":"fr-FR","@id":"https:\/\/macite.tg\/wp-content\/uploads\/2023\/09\/WhatsApp-Image-2023-09-19-at-14.44.41-122x122.jpeg","url":"https:\/\/macite.tg\/wp-content\/uploads\/2023\/09\/WhatsApp-Image-2023-09-19-at-14.44.41-122x122.jpeg","contentUrl":"https:\/\/macite.tg\/wp-content\/uploads\/2023\/09\/WhatsApp-Image-2023-09-19-at-14.44.41-122x122.jpeg","caption":"Jean Pierre BAWELA"},"url":"https:\/\/macite.tg\/?author=2"}]}},"_links":{"self":[{"href":"https:\/\/macite.tg\/index.php?rest_route=\/wp\/v2\/posts\/23544","targetHints":{"allow":["GET"]}}],"collection":[{"href":"https:\/\/macite.tg\/index.php?rest_route=\/wp\/v2\/posts"}],"about":[{"href":"https:\/\/macite.tg\/index.php?rest_route=\/wp\/v2\/types\/post"}],"author":[{"embeddable":true,"href":"https:\/\/macite.tg\/index.php?rest_route=\/wp\/v2\/users\/2"}],"replies":[{"embeddable":true,"href":"https:\/\/macite.tg\/index.php?rest_route=%2Fwp%2Fv2%2Fcomments&post=23544"}],"version-history":[{"count":0,"href":"https:\/\/macite.tg\/index.php?rest_route=\/wp\/v2\/posts\/23544\/revisions"}],"wp:featuredmedia":[{"embeddable":true,"href":"https:\/\/macite.tg\/index.php?rest_route=\/wp\/v2\/media\/23545"}],"wp:attachment":[{"href":"https:\/\/macite.tg\/index.php?rest_route=%2Fwp%2Fv2%2Fmedia&parent=23544"}],"wp:term":[{"taxonomy":"category","embeddable":true,"href":"https:\/\/macite.tg\/index.php?rest_route=%2Fwp%2Fv2%2Fcategories&post=23544"},{"taxonomy":"post_tag","embeddable":true,"href":"https:\/\/macite.tg\/index.php?rest_route=%2Fwp%2Fv2%2Ftags&post=23544"}],"curies":[{"name":"wp","href":"https:\/\/api.w.org\/{rel}","templated":true}]}}