{"id":23541,"date":"2025-07-15T16:46:13","date_gmt":"2025-07-15T16:46:13","guid":{"rendered":"https:\/\/macite.tg\/?p=23541"},"modified":"2025-07-15T17:43:32","modified_gmt":"2025-07-15T17:43:32","slug":"elections-municipales-2025-les-frontieres-fermees-ce-jeudi-17-juillet","status":"publish","type":"post","link":"https:\/\/macite.tg\/?p=23541","title":{"rendered":"\u00c9LECTIONS MUNICIPALES 2025: Les fronti\u00e8res ferm\u00e9es ce jeudi 17 juillet"},"content":{"rendered":"\n<p class=\"wp-block-paragraph\"><strong><em>\u00ab&nbsp;Les fronti\u00e8res terrestres seront ferm\u00e9es ce jeudi 17 juillet de Z\u00e9ro heures jusqu\u2019\u00e0 23heures 59 minutes&nbsp;\u00bb. Ainsi en a d\u00e9cid\u00e9 l\u2019ex\u00e9cutif togolais, ceci dans le cadre des \u00e9lections municipales qui auront lieu le jour susmentionn\u00e9.<\/em><\/strong><\/p>\n\n\n\n<p class=\"wp-block-paragraph\">Dans l\u2019optique <em>\u00ab d\u2019optimiser la s\u00e9curit\u00e9 du d\u00e9roulement du vote le 17 juillet 2025&nbsp;\u00bb,<\/em> le gouvernement vient de d\u00e9cider la fermeture des fronti\u00e8res terrestres le jeudi 17 juillet prochain, jour du scrutin municipal.<\/p>\n\n\n<div class=\"wp-block-image\">\n<figure class=\"aligncenter size-full is-resized\"><img loading=\"lazy\" decoding=\"async\" width=\"690\" height=\"170\" src=\"https:\/\/macite.tg\/wp-content\/uploads\/2025\/07\/OTR_TVM.jpg\" alt=\"\" class=\"wp-image-23364\" style=\"width:812px;height:auto\" srcset=\"https:\/\/macite.tg\/wp-content\/uploads\/2025\/07\/OTR_TVM.jpg 690w, https:\/\/macite.tg\/wp-content\/uploads\/2025\/07\/OTR_TVM-300x74.jpg 300w\" sizes=\"auto, (max-width: 690px) 100vw, 690px\" \/><\/figure>\n<\/div>\n\n\n<p class=\"wp-block-paragraph\">Cette mesure vise \u00e0 permettre <em>\u00ab\u00a0le d\u00e9roulement du vote des conseillers municipaux, dans la s\u00e9r\u00e9nit\u00e9, la coh\u00e9sion sociale, la paix et la s\u00e9curit\u00e9\u00a0\u00bb, <\/em>note le communiqu\u00e9 conjoint co-sign\u00e9 du ministre de l\u2019Administration territoriale, de la d\u00e9centralisation et de la chefferie coutumi\u00e8re, Col Awat\u00e9 Hodabalo et son coll\u00e8gue de la S\u00e9curit\u00e9 et de la Protection civile, Col Calixte B. Madjoulba.<\/p>\n\n\n<div class=\"wp-block-image\">\n<figure class=\"aligncenter size-full is-resized\"><img loading=\"lazy\" decoding=\"async\" width=\"730\" height=\"1024\" src=\"https:\/\/macite.tg\/wp-content\/uploads\/2025\/07\/image-1.jpeg\" alt=\"\" class=\"wp-image-23518\" style=\"width:554px;height:auto\" srcset=\"https:\/\/macite.tg\/wp-content\/uploads\/2025\/07\/image-1.jpeg 730w, https:\/\/macite.tg\/wp-content\/uploads\/2025\/07\/image-1-214x300.jpeg 214w\" sizes=\"auto, (max-width: 730px) 100vw, 730px\" \/><\/figure>\n<\/div>\n\n\n<p class=\"wp-block-paragraph\">Les \u00e9missaires du gouvernement disent compter&nbsp;<em>\u00ab&nbsp;sur la bonne compr\u00e9hension et le sens de responsabilit\u00e9 de tous les usagers des fronti\u00e8res togolaises et de toute la population, pour le respect de cette disposition&nbsp;\u00bb.<\/em><\/p>\n\n\n\n<p class=\"wp-block-paragraph\"><strong>La R\u00e9daction<\/strong><\/p>\n\n\n\n<p class=\"wp-block-paragraph\"><a><strong><em>@macite.tg&nbsp;&nbsp;&nbsp;&nbsp;&nbsp;&nbsp;&nbsp;&nbsp;<\/em><\/strong><\/a><\/p>\n\n\n\n<p class=\"wp-block-paragraph\"><strong><em>E-mail&nbsp;: <\/em><\/strong><a href=\"mailto:maciteinfo@gmail.com\"><strong><em>maciteinfo@gmail.com<\/em><\/strong><\/a><strong><em>; <\/em><\/strong><a href=\"mailto:bawela1@gmail.com\"><strong><em>bawela1@gmail.com<\/em><\/strong><\/a><strong><em><\/em><\/strong><\/p>\n\n\n\n<p class=\"wp-block-paragraph\"><strong><em>Pour vos annonces, (publi)reportages, etc., joignez-nous au (00228)91515309\/<strong>79872224 <\/strong><strong><\/strong><\/em><\/strong><\/p>\n\n\n\n<p class=\"wp-block-paragraph\"><strong><em>www.macite.tg, L\u2019information, la bonne&nbsp;!<\/em><\/strong><\/p>\n\n\n\n<p class=\"wp-block-paragraph\"><\/p>\n","protected":false},"excerpt":{"rendered":"<p class=\"text-justify mb-2\" >\u00ab&nbsp;Les fronti\u00e8res terrestres seront ferm\u00e9es ce jeudi 17 juillet de Z\u00e9ro heures jusqu\u2019\u00e0 23heures 59 minutes&nbsp;\u00bb. Ainsi en a d\u00e9cid\u00e9 l\u2019ex\u00e9cutif togolais, ceci dans le cadre des \u00e9lections municipales qui auront lieu le jour susmentionn\u00e9. Dans l\u2019optique \u00ab d\u2019optimiser la s\u00e9curit\u00e9 du d\u00e9roulement du vote [&hellip;]<\/p>\n","protected":false},"author":2,"featured_media":23542,"comment_status":"open","ping_status":"open","sticky":false,"template":"","format":"standard","meta":{"footnotes":""},"categories":[20,28],"tags":[],"class_list":["post-23541","post","type-post","status-publish","format-standard","has-post-thumbnail","hentry","category-actualite","category-securite"],"yoast_head":"<!-- This site is optimized with the Yoast SEO plugin v28.4 - https:\/\/yoast.com\/product\/yoast-seo-wordpress\/ -->\n<title>\u00c9LECTIONS MUNICIPALES 2025: Les fronti\u00e8res ferm\u00e9es ce jeudi 17 juillet -<\/title>\n<meta name=\"robots\" content=\"index, follow, max-snippet:-1, max-image-preview:large, max-video-preview:-1\" \/>\n<link rel=\"canonical\" href=\"https:\/\/macite.tg\/?p=23541\" \/>\n<meta property=\"og:locale\" content=\"fr_FR\" \/>\n<meta property=\"og:type\" content=\"article\" \/>\n<meta property=\"og:title\" content=\"\u00c9LECTIONS MUNICIPALES 2025: Les fronti\u00e8res ferm\u00e9es ce jeudi 17 juillet -\" \/>\n<meta property=\"og:description\" content=\"\u00ab&nbsp;Les fronti\u00e8res terrestres seront ferm\u00e9es ce jeudi 17 juillet de Z\u00e9ro heures jusqu\u2019\u00e0 23heures 59 minutes&nbsp;\u00bb. Ainsi en a d\u00e9cid\u00e9 l\u2019ex\u00e9cutif togolais, ceci dans le cadre des \u00e9lections municipales qui auront lieu le jour susmentionn\u00e9. Dans l\u2019optique \u00ab d\u2019optimiser la s\u00e9curit\u00e9 du d\u00e9roulement du vote [&hellip;]\" \/>\n<meta property=\"og:url\" content=\"https:\/\/macite.tg\/?p=23541\" \/>\n<meta property=\"article:published_time\" content=\"2025-07-15T16:46:13+00:00\" \/>\n<meta property=\"article:modified_time\" content=\"2025-07-15T17:43:32+00:00\" \/>\n<meta property=\"og:image\" content=\"https:\/\/macite.tg\/wp-content\/uploads\/2025\/07\/image-42.png\" \/>\n\t<meta property=\"og:image:width\" content=\"351\" \/>\n\t<meta property=\"og:image:height\" content=\"270\" \/>\n\t<meta property=\"og:image:type\" content=\"image\/png\" \/>\n<meta name=\"author\" content=\"Jean Pierre BAWELA\" \/>\n<meta name=\"twitter:card\" content=\"summary_large_image\" \/>\n<meta name=\"twitter:label1\" content=\"\u00c9crit par\" \/>\n\t<meta name=\"twitter:data1\" content=\"Jean Pierre BAWELA\" \/>\n\t<meta name=\"twitter:label2\" content=\"Dur\u00e9e de lecture estim\u00e9e\" \/>\n\t<meta name=\"twitter:data2\" content=\"2 minutes\" \/>\n<script type=\"application\/ld+json\" class=\"yoast-schema-graph\">{\"@context\":\"https:\\\/\\\/schema.org\",\"@graph\":[{\"@type\":\"Article\",\"@id\":\"https:\\\/\\\/macite.tg\\\/?p=23541#article\",\"isPartOf\":{\"@id\":\"https:\\\/\\\/macite.tg\\\/?p=23541\"},\"author\":{\"name\":\"Jean Pierre BAWELA\",\"@id\":\"https:\\\/\\\/macite.tg\\\/#\\\/schema\\\/person\\\/e9f2de7e5dbbe7770a9402c7ce82f5c2\"},\"headline\":\"\u00c9LECTIONS MUNICIPALES 2025: Les fronti\u00e8res ferm\u00e9es ce jeudi 17 juillet\",\"datePublished\":\"2025-07-15T16:46:13+00:00\",\"dateModified\":\"2025-07-15T17:43:32+00:00\",\"mainEntityOfPage\":{\"@id\":\"https:\\\/\\\/macite.tg\\\/?p=23541\"},\"wordCount\":230,\"commentCount\":0,\"image\":{\"@id\":\"https:\\\/\\\/macite.tg\\\/?p=23541#primaryimage\"},\"thumbnailUrl\":\"https:\\\/\\\/macite.tg\\\/wp-content\\\/uploads\\\/2025\\\/07\\\/image-42.png\",\"articleSection\":[\"ACTUALITE\",\"SECURITE\"],\"inLanguage\":\"fr-FR\",\"potentialAction\":[{\"@type\":\"CommentAction\",\"name\":\"Comment\",\"target\":[\"https:\\\/\\\/macite.tg\\\/?p=23541#respond\"]}]},{\"@type\":\"WebPage\",\"@id\":\"https:\\\/\\\/macite.tg\\\/?p=23541\",\"url\":\"https:\\\/\\\/macite.tg\\\/?p=23541\",\"name\":\"\u00c9LECTIONS MUNICIPALES 2025: Les fronti\u00e8res ferm\u00e9es ce jeudi 17 juillet -\",\"isPartOf\":{\"@id\":\"https:\\\/\\\/macite.tg\\\/#website\"},\"primaryImageOfPage\":{\"@id\":\"https:\\\/\\\/macite.tg\\\/?p=23541#primaryimage\"},\"image\":{\"@id\":\"https:\\\/\\\/macite.tg\\\/?p=23541#primaryimage\"},\"thumbnailUrl\":\"https:\\\/\\\/macite.tg\\\/wp-content\\\/uploads\\\/2025\\\/07\\\/image-42.png\",\"datePublished\":\"2025-07-15T16:46:13+00:00\",\"dateModified\":\"2025-07-15T17:43:32+00:00\",\"author\":{\"@id\":\"https:\\\/\\\/macite.tg\\\/#\\\/schema\\\/person\\\/e9f2de7e5dbbe7770a9402c7ce82f5c2\"},\"breadcrumb\":{\"@id\":\"https:\\\/\\\/macite.tg\\\/?p=23541#breadcrumb\"},\"inLanguage\":\"fr-FR\",\"potentialAction\":[{\"@type\":\"ReadAction\",\"target\":[\"https:\\\/\\\/macite.tg\\\/?p=23541\"]}]},{\"@type\":\"ImageObject\",\"inLanguage\":\"fr-FR\",\"@id\":\"https:\\\/\\\/macite.tg\\\/?p=23541#primaryimage\",\"url\":\"https:\\\/\\\/macite.tg\\\/wp-content\\\/uploads\\\/2025\\\/07\\\/image-42.png\",\"contentUrl\":\"https:\\\/\\\/macite.tg\\\/wp-content\\\/uploads\\\/2025\\\/07\\\/image-42.png\",\"width\":351,\"height\":270},{\"@type\":\"BreadcrumbList\",\"@id\":\"https:\\\/\\\/macite.tg\\\/?p=23541#breadcrumb\",\"itemListElement\":[{\"@type\":\"ListItem\",\"position\":1,\"name\":\"Accueil\",\"item\":\"https:\\\/\\\/macite.tg\\\/\"},{\"@type\":\"ListItem\",\"position\":2,\"name\":\"\u00c9LECTIONS MUNICIPALES 2025: Les fronti\u00e8res ferm\u00e9es ce jeudi 17 juillet\"}]},{\"@type\":\"WebSite\",\"@id\":\"https:\\\/\\\/macite.tg\\\/#website\",\"url\":\"https:\\\/\\\/macite.tg\\\/\",\"name\":\"\",\"description\":\"L&#039;information, la bonne!!!\",\"potentialAction\":[{\"@type\":\"SearchAction\",\"target\":{\"@type\":\"EntryPoint\",\"urlTemplate\":\"https:\\\/\\\/macite.tg\\\/?s={search_term_string}\"},\"query-input\":{\"@type\":\"PropertyValueSpecification\",\"valueRequired\":true,\"valueName\":\"search_term_string\"}}],\"inLanguage\":\"fr-FR\"},{\"@type\":\"Person\",\"@id\":\"https:\\\/\\\/macite.tg\\\/#\\\/schema\\\/person\\\/e9f2de7e5dbbe7770a9402c7ce82f5c2\",\"name\":\"Jean Pierre BAWELA\",\"image\":{\"@type\":\"ImageObject\",\"inLanguage\":\"fr-FR\",\"@id\":\"https:\\\/\\\/macite.tg\\\/wp-content\\\/uploads\\\/2023\\\/09\\\/WhatsApp-Image-2023-09-19-at-14.44.41-122x122.jpeg\",\"url\":\"https:\\\/\\\/macite.tg\\\/wp-content\\\/uploads\\\/2023\\\/09\\\/WhatsApp-Image-2023-09-19-at-14.44.41-122x122.jpeg\",\"contentUrl\":\"https:\\\/\\\/macite.tg\\\/wp-content\\\/uploads\\\/2023\\\/09\\\/WhatsApp-Image-2023-09-19-at-14.44.41-122x122.jpeg\",\"caption\":\"Jean Pierre BAWELA\"},\"url\":\"https:\\\/\\\/macite.tg\\\/?author=2\"}]}<\/script>\n<!-- \/ Yoast SEO plugin. -->","yoast_head_json":{"title":"\u00c9LECTIONS MUNICIPALES 2025: Les fronti\u00e8res ferm\u00e9es ce jeudi 17 juillet -","robots":{"index":"index","follow":"follow","max-snippet":"max-snippet:-1","max-image-preview":"max-image-preview:large","max-video-preview":"max-video-preview:-1"},"canonical":"https:\/\/macite.tg\/?p=23541","og_locale":"fr_FR","og_type":"article","og_title":"\u00c9LECTIONS MUNICIPALES 2025: Les fronti\u00e8res ferm\u00e9es ce jeudi 17 juillet -","og_description":"\u00ab&nbsp;Les fronti\u00e8res terrestres seront ferm\u00e9es ce jeudi 17 juillet de Z\u00e9ro heures jusqu\u2019\u00e0 23heures 59 minutes&nbsp;\u00bb. Ainsi en a d\u00e9cid\u00e9 l\u2019ex\u00e9cutif togolais, ceci dans le cadre des \u00e9lections municipales qui auront lieu le jour susmentionn\u00e9. Dans l\u2019optique \u00ab d\u2019optimiser la s\u00e9curit\u00e9 du d\u00e9roulement du vote [&hellip;]","og_url":"https:\/\/macite.tg\/?p=23541","article_published_time":"2025-07-15T16:46:13+00:00","article_modified_time":"2025-07-15T17:43:32+00:00","og_image":[{"width":351,"height":270,"url":"https:\/\/macite.tg\/wp-content\/uploads\/2025\/07\/image-42.png","type":"image\/png"}],"author":"Jean Pierre BAWELA","twitter_card":"summary_large_image","twitter_misc":{"\u00c9crit par":"Jean Pierre BAWELA","Dur\u00e9e de lecture estim\u00e9e":"2 minutes"},"schema":{"@context":"https:\/\/schema.org","@graph":[{"@type":"Article","@id":"https:\/\/macite.tg\/?p=23541#article","isPartOf":{"@id":"https:\/\/macite.tg\/?p=23541"},"author":{"name":"Jean Pierre BAWELA","@id":"https:\/\/macite.tg\/#\/schema\/person\/e9f2de7e5dbbe7770a9402c7ce82f5c2"},"headline":"\u00c9LECTIONS MUNICIPALES 2025: Les fronti\u00e8res ferm\u00e9es ce jeudi 17 juillet","datePublished":"2025-07-15T16:46:13+00:00","dateModified":"2025-07-15T17:43:32+00:00","mainEntityOfPage":{"@id":"https:\/\/macite.tg\/?p=23541"},"wordCount":230,"commentCount":0,"image":{"@id":"https:\/\/macite.tg\/?p=23541#primaryimage"},"thumbnailUrl":"https:\/\/macite.tg\/wp-content\/uploads\/2025\/07\/image-42.png","articleSection":["ACTUALITE","SECURITE"],"inLanguage":"fr-FR","potentialAction":[{"@type":"CommentAction","name":"Comment","target":["https:\/\/macite.tg\/?p=23541#respond"]}]},{"@type":"WebPage","@id":"https:\/\/macite.tg\/?p=23541","url":"https:\/\/macite.tg\/?p=23541","name":"\u00c9LECTIONS MUNICIPALES 2025: Les fronti\u00e8res ferm\u00e9es ce jeudi 17 juillet -","isPartOf":{"@id":"https:\/\/macite.tg\/#website"},"primaryImageOfPage":{"@id":"https:\/\/macite.tg\/?p=23541#primaryimage"},"image":{"@id":"https:\/\/macite.tg\/?p=23541#primaryimage"},"thumbnailUrl":"https:\/\/macite.tg\/wp-content\/uploads\/2025\/07\/image-42.png","datePublished":"2025-07-15T16:46:13+00:00","dateModified":"2025-07-15T17:43:32+00:00","author":{"@id":"https:\/\/macite.tg\/#\/schema\/person\/e9f2de7e5dbbe7770a9402c7ce82f5c2"},"breadcrumb":{"@id":"https:\/\/macite.tg\/?p=23541#breadcrumb"},"inLanguage":"fr-FR","potentialAction":[{"@type":"ReadAction","target":["https:\/\/macite.tg\/?p=23541"]}]},{"@type":"ImageObject","inLanguage":"fr-FR","@id":"https:\/\/macite.tg\/?p=23541#primaryimage","url":"https:\/\/macite.tg\/wp-content\/uploads\/2025\/07\/image-42.png","contentUrl":"https:\/\/macite.tg\/wp-content\/uploads\/2025\/07\/image-42.png","width":351,"height":270},{"@type":"BreadcrumbList","@id":"https:\/\/macite.tg\/?p=23541#breadcrumb","itemListElement":[{"@type":"ListItem","position":1,"name":"Accueil","item":"https:\/\/macite.tg\/"},{"@type":"ListItem","position":2,"name":"\u00c9LECTIONS MUNICIPALES 2025: Les fronti\u00e8res ferm\u00e9es ce jeudi 17 juillet"}]},{"@type":"WebSite","@id":"https:\/\/macite.tg\/#website","url":"https:\/\/macite.tg\/","name":"","description":"L&#039;information, la bonne!!!","potentialAction":[{"@type":"SearchAction","target":{"@type":"EntryPoint","urlTemplate":"https:\/\/macite.tg\/?s={search_term_string}"},"query-input":{"@type":"PropertyValueSpecification","valueRequired":true,"valueName":"search_term_string"}}],"inLanguage":"fr-FR"},{"@type":"Person","@id":"https:\/\/macite.tg\/#\/schema\/person\/e9f2de7e5dbbe7770a9402c7ce82f5c2","name":"Jean Pierre BAWELA","image":{"@type":"ImageObject","inLanguage":"fr-FR","@id":"https:\/\/macite.tg\/wp-content\/uploads\/2023\/09\/WhatsApp-Image-2023-09-19-at-14.44.41-122x122.jpeg","url":"https:\/\/macite.tg\/wp-content\/uploads\/2023\/09\/WhatsApp-Image-2023-09-19-at-14.44.41-122x122.jpeg","contentUrl":"https:\/\/macite.tg\/wp-content\/uploads\/2023\/09\/WhatsApp-Image-2023-09-19-at-14.44.41-122x122.jpeg","caption":"Jean Pierre BAWELA"},"url":"https:\/\/macite.tg\/?author=2"}]}},"_links":{"self":[{"href":"https:\/\/macite.tg\/index.php?rest_route=\/wp\/v2\/posts\/23541","targetHints":{"allow":["GET"]}}],"collection":[{"href":"https:\/\/macite.tg\/index.php?rest_route=\/wp\/v2\/posts"}],"about":[{"href":"https:\/\/macite.tg\/index.php?rest_route=\/wp\/v2\/types\/post"}],"author":[{"embeddable":true,"href":"https:\/\/macite.tg\/index.php?rest_route=\/wp\/v2\/users\/2"}],"replies":[{"embeddable":true,"href":"https:\/\/macite.tg\/index.php?rest_route=%2Fwp%2Fv2%2Fcomments&post=23541"}],"version-history":[{"count":0,"href":"https:\/\/macite.tg\/index.php?rest_route=\/wp\/v2\/posts\/23541\/revisions"}],"wp:featuredmedia":[{"embeddable":true,"href":"https:\/\/macite.tg\/index.php?rest_route=\/wp\/v2\/media\/23542"}],"wp:attachment":[{"href":"https:\/\/macite.tg\/index.php?rest_route=%2Fwp%2Fv2%2Fmedia&parent=23541"}],"wp:term":[{"taxonomy":"category","embeddable":true,"href":"https:\/\/macite.tg\/index.php?rest_route=%2Fwp%2Fv2%2Fcategories&post=23541"},{"taxonomy":"post_tag","embeddable":true,"href":"https:\/\/macite.tg\/index.php?rest_route=%2Fwp%2Fv2%2Ftags&post=23541"}],"curies":[{"name":"wp","href":"https:\/\/api.w.org\/{rel}","templated":true}]}}