{"id":23535,"date":"2025-07-15T12:01:39","date_gmt":"2025-07-15T12:01:39","guid":{"rendered":"https:\/\/macite.tg\/?p=23535"},"modified":"2025-07-15T12:01:44","modified_gmt":"2025-07-15T12:01:44","slug":"municipales-2025-campagne-electorale-le-choix-de-la-raison-des-populations-dabobo-dans-la-commune-zio1","status":"publish","type":"post","link":"https:\/\/macite.tg\/?p=23535","title":{"rendered":"MUNICIPALES 2025\/CAMPAGNE ELECTORALE\u00a0: Le \u00a0\u00bbchoix de la raison\u00a0\u00bb des populations d&rsquo;Abobo, dans la commune Zio1"},"content":{"rendered":"\n<p class=\"wp-block-paragraph\"><strong><em>Le dimanche 13 juillet dernier, le village d&rsquo;Abobo, dans la Commune Zio1, a eu l&rsquo;honneur et le plaisir d\u2019accueillir les candidats du parti Union pour la R\u00e9publique (UNIR), pour le compte du canton d&rsquo;Abobo. Au-devant de la sc\u00e8ne, la ministre Mila Mawunyo Aziabl\u00e9 et le cort\u00e8ge de candidats du parti UNIR pour \u00e9changer avec les populations de ladite commune.<\/em><\/strong><\/p>\n\n\n\n<p class=\"wp-block-paragraph\">La d\u00e9l\u00e9gation conduite par la ministre Mila Mawunyo Aziabl\u00e9 a \u00e9chang\u00e9 avec la population sur le programme de soci\u00e9t\u00e9 pour les six (06) prochaines ann\u00e9es. Un programme ax\u00e9 essentiellement sur le d\u00e9veloppement local. Il s\u2019agit, en effet, de la prise en compte des diff\u00e9rents besoins des communaut\u00e9s \u00e0 la base, notamment l\u2018acc\u00e8s aux services sociaux de base \u00e0 savoir l&rsquo;eau, l&rsquo;assainissement, l&rsquo;\u00e9lectricit\u00e9, les b\u00e2timents scolaires, etc.<\/p>\n\n\n<div class=\"wp-block-image\">\n<figure class=\"aligncenter size-full is-resized\"><img loading=\"lazy\" decoding=\"async\" width=\"690\" height=\"170\" src=\"https:\/\/macite.tg\/wp-content\/uploads\/2025\/07\/OTR_TVM.jpg\" alt=\"\" class=\"wp-image-23364\" style=\"width:840px;height:auto\" srcset=\"https:\/\/macite.tg\/wp-content\/uploads\/2025\/07\/OTR_TVM.jpg 690w, https:\/\/macite.tg\/wp-content\/uploads\/2025\/07\/OTR_TVM-300x74.jpg 300w\" sizes=\"auto, (max-width: 690px) 100vw, 690px\" \/><\/figure>\n<\/div>\n\n\n<p class=\"wp-block-paragraph\"><em>\u00ab&nbsp;Nous, les candidats du canton d&rsquo;Abobo, avons toujours \u00e0 c\u0153ur les probl\u00e8mes du canton. Nous sommes des filles et fils du canton. Il serait plus facile pour nous de travailler pour le d\u00e9veloppement de notre canton si vous portez votre choix sur nous&nbsp;\u00bb,<\/em> a d\u00e9clar\u00e9 en substance la ministre Mila Mawunyo Aziabl\u00e9.<\/p>\n\n\n\n<p class=\"wp-block-paragraph\">La population d&rsquo;Abobo, galvanis\u00e9e et s\u00e9duite par la volont\u00e9 et la d\u00e9termination du parti Union pour la R\u00e9publique (UNIR) de conduire les diff\u00e9rentes localit\u00e9s du canton vers un d\u00e9veloppement judicieux, une am\u00e9lioration des conditions de vie des communaut\u00e9s, a fait la promesse d\u2019un choix de raison. Elle a d\u00e9cid\u00e9 d\u2019accorder sa voix \u00e0 ses fils et filles du parti UNIR.<\/p>\n\n\n<div class=\"wp-block-image\">\n<figure class=\"aligncenter size-full\"><img loading=\"lazy\" decoding=\"async\" width=\"730\" height=\"1024\" src=\"https:\/\/macite.tg\/wp-content\/uploads\/2025\/07\/image-1.jpeg\" alt=\"\" class=\"wp-image-23518\" srcset=\"https:\/\/macite.tg\/wp-content\/uploads\/2025\/07\/image-1.jpeg 730w, https:\/\/macite.tg\/wp-content\/uploads\/2025\/07\/image-1-214x300.jpeg 214w\" sizes=\"auto, (max-width: 730px) 100vw, 730px\" \/><\/figure>\n<\/div>\n\n\n<p class=\"wp-block-paragraph\">Tous attendent le soir du 17 juillet prochain pour c\u00e9l\u00e9brer la victoire du parti UNIR, en vue de la poursuite des actions de d\u00e9veloppement int\u00e9gral, harmonieux et durable du canton d&rsquo;Abobo.<\/p>\n\n\n\n<p class=\"wp-block-paragraph\"><strong>J.F.<\/strong><\/p>\n\n\n\n<p class=\"wp-block-paragraph\"><a><strong><em>@macite.tg&nbsp;&nbsp;&nbsp;&nbsp;&nbsp;&nbsp;&nbsp;&nbsp;<\/em><\/strong><\/a><\/p>\n\n\n\n<p class=\"wp-block-paragraph\"><strong><em>E-mail&nbsp;: <\/em><\/strong><a href=\"mailto:maciteinfo@gmail.com\"><strong><em>maciteinfo@gmail.com<\/em><\/strong><\/a><strong><em>; <\/em><\/strong><a href=\"mailto:bawela1@gmail.com\"><strong><em>bawela1@gmail.com<\/em><\/strong><\/a><strong><em><\/em><\/strong><\/p>\n\n\n\n<p class=\"wp-block-paragraph\"><strong><em>Pour vos annonces, (publi)reportages, etc., joignez-nous au (00228)91515309\/<strong>79872224 <\/strong><strong><\/strong><\/em><\/strong><\/p>\n\n\n\n<p class=\"wp-block-paragraph\"><strong><em>www.macite.tg, L\u2019information, la bonne&nbsp;!<\/em><\/strong><\/p>\n\n\n\n<p class=\"wp-block-paragraph\"><\/p>\n","protected":false},"excerpt":{"rendered":"<p class=\"text-justify mb-2\" >Le dimanche 13 juillet dernier, le village d&rsquo;Abobo, dans la Commune Zio1, a eu l&rsquo;honneur et le plaisir d\u2019accueillir les candidats du parti Union pour la R\u00e9publique (UNIR), pour le compte du canton d&rsquo;Abobo. Au-devant de la sc\u00e8ne, la ministre Mila Mawunyo Aziabl\u00e9 et le [&hellip;]<\/p>\n","protected":false},"author":2,"featured_media":23537,"comment_status":"open","ping_status":"open","sticky":false,"template":"","format":"standard","meta":{"footnotes":""},"categories":[20,1],"tags":[],"class_list":["post-23535","post","type-post","status-publish","format-standard","has-post-thumbnail","hentry","category-actualite","category-politique"],"yoast_head":"<!-- This site is optimized with the Yoast SEO plugin v28.4 - https:\/\/yoast.com\/product\/yoast-seo-wordpress\/ -->\n<title>MUNICIPALES 2025\/CAMPAGNE ELECTORALE\u00a0: Le &#039;&#039;choix de la raison&#039;&#039; des populations d&#039;Abobo, dans la commune Zio1 -<\/title>\n<meta name=\"robots\" content=\"index, follow, max-snippet:-1, max-image-preview:large, max-video-preview:-1\" \/>\n<link rel=\"canonical\" href=\"https:\/\/macite.tg\/?p=23535\" \/>\n<meta property=\"og:locale\" content=\"fr_FR\" \/>\n<meta property=\"og:type\" content=\"article\" \/>\n<meta property=\"og:title\" content=\"MUNICIPALES 2025\/CAMPAGNE ELECTORALE\u00a0: Le &#039;&#039;choix de la raison&#039;&#039; des populations d&#039;Abobo, dans la commune Zio1 -\" \/>\n<meta property=\"og:description\" content=\"Le dimanche 13 juillet dernier, le village d&rsquo;Abobo, dans la Commune Zio1, a eu l&rsquo;honneur et le plaisir d\u2019accueillir les candidats du parti Union pour la R\u00e9publique (UNIR), pour le compte du canton d&rsquo;Abobo. Au-devant de la sc\u00e8ne, la ministre Mila Mawunyo Aziabl\u00e9 et le [&hellip;]\" \/>\n<meta property=\"og:url\" content=\"https:\/\/macite.tg\/?p=23535\" \/>\n<meta property=\"article:published_time\" content=\"2025-07-15T12:01:39+00:00\" \/>\n<meta property=\"article:modified_time\" content=\"2025-07-15T12:01:44+00:00\" \/>\n<meta property=\"og:image\" content=\"https:\/\/macite.tg\/wp-content\/uploads\/2025\/07\/ABOBO.jpg\" \/>\n\t<meta property=\"og:image:width\" content=\"500\" \/>\n\t<meta property=\"og:image:height\" content=\"333\" \/>\n\t<meta property=\"og:image:type\" content=\"image\/jpeg\" \/>\n<meta name=\"author\" content=\"Jean Pierre BAWELA\" \/>\n<meta name=\"twitter:card\" content=\"summary_large_image\" \/>\n<meta name=\"twitter:label1\" content=\"\u00c9crit par\" \/>\n\t<meta name=\"twitter:data1\" content=\"Jean Pierre BAWELA\" \/>\n\t<meta name=\"twitter:label2\" content=\"Dur\u00e9e de lecture estim\u00e9e\" \/>\n\t<meta name=\"twitter:data2\" content=\"3 minutes\" \/>\n<script type=\"application\/ld+json\" class=\"yoast-schema-graph\">{\"@context\":\"https:\\\/\\\/schema.org\",\"@graph\":[{\"@type\":\"Article\",\"@id\":\"https:\\\/\\\/macite.tg\\\/?p=23535#article\",\"isPartOf\":{\"@id\":\"https:\\\/\\\/macite.tg\\\/?p=23535\"},\"author\":{\"name\":\"Jean Pierre BAWELA\",\"@id\":\"https:\\\/\\\/macite.tg\\\/#\\\/schema\\\/person\\\/e9f2de7e5dbbe7770a9402c7ce82f5c2\"},\"headline\":\"MUNICIPALES 2025\\\/CAMPAGNE ELECTORALE\u00a0: Le \u00a0\u00bbchoix de la raison\u00a0\u00bb des populations d&rsquo;Abobo, dans la commune Zio1\",\"datePublished\":\"2025-07-15T12:01:39+00:00\",\"dateModified\":\"2025-07-15T12:01:44+00:00\",\"mainEntityOfPage\":{\"@id\":\"https:\\\/\\\/macite.tg\\\/?p=23535\"},\"wordCount\":359,\"commentCount\":0,\"image\":{\"@id\":\"https:\\\/\\\/macite.tg\\\/?p=23535#primaryimage\"},\"thumbnailUrl\":\"https:\\\/\\\/macite.tg\\\/wp-content\\\/uploads\\\/2025\\\/07\\\/ABOBO.jpg\",\"articleSection\":[\"ACTUALITE\",\"POLITIQUE\"],\"inLanguage\":\"fr-FR\",\"potentialAction\":[{\"@type\":\"CommentAction\",\"name\":\"Comment\",\"target\":[\"https:\\\/\\\/macite.tg\\\/?p=23535#respond\"]}]},{\"@type\":\"WebPage\",\"@id\":\"https:\\\/\\\/macite.tg\\\/?p=23535\",\"url\":\"https:\\\/\\\/macite.tg\\\/?p=23535\",\"name\":\"MUNICIPALES 2025\\\/CAMPAGNE ELECTORALE\u00a0: Le ''choix de la raison'' des populations d'Abobo, dans la commune Zio1 -\",\"isPartOf\":{\"@id\":\"https:\\\/\\\/macite.tg\\\/#website\"},\"primaryImageOfPage\":{\"@id\":\"https:\\\/\\\/macite.tg\\\/?p=23535#primaryimage\"},\"image\":{\"@id\":\"https:\\\/\\\/macite.tg\\\/?p=23535#primaryimage\"},\"thumbnailUrl\":\"https:\\\/\\\/macite.tg\\\/wp-content\\\/uploads\\\/2025\\\/07\\\/ABOBO.jpg\",\"datePublished\":\"2025-07-15T12:01:39+00:00\",\"dateModified\":\"2025-07-15T12:01:44+00:00\",\"author\":{\"@id\":\"https:\\\/\\\/macite.tg\\\/#\\\/schema\\\/person\\\/e9f2de7e5dbbe7770a9402c7ce82f5c2\"},\"breadcrumb\":{\"@id\":\"https:\\\/\\\/macite.tg\\\/?p=23535#breadcrumb\"},\"inLanguage\":\"fr-FR\",\"potentialAction\":[{\"@type\":\"ReadAction\",\"target\":[\"https:\\\/\\\/macite.tg\\\/?p=23535\"]}]},{\"@type\":\"ImageObject\",\"inLanguage\":\"fr-FR\",\"@id\":\"https:\\\/\\\/macite.tg\\\/?p=23535#primaryimage\",\"url\":\"https:\\\/\\\/macite.tg\\\/wp-content\\\/uploads\\\/2025\\\/07\\\/ABOBO.jpg\",\"contentUrl\":\"https:\\\/\\\/macite.tg\\\/wp-content\\\/uploads\\\/2025\\\/07\\\/ABOBO.jpg\",\"width\":500,\"height\":333},{\"@type\":\"BreadcrumbList\",\"@id\":\"https:\\\/\\\/macite.tg\\\/?p=23535#breadcrumb\",\"itemListElement\":[{\"@type\":\"ListItem\",\"position\":1,\"name\":\"Accueil\",\"item\":\"https:\\\/\\\/macite.tg\\\/\"},{\"@type\":\"ListItem\",\"position\":2,\"name\":\"MUNICIPALES 2025\\\/CAMPAGNE ELECTORALE\u00a0: Le \u00a0\u00bbchoix de la raison\u00a0\u00bb des populations d&rsquo;Abobo, dans la commune Zio1\"}]},{\"@type\":\"WebSite\",\"@id\":\"https:\\\/\\\/macite.tg\\\/#website\",\"url\":\"https:\\\/\\\/macite.tg\\\/\",\"name\":\"\",\"description\":\"L&#039;information, la bonne!!!\",\"potentialAction\":[{\"@type\":\"SearchAction\",\"target\":{\"@type\":\"EntryPoint\",\"urlTemplate\":\"https:\\\/\\\/macite.tg\\\/?s={search_term_string}\"},\"query-input\":{\"@type\":\"PropertyValueSpecification\",\"valueRequired\":true,\"valueName\":\"search_term_string\"}}],\"inLanguage\":\"fr-FR\"},{\"@type\":\"Person\",\"@id\":\"https:\\\/\\\/macite.tg\\\/#\\\/schema\\\/person\\\/e9f2de7e5dbbe7770a9402c7ce82f5c2\",\"name\":\"Jean Pierre BAWELA\",\"image\":{\"@type\":\"ImageObject\",\"inLanguage\":\"fr-FR\",\"@id\":\"https:\\\/\\\/macite.tg\\\/wp-content\\\/uploads\\\/2023\\\/09\\\/WhatsApp-Image-2023-09-19-at-14.44.41-122x122.jpeg\",\"url\":\"https:\\\/\\\/macite.tg\\\/wp-content\\\/uploads\\\/2023\\\/09\\\/WhatsApp-Image-2023-09-19-at-14.44.41-122x122.jpeg\",\"contentUrl\":\"https:\\\/\\\/macite.tg\\\/wp-content\\\/uploads\\\/2023\\\/09\\\/WhatsApp-Image-2023-09-19-at-14.44.41-122x122.jpeg\",\"caption\":\"Jean Pierre BAWELA\"},\"url\":\"https:\\\/\\\/macite.tg\\\/?author=2\"}]}<\/script>\n<!-- \/ Yoast SEO plugin. -->","yoast_head_json":{"title":"MUNICIPALES 2025\/CAMPAGNE ELECTORALE\u00a0: Le ''choix de la raison'' des populations d'Abobo, dans la commune Zio1 -","robots":{"index":"index","follow":"follow","max-snippet":"max-snippet:-1","max-image-preview":"max-image-preview:large","max-video-preview":"max-video-preview:-1"},"canonical":"https:\/\/macite.tg\/?p=23535","og_locale":"fr_FR","og_type":"article","og_title":"MUNICIPALES 2025\/CAMPAGNE ELECTORALE\u00a0: Le ''choix de la raison'' des populations d'Abobo, dans la commune Zio1 -","og_description":"Le dimanche 13 juillet dernier, le village d&rsquo;Abobo, dans la Commune Zio1, a eu l&rsquo;honneur et le plaisir d\u2019accueillir les candidats du parti Union pour la R\u00e9publique (UNIR), pour le compte du canton d&rsquo;Abobo. Au-devant de la sc\u00e8ne, la ministre Mila Mawunyo Aziabl\u00e9 et le [&hellip;]","og_url":"https:\/\/macite.tg\/?p=23535","article_published_time":"2025-07-15T12:01:39+00:00","article_modified_time":"2025-07-15T12:01:44+00:00","og_image":[{"width":500,"height":333,"url":"https:\/\/macite.tg\/wp-content\/uploads\/2025\/07\/ABOBO.jpg","type":"image\/jpeg"}],"author":"Jean Pierre BAWELA","twitter_card":"summary_large_image","twitter_misc":{"\u00c9crit par":"Jean Pierre BAWELA","Dur\u00e9e de lecture estim\u00e9e":"3 minutes"},"schema":{"@context":"https:\/\/schema.org","@graph":[{"@type":"Article","@id":"https:\/\/macite.tg\/?p=23535#article","isPartOf":{"@id":"https:\/\/macite.tg\/?p=23535"},"author":{"name":"Jean Pierre BAWELA","@id":"https:\/\/macite.tg\/#\/schema\/person\/e9f2de7e5dbbe7770a9402c7ce82f5c2"},"headline":"MUNICIPALES 2025\/CAMPAGNE ELECTORALE\u00a0: Le \u00a0\u00bbchoix de la raison\u00a0\u00bb des populations d&rsquo;Abobo, dans la commune Zio1","datePublished":"2025-07-15T12:01:39+00:00","dateModified":"2025-07-15T12:01:44+00:00","mainEntityOfPage":{"@id":"https:\/\/macite.tg\/?p=23535"},"wordCount":359,"commentCount":0,"image":{"@id":"https:\/\/macite.tg\/?p=23535#primaryimage"},"thumbnailUrl":"https:\/\/macite.tg\/wp-content\/uploads\/2025\/07\/ABOBO.jpg","articleSection":["ACTUALITE","POLITIQUE"],"inLanguage":"fr-FR","potentialAction":[{"@type":"CommentAction","name":"Comment","target":["https:\/\/macite.tg\/?p=23535#respond"]}]},{"@type":"WebPage","@id":"https:\/\/macite.tg\/?p=23535","url":"https:\/\/macite.tg\/?p=23535","name":"MUNICIPALES 2025\/CAMPAGNE ELECTORALE\u00a0: Le ''choix de la raison'' des populations d'Abobo, dans la commune Zio1 -","isPartOf":{"@id":"https:\/\/macite.tg\/#website"},"primaryImageOfPage":{"@id":"https:\/\/macite.tg\/?p=23535#primaryimage"},"image":{"@id":"https:\/\/macite.tg\/?p=23535#primaryimage"},"thumbnailUrl":"https:\/\/macite.tg\/wp-content\/uploads\/2025\/07\/ABOBO.jpg","datePublished":"2025-07-15T12:01:39+00:00","dateModified":"2025-07-15T12:01:44+00:00","author":{"@id":"https:\/\/macite.tg\/#\/schema\/person\/e9f2de7e5dbbe7770a9402c7ce82f5c2"},"breadcrumb":{"@id":"https:\/\/macite.tg\/?p=23535#breadcrumb"},"inLanguage":"fr-FR","potentialAction":[{"@type":"ReadAction","target":["https:\/\/macite.tg\/?p=23535"]}]},{"@type":"ImageObject","inLanguage":"fr-FR","@id":"https:\/\/macite.tg\/?p=23535#primaryimage","url":"https:\/\/macite.tg\/wp-content\/uploads\/2025\/07\/ABOBO.jpg","contentUrl":"https:\/\/macite.tg\/wp-content\/uploads\/2025\/07\/ABOBO.jpg","width":500,"height":333},{"@type":"BreadcrumbList","@id":"https:\/\/macite.tg\/?p=23535#breadcrumb","itemListElement":[{"@type":"ListItem","position":1,"name":"Accueil","item":"https:\/\/macite.tg\/"},{"@type":"ListItem","position":2,"name":"MUNICIPALES 2025\/CAMPAGNE ELECTORALE\u00a0: Le \u00a0\u00bbchoix de la raison\u00a0\u00bb des populations d&rsquo;Abobo, dans la commune Zio1"}]},{"@type":"WebSite","@id":"https:\/\/macite.tg\/#website","url":"https:\/\/macite.tg\/","name":"","description":"L&#039;information, la bonne!!!","potentialAction":[{"@type":"SearchAction","target":{"@type":"EntryPoint","urlTemplate":"https:\/\/macite.tg\/?s={search_term_string}"},"query-input":{"@type":"PropertyValueSpecification","valueRequired":true,"valueName":"search_term_string"}}],"inLanguage":"fr-FR"},{"@type":"Person","@id":"https:\/\/macite.tg\/#\/schema\/person\/e9f2de7e5dbbe7770a9402c7ce82f5c2","name":"Jean Pierre BAWELA","image":{"@type":"ImageObject","inLanguage":"fr-FR","@id":"https:\/\/macite.tg\/wp-content\/uploads\/2023\/09\/WhatsApp-Image-2023-09-19-at-14.44.41-122x122.jpeg","url":"https:\/\/macite.tg\/wp-content\/uploads\/2023\/09\/WhatsApp-Image-2023-09-19-at-14.44.41-122x122.jpeg","contentUrl":"https:\/\/macite.tg\/wp-content\/uploads\/2023\/09\/WhatsApp-Image-2023-09-19-at-14.44.41-122x122.jpeg","caption":"Jean Pierre BAWELA"},"url":"https:\/\/macite.tg\/?author=2"}]}},"_links":{"self":[{"href":"https:\/\/macite.tg\/index.php?rest_route=\/wp\/v2\/posts\/23535","targetHints":{"allow":["GET"]}}],"collection":[{"href":"https:\/\/macite.tg\/index.php?rest_route=\/wp\/v2\/posts"}],"about":[{"href":"https:\/\/macite.tg\/index.php?rest_route=\/wp\/v2\/types\/post"}],"author":[{"embeddable":true,"href":"https:\/\/macite.tg\/index.php?rest_route=\/wp\/v2\/users\/2"}],"replies":[{"embeddable":true,"href":"https:\/\/macite.tg\/index.php?rest_route=%2Fwp%2Fv2%2Fcomments&post=23535"}],"version-history":[{"count":0,"href":"https:\/\/macite.tg\/index.php?rest_route=\/wp\/v2\/posts\/23535\/revisions"}],"wp:featuredmedia":[{"embeddable":true,"href":"https:\/\/macite.tg\/index.php?rest_route=\/wp\/v2\/media\/23537"}],"wp:attachment":[{"href":"https:\/\/macite.tg\/index.php?rest_route=%2Fwp%2Fv2%2Fmedia&parent=23535"}],"wp:term":[{"taxonomy":"category","embeddable":true,"href":"https:\/\/macite.tg\/index.php?rest_route=%2Fwp%2Fv2%2Fcategories&post=23535"},{"taxonomy":"post_tag","embeddable":true,"href":"https:\/\/macite.tg\/index.php?rest_route=%2Fwp%2Fv2%2Ftags&post=23535"}],"curies":[{"name":"wp","href":"https:\/\/api.w.org\/{rel}","templated":true}]}}