{"id":2353,"date":"2022-12-05T13:42:47","date_gmt":"2022-12-05T13:42:47","guid":{"rendered":"https:\/\/macite.info\/?p=2353"},"modified":"2022-12-05T13:42:48","modified_gmt":"2022-12-05T13:42:48","slug":"62eme-session-ordinaire-de-la-cedeao-a-abuja-omar-alieu-touray-president-de-la-commission-a-prete-serment","status":"publish","type":"post","link":"https:\/\/macite.tg\/?p=2353","title":{"rendered":"62EME\u00a0SESSION ORDINAIRE DE LA CEDEAO A ABUJA\u00a0: Omar Alieu Touray, Pr\u00e9sident de la Commission a pr\u00eat\u00e9 serment"},"content":{"rendered":"\n<p class=\"wp-block-paragraph\"><strong><em>Abuja, 4 d\u00e9cembre 2022\u00a0\u2013 S. E. Dr. Omar Alieu Touray, le Pr\u00e9sident de la Commission de la CEDEAO, a pr\u00eat\u00e9 serment le 4 d\u00e9cembre 2022, lors de la 62\u00e8me\u00a0Session ordinaire de la Conf\u00e9rence des Chefs d&rsquo;Etat et de Gouvernement de la CEDEAO \u00e0 Abuja, au<\/em><\/strong> Nigeria. \u00a0<\/p>\n\n\n\n<p class=\"wp-block-paragraph\">Dans son allocution prononc\u00e9e pour la circonstance, S.E. Dr. Alieu Omar Touray a exprim\u00e9 sa profonde gratitude aux Chefs d&rsquo;Etat et de Gouvernement pour l&rsquo;honneur fait \u00e0 la Gambie en lui confiant la pr\u00e9sidence de la Commission de la CEDEAO, et a promis de veiller au respect des normes les plus \u00e9lev\u00e9es de la fonction dans l&rsquo;exercice de ses responsabilit\u00e9s et des charges qui lui sont confi\u00e9es. &nbsp;<\/p>\n\n\n\n<p class=\"wp-block-paragraph\">&nbsp;Il a rappel\u00e9 que le nouveau Management a pris fonction \u00e0 une p\u00e9riode critique marqu\u00e9e par plusieurs d\u00e9fis politiques, \u00e9conomiques et de gouvernance dans la r\u00e9gion. Il a ajout\u00e9 qu&rsquo;assurer une prosp\u00e9rit\u00e9 partag\u00e9e aux citoyens de la communaut\u00e9 reste le point de mire de l\u2019action du nouveau Management, incarn\u00e9 dans les 4 objectifs prioritaires de la Commission, \u00e0 savoir le Renforcement de la paix et de la s\u00e9curit\u00e9, l&rsquo;Approfondissement de l&rsquo;int\u00e9gration \u00e9conomique et sociale, la Bonne gouvernance et le leadership, et le D\u00e9veloppement inclusif et durable. La r\u00e9alisation de ces objectifs prioritaires repose sur deux catalyseurs, notamment des institutions comp\u00e9tentes et des partenariats \u00e9quitables. &nbsp;<\/p>\n\n\n\n<p class=\"wp-block-paragraph\">Il a assur\u00e9 les Dirigeants de la sous-r\u00e9gion que le nouveau Management de la Commission de la CEDEAO poursuivra les programmes et les projets de l&rsquo;administration pr\u00e9c\u00e9dente, en particulier dans les domaines des r\u00e9formes et de la r\u00e9organisation, afin de progresser vers la r\u00e9alisation de la Vision 2050 de la CEDEAO.<\/p>\n\n\n\n<p class=\"wp-block-paragraph\">Dans son discours de bienvenue, S. E. Muhammadu Buhari, Pr\u00e9sident de la R\u00e9publique f\u00e9d\u00e9rale du Nigeria a remerci\u00e9 l&rsquo;administration pr\u00e9c\u00e9dente de la Commission pour ses r\u00e9alisations et salu\u00e9 le nouveau Management et promis de l&rsquo;aider \u00e0 atteindre ses objectifs strat\u00e9giques. Il a exhort\u00e9 la nouvelle \u00e9quipe du Management \u00e0 travailler assid\u00fbment pour atteindre les objectifs des p\u00e8res fondateurs du bloc r\u00e9gional par la promotion de la paix, de la s\u00e9curit\u00e9 et du d\u00e9veloppement. \u00a0<\/p>\n\n\n<div class=\"wp-block-image\">\n<figure class=\"aligncenter size-large is-resized\"><img loading=\"lazy\" decoding=\"async\" src=\"https:\/\/macite.tg\/wp-content\/uploads\/2022\/11\/ANNONCES-1-1-1024x426.jpg\" alt=\"\" class=\"wp-image-2047\" width=\"785\" height=\"326\" srcset=\"https:\/\/macite.tg\/wp-content\/uploads\/2022\/11\/ANNONCES-1-1-1024x426.jpg 1024w, https:\/\/macite.tg\/wp-content\/uploads\/2022\/11\/ANNONCES-1-1-300x125.jpg 300w, https:\/\/macite.tg\/wp-content\/uploads\/2022\/11\/ANNONCES-1-1-768x319.jpg 768w, https:\/\/macite.tg\/wp-content\/uploads\/2022\/11\/ANNONCES-1-1.jpg 1080w\" sizes=\"auto, (max-width: 785px) 100vw, 785px\" \/><\/figure>\n<\/div>\n\n\n<p class=\"wp-block-paragraph\">Dans son discours d&rsquo;ouverture, S.E. Umaro Sissoco Embal\u00f3, Pr\u00e9sident de la R\u00e9publique de Guin\u00e9e-Bissau et Pr\u00e9sident de la Conf\u00e9rence des Chefs d&rsquo;Etat et de Gouvernement de la CEDEAO, a encourag\u00e9 le nouveau Management de la Commission dirig\u00e9e par S.E. le Pr\u00e9sident Touray \u00e0 faire preuve de fermet\u00e9 pour faire face aux nombreux d\u00e9fis auxquels la sous-r\u00e9gion est confront\u00e9e. Il a ajout\u00e9 qu&rsquo;il est urgent d&rsquo;endiguer les vagues de changements anticonstitutionnels de gouvernements d\u00e9mocratiquement \u00e9lus en Afrique de l&rsquo;Ouest, et de s&rsquo;attaquer de mani\u00e8re holistique aux causes profondes de l&rsquo;agitation et des troubles. Il a exprim\u00e9 sa gratitude au Gouvernement de la R\u00e9publique f\u00e9d\u00e9rale du Nig\u00e9ria, en particulier au Pr\u00e9sident Buhari, pour avoir fait preuve de leadership dans la Communaut\u00e9 et pour son engagement en faveur de la sauvegarde des normes d\u00e9mocratiques. &nbsp;<\/p>\n\n\n\n<p class=\"wp-block-paragraph\">Au cours du Sommet, le Prix d&rsquo;Excellence de la CEDEAO a \u00e9galement \u00e9t\u00e9 d\u00e9cern\u00e9 \u00e0 des personnalit\u00e9s qui ont fait preuve d&rsquo;excellence et d&rsquo;int\u00e9grit\u00e9 dans leur profession, et ont contribu\u00e9 \u00e0 l&rsquo;int\u00e9gration de la r\u00e9gion. Les laur\u00e9ats du Prix d\u2019Excellence sont M. Tony O. Elumelu, Pr\u00e9sident du Groupe UBA du Nig\u00e9ria (Prix des citoyens m\u00e9ritants de la Communaut\u00e9), Professeur Wole Soyinka, po\u00e8te et universitaire du Nig\u00e9ria (Prix des Arts et Lettres &#8211; Po\u00e9sie), M. M. Omar Pene du S\u00e9n\u00e9gal (Prix des Arts et Lettres &#8211; Musique) et Son Excellence Sir Dawda Kairaba Jawara (\u00e0 titre posthume) ancien Pr\u00e9sident de la R\u00e9publique de Gambie (Prix d&rsquo;honneur pour les \u00e9minentes personnalit\u00e9s).<\/p>\n\n\n\n<p class=\"wp-block-paragraph\"><strong>Source : Cellule Com Cedeao<\/strong><\/p>\n\n\n\n<p class=\"wp-block-paragraph\"><strong><em>@macite.info<\/em><\/strong><\/p>\n\n\n\n<p class=\"wp-block-paragraph\"><strong><em>E-mail&nbsp;: <\/em><\/strong><a href=\"mailto:maciteinfo@gmail.com\"><strong><em>maciteinfo@gmail.com<\/em><\/strong><\/a><strong><em>; <\/em><\/strong><a href=\"mailto:bawela1@gmail.com\"><strong><em>bawela1@gmail.com<\/em><\/strong><\/a><strong><em><\/em><\/strong><\/p>\n\n\n\n<p class=\"wp-block-paragraph\"><strong><em>Pour vos annonces, (publi)reportages, etc., joignez nous au (00228) 91515309\/<strong>79872224<\/strong><\/em><\/strong><em><\/em><\/p>\n\n\n\n<p class=\"wp-block-paragraph\"><a href=\"http:\/\/www.macite.info\"><strong><em>www.macite.info<\/em><\/strong><\/a><strong><em>, L\u2019information, la bonne&nbsp;!<\/em><\/strong><\/p>\n","protected":false},"excerpt":{"rendered":"<p class=\"text-justify mb-2\" >Abuja, 4 d\u00e9cembre 2022\u00a0\u2013 S. E. Dr. Omar Alieu Touray, le Pr\u00e9sident de la Commission de la CEDEAO, a pr\u00eat\u00e9 serment le 4 d\u00e9cembre 2022, lors de la 62\u00e8me\u00a0Session ordinaire de la Conf\u00e9rence des Chefs d&rsquo;Etat et de Gouvernement de la CEDEAO \u00e0 Abuja, au [&hellip;]<\/p>\n","protected":false},"author":2,"featured_media":2354,"comment_status":"open","ping_status":"open","sticky":false,"template":"","format":"standard","meta":{"footnotes":""},"categories":[1],"tags":[],"class_list":["post-2353","post","type-post","status-publish","format-standard","has-post-thumbnail","hentry","category-politique"],"yoast_head":"<!-- This site is optimized with the Yoast SEO plugin v28.4 - https:\/\/yoast.com\/product\/yoast-seo-wordpress\/ -->\n<title>62EME\u00a0SESSION ORDINAIRE DE LA CEDEAO A ABUJA\u00a0: Omar Alieu Touray, Pr\u00e9sident de la Commission a pr\u00eat\u00e9 serment -<\/title>\n<meta name=\"robots\" content=\"index, follow, max-snippet:-1, max-image-preview:large, max-video-preview:-1\" \/>\n<link rel=\"canonical\" href=\"https:\/\/macite.tg\/?p=2353\" \/>\n<meta property=\"og:locale\" content=\"fr_FR\" \/>\n<meta property=\"og:type\" content=\"article\" \/>\n<meta property=\"og:title\" content=\"62EME\u00a0SESSION ORDINAIRE DE LA CEDEAO A ABUJA\u00a0: Omar Alieu Touray, Pr\u00e9sident de la Commission a pr\u00eat\u00e9 serment -\" \/>\n<meta property=\"og:description\" content=\"Abuja, 4 d\u00e9cembre 2022\u00a0\u2013 S. E. Dr. Omar Alieu Touray, le Pr\u00e9sident de la Commission de la CEDEAO, a pr\u00eat\u00e9 serment le 4 d\u00e9cembre 2022, lors de la 62\u00e8me\u00a0Session ordinaire de la Conf\u00e9rence des Chefs d&rsquo;Etat et de Gouvernement de la CEDEAO \u00e0 Abuja, au [&hellip;]\" \/>\n<meta property=\"og:url\" content=\"https:\/\/macite.tg\/?p=2353\" \/>\n<meta property=\"article:published_time\" content=\"2022-12-05T13:42:47+00:00\" \/>\n<meta property=\"article:modified_time\" content=\"2022-12-05T13:42:48+00:00\" \/>\n<meta property=\"og:image\" content=\"https:\/\/macite.tg\/wp-content\/uploads\/2022\/12\/IMG-20221205-WA0037.jpg\" \/>\n\t<meta property=\"og:image:width\" content=\"1080\" \/>\n\t<meta property=\"og:image:height\" content=\"720\" \/>\n\t<meta property=\"og:image:type\" content=\"image\/jpeg\" \/>\n<meta name=\"author\" content=\"Jean Pierre BAWELA\" \/>\n<meta name=\"twitter:card\" content=\"summary_large_image\" \/>\n<meta name=\"twitter:label1\" content=\"\u00c9crit par\" \/>\n\t<meta name=\"twitter:data1\" content=\"Jean Pierre BAWELA\" \/>\n\t<meta name=\"twitter:label2\" content=\"Dur\u00e9e de lecture estim\u00e9e\" \/>\n\t<meta name=\"twitter:data2\" content=\"4 minutes\" \/>\n<script type=\"application\/ld+json\" class=\"yoast-schema-graph\">{\"@context\":\"https:\\\/\\\/schema.org\",\"@graph\":[{\"@type\":\"Article\",\"@id\":\"https:\\\/\\\/macite.tg\\\/?p=2353#article\",\"isPartOf\":{\"@id\":\"https:\\\/\\\/macite.tg\\\/?p=2353\"},\"author\":{\"name\":\"Jean Pierre BAWELA\",\"@id\":\"https:\\\/\\\/macite.tg\\\/#\\\/schema\\\/person\\\/e9f2de7e5dbbe7770a9402c7ce82f5c2\"},\"headline\":\"62EME\u00a0SESSION ORDINAIRE DE LA CEDEAO A ABUJA\u00a0: Omar Alieu Touray, Pr\u00e9sident de la Commission a pr\u00eat\u00e9 serment\",\"datePublished\":\"2022-12-05T13:42:47+00:00\",\"dateModified\":\"2022-12-05T13:42:48+00:00\",\"mainEntityOfPage\":{\"@id\":\"https:\\\/\\\/macite.tg\\\/?p=2353\"},\"wordCount\":723,\"commentCount\":0,\"image\":{\"@id\":\"https:\\\/\\\/macite.tg\\\/?p=2353#primaryimage\"},\"thumbnailUrl\":\"https:\\\/\\\/macite.tg\\\/wp-content\\\/uploads\\\/2022\\\/12\\\/IMG-20221205-WA0037.jpg\",\"articleSection\":[\"POLITIQUE\"],\"inLanguage\":\"fr-FR\",\"potentialAction\":[{\"@type\":\"CommentAction\",\"name\":\"Comment\",\"target\":[\"https:\\\/\\\/macite.tg\\\/?p=2353#respond\"]}]},{\"@type\":\"WebPage\",\"@id\":\"https:\\\/\\\/macite.tg\\\/?p=2353\",\"url\":\"https:\\\/\\\/macite.tg\\\/?p=2353\",\"name\":\"62EME\u00a0SESSION ORDINAIRE DE LA CEDEAO A ABUJA\u00a0: Omar Alieu Touray, Pr\u00e9sident de la Commission a pr\u00eat\u00e9 serment -\",\"isPartOf\":{\"@id\":\"https:\\\/\\\/macite.tg\\\/#website\"},\"primaryImageOfPage\":{\"@id\":\"https:\\\/\\\/macite.tg\\\/?p=2353#primaryimage\"},\"image\":{\"@id\":\"https:\\\/\\\/macite.tg\\\/?p=2353#primaryimage\"},\"thumbnailUrl\":\"https:\\\/\\\/macite.tg\\\/wp-content\\\/uploads\\\/2022\\\/12\\\/IMG-20221205-WA0037.jpg\",\"datePublished\":\"2022-12-05T13:42:47+00:00\",\"dateModified\":\"2022-12-05T13:42:48+00:00\",\"author\":{\"@id\":\"https:\\\/\\\/macite.tg\\\/#\\\/schema\\\/person\\\/e9f2de7e5dbbe7770a9402c7ce82f5c2\"},\"breadcrumb\":{\"@id\":\"https:\\\/\\\/macite.tg\\\/?p=2353#breadcrumb\"},\"inLanguage\":\"fr-FR\",\"potentialAction\":[{\"@type\":\"ReadAction\",\"target\":[\"https:\\\/\\\/macite.tg\\\/?p=2353\"]}]},{\"@type\":\"ImageObject\",\"inLanguage\":\"fr-FR\",\"@id\":\"https:\\\/\\\/macite.tg\\\/?p=2353#primaryimage\",\"url\":\"https:\\\/\\\/macite.tg\\\/wp-content\\\/uploads\\\/2022\\\/12\\\/IMG-20221205-WA0037.jpg\",\"contentUrl\":\"https:\\\/\\\/macite.tg\\\/wp-content\\\/uploads\\\/2022\\\/12\\\/IMG-20221205-WA0037.jpg\",\"width\":1080,\"height\":720},{\"@type\":\"BreadcrumbList\",\"@id\":\"https:\\\/\\\/macite.tg\\\/?p=2353#breadcrumb\",\"itemListElement\":[{\"@type\":\"ListItem\",\"position\":1,\"name\":\"Accueil\",\"item\":\"https:\\\/\\\/macite.tg\\\/\"},{\"@type\":\"ListItem\",\"position\":2,\"name\":\"62EME\u00a0SESSION ORDINAIRE DE LA CEDEAO A ABUJA\u00a0: Omar Alieu Touray, Pr\u00e9sident de la Commission a pr\u00eat\u00e9 serment\"}]},{\"@type\":\"WebSite\",\"@id\":\"https:\\\/\\\/macite.tg\\\/#website\",\"url\":\"https:\\\/\\\/macite.tg\\\/\",\"name\":\"\",\"description\":\"L&#039;information, la bonne!!!\",\"potentialAction\":[{\"@type\":\"SearchAction\",\"target\":{\"@type\":\"EntryPoint\",\"urlTemplate\":\"https:\\\/\\\/macite.tg\\\/?s={search_term_string}\"},\"query-input\":{\"@type\":\"PropertyValueSpecification\",\"valueRequired\":true,\"valueName\":\"search_term_string\"}}],\"inLanguage\":\"fr-FR\"},{\"@type\":\"Person\",\"@id\":\"https:\\\/\\\/macite.tg\\\/#\\\/schema\\\/person\\\/e9f2de7e5dbbe7770a9402c7ce82f5c2\",\"name\":\"Jean Pierre BAWELA\",\"image\":{\"@type\":\"ImageObject\",\"inLanguage\":\"fr-FR\",\"@id\":\"https:\\\/\\\/macite.tg\\\/wp-content\\\/uploads\\\/2023\\\/09\\\/WhatsApp-Image-2023-09-19-at-14.44.41-122x122.jpeg\",\"url\":\"https:\\\/\\\/macite.tg\\\/wp-content\\\/uploads\\\/2023\\\/09\\\/WhatsApp-Image-2023-09-19-at-14.44.41-122x122.jpeg\",\"contentUrl\":\"https:\\\/\\\/macite.tg\\\/wp-content\\\/uploads\\\/2023\\\/09\\\/WhatsApp-Image-2023-09-19-at-14.44.41-122x122.jpeg\",\"caption\":\"Jean Pierre BAWELA\"},\"url\":\"https:\\\/\\\/macite.tg\\\/?author=2\"}]}<\/script>\n<!-- \/ Yoast SEO plugin. -->","yoast_head_json":{"title":"62EME\u00a0SESSION ORDINAIRE DE LA CEDEAO A ABUJA\u00a0: Omar Alieu Touray, Pr\u00e9sident de la Commission a pr\u00eat\u00e9 serment -","robots":{"index":"index","follow":"follow","max-snippet":"max-snippet:-1","max-image-preview":"max-image-preview:large","max-video-preview":"max-video-preview:-1"},"canonical":"https:\/\/macite.tg\/?p=2353","og_locale":"fr_FR","og_type":"article","og_title":"62EME\u00a0SESSION ORDINAIRE DE LA CEDEAO A ABUJA\u00a0: Omar Alieu Touray, Pr\u00e9sident de la Commission a pr\u00eat\u00e9 serment -","og_description":"Abuja, 4 d\u00e9cembre 2022\u00a0\u2013 S. E. Dr. Omar Alieu Touray, le Pr\u00e9sident de la Commission de la CEDEAO, a pr\u00eat\u00e9 serment le 4 d\u00e9cembre 2022, lors de la 62\u00e8me\u00a0Session ordinaire de la Conf\u00e9rence des Chefs d&rsquo;Etat et de Gouvernement de la CEDEAO \u00e0 Abuja, au [&hellip;]","og_url":"https:\/\/macite.tg\/?p=2353","article_published_time":"2022-12-05T13:42:47+00:00","article_modified_time":"2022-12-05T13:42:48+00:00","og_image":[{"width":1080,"height":720,"url":"https:\/\/macite.tg\/wp-content\/uploads\/2022\/12\/IMG-20221205-WA0037.jpg","type":"image\/jpeg"}],"author":"Jean Pierre BAWELA","twitter_card":"summary_large_image","twitter_misc":{"\u00c9crit par":"Jean Pierre BAWELA","Dur\u00e9e de lecture estim\u00e9e":"4 minutes"},"schema":{"@context":"https:\/\/schema.org","@graph":[{"@type":"Article","@id":"https:\/\/macite.tg\/?p=2353#article","isPartOf":{"@id":"https:\/\/macite.tg\/?p=2353"},"author":{"name":"Jean Pierre BAWELA","@id":"https:\/\/macite.tg\/#\/schema\/person\/e9f2de7e5dbbe7770a9402c7ce82f5c2"},"headline":"62EME\u00a0SESSION ORDINAIRE DE LA CEDEAO A ABUJA\u00a0: Omar Alieu Touray, Pr\u00e9sident de la Commission a pr\u00eat\u00e9 serment","datePublished":"2022-12-05T13:42:47+00:00","dateModified":"2022-12-05T13:42:48+00:00","mainEntityOfPage":{"@id":"https:\/\/macite.tg\/?p=2353"},"wordCount":723,"commentCount":0,"image":{"@id":"https:\/\/macite.tg\/?p=2353#primaryimage"},"thumbnailUrl":"https:\/\/macite.tg\/wp-content\/uploads\/2022\/12\/IMG-20221205-WA0037.jpg","articleSection":["POLITIQUE"],"inLanguage":"fr-FR","potentialAction":[{"@type":"CommentAction","name":"Comment","target":["https:\/\/macite.tg\/?p=2353#respond"]}]},{"@type":"WebPage","@id":"https:\/\/macite.tg\/?p=2353","url":"https:\/\/macite.tg\/?p=2353","name":"62EME\u00a0SESSION ORDINAIRE DE LA CEDEAO A ABUJA\u00a0: Omar Alieu Touray, Pr\u00e9sident de la Commission a pr\u00eat\u00e9 serment -","isPartOf":{"@id":"https:\/\/macite.tg\/#website"},"primaryImageOfPage":{"@id":"https:\/\/macite.tg\/?p=2353#primaryimage"},"image":{"@id":"https:\/\/macite.tg\/?p=2353#primaryimage"},"thumbnailUrl":"https:\/\/macite.tg\/wp-content\/uploads\/2022\/12\/IMG-20221205-WA0037.jpg","datePublished":"2022-12-05T13:42:47+00:00","dateModified":"2022-12-05T13:42:48+00:00","author":{"@id":"https:\/\/macite.tg\/#\/schema\/person\/e9f2de7e5dbbe7770a9402c7ce82f5c2"},"breadcrumb":{"@id":"https:\/\/macite.tg\/?p=2353#breadcrumb"},"inLanguage":"fr-FR","potentialAction":[{"@type":"ReadAction","target":["https:\/\/macite.tg\/?p=2353"]}]},{"@type":"ImageObject","inLanguage":"fr-FR","@id":"https:\/\/macite.tg\/?p=2353#primaryimage","url":"https:\/\/macite.tg\/wp-content\/uploads\/2022\/12\/IMG-20221205-WA0037.jpg","contentUrl":"https:\/\/macite.tg\/wp-content\/uploads\/2022\/12\/IMG-20221205-WA0037.jpg","width":1080,"height":720},{"@type":"BreadcrumbList","@id":"https:\/\/macite.tg\/?p=2353#breadcrumb","itemListElement":[{"@type":"ListItem","position":1,"name":"Accueil","item":"https:\/\/macite.tg\/"},{"@type":"ListItem","position":2,"name":"62EME\u00a0SESSION ORDINAIRE DE LA CEDEAO A ABUJA\u00a0: Omar Alieu Touray, Pr\u00e9sident de la Commission a pr\u00eat\u00e9 serment"}]},{"@type":"WebSite","@id":"https:\/\/macite.tg\/#website","url":"https:\/\/macite.tg\/","name":"","description":"L&#039;information, la bonne!!!","potentialAction":[{"@type":"SearchAction","target":{"@type":"EntryPoint","urlTemplate":"https:\/\/macite.tg\/?s={search_term_string}"},"query-input":{"@type":"PropertyValueSpecification","valueRequired":true,"valueName":"search_term_string"}}],"inLanguage":"fr-FR"},{"@type":"Person","@id":"https:\/\/macite.tg\/#\/schema\/person\/e9f2de7e5dbbe7770a9402c7ce82f5c2","name":"Jean Pierre BAWELA","image":{"@type":"ImageObject","inLanguage":"fr-FR","@id":"https:\/\/macite.tg\/wp-content\/uploads\/2023\/09\/WhatsApp-Image-2023-09-19-at-14.44.41-122x122.jpeg","url":"https:\/\/macite.tg\/wp-content\/uploads\/2023\/09\/WhatsApp-Image-2023-09-19-at-14.44.41-122x122.jpeg","contentUrl":"https:\/\/macite.tg\/wp-content\/uploads\/2023\/09\/WhatsApp-Image-2023-09-19-at-14.44.41-122x122.jpeg","caption":"Jean Pierre BAWELA"},"url":"https:\/\/macite.tg\/?author=2"}]}},"_links":{"self":[{"href":"https:\/\/macite.tg\/index.php?rest_route=\/wp\/v2\/posts\/2353","targetHints":{"allow":["GET"]}}],"collection":[{"href":"https:\/\/macite.tg\/index.php?rest_route=\/wp\/v2\/posts"}],"about":[{"href":"https:\/\/macite.tg\/index.php?rest_route=\/wp\/v2\/types\/post"}],"author":[{"embeddable":true,"href":"https:\/\/macite.tg\/index.php?rest_route=\/wp\/v2\/users\/2"}],"replies":[{"embeddable":true,"href":"https:\/\/macite.tg\/index.php?rest_route=%2Fwp%2Fv2%2Fcomments&post=2353"}],"version-history":[{"count":0,"href":"https:\/\/macite.tg\/index.php?rest_route=\/wp\/v2\/posts\/2353\/revisions"}],"wp:featuredmedia":[{"embeddable":true,"href":"https:\/\/macite.tg\/index.php?rest_route=\/wp\/v2\/media\/2354"}],"wp:attachment":[{"href":"https:\/\/macite.tg\/index.php?rest_route=%2Fwp%2Fv2%2Fmedia&parent=2353"}],"wp:term":[{"taxonomy":"category","embeddable":true,"href":"https:\/\/macite.tg\/index.php?rest_route=%2Fwp%2Fv2%2Fcategories&post=2353"},{"taxonomy":"post_tag","embeddable":true,"href":"https:\/\/macite.tg\/index.php?rest_route=%2Fwp%2Fv2%2Ftags&post=2353"}],"curies":[{"name":"wp","href":"https:\/\/api.w.org\/{rel}","templated":true}]}}