{"id":23527,"date":"2025-07-15T11:07:17","date_gmt":"2025-07-15T11:07:17","guid":{"rendered":"https:\/\/macite.tg\/?p=23527"},"modified":"2025-07-15T11:07:24","modified_gmt":"2025-07-15T11:07:24","slug":"senegal-tadem-au-sommet-de-letat-il-ny-a-aucune-divergence-entre-ousmane-sonko-et-moi-bassirou-diomaye","status":"publish","type":"post","link":"https:\/\/macite.tg\/?p=23527","title":{"rendered":"SENEGAL \/ TADEM AU SOMMET DE L\u2019ETAT\u00a0: \u00ab\u00a0Il n\u2019y a aucune divergence entre Ousmane Sonko et moi\u00a0\u00bb (Bassirou Diomaye)"},"content":{"rendered":"\n<p class=\"wp-block-paragraph\"><strong><em>Face aux rumeurs persistantes \u00e9voquant de possibles tensions entre lui et son Premier ministre, le pr\u00e9sident de la R\u00e9publique, Bassirou Diomaye Diakhar faye,\u00a0a apport\u00e9 une r\u00e9ponse claire, mettant un terme aux sp\u00e9culations.<\/em><\/strong><\/p>\n\n\n\n<p class=\"wp-block-paragraph\">Dans une r\u00e9cente d\u00e9claration, le chef de l\u2019\u00c9tat s\u00e9n\u00e9galais a affirm\u00e9 qu\u2019aucune divergence ne l\u2019oppose au Premier ministre Ousmane Sonko. <em>\u00ab Il n\u2019y a aucun d\u00e9saccord entre Sonko et moi. Il est mon ami, comme il l\u2019a lui-m\u00eame rappel\u00e9 r\u00e9cemment \u00bb,<\/em> a soulign\u00e9 le pr\u00e9sident Diomaye lors d\u2019une d\u00e9claration diffus\u00e9e par la RTS.<\/p>\n\n\n<div class=\"wp-block-image\">\n<figure class=\"aligncenter size-full\"><img loading=\"lazy\" decoding=\"async\" width=\"730\" height=\"1024\" src=\"https:\/\/macite.tg\/wp-content\/uploads\/2025\/07\/image-1.jpeg\" alt=\"\" class=\"wp-image-23518\" srcset=\"https:\/\/macite.tg\/wp-content\/uploads\/2025\/07\/image-1.jpeg 730w, https:\/\/macite.tg\/wp-content\/uploads\/2025\/07\/image-1-214x300.jpeg 214w\" sizes=\"auto, (max-width: 730px) 100vw, 730px\" \/><\/figure>\n<\/div>\n\n\n<p class=\"wp-block-paragraph\">Le chef de l\u2019\u00c9tat a insist\u00e9 sur le fait que lui et son Premier ministre travaillent main dans la main pour relever les d\u00e9fis auxquels le S\u00e9n\u00e9gal est confront\u00e9. Il a assur\u00e9 que leur collaboration reste solide et orient\u00e9e vers la satisfaction des besoins des populations.<\/p>\n\n\n\n<p class=\"wp-block-paragraph\">Cette mise au point intervient alors que des voix, notamment sur les r\u00e9seaux sociaux et dans certains cercles politiques, tentaient d\u2019alimenter l\u2019id\u00e9e d\u2019une fracture au sommet de l\u2019ex\u00e9cutif.<\/p>\n\n\n\n<p class=\"wp-block-paragraph\">En \u00e9cho \u00e0 cette mise au point pr\u00e9sidentielle, le ministre Olivier Boucal avait apport\u00e9 un \u00e9clairage dans une d\u00e9claration publique, appelant \u00e0 une lecture rigoureuse du contexte politique actuel.<\/p>\n\n\n<div class=\"wp-block-image\">\n<figure class=\"aligncenter size-full\"><img loading=\"lazy\" decoding=\"async\" width=\"851\" height=\"315\" src=\"https:\/\/macite.tg\/wp-content\/uploads\/2025\/07\/OTR_Bandeau-Renseignements-1.jpg\" alt=\"\" class=\"wp-image-23510\" srcset=\"https:\/\/macite.tg\/wp-content\/uploads\/2025\/07\/OTR_Bandeau-Renseignements-1.jpg 851w, https:\/\/macite.tg\/wp-content\/uploads\/2025\/07\/OTR_Bandeau-Renseignements-1-300x111.jpg 300w, https:\/\/macite.tg\/wp-content\/uploads\/2025\/07\/OTR_Bandeau-Renseignements-1-768x284.jpg 768w\" sizes=\"auto, (max-width: 851px) 100vw, 851px\" \/><\/figure>\n<\/div>\n\n\n<p class=\"wp-block-paragraph\"><em>\u00ab Il faut d\u2019abord distinguer le Premier ministre du pr\u00e9sident du parti. La derni\u00e8re fois, c\u2019est le pr\u00e9sident du parti qui s\u2019est exprim\u00e9 \u00bb,<\/em> a-t-il expliqu\u00e9, en r\u00e9f\u00e9rence \u00e0 une r\u00e9cente sortie m\u00e9diatique d\u2019Ousmane Sonko.<\/p>\n\n\n\n<p class=\"wp-block-paragraph\">Le ministre avait \u00e9galement rappel\u00e9 que le fonctionnement du PASTEF repose sur une culture assum\u00e9e du d\u00e9bat et de la critique interne, y compris publique <em>: \u00ab Chez nous, la critique interne est un exercice normal. M\u00eame le plus petit militant peut interpeller ou critiquer le pr\u00e9sident du parti. \u00bb<\/em><\/p>\n\n\n\n<p class=\"wp-block-paragraph\">Selon lui, cette logique de transparence et de franchise s\u2019\u00e9tend jusqu\u2019aux plus hautes sph\u00e8res de l\u2019\u00c9tat, sans pour autant remettre en cause la coh\u00e9sion de l\u2019ex\u00e9cutif : <em>\u00ab Il n\u2019y a aucun probl\u00e8me entre le pr\u00e9sident Diomaye et le Premier ministre Sonko. Je peux vous l\u2019assurer. Les relations sont excellentes et d\u00e9passent m\u00eame le cadre politique. \u00bb<\/em><\/p>\n\n\n<div class=\"wp-block-image\">\n<figure class=\"aligncenter size-large is-resized\"><img loading=\"lazy\" decoding=\"async\" width=\"1024\" height=\"1024\" src=\"https:\/\/macite.tg\/wp-content\/uploads\/2025\/07\/OTR_IMPOT-1024x1024.jpg\" alt=\"\" class=\"wp-image-23337\" style=\"width:624px;height:auto\" srcset=\"https:\/\/macite.tg\/wp-content\/uploads\/2025\/07\/OTR_IMPOT-1024x1024.jpg 1024w, https:\/\/macite.tg\/wp-content\/uploads\/2025\/07\/OTR_IMPOT-300x300.jpg 300w, https:\/\/macite.tg\/wp-content\/uploads\/2025\/07\/OTR_IMPOT-150x150.jpg 150w, https:\/\/macite.tg\/wp-content\/uploads\/2025\/07\/OTR_IMPOT-768x768.jpg 768w, https:\/\/macite.tg\/wp-content\/uploads\/2025\/07\/OTR_IMPOT-1536x1536.jpg 1536w, https:\/\/macite.tg\/wp-content\/uploads\/2025\/07\/OTR_IMPOT-122x122.jpg 122w, https:\/\/macite.tg\/wp-content\/uploads\/2025\/07\/OTR_IMPOT.jpg 2048w\" sizes=\"auto, (max-width: 1024px) 100vw, 1024px\" \/><\/figure>\n<\/div>\n\n\n<p class=\"wp-block-paragraph\">Pour illustrer cette proximit\u00e9 personnelle entre les deux hommes, Olivier Boucal a r\u00e9v\u00e9l\u00e9 un d\u00e9tail symbolique : <em>\u00ab Tout le monde sait que le pr\u00e9sident Diomaye a donn\u00e9 le nom de son enfant \u00e0 Ousmane Sonko. \u00bb<\/em><\/p>\n\n\n\n<p class=\"wp-block-paragraph\"><strong>SeneNews<\/strong><\/p>\n\n\n\n<p class=\"wp-block-paragraph\"><a><strong><em>@macite.tg&nbsp;&nbsp;&nbsp;&nbsp;&nbsp;&nbsp;&nbsp;&nbsp;<\/em><\/strong><\/a><\/p>\n\n\n\n<p class=\"wp-block-paragraph\"><strong><em>E-mail&nbsp;: <\/em><\/strong><a href=\"mailto:maciteinfo@gmail.com\"><strong><em>maciteinfo@gmail.com<\/em><\/strong><\/a><strong><em>; <\/em><\/strong><a href=\"mailto:bawela1@gmail.com\"><strong><em>bawela1@gmail.com<\/em><\/strong><\/a><strong><em><\/em><\/strong><\/p>\n\n\n\n<p class=\"wp-block-paragraph\"><strong><em>Pour vos annonces, (publi)reportages, etc., joignez-nous au (00228)91515309\/<strong>79872224 <\/strong><strong><\/strong><\/em><\/strong><\/p>\n\n\n\n<p class=\"wp-block-paragraph\"><strong><em>www.macite.tg, L\u2019information, la bonne&nbsp;!<\/em><\/strong><\/p>\n\n\n\n<p class=\"wp-block-paragraph\"><\/p>\n","protected":false},"excerpt":{"rendered":"<p class=\"text-justify mb-2\" >Face aux rumeurs persistantes \u00e9voquant de possibles tensions entre lui et son Premier ministre, le pr\u00e9sident de la R\u00e9publique, Bassirou Diomaye Diakhar faye,\u00a0a apport\u00e9 une r\u00e9ponse claire, mettant un terme aux sp\u00e9culations. Dans une r\u00e9cente d\u00e9claration, le chef de l\u2019\u00c9tat s\u00e9n\u00e9galais a affirm\u00e9 qu\u2019aucune divergence [&hellip;]<\/p>\n","protected":false},"author":2,"featured_media":23530,"comment_status":"open","ping_status":"open","sticky":false,"template":"","format":"standard","meta":{"footnotes":""},"categories":[20,1],"tags":[],"class_list":["post-23527","post","type-post","status-publish","format-standard","has-post-thumbnail","hentry","category-actualite","category-politique"],"yoast_head":"<!-- This site is optimized with the Yoast SEO plugin v28.4 - https:\/\/yoast.com\/product\/yoast-seo-wordpress\/ -->\n<title>SENEGAL \/ TADEM AU SOMMET DE L\u2019ETAT\u00a0: \u00ab\u00a0Il n\u2019y a aucune divergence entre Ousmane Sonko et moi\u00a0\u00bb (Bassirou Diomaye) -<\/title>\n<meta name=\"robots\" content=\"index, follow, max-snippet:-1, max-image-preview:large, max-video-preview:-1\" \/>\n<link rel=\"canonical\" href=\"https:\/\/macite.tg\/?p=23527\" \/>\n<meta property=\"og:locale\" content=\"fr_FR\" \/>\n<meta property=\"og:type\" content=\"article\" \/>\n<meta property=\"og:title\" content=\"SENEGAL \/ TADEM AU SOMMET DE L\u2019ETAT\u00a0: \u00ab\u00a0Il n\u2019y a aucune divergence entre Ousmane Sonko et moi\u00a0\u00bb (Bassirou Diomaye) -\" \/>\n<meta property=\"og:description\" content=\"Face aux rumeurs persistantes \u00e9voquant de possibles tensions entre lui et son Premier ministre, le pr\u00e9sident de la R\u00e9publique, Bassirou Diomaye Diakhar faye,\u00a0a apport\u00e9 une r\u00e9ponse claire, mettant un terme aux sp\u00e9culations. Dans une r\u00e9cente d\u00e9claration, le chef de l\u2019\u00c9tat s\u00e9n\u00e9galais a affirm\u00e9 qu\u2019aucune divergence [&hellip;]\" \/>\n<meta property=\"og:url\" content=\"https:\/\/macite.tg\/?p=23527\" \/>\n<meta property=\"article:published_time\" content=\"2025-07-15T11:07:17+00:00\" \/>\n<meta property=\"article:modified_time\" content=\"2025-07-15T11:07:24+00:00\" \/>\n<meta property=\"og:image\" content=\"https:\/\/macite.tg\/wp-content\/uploads\/2025\/07\/image-41.png\" \/>\n\t<meta property=\"og:image:width\" content=\"391\" \/>\n\t<meta property=\"og:image:height\" content=\"270\" \/>\n\t<meta property=\"og:image:type\" content=\"image\/png\" \/>\n<meta name=\"author\" content=\"Jean Pierre BAWELA\" \/>\n<meta name=\"twitter:card\" content=\"summary_large_image\" \/>\n<meta name=\"twitter:label1\" content=\"\u00c9crit par\" \/>\n\t<meta name=\"twitter:data1\" content=\"Jean Pierre BAWELA\" \/>\n\t<meta name=\"twitter:label2\" content=\"Dur\u00e9e de lecture estim\u00e9e\" \/>\n\t<meta name=\"twitter:data2\" content=\"3 minutes\" \/>\n<script type=\"application\/ld+json\" class=\"yoast-schema-graph\">{\"@context\":\"https:\\\/\\\/schema.org\",\"@graph\":[{\"@type\":\"Article\",\"@id\":\"https:\\\/\\\/macite.tg\\\/?p=23527#article\",\"isPartOf\":{\"@id\":\"https:\\\/\\\/macite.tg\\\/?p=23527\"},\"author\":{\"name\":\"Jean Pierre BAWELA\",\"@id\":\"https:\\\/\\\/macite.tg\\\/#\\\/schema\\\/person\\\/e9f2de7e5dbbe7770a9402c7ce82f5c2\"},\"headline\":\"SENEGAL \\\/ TADEM AU SOMMET DE L\u2019ETAT\u00a0: \u00ab\u00a0Il n\u2019y a aucune divergence entre Ousmane Sonko et moi\u00a0\u00bb (Bassirou Diomaye)\",\"datePublished\":\"2025-07-15T11:07:17+00:00\",\"dateModified\":\"2025-07-15T11:07:24+00:00\",\"mainEntityOfPage\":{\"@id\":\"https:\\\/\\\/macite.tg\\\/?p=23527\"},\"wordCount\":472,\"commentCount\":0,\"image\":{\"@id\":\"https:\\\/\\\/macite.tg\\\/?p=23527#primaryimage\"},\"thumbnailUrl\":\"https:\\\/\\\/macite.tg\\\/wp-content\\\/uploads\\\/2025\\\/07\\\/image-41.png\",\"articleSection\":[\"ACTUALITE\",\"POLITIQUE\"],\"inLanguage\":\"fr-FR\",\"potentialAction\":[{\"@type\":\"CommentAction\",\"name\":\"Comment\",\"target\":[\"https:\\\/\\\/macite.tg\\\/?p=23527#respond\"]}]},{\"@type\":\"WebPage\",\"@id\":\"https:\\\/\\\/macite.tg\\\/?p=23527\",\"url\":\"https:\\\/\\\/macite.tg\\\/?p=23527\",\"name\":\"SENEGAL \\\/ TADEM AU SOMMET DE L\u2019ETAT\u00a0: \u00ab\u00a0Il n\u2019y a aucune divergence entre Ousmane Sonko et moi\u00a0\u00bb (Bassirou Diomaye) -\",\"isPartOf\":{\"@id\":\"https:\\\/\\\/macite.tg\\\/#website\"},\"primaryImageOfPage\":{\"@id\":\"https:\\\/\\\/macite.tg\\\/?p=23527#primaryimage\"},\"image\":{\"@id\":\"https:\\\/\\\/macite.tg\\\/?p=23527#primaryimage\"},\"thumbnailUrl\":\"https:\\\/\\\/macite.tg\\\/wp-content\\\/uploads\\\/2025\\\/07\\\/image-41.png\",\"datePublished\":\"2025-07-15T11:07:17+00:00\",\"dateModified\":\"2025-07-15T11:07:24+00:00\",\"author\":{\"@id\":\"https:\\\/\\\/macite.tg\\\/#\\\/schema\\\/person\\\/e9f2de7e5dbbe7770a9402c7ce82f5c2\"},\"breadcrumb\":{\"@id\":\"https:\\\/\\\/macite.tg\\\/?p=23527#breadcrumb\"},\"inLanguage\":\"fr-FR\",\"potentialAction\":[{\"@type\":\"ReadAction\",\"target\":[\"https:\\\/\\\/macite.tg\\\/?p=23527\"]}]},{\"@type\":\"ImageObject\",\"inLanguage\":\"fr-FR\",\"@id\":\"https:\\\/\\\/macite.tg\\\/?p=23527#primaryimage\",\"url\":\"https:\\\/\\\/macite.tg\\\/wp-content\\\/uploads\\\/2025\\\/07\\\/image-41.png\",\"contentUrl\":\"https:\\\/\\\/macite.tg\\\/wp-content\\\/uploads\\\/2025\\\/07\\\/image-41.png\",\"width\":391,\"height\":270,\"caption\":\"Tadem Bassirou Faye - Ousmane Sonko\"},{\"@type\":\"BreadcrumbList\",\"@id\":\"https:\\\/\\\/macite.tg\\\/?p=23527#breadcrumb\",\"itemListElement\":[{\"@type\":\"ListItem\",\"position\":1,\"name\":\"Accueil\",\"item\":\"https:\\\/\\\/macite.tg\\\/\"},{\"@type\":\"ListItem\",\"position\":2,\"name\":\"SENEGAL \\\/ TADEM AU SOMMET DE L\u2019ETAT\u00a0: \u00ab\u00a0Il n\u2019y a aucune divergence entre Ousmane Sonko et moi\u00a0\u00bb (Bassirou Diomaye)\"}]},{\"@type\":\"WebSite\",\"@id\":\"https:\\\/\\\/macite.tg\\\/#website\",\"url\":\"https:\\\/\\\/macite.tg\\\/\",\"name\":\"\",\"description\":\"L&#039;information, la bonne!!!\",\"potentialAction\":[{\"@type\":\"SearchAction\",\"target\":{\"@type\":\"EntryPoint\",\"urlTemplate\":\"https:\\\/\\\/macite.tg\\\/?s={search_term_string}\"},\"query-input\":{\"@type\":\"PropertyValueSpecification\",\"valueRequired\":true,\"valueName\":\"search_term_string\"}}],\"inLanguage\":\"fr-FR\"},{\"@type\":\"Person\",\"@id\":\"https:\\\/\\\/macite.tg\\\/#\\\/schema\\\/person\\\/e9f2de7e5dbbe7770a9402c7ce82f5c2\",\"name\":\"Jean Pierre BAWELA\",\"image\":{\"@type\":\"ImageObject\",\"inLanguage\":\"fr-FR\",\"@id\":\"https:\\\/\\\/macite.tg\\\/wp-content\\\/uploads\\\/2023\\\/09\\\/WhatsApp-Image-2023-09-19-at-14.44.41-122x122.jpeg\",\"url\":\"https:\\\/\\\/macite.tg\\\/wp-content\\\/uploads\\\/2023\\\/09\\\/WhatsApp-Image-2023-09-19-at-14.44.41-122x122.jpeg\",\"contentUrl\":\"https:\\\/\\\/macite.tg\\\/wp-content\\\/uploads\\\/2023\\\/09\\\/WhatsApp-Image-2023-09-19-at-14.44.41-122x122.jpeg\",\"caption\":\"Jean Pierre BAWELA\"},\"url\":\"https:\\\/\\\/macite.tg\\\/?author=2\"}]}<\/script>\n<!-- \/ Yoast SEO plugin. -->","yoast_head_json":{"title":"SENEGAL \/ TADEM AU SOMMET DE L\u2019ETAT\u00a0: \u00ab\u00a0Il n\u2019y a aucune divergence entre Ousmane Sonko et moi\u00a0\u00bb (Bassirou Diomaye) -","robots":{"index":"index","follow":"follow","max-snippet":"max-snippet:-1","max-image-preview":"max-image-preview:large","max-video-preview":"max-video-preview:-1"},"canonical":"https:\/\/macite.tg\/?p=23527","og_locale":"fr_FR","og_type":"article","og_title":"SENEGAL \/ TADEM AU SOMMET DE L\u2019ETAT\u00a0: \u00ab\u00a0Il n\u2019y a aucune divergence entre Ousmane Sonko et moi\u00a0\u00bb (Bassirou Diomaye) -","og_description":"Face aux rumeurs persistantes \u00e9voquant de possibles tensions entre lui et son Premier ministre, le pr\u00e9sident de la R\u00e9publique, Bassirou Diomaye Diakhar faye,\u00a0a apport\u00e9 une r\u00e9ponse claire, mettant un terme aux sp\u00e9culations. Dans une r\u00e9cente d\u00e9claration, le chef de l\u2019\u00c9tat s\u00e9n\u00e9galais a affirm\u00e9 qu\u2019aucune divergence [&hellip;]","og_url":"https:\/\/macite.tg\/?p=23527","article_published_time":"2025-07-15T11:07:17+00:00","article_modified_time":"2025-07-15T11:07:24+00:00","og_image":[{"width":391,"height":270,"url":"https:\/\/macite.tg\/wp-content\/uploads\/2025\/07\/image-41.png","type":"image\/png"}],"author":"Jean Pierre BAWELA","twitter_card":"summary_large_image","twitter_misc":{"\u00c9crit par":"Jean Pierre BAWELA","Dur\u00e9e de lecture estim\u00e9e":"3 minutes"},"schema":{"@context":"https:\/\/schema.org","@graph":[{"@type":"Article","@id":"https:\/\/macite.tg\/?p=23527#article","isPartOf":{"@id":"https:\/\/macite.tg\/?p=23527"},"author":{"name":"Jean Pierre BAWELA","@id":"https:\/\/macite.tg\/#\/schema\/person\/e9f2de7e5dbbe7770a9402c7ce82f5c2"},"headline":"SENEGAL \/ TADEM AU SOMMET DE L\u2019ETAT\u00a0: \u00ab\u00a0Il n\u2019y a aucune divergence entre Ousmane Sonko et moi\u00a0\u00bb (Bassirou Diomaye)","datePublished":"2025-07-15T11:07:17+00:00","dateModified":"2025-07-15T11:07:24+00:00","mainEntityOfPage":{"@id":"https:\/\/macite.tg\/?p=23527"},"wordCount":472,"commentCount":0,"image":{"@id":"https:\/\/macite.tg\/?p=23527#primaryimage"},"thumbnailUrl":"https:\/\/macite.tg\/wp-content\/uploads\/2025\/07\/image-41.png","articleSection":["ACTUALITE","POLITIQUE"],"inLanguage":"fr-FR","potentialAction":[{"@type":"CommentAction","name":"Comment","target":["https:\/\/macite.tg\/?p=23527#respond"]}]},{"@type":"WebPage","@id":"https:\/\/macite.tg\/?p=23527","url":"https:\/\/macite.tg\/?p=23527","name":"SENEGAL \/ TADEM AU SOMMET DE L\u2019ETAT\u00a0: \u00ab\u00a0Il n\u2019y a aucune divergence entre Ousmane Sonko et moi\u00a0\u00bb (Bassirou Diomaye) -","isPartOf":{"@id":"https:\/\/macite.tg\/#website"},"primaryImageOfPage":{"@id":"https:\/\/macite.tg\/?p=23527#primaryimage"},"image":{"@id":"https:\/\/macite.tg\/?p=23527#primaryimage"},"thumbnailUrl":"https:\/\/macite.tg\/wp-content\/uploads\/2025\/07\/image-41.png","datePublished":"2025-07-15T11:07:17+00:00","dateModified":"2025-07-15T11:07:24+00:00","author":{"@id":"https:\/\/macite.tg\/#\/schema\/person\/e9f2de7e5dbbe7770a9402c7ce82f5c2"},"breadcrumb":{"@id":"https:\/\/macite.tg\/?p=23527#breadcrumb"},"inLanguage":"fr-FR","potentialAction":[{"@type":"ReadAction","target":["https:\/\/macite.tg\/?p=23527"]}]},{"@type":"ImageObject","inLanguage":"fr-FR","@id":"https:\/\/macite.tg\/?p=23527#primaryimage","url":"https:\/\/macite.tg\/wp-content\/uploads\/2025\/07\/image-41.png","contentUrl":"https:\/\/macite.tg\/wp-content\/uploads\/2025\/07\/image-41.png","width":391,"height":270,"caption":"Tadem Bassirou Faye - Ousmane Sonko"},{"@type":"BreadcrumbList","@id":"https:\/\/macite.tg\/?p=23527#breadcrumb","itemListElement":[{"@type":"ListItem","position":1,"name":"Accueil","item":"https:\/\/macite.tg\/"},{"@type":"ListItem","position":2,"name":"SENEGAL \/ TADEM AU SOMMET DE L\u2019ETAT\u00a0: \u00ab\u00a0Il n\u2019y a aucune divergence entre Ousmane Sonko et moi\u00a0\u00bb (Bassirou Diomaye)"}]},{"@type":"WebSite","@id":"https:\/\/macite.tg\/#website","url":"https:\/\/macite.tg\/","name":"","description":"L&#039;information, la bonne!!!","potentialAction":[{"@type":"SearchAction","target":{"@type":"EntryPoint","urlTemplate":"https:\/\/macite.tg\/?s={search_term_string}"},"query-input":{"@type":"PropertyValueSpecification","valueRequired":true,"valueName":"search_term_string"}}],"inLanguage":"fr-FR"},{"@type":"Person","@id":"https:\/\/macite.tg\/#\/schema\/person\/e9f2de7e5dbbe7770a9402c7ce82f5c2","name":"Jean Pierre BAWELA","image":{"@type":"ImageObject","inLanguage":"fr-FR","@id":"https:\/\/macite.tg\/wp-content\/uploads\/2023\/09\/WhatsApp-Image-2023-09-19-at-14.44.41-122x122.jpeg","url":"https:\/\/macite.tg\/wp-content\/uploads\/2023\/09\/WhatsApp-Image-2023-09-19-at-14.44.41-122x122.jpeg","contentUrl":"https:\/\/macite.tg\/wp-content\/uploads\/2023\/09\/WhatsApp-Image-2023-09-19-at-14.44.41-122x122.jpeg","caption":"Jean Pierre BAWELA"},"url":"https:\/\/macite.tg\/?author=2"}]}},"_links":{"self":[{"href":"https:\/\/macite.tg\/index.php?rest_route=\/wp\/v2\/posts\/23527","targetHints":{"allow":["GET"]}}],"collection":[{"href":"https:\/\/macite.tg\/index.php?rest_route=\/wp\/v2\/posts"}],"about":[{"href":"https:\/\/macite.tg\/index.php?rest_route=\/wp\/v2\/types\/post"}],"author":[{"embeddable":true,"href":"https:\/\/macite.tg\/index.php?rest_route=\/wp\/v2\/users\/2"}],"replies":[{"embeddable":true,"href":"https:\/\/macite.tg\/index.php?rest_route=%2Fwp%2Fv2%2Fcomments&post=23527"}],"version-history":[{"count":0,"href":"https:\/\/macite.tg\/index.php?rest_route=\/wp\/v2\/posts\/23527\/revisions"}],"wp:featuredmedia":[{"embeddable":true,"href":"https:\/\/macite.tg\/index.php?rest_route=\/wp\/v2\/media\/23530"}],"wp:attachment":[{"href":"https:\/\/macite.tg\/index.php?rest_route=%2Fwp%2Fv2%2Fmedia&parent=23527"}],"wp:term":[{"taxonomy":"category","embeddable":true,"href":"https:\/\/macite.tg\/index.php?rest_route=%2Fwp%2Fv2%2Fcategories&post=23527"},{"taxonomy":"post_tag","embeddable":true,"href":"https:\/\/macite.tg\/index.php?rest_route=%2Fwp%2Fv2%2Ftags&post=23527"}],"curies":[{"name":"wp","href":"https:\/\/api.w.org\/{rel}","templated":true}]}}