{"id":23526,"date":"2025-07-15T10:52:43","date_gmt":"2025-07-15T10:52:43","guid":{"rendered":"https:\/\/macite.tg\/?p=23526"},"modified":"2025-07-15T10:52:49","modified_gmt":"2025-07-15T10:52:49","slug":"senegal-le-duo-au-sommet-mis-a-mal-diomaye-aurait-du-le-sonko-limoger-sans-bruit-talla-sylla-ancien-maire-de-thies","status":"publish","type":"post","link":"https:\/\/macite.tg\/?p=23526","title":{"rendered":"SENEGAL\u00a0\/ LE DUO AU SOMMET MIS A MAL\u00a0: \u00ab Diomaye aurait d\u00fb le (Sonko) limoger sans bruit \u00bb (Talla Sylla, ancien Maire de Thi\u00e8s)"},"content":{"rendered":"\n<p class=\"wp-block-paragraph\"><strong><em>L\u2019ancien maire de Thi\u00e8s, Talla Sylla, est sorti de sa r\u00e9serve pour commenter la r\u00e9cente d\u00e9claration pol\u00e9mique d\u2019Ousmane Sonko, Premier ministre, \u00e0 l\u2019encontre du pr\u00e9sident Bassirou Diomaye Faye. Une prise de parole qu\u2019il juge inappropri\u00e9e, voire irrespectueuse envers l\u2019institution pr\u00e9sidentielle.<\/em><\/strong><\/p>\n\n\n\n<p class=\"wp-block-paragraph\">Dans une d\u00e9claration sans d\u00e9tour, Talla Sylla estime que le chef de l\u2019\u00c9tat aurait d\u00fb agir avec fermet\u00e9, allant jusqu\u2019\u00e0 sugg\u00e9rer une \u00e9viction discr\u00e8te du chef du gouvernement :<\/p>\n\n\n<div class=\"wp-block-image\">\n<figure class=\"aligncenter size-full\"><img loading=\"lazy\" decoding=\"async\" width=\"851\" height=\"315\" src=\"https:\/\/macite.tg\/wp-content\/uploads\/2025\/07\/OTR_Bandeau-Renseignements-1.jpg\" alt=\"\" class=\"wp-image-23510\" srcset=\"https:\/\/macite.tg\/wp-content\/uploads\/2025\/07\/OTR_Bandeau-Renseignements-1.jpg 851w, https:\/\/macite.tg\/wp-content\/uploads\/2025\/07\/OTR_Bandeau-Renseignements-1-300x111.jpg 300w, https:\/\/macite.tg\/wp-content\/uploads\/2025\/07\/OTR_Bandeau-Renseignements-1-768x284.jpg 768w\" sizes=\"auto, (max-width: 851px) 100vw, 851px\" \/><\/figure>\n<\/div>\n\n\n<p class=\"wp-block-paragraph\"><em>\u00ab Si j\u2019avais un conseil \u00e0 donner au Pr\u00e9sident, je lui aurais sugg\u00e9r\u00e9 de virer Sonko de son poste, sans bruit. Et je sais que rien ne se serait pass\u00e9\u2026 \u00bb, <\/em>a-t-il confi\u00e9 avec fermet\u00e9.<\/p>\n\n\n\n<p class=\"wp-block-paragraph\">Pour Talla Sylla, cette sortie du leader de Pastef ne devrait pas rester sans cons\u00e9quence, car elle met \u00e0 mal la coh\u00e9sion au sommet de l\u2019\u00c9tat et brouille le message d\u2019unit\u00e9 que le duo Sonko-Diomaye avait r\u00e9ussi \u00e0 incarner depuis leur arriv\u00e9e au pouvoir.<\/p>\n\n\n<div class=\"wp-block-image\">\n<figure class=\"aligncenter size-full\"><img loading=\"lazy\" decoding=\"async\" width=\"730\" height=\"1024\" src=\"https:\/\/macite.tg\/wp-content\/uploads\/2025\/07\/image-1.jpeg\" alt=\"\" class=\"wp-image-23518\" srcset=\"https:\/\/macite.tg\/wp-content\/uploads\/2025\/07\/image-1.jpeg 730w, https:\/\/macite.tg\/wp-content\/uploads\/2025\/07\/image-1-214x300.jpeg 214w\" sizes=\"auto, (max-width: 730px) 100vw, 730px\" \/><\/figure>\n<\/div>\n\n\n<p class=\"wp-block-paragraph\">Une d\u00e9claration qui vient s\u2019ajouter \u00e0 la vague de r\u00e9actions provoqu\u00e9es par l\u2019intervention muscl\u00e9e du Premier ministre.<\/p>\n\n\n\n<p class=\"wp-block-paragraph\"><strong>SeneNews<\/strong><\/p>\n\n\n\n<p class=\"wp-block-paragraph\"><a><strong><em>@macite.tg&nbsp;&nbsp;&nbsp;&nbsp;&nbsp;&nbsp;&nbsp;&nbsp;<\/em><\/strong><\/a><\/p>\n\n\n\n<p class=\"wp-block-paragraph\"><strong><em>E-mail&nbsp;: <\/em><\/strong><a href=\"mailto:maciteinfo@gmail.com\"><strong><em>maciteinfo@gmail.com<\/em><\/strong><\/a><strong><em>; <\/em><\/strong><a href=\"mailto:bawela1@gmail.com\"><strong><em>bawela1@gmail.com<\/em><\/strong><\/a><strong><em><\/em><\/strong><\/p>\n\n\n\n<p class=\"wp-block-paragraph\"><strong><em>Pour vos annonces, (publi)reportages, etc., joignez-nous au (00228)91515309\/<strong>79872224 <\/strong><strong><\/strong><\/em><\/strong><\/p>\n\n\n\n<p class=\"wp-block-paragraph\"><strong><em>www.macite.tg, L\u2019information, la bonne&nbsp;!<\/em><\/strong><\/p>\n\n\n\n<p class=\"wp-block-paragraph\"><\/p>\n","protected":false},"excerpt":{"rendered":"<p class=\"text-justify mb-2\" >L\u2019ancien maire de Thi\u00e8s, Talla Sylla, est sorti de sa r\u00e9serve pour commenter la r\u00e9cente d\u00e9claration pol\u00e9mique d\u2019Ousmane Sonko, Premier ministre, \u00e0 l\u2019encontre du pr\u00e9sident Bassirou Diomaye Faye. Une prise de parole qu\u2019il juge inappropri\u00e9e, voire irrespectueuse envers l\u2019institution pr\u00e9sidentielle. Dans une d\u00e9claration sans d\u00e9tour, [&hellip;]<\/p>\n","protected":false},"author":2,"featured_media":23528,"comment_status":"open","ping_status":"open","sticky":false,"template":"","format":"standard","meta":{"footnotes":""},"categories":[20,1],"tags":[],"class_list":["post-23526","post","type-post","status-publish","format-standard","has-post-thumbnail","hentry","category-actualite","category-politique"],"yoast_head":"<!-- This site is optimized with the Yoast SEO plugin v28.4 - https:\/\/yoast.com\/product\/yoast-seo-wordpress\/ -->\n<title>SENEGAL\u00a0\/ LE DUO AU SOMMET MIS A MAL\u00a0: \u00ab Diomaye aurait d\u00fb le (Sonko) limoger sans bruit \u00bb (Talla Sylla, ancien Maire de Thi\u00e8s) -<\/title>\n<meta name=\"robots\" content=\"index, follow, max-snippet:-1, max-image-preview:large, max-video-preview:-1\" \/>\n<link rel=\"canonical\" href=\"https:\/\/macite.tg\/?p=23526\" \/>\n<meta property=\"og:locale\" content=\"fr_FR\" \/>\n<meta property=\"og:type\" content=\"article\" \/>\n<meta property=\"og:title\" content=\"SENEGAL\u00a0\/ LE DUO AU SOMMET MIS A MAL\u00a0: \u00ab Diomaye aurait d\u00fb le (Sonko) limoger sans bruit \u00bb (Talla Sylla, ancien Maire de Thi\u00e8s) -\" \/>\n<meta property=\"og:description\" content=\"L\u2019ancien maire de Thi\u00e8s, Talla Sylla, est sorti de sa r\u00e9serve pour commenter la r\u00e9cente d\u00e9claration pol\u00e9mique d\u2019Ousmane Sonko, Premier ministre, \u00e0 l\u2019encontre du pr\u00e9sident Bassirou Diomaye Faye. Une prise de parole qu\u2019il juge inappropri\u00e9e, voire irrespectueuse envers l\u2019institution pr\u00e9sidentielle. Dans une d\u00e9claration sans d\u00e9tour, [&hellip;]\" \/>\n<meta property=\"og:url\" content=\"https:\/\/macite.tg\/?p=23526\" \/>\n<meta property=\"article:published_time\" content=\"2025-07-15T10:52:43+00:00\" \/>\n<meta property=\"article:modified_time\" content=\"2025-07-15T10:52:49+00:00\" \/>\n<meta property=\"og:image\" content=\"https:\/\/macite.tg\/wp-content\/uploads\/2025\/07\/Talla-Sylla-Senegal.jpg\" \/>\n\t<meta property=\"og:image:width\" content=\"634\" \/>\n\t<meta property=\"og:image:height\" content=\"400\" \/>\n\t<meta property=\"og:image:type\" content=\"image\/jpeg\" \/>\n<meta name=\"author\" content=\"Jean Pierre BAWELA\" \/>\n<meta name=\"twitter:card\" content=\"summary_large_image\" \/>\n<meta name=\"twitter:label1\" content=\"\u00c9crit par\" \/>\n\t<meta name=\"twitter:data1\" content=\"Jean Pierre BAWELA\" \/>\n\t<meta name=\"twitter:label2\" content=\"Dur\u00e9e de lecture estim\u00e9e\" \/>\n\t<meta name=\"twitter:data2\" content=\"2 minutes\" \/>\n<script type=\"application\/ld+json\" class=\"yoast-schema-graph\">{\"@context\":\"https:\\\/\\\/schema.org\",\"@graph\":[{\"@type\":\"Article\",\"@id\":\"https:\\\/\\\/macite.tg\\\/?p=23526#article\",\"isPartOf\":{\"@id\":\"https:\\\/\\\/macite.tg\\\/?p=23526\"},\"author\":{\"name\":\"Jean Pierre BAWELA\",\"@id\":\"https:\\\/\\\/macite.tg\\\/#\\\/schema\\\/person\\\/e9f2de7e5dbbe7770a9402c7ce82f5c2\"},\"headline\":\"SENEGAL\u00a0\\\/ LE DUO AU SOMMET MIS A MAL\u00a0: \u00ab Diomaye aurait d\u00fb le (Sonko) limoger sans bruit \u00bb (Talla Sylla, ancien Maire de Thi\u00e8s)\",\"datePublished\":\"2025-07-15T10:52:43+00:00\",\"dateModified\":\"2025-07-15T10:52:49+00:00\",\"mainEntityOfPage\":{\"@id\":\"https:\\\/\\\/macite.tg\\\/?p=23526\"},\"wordCount\":248,\"commentCount\":0,\"image\":{\"@id\":\"https:\\\/\\\/macite.tg\\\/?p=23526#primaryimage\"},\"thumbnailUrl\":\"https:\\\/\\\/macite.tg\\\/wp-content\\\/uploads\\\/2025\\\/07\\\/Talla-Sylla-Senegal.jpg\",\"articleSection\":[\"ACTUALITE\",\"POLITIQUE\"],\"inLanguage\":\"fr-FR\",\"potentialAction\":[{\"@type\":\"CommentAction\",\"name\":\"Comment\",\"target\":[\"https:\\\/\\\/macite.tg\\\/?p=23526#respond\"]}]},{\"@type\":\"WebPage\",\"@id\":\"https:\\\/\\\/macite.tg\\\/?p=23526\",\"url\":\"https:\\\/\\\/macite.tg\\\/?p=23526\",\"name\":\"SENEGAL\u00a0\\\/ LE DUO AU SOMMET MIS A MAL\u00a0: \u00ab Diomaye aurait d\u00fb le (Sonko) limoger sans bruit \u00bb (Talla Sylla, ancien Maire de Thi\u00e8s) -\",\"isPartOf\":{\"@id\":\"https:\\\/\\\/macite.tg\\\/#website\"},\"primaryImageOfPage\":{\"@id\":\"https:\\\/\\\/macite.tg\\\/?p=23526#primaryimage\"},\"image\":{\"@id\":\"https:\\\/\\\/macite.tg\\\/?p=23526#primaryimage\"},\"thumbnailUrl\":\"https:\\\/\\\/macite.tg\\\/wp-content\\\/uploads\\\/2025\\\/07\\\/Talla-Sylla-Senegal.jpg\",\"datePublished\":\"2025-07-15T10:52:43+00:00\",\"dateModified\":\"2025-07-15T10:52:49+00:00\",\"author\":{\"@id\":\"https:\\\/\\\/macite.tg\\\/#\\\/schema\\\/person\\\/e9f2de7e5dbbe7770a9402c7ce82f5c2\"},\"breadcrumb\":{\"@id\":\"https:\\\/\\\/macite.tg\\\/?p=23526#breadcrumb\"},\"inLanguage\":\"fr-FR\",\"potentialAction\":[{\"@type\":\"ReadAction\",\"target\":[\"https:\\\/\\\/macite.tg\\\/?p=23526\"]}]},{\"@type\":\"ImageObject\",\"inLanguage\":\"fr-FR\",\"@id\":\"https:\\\/\\\/macite.tg\\\/?p=23526#primaryimage\",\"url\":\"https:\\\/\\\/macite.tg\\\/wp-content\\\/uploads\\\/2025\\\/07\\\/Talla-Sylla-Senegal.jpg\",\"contentUrl\":\"https:\\\/\\\/macite.tg\\\/wp-content\\\/uploads\\\/2025\\\/07\\\/Talla-Sylla-Senegal.jpg\",\"width\":634,\"height\":400,\"caption\":\"Talla Sylla, ancien Maire de Thi\u00e8s, au S\u00e9n\u00e9gal\"},{\"@type\":\"BreadcrumbList\",\"@id\":\"https:\\\/\\\/macite.tg\\\/?p=23526#breadcrumb\",\"itemListElement\":[{\"@type\":\"ListItem\",\"position\":1,\"name\":\"Accueil\",\"item\":\"https:\\\/\\\/macite.tg\\\/\"},{\"@type\":\"ListItem\",\"position\":2,\"name\":\"SENEGAL\u00a0\\\/ LE DUO AU SOMMET MIS A MAL\u00a0: \u00ab Diomaye aurait d\u00fb le (Sonko) limoger sans bruit \u00bb (Talla Sylla, ancien Maire de Thi\u00e8s)\"}]},{\"@type\":\"WebSite\",\"@id\":\"https:\\\/\\\/macite.tg\\\/#website\",\"url\":\"https:\\\/\\\/macite.tg\\\/\",\"name\":\"\",\"description\":\"L&#039;information, la bonne!!!\",\"potentialAction\":[{\"@type\":\"SearchAction\",\"target\":{\"@type\":\"EntryPoint\",\"urlTemplate\":\"https:\\\/\\\/macite.tg\\\/?s={search_term_string}\"},\"query-input\":{\"@type\":\"PropertyValueSpecification\",\"valueRequired\":true,\"valueName\":\"search_term_string\"}}],\"inLanguage\":\"fr-FR\"},{\"@type\":\"Person\",\"@id\":\"https:\\\/\\\/macite.tg\\\/#\\\/schema\\\/person\\\/e9f2de7e5dbbe7770a9402c7ce82f5c2\",\"name\":\"Jean Pierre BAWELA\",\"image\":{\"@type\":\"ImageObject\",\"inLanguage\":\"fr-FR\",\"@id\":\"https:\\\/\\\/macite.tg\\\/wp-content\\\/uploads\\\/2023\\\/09\\\/WhatsApp-Image-2023-09-19-at-14.44.41-122x122.jpeg\",\"url\":\"https:\\\/\\\/macite.tg\\\/wp-content\\\/uploads\\\/2023\\\/09\\\/WhatsApp-Image-2023-09-19-at-14.44.41-122x122.jpeg\",\"contentUrl\":\"https:\\\/\\\/macite.tg\\\/wp-content\\\/uploads\\\/2023\\\/09\\\/WhatsApp-Image-2023-09-19-at-14.44.41-122x122.jpeg\",\"caption\":\"Jean Pierre BAWELA\"},\"url\":\"https:\\\/\\\/macite.tg\\\/?author=2\"}]}<\/script>\n<!-- \/ Yoast SEO plugin. -->","yoast_head_json":{"title":"SENEGAL\u00a0\/ LE DUO AU SOMMET MIS A MAL\u00a0: \u00ab Diomaye aurait d\u00fb le (Sonko) limoger sans bruit \u00bb (Talla Sylla, ancien Maire de Thi\u00e8s) -","robots":{"index":"index","follow":"follow","max-snippet":"max-snippet:-1","max-image-preview":"max-image-preview:large","max-video-preview":"max-video-preview:-1"},"canonical":"https:\/\/macite.tg\/?p=23526","og_locale":"fr_FR","og_type":"article","og_title":"SENEGAL\u00a0\/ LE DUO AU SOMMET MIS A MAL\u00a0: \u00ab Diomaye aurait d\u00fb le (Sonko) limoger sans bruit \u00bb (Talla Sylla, ancien Maire de Thi\u00e8s) -","og_description":"L\u2019ancien maire de Thi\u00e8s, Talla Sylla, est sorti de sa r\u00e9serve pour commenter la r\u00e9cente d\u00e9claration pol\u00e9mique d\u2019Ousmane Sonko, Premier ministre, \u00e0 l\u2019encontre du pr\u00e9sident Bassirou Diomaye Faye. Une prise de parole qu\u2019il juge inappropri\u00e9e, voire irrespectueuse envers l\u2019institution pr\u00e9sidentielle. Dans une d\u00e9claration sans d\u00e9tour, [&hellip;]","og_url":"https:\/\/macite.tg\/?p=23526","article_published_time":"2025-07-15T10:52:43+00:00","article_modified_time":"2025-07-15T10:52:49+00:00","og_image":[{"width":634,"height":400,"url":"https:\/\/macite.tg\/wp-content\/uploads\/2025\/07\/Talla-Sylla-Senegal.jpg","type":"image\/jpeg"}],"author":"Jean Pierre BAWELA","twitter_card":"summary_large_image","twitter_misc":{"\u00c9crit par":"Jean Pierre BAWELA","Dur\u00e9e de lecture estim\u00e9e":"2 minutes"},"schema":{"@context":"https:\/\/schema.org","@graph":[{"@type":"Article","@id":"https:\/\/macite.tg\/?p=23526#article","isPartOf":{"@id":"https:\/\/macite.tg\/?p=23526"},"author":{"name":"Jean Pierre BAWELA","@id":"https:\/\/macite.tg\/#\/schema\/person\/e9f2de7e5dbbe7770a9402c7ce82f5c2"},"headline":"SENEGAL\u00a0\/ LE DUO AU SOMMET MIS A MAL\u00a0: \u00ab Diomaye aurait d\u00fb le (Sonko) limoger sans bruit \u00bb (Talla Sylla, ancien Maire de Thi\u00e8s)","datePublished":"2025-07-15T10:52:43+00:00","dateModified":"2025-07-15T10:52:49+00:00","mainEntityOfPage":{"@id":"https:\/\/macite.tg\/?p=23526"},"wordCount":248,"commentCount":0,"image":{"@id":"https:\/\/macite.tg\/?p=23526#primaryimage"},"thumbnailUrl":"https:\/\/macite.tg\/wp-content\/uploads\/2025\/07\/Talla-Sylla-Senegal.jpg","articleSection":["ACTUALITE","POLITIQUE"],"inLanguage":"fr-FR","potentialAction":[{"@type":"CommentAction","name":"Comment","target":["https:\/\/macite.tg\/?p=23526#respond"]}]},{"@type":"WebPage","@id":"https:\/\/macite.tg\/?p=23526","url":"https:\/\/macite.tg\/?p=23526","name":"SENEGAL\u00a0\/ LE DUO AU SOMMET MIS A MAL\u00a0: \u00ab Diomaye aurait d\u00fb le (Sonko) limoger sans bruit \u00bb (Talla Sylla, ancien Maire de Thi\u00e8s) -","isPartOf":{"@id":"https:\/\/macite.tg\/#website"},"primaryImageOfPage":{"@id":"https:\/\/macite.tg\/?p=23526#primaryimage"},"image":{"@id":"https:\/\/macite.tg\/?p=23526#primaryimage"},"thumbnailUrl":"https:\/\/macite.tg\/wp-content\/uploads\/2025\/07\/Talla-Sylla-Senegal.jpg","datePublished":"2025-07-15T10:52:43+00:00","dateModified":"2025-07-15T10:52:49+00:00","author":{"@id":"https:\/\/macite.tg\/#\/schema\/person\/e9f2de7e5dbbe7770a9402c7ce82f5c2"},"breadcrumb":{"@id":"https:\/\/macite.tg\/?p=23526#breadcrumb"},"inLanguage":"fr-FR","potentialAction":[{"@type":"ReadAction","target":["https:\/\/macite.tg\/?p=23526"]}]},{"@type":"ImageObject","inLanguage":"fr-FR","@id":"https:\/\/macite.tg\/?p=23526#primaryimage","url":"https:\/\/macite.tg\/wp-content\/uploads\/2025\/07\/Talla-Sylla-Senegal.jpg","contentUrl":"https:\/\/macite.tg\/wp-content\/uploads\/2025\/07\/Talla-Sylla-Senegal.jpg","width":634,"height":400,"caption":"Talla Sylla, ancien Maire de Thi\u00e8s, au S\u00e9n\u00e9gal"},{"@type":"BreadcrumbList","@id":"https:\/\/macite.tg\/?p=23526#breadcrumb","itemListElement":[{"@type":"ListItem","position":1,"name":"Accueil","item":"https:\/\/macite.tg\/"},{"@type":"ListItem","position":2,"name":"SENEGAL\u00a0\/ LE DUO AU SOMMET MIS A MAL\u00a0: \u00ab Diomaye aurait d\u00fb le (Sonko) limoger sans bruit \u00bb (Talla Sylla, ancien Maire de Thi\u00e8s)"}]},{"@type":"WebSite","@id":"https:\/\/macite.tg\/#website","url":"https:\/\/macite.tg\/","name":"","description":"L&#039;information, la bonne!!!","potentialAction":[{"@type":"SearchAction","target":{"@type":"EntryPoint","urlTemplate":"https:\/\/macite.tg\/?s={search_term_string}"},"query-input":{"@type":"PropertyValueSpecification","valueRequired":true,"valueName":"search_term_string"}}],"inLanguage":"fr-FR"},{"@type":"Person","@id":"https:\/\/macite.tg\/#\/schema\/person\/e9f2de7e5dbbe7770a9402c7ce82f5c2","name":"Jean Pierre BAWELA","image":{"@type":"ImageObject","inLanguage":"fr-FR","@id":"https:\/\/macite.tg\/wp-content\/uploads\/2023\/09\/WhatsApp-Image-2023-09-19-at-14.44.41-122x122.jpeg","url":"https:\/\/macite.tg\/wp-content\/uploads\/2023\/09\/WhatsApp-Image-2023-09-19-at-14.44.41-122x122.jpeg","contentUrl":"https:\/\/macite.tg\/wp-content\/uploads\/2023\/09\/WhatsApp-Image-2023-09-19-at-14.44.41-122x122.jpeg","caption":"Jean Pierre BAWELA"},"url":"https:\/\/macite.tg\/?author=2"}]}},"_links":{"self":[{"href":"https:\/\/macite.tg\/index.php?rest_route=\/wp\/v2\/posts\/23526","targetHints":{"allow":["GET"]}}],"collection":[{"href":"https:\/\/macite.tg\/index.php?rest_route=\/wp\/v2\/posts"}],"about":[{"href":"https:\/\/macite.tg\/index.php?rest_route=\/wp\/v2\/types\/post"}],"author":[{"embeddable":true,"href":"https:\/\/macite.tg\/index.php?rest_route=\/wp\/v2\/users\/2"}],"replies":[{"embeddable":true,"href":"https:\/\/macite.tg\/index.php?rest_route=%2Fwp%2Fv2%2Fcomments&post=23526"}],"version-history":[{"count":0,"href":"https:\/\/macite.tg\/index.php?rest_route=\/wp\/v2\/posts\/23526\/revisions"}],"wp:featuredmedia":[{"embeddable":true,"href":"https:\/\/macite.tg\/index.php?rest_route=\/wp\/v2\/media\/23528"}],"wp:attachment":[{"href":"https:\/\/macite.tg\/index.php?rest_route=%2Fwp%2Fv2%2Fmedia&parent=23526"}],"wp:term":[{"taxonomy":"category","embeddable":true,"href":"https:\/\/macite.tg\/index.php?rest_route=%2Fwp%2Fv2%2Fcategories&post=23526"},{"taxonomy":"post_tag","embeddable":true,"href":"https:\/\/macite.tg\/index.php?rest_route=%2Fwp%2Fv2%2Ftags&post=23526"}],"curies":[{"name":"wp","href":"https:\/\/api.w.org\/{rel}","templated":true}]}}