{"id":23517,"date":"2025-07-15T09:35:57","date_gmt":"2025-07-15T09:35:57","guid":{"rendered":"https:\/\/macite.tg\/?p=23517"},"modified":"2025-07-15T09:36:02","modified_gmt":"2025-07-15T09:36:02","slug":"municipales-du-17-juillet-les-forces-de-defense-et-de-securite-fds-ont-vote-par-anticipation-hier-14-juillet","status":"publish","type":"post","link":"https:\/\/macite.tg\/?p=23517","title":{"rendered":"MUNICIPALES DU 17 JUILLET : Les Forces de d\u00e9fense et de s\u00e9curit\u00e9 (FDS) ont vot\u00e9 (par anticipation) hier 14 juillet"},"content":{"rendered":"\n<p class=\"wp-block-paragraph\"><strong><em>Hier 14 juillet, les Forces de d\u00e9fense et de s\u00e9curit\u00e9 (FDS) ont, dans le calme et la discipline, accompli leur devoir civique, pour le compte des \u00e9lections municipales 2025. Ce vote, qui intervient \u00e0 72 heures du scrutin, leur est exclusivement r\u00e9serv\u00e9, conform\u00e9ment \u00e0 la loi \u00e9lectorale en vigueur.<\/em><\/strong><\/p>\n\n\n\n<p class=\"wp-block-paragraph\">Les Forces de d\u00e9fense et de s\u00e9curit\u00e9 (FDS) ont vot\u00e9, hier 14 juillet, pour le compte des \u00e9lections municipales 2025. Ce vote intervient 72h avant le scrutin, et vise \u00e0 permettre \u00e0 cette cat\u00e9gorie de Togolais d\u2019\u00eatre pleinement focus sur leur mission, avant, pendant et apr\u00e8s le scrutin.<\/p>\n\n\n\n<figure class=\"wp-block-image size-full\"><img loading=\"lazy\" decoding=\"async\" width=\"851\" height=\"315\" src=\"https:\/\/macite.tg\/wp-content\/uploads\/2025\/07\/OTR_Bandeau-Renseignements-1.jpg\" alt=\"\" class=\"wp-image-23510\" srcset=\"https:\/\/macite.tg\/wp-content\/uploads\/2025\/07\/OTR_Bandeau-Renseignements-1.jpg 851w, https:\/\/macite.tg\/wp-content\/uploads\/2025\/07\/OTR_Bandeau-Renseignements-1-300x111.jpg 300w, https:\/\/macite.tg\/wp-content\/uploads\/2025\/07\/OTR_Bandeau-Renseignements-1-768x284.jpg 768w\" sizes=\"auto, (max-width: 851px) 100vw, 851px\" \/><\/figure>\n\n\n\n<p class=\"wp-block-paragraph\">Ils devront s\u00e9curiser l\u2019ensemble du processus, notamment veiller \u00e0 la s\u00e9curit\u00e9 des \u00e9lecteurs, du mat\u00e9riel \u00e9lectoral, etc., ceci tout en assurant leur r\u00f4le r\u00e9galien.<\/p>\n\n\n\n<p class=\"wp-block-paragraph\">Notons que la campagne prend fin ce mardi 15 juillet \u00e0 23heures 59 minutes sur l\u2019ensemble du territoire national. Le vote a lieu le jeudi 17 juillet prochain.<\/p>\n\n\n<div class=\"wp-block-image\">\n<figure class=\"aligncenter size-full is-resized\"><img loading=\"lazy\" decoding=\"async\" width=\"730\" height=\"1024\" src=\"https:\/\/macite.tg\/wp-content\/uploads\/2025\/07\/image-1.jpeg\" alt=\"\" class=\"wp-image-23518\" style=\"width:591px;height:auto\" srcset=\"https:\/\/macite.tg\/wp-content\/uploads\/2025\/07\/image-1.jpeg 730w, https:\/\/macite.tg\/wp-content\/uploads\/2025\/07\/image-1-214x300.jpeg 214w\" sizes=\"auto, (max-width: 730px) 100vw, 730px\" \/><\/figure>\n<\/div>\n\n\n<p class=\"wp-block-paragraph\">Au soir de ce scrutin qui se veut libre, inclusif, apais\u00e9, transparent et d\u00e9mocratique, l\u2019on devrait conna\u00eetre les 1.527 conseillers municipaux issus des 117 communes que compte le pays. &nbsp;<\/p>\n\n\n\n<p class=\"wp-block-paragraph\"><strong>JPB<\/strong><\/p>\n\n\n\n<p class=\"wp-block-paragraph\"><a><strong><em>@macite.tg&nbsp;&nbsp;&nbsp;&nbsp;&nbsp;&nbsp;&nbsp;&nbsp;<\/em><\/strong><\/a><\/p>\n\n\n\n<p class=\"wp-block-paragraph\"><strong><em>E-mail&nbsp;: <\/em><\/strong><a href=\"mailto:maciteinfo@gmail.com\"><strong><em>maciteinfo@gmail.com<\/em><\/strong><\/a><strong><em>; <\/em><\/strong><a href=\"mailto:bawela1@gmail.com\"><strong><em>bawela1@gmail.com<\/em><\/strong><\/a><strong><em><\/em><\/strong><\/p>\n\n\n\n<p class=\"wp-block-paragraph\"><strong><em>Pour vos annonces, (publi)reportages, etc., joignez-nous au (00228)91515309\/<strong>79872224 <\/strong><strong><\/strong><\/em><\/strong><\/p>\n\n\n\n<p class=\"wp-block-paragraph\"><strong><em>www.macite.tg, L\u2019information, la bonne&nbsp;!<\/em><\/strong><\/p>\n\n\n\n<p class=\"wp-block-paragraph\"><\/p>\n","protected":false},"excerpt":{"rendered":"<p class=\"text-justify mb-2\" >Hier 14 juillet, les Forces de d\u00e9fense et de s\u00e9curit\u00e9 (FDS) ont, dans le calme et la discipline, accompli leur devoir civique, pour le compte des \u00e9lections municipales 2025. Ce vote, qui intervient \u00e0 72 heures du scrutin, leur est exclusivement r\u00e9serv\u00e9, conform\u00e9ment \u00e0 la [&hellip;]<\/p>\n","protected":false},"author":2,"featured_media":23519,"comment_status":"open","ping_status":"open","sticky":false,"template":"","format":"standard","meta":{"footnotes":""},"categories":[20,1],"tags":[],"class_list":["post-23517","post","type-post","status-publish","format-standard","has-post-thumbnail","hentry","category-actualite","category-politique"],"yoast_head":"<!-- This site is optimized with the Yoast SEO plugin v28.4 - https:\/\/yoast.com\/product\/yoast-seo-wordpress\/ -->\n<title>MUNICIPALES DU 17 JUILLET : Les Forces de d\u00e9fense et de s\u00e9curit\u00e9 (FDS) ont vot\u00e9 (par anticipation) hier 14 juillet -<\/title>\n<meta name=\"robots\" content=\"index, follow, max-snippet:-1, max-image-preview:large, max-video-preview:-1\" \/>\n<link rel=\"canonical\" href=\"https:\/\/macite.tg\/?p=23517\" \/>\n<meta property=\"og:locale\" content=\"fr_FR\" \/>\n<meta property=\"og:type\" content=\"article\" \/>\n<meta property=\"og:title\" content=\"MUNICIPALES DU 17 JUILLET : Les Forces de d\u00e9fense et de s\u00e9curit\u00e9 (FDS) ont vot\u00e9 (par anticipation) hier 14 juillet -\" \/>\n<meta property=\"og:description\" content=\"Hier 14 juillet, les Forces de d\u00e9fense et de s\u00e9curit\u00e9 (FDS) ont, dans le calme et la discipline, accompli leur devoir civique, pour le compte des \u00e9lections municipales 2025. Ce vote, qui intervient \u00e0 72 heures du scrutin, leur est exclusivement r\u00e9serv\u00e9, conform\u00e9ment \u00e0 la [&hellip;]\" \/>\n<meta property=\"og:url\" content=\"https:\/\/macite.tg\/?p=23517\" \/>\n<meta property=\"article:published_time\" content=\"2025-07-15T09:35:57+00:00\" \/>\n<meta property=\"article:modified_time\" content=\"2025-07-15T09:36:02+00:00\" \/>\n<meta property=\"og:image\" content=\"https:\/\/macite.tg\/wp-content\/uploads\/2025\/07\/FAT-1.jpg\" \/>\n\t<meta property=\"og:image:width\" content=\"500\" \/>\n\t<meta property=\"og:image:height\" content=\"281\" \/>\n\t<meta property=\"og:image:type\" content=\"image\/jpeg\" \/>\n<meta name=\"author\" content=\"Jean Pierre BAWELA\" \/>\n<meta name=\"twitter:card\" content=\"summary_large_image\" \/>\n<meta name=\"twitter:label1\" content=\"\u00c9crit par\" \/>\n\t<meta name=\"twitter:data1\" content=\"Jean Pierre BAWELA\" \/>\n\t<meta name=\"twitter:label2\" content=\"Dur\u00e9e de lecture estim\u00e9e\" \/>\n\t<meta name=\"twitter:data2\" content=\"2 minutes\" \/>\n<script type=\"application\/ld+json\" class=\"yoast-schema-graph\">{\"@context\":\"https:\\\/\\\/schema.org\",\"@graph\":[{\"@type\":\"Article\",\"@id\":\"https:\\\/\\\/macite.tg\\\/?p=23517#article\",\"isPartOf\":{\"@id\":\"https:\\\/\\\/macite.tg\\\/?p=23517\"},\"author\":{\"name\":\"Jean Pierre BAWELA\",\"@id\":\"https:\\\/\\\/macite.tg\\\/#\\\/schema\\\/person\\\/e9f2de7e5dbbe7770a9402c7ce82f5c2\"},\"headline\":\"MUNICIPALES DU 17 JUILLET : Les Forces de d\u00e9fense et de s\u00e9curit\u00e9 (FDS) ont vot\u00e9 (par anticipation) hier 14 juillet\",\"datePublished\":\"2025-07-15T09:35:57+00:00\",\"dateModified\":\"2025-07-15T09:36:02+00:00\",\"mainEntityOfPage\":{\"@id\":\"https:\\\/\\\/macite.tg\\\/?p=23517\"},\"wordCount\":236,\"commentCount\":0,\"image\":{\"@id\":\"https:\\\/\\\/macite.tg\\\/?p=23517#primaryimage\"},\"thumbnailUrl\":\"https:\\\/\\\/macite.tg\\\/wp-content\\\/uploads\\\/2025\\\/07\\\/FAT-1.jpg\",\"articleSection\":[\"ACTUALITE\",\"POLITIQUE\"],\"inLanguage\":\"fr-FR\",\"potentialAction\":[{\"@type\":\"CommentAction\",\"name\":\"Comment\",\"target\":[\"https:\\\/\\\/macite.tg\\\/?p=23517#respond\"]}]},{\"@type\":\"WebPage\",\"@id\":\"https:\\\/\\\/macite.tg\\\/?p=23517\",\"url\":\"https:\\\/\\\/macite.tg\\\/?p=23517\",\"name\":\"MUNICIPALES DU 17 JUILLET : Les Forces de d\u00e9fense et de s\u00e9curit\u00e9 (FDS) ont vot\u00e9 (par anticipation) hier 14 juillet -\",\"isPartOf\":{\"@id\":\"https:\\\/\\\/macite.tg\\\/#website\"},\"primaryImageOfPage\":{\"@id\":\"https:\\\/\\\/macite.tg\\\/?p=23517#primaryimage\"},\"image\":{\"@id\":\"https:\\\/\\\/macite.tg\\\/?p=23517#primaryimage\"},\"thumbnailUrl\":\"https:\\\/\\\/macite.tg\\\/wp-content\\\/uploads\\\/2025\\\/07\\\/FAT-1.jpg\",\"datePublished\":\"2025-07-15T09:35:57+00:00\",\"dateModified\":\"2025-07-15T09:36:02+00:00\",\"author\":{\"@id\":\"https:\\\/\\\/macite.tg\\\/#\\\/schema\\\/person\\\/e9f2de7e5dbbe7770a9402c7ce82f5c2\"},\"breadcrumb\":{\"@id\":\"https:\\\/\\\/macite.tg\\\/?p=23517#breadcrumb\"},\"inLanguage\":\"fr-FR\",\"potentialAction\":[{\"@type\":\"ReadAction\",\"target\":[\"https:\\\/\\\/macite.tg\\\/?p=23517\"]}]},{\"@type\":\"ImageObject\",\"inLanguage\":\"fr-FR\",\"@id\":\"https:\\\/\\\/macite.tg\\\/?p=23517#primaryimage\",\"url\":\"https:\\\/\\\/macite.tg\\\/wp-content\\\/uploads\\\/2025\\\/07\\\/FAT-1.jpg\",\"contentUrl\":\"https:\\\/\\\/macite.tg\\\/wp-content\\\/uploads\\\/2025\\\/07\\\/FAT-1.jpg\",\"width\":500,\"height\":281},{\"@type\":\"BreadcrumbList\",\"@id\":\"https:\\\/\\\/macite.tg\\\/?p=23517#breadcrumb\",\"itemListElement\":[{\"@type\":\"ListItem\",\"position\":1,\"name\":\"Accueil\",\"item\":\"https:\\\/\\\/macite.tg\\\/\"},{\"@type\":\"ListItem\",\"position\":2,\"name\":\"MUNICIPALES DU 17 JUILLET : Les Forces de d\u00e9fense et de s\u00e9curit\u00e9 (FDS) ont vot\u00e9 (par anticipation) hier 14 juillet\"}]},{\"@type\":\"WebSite\",\"@id\":\"https:\\\/\\\/macite.tg\\\/#website\",\"url\":\"https:\\\/\\\/macite.tg\\\/\",\"name\":\"\",\"description\":\"L&#039;information, la bonne!!!\",\"potentialAction\":[{\"@type\":\"SearchAction\",\"target\":{\"@type\":\"EntryPoint\",\"urlTemplate\":\"https:\\\/\\\/macite.tg\\\/?s={search_term_string}\"},\"query-input\":{\"@type\":\"PropertyValueSpecification\",\"valueRequired\":true,\"valueName\":\"search_term_string\"}}],\"inLanguage\":\"fr-FR\"},{\"@type\":\"Person\",\"@id\":\"https:\\\/\\\/macite.tg\\\/#\\\/schema\\\/person\\\/e9f2de7e5dbbe7770a9402c7ce82f5c2\",\"name\":\"Jean Pierre BAWELA\",\"image\":{\"@type\":\"ImageObject\",\"inLanguage\":\"fr-FR\",\"@id\":\"https:\\\/\\\/macite.tg\\\/wp-content\\\/uploads\\\/2023\\\/09\\\/WhatsApp-Image-2023-09-19-at-14.44.41-122x122.jpeg\",\"url\":\"https:\\\/\\\/macite.tg\\\/wp-content\\\/uploads\\\/2023\\\/09\\\/WhatsApp-Image-2023-09-19-at-14.44.41-122x122.jpeg\",\"contentUrl\":\"https:\\\/\\\/macite.tg\\\/wp-content\\\/uploads\\\/2023\\\/09\\\/WhatsApp-Image-2023-09-19-at-14.44.41-122x122.jpeg\",\"caption\":\"Jean Pierre BAWELA\"},\"url\":\"https:\\\/\\\/macite.tg\\\/?author=2\"}]}<\/script>\n<!-- \/ Yoast SEO plugin. -->","yoast_head_json":{"title":"MUNICIPALES DU 17 JUILLET : Les Forces de d\u00e9fense et de s\u00e9curit\u00e9 (FDS) ont vot\u00e9 (par anticipation) hier 14 juillet -","robots":{"index":"index","follow":"follow","max-snippet":"max-snippet:-1","max-image-preview":"max-image-preview:large","max-video-preview":"max-video-preview:-1"},"canonical":"https:\/\/macite.tg\/?p=23517","og_locale":"fr_FR","og_type":"article","og_title":"MUNICIPALES DU 17 JUILLET : Les Forces de d\u00e9fense et de s\u00e9curit\u00e9 (FDS) ont vot\u00e9 (par anticipation) hier 14 juillet -","og_description":"Hier 14 juillet, les Forces de d\u00e9fense et de s\u00e9curit\u00e9 (FDS) ont, dans le calme et la discipline, accompli leur devoir civique, pour le compte des \u00e9lections municipales 2025. Ce vote, qui intervient \u00e0 72 heures du scrutin, leur est exclusivement r\u00e9serv\u00e9, conform\u00e9ment \u00e0 la [&hellip;]","og_url":"https:\/\/macite.tg\/?p=23517","article_published_time":"2025-07-15T09:35:57+00:00","article_modified_time":"2025-07-15T09:36:02+00:00","og_image":[{"width":500,"height":281,"url":"https:\/\/macite.tg\/wp-content\/uploads\/2025\/07\/FAT-1.jpg","type":"image\/jpeg"}],"author":"Jean Pierre BAWELA","twitter_card":"summary_large_image","twitter_misc":{"\u00c9crit par":"Jean Pierre BAWELA","Dur\u00e9e de lecture estim\u00e9e":"2 minutes"},"schema":{"@context":"https:\/\/schema.org","@graph":[{"@type":"Article","@id":"https:\/\/macite.tg\/?p=23517#article","isPartOf":{"@id":"https:\/\/macite.tg\/?p=23517"},"author":{"name":"Jean Pierre BAWELA","@id":"https:\/\/macite.tg\/#\/schema\/person\/e9f2de7e5dbbe7770a9402c7ce82f5c2"},"headline":"MUNICIPALES DU 17 JUILLET : Les Forces de d\u00e9fense et de s\u00e9curit\u00e9 (FDS) ont vot\u00e9 (par anticipation) hier 14 juillet","datePublished":"2025-07-15T09:35:57+00:00","dateModified":"2025-07-15T09:36:02+00:00","mainEntityOfPage":{"@id":"https:\/\/macite.tg\/?p=23517"},"wordCount":236,"commentCount":0,"image":{"@id":"https:\/\/macite.tg\/?p=23517#primaryimage"},"thumbnailUrl":"https:\/\/macite.tg\/wp-content\/uploads\/2025\/07\/FAT-1.jpg","articleSection":["ACTUALITE","POLITIQUE"],"inLanguage":"fr-FR","potentialAction":[{"@type":"CommentAction","name":"Comment","target":["https:\/\/macite.tg\/?p=23517#respond"]}]},{"@type":"WebPage","@id":"https:\/\/macite.tg\/?p=23517","url":"https:\/\/macite.tg\/?p=23517","name":"MUNICIPALES DU 17 JUILLET : Les Forces de d\u00e9fense et de s\u00e9curit\u00e9 (FDS) ont vot\u00e9 (par anticipation) hier 14 juillet -","isPartOf":{"@id":"https:\/\/macite.tg\/#website"},"primaryImageOfPage":{"@id":"https:\/\/macite.tg\/?p=23517#primaryimage"},"image":{"@id":"https:\/\/macite.tg\/?p=23517#primaryimage"},"thumbnailUrl":"https:\/\/macite.tg\/wp-content\/uploads\/2025\/07\/FAT-1.jpg","datePublished":"2025-07-15T09:35:57+00:00","dateModified":"2025-07-15T09:36:02+00:00","author":{"@id":"https:\/\/macite.tg\/#\/schema\/person\/e9f2de7e5dbbe7770a9402c7ce82f5c2"},"breadcrumb":{"@id":"https:\/\/macite.tg\/?p=23517#breadcrumb"},"inLanguage":"fr-FR","potentialAction":[{"@type":"ReadAction","target":["https:\/\/macite.tg\/?p=23517"]}]},{"@type":"ImageObject","inLanguage":"fr-FR","@id":"https:\/\/macite.tg\/?p=23517#primaryimage","url":"https:\/\/macite.tg\/wp-content\/uploads\/2025\/07\/FAT-1.jpg","contentUrl":"https:\/\/macite.tg\/wp-content\/uploads\/2025\/07\/FAT-1.jpg","width":500,"height":281},{"@type":"BreadcrumbList","@id":"https:\/\/macite.tg\/?p=23517#breadcrumb","itemListElement":[{"@type":"ListItem","position":1,"name":"Accueil","item":"https:\/\/macite.tg\/"},{"@type":"ListItem","position":2,"name":"MUNICIPALES DU 17 JUILLET : Les Forces de d\u00e9fense et de s\u00e9curit\u00e9 (FDS) ont vot\u00e9 (par anticipation) hier 14 juillet"}]},{"@type":"WebSite","@id":"https:\/\/macite.tg\/#website","url":"https:\/\/macite.tg\/","name":"","description":"L&#039;information, la bonne!!!","potentialAction":[{"@type":"SearchAction","target":{"@type":"EntryPoint","urlTemplate":"https:\/\/macite.tg\/?s={search_term_string}"},"query-input":{"@type":"PropertyValueSpecification","valueRequired":true,"valueName":"search_term_string"}}],"inLanguage":"fr-FR"},{"@type":"Person","@id":"https:\/\/macite.tg\/#\/schema\/person\/e9f2de7e5dbbe7770a9402c7ce82f5c2","name":"Jean Pierre BAWELA","image":{"@type":"ImageObject","inLanguage":"fr-FR","@id":"https:\/\/macite.tg\/wp-content\/uploads\/2023\/09\/WhatsApp-Image-2023-09-19-at-14.44.41-122x122.jpeg","url":"https:\/\/macite.tg\/wp-content\/uploads\/2023\/09\/WhatsApp-Image-2023-09-19-at-14.44.41-122x122.jpeg","contentUrl":"https:\/\/macite.tg\/wp-content\/uploads\/2023\/09\/WhatsApp-Image-2023-09-19-at-14.44.41-122x122.jpeg","caption":"Jean Pierre BAWELA"},"url":"https:\/\/macite.tg\/?author=2"}]}},"_links":{"self":[{"href":"https:\/\/macite.tg\/index.php?rest_route=\/wp\/v2\/posts\/23517","targetHints":{"allow":["GET"]}}],"collection":[{"href":"https:\/\/macite.tg\/index.php?rest_route=\/wp\/v2\/posts"}],"about":[{"href":"https:\/\/macite.tg\/index.php?rest_route=\/wp\/v2\/types\/post"}],"author":[{"embeddable":true,"href":"https:\/\/macite.tg\/index.php?rest_route=\/wp\/v2\/users\/2"}],"replies":[{"embeddable":true,"href":"https:\/\/macite.tg\/index.php?rest_route=%2Fwp%2Fv2%2Fcomments&post=23517"}],"version-history":[{"count":0,"href":"https:\/\/macite.tg\/index.php?rest_route=\/wp\/v2\/posts\/23517\/revisions"}],"wp:featuredmedia":[{"embeddable":true,"href":"https:\/\/macite.tg\/index.php?rest_route=\/wp\/v2\/media\/23519"}],"wp:attachment":[{"href":"https:\/\/macite.tg\/index.php?rest_route=%2Fwp%2Fv2%2Fmedia&parent=23517"}],"wp:term":[{"taxonomy":"category","embeddable":true,"href":"https:\/\/macite.tg\/index.php?rest_route=%2Fwp%2Fv2%2Fcategories&post=23517"},{"taxonomy":"post_tag","embeddable":true,"href":"https:\/\/macite.tg\/index.php?rest_route=%2Fwp%2Fv2%2Ftags&post=23517"}],"curies":[{"name":"wp","href":"https:\/\/api.w.org\/{rel}","templated":true}]}}