{"id":23516,"date":"2025-07-15T09:46:39","date_gmt":"2025-07-15T09:46:39","guid":{"rendered":"https:\/\/macite.tg\/?p=23516"},"modified":"2025-07-15T09:47:46","modified_gmt":"2025-07-15T09:47:46","slug":"bassar-autorites-politiques-et-educatives-main-dans-la-main-pour-relooker-au-lycee-de-kabou","status":"publish","type":"post","link":"https:\/\/macite.tg\/?p=23516","title":{"rendered":"BASSAR\u00a0: Autorit\u00e9s politiques et \u00e9ducatives, main dans la main, pour relooker le lyc\u00e9e de Kabou"},"content":{"rendered":"\n<p class=\"wp-block-paragraph\"><strong><em>Les \u00e9v\u00e9nements politiques de ces deux semaines riment avec des actions salutaires en faveur des communaut\u00e9s. Le lundi matin, 14 juillet 2025, c&rsquo;est le ministre de la Sant\u00e9 et de l&rsquo;Hygi\u00e8ne Publique, le Professeur Tchin Darr\u00e9, qui a eu l&rsquo;honneur de donner un nouveau coup de pioche pour le Projet de construction et de r\u00e9novation des salles de classes au Lyc\u00e9e de Kabou.<\/em><\/strong><\/p>\n\n\n\n<p class=\"wp-block-paragraph\">Plusieurs autorit\u00e9s administratives, politiques et religieuses ont pris part \u00e0 cet \u00e9v\u00e9nement dont le Pr\u00e9fet de Bassar, le G\u00e9n\u00e9ral S\u00e9nateur, la S\u00e9natrice suppl\u00e9ante, les Honorables D\u00e9put\u00e9s de Bassar, Madame la Personne Responsable des March\u00e9s publics, repr\u00e9sentant le Ministre Dodji Kokoroko des Enseignants Primaires et Secondaires.<\/p>\n\n\n<div class=\"wp-block-image\">\n<figure class=\"aligncenter size-full\"><img loading=\"lazy\" decoding=\"async\" width=\"730\" height=\"1024\" src=\"https:\/\/macite.tg\/wp-content\/uploads\/2025\/07\/image-1.jpeg\" alt=\"\" class=\"wp-image-23518\" srcset=\"https:\/\/macite.tg\/wp-content\/uploads\/2025\/07\/image-1.jpeg 730w, https:\/\/macite.tg\/wp-content\/uploads\/2025\/07\/image-1-214x300.jpeg 214w\" sizes=\"auto, (max-width: 730px) 100vw, 730px\" \/><\/figure>\n<\/div>\n\n\n<p class=\"wp-block-paragraph\">Le monde \u00e9ducatif de Kabou et l&rsquo;ensemble de la population ont appr\u00e9ci\u00e9 l&rsquo;initiative de ce projet et remerci\u00e9 le ministre des Enseignement primaires et secondaires pour le travail qu&rsquo;il abat pour le d\u00e9veloppement de l&rsquo;\u00e9ducation nationale.<\/p>\n\n\n\n<p class=\"wp-block-paragraph\">Le ministre de la Sant\u00e9 et de l&rsquo;Hygi\u00e8ne Publique, natif de Kabou a rappel\u00e9 au public le souvenir de ses ann\u00e9es d&rsquo;\u00e9cole dans ce m\u00eame \u00e9tablissement. <em>\u00ab Je suis un produit de cette \u00e9cole qui fut d\u00e8s sa cr\u00e9ation le CEG Kabou Centre, avant de devenir le Lyc\u00e9e de Kabou quelques ann\u00e9es plus tard. \u00bb,<\/em> a rappel\u00e9 le professeur Tchin Darr\u00e9 sous des applaudissements du public. Il a exhort\u00e9 les \u00e9l\u00e8ves \u00e0 plus d&rsquo;efforts et de responsabilit\u00e9 pour mener \u00e0 bien leurs \u00e9tudes scolaires.<\/p>\n\n\n\n<p class=\"wp-block-paragraph\">Madame Adja Koufame, Personne Responsable des March\u00e9s Publics au Minist\u00e8re des Enseignements Primaires et Secondaires a, \u00e0 son tour, appr\u00e9ci\u00e9 les efforts des parents d&rsquo;\u00e9l\u00e8ves et de la communaut\u00e9 de Kabou pour la construction des b\u00e2timents qui abritent le Lyc\u00e9e de Kabou.<\/p>\n\n\n<div class=\"wp-block-image\">\n<figure class=\"aligncenter size-full\"><img loading=\"lazy\" decoding=\"async\" width=\"851\" height=\"315\" src=\"https:\/\/macite.tg\/wp-content\/uploads\/2025\/07\/OTR_Bandeau-Renseignements-1.jpg\" alt=\"\" class=\"wp-image-23510\" srcset=\"https:\/\/macite.tg\/wp-content\/uploads\/2025\/07\/OTR_Bandeau-Renseignements-1.jpg 851w, https:\/\/macite.tg\/wp-content\/uploads\/2025\/07\/OTR_Bandeau-Renseignements-1-300x111.jpg 300w, https:\/\/macite.tg\/wp-content\/uploads\/2025\/07\/OTR_Bandeau-Renseignements-1-768x284.jpg 768w\" sizes=\"auto, (max-width: 851px) 100vw, 851px\" \/><\/figure>\n<\/div>\n\n\n<p class=\"wp-block-paragraph\">La repr\u00e9sentante du ministre Kokoroo a confi\u00e9 au public que le pr\u00e9sent Projet a vu le jour gr\u00e2ce au ministre de la Sant\u00e9 qui n&rsquo;a cess\u00e9 de poser la dol\u00e9ance aupr\u00e8s de son homologue des Enseignements Primaires et Secondaires. Ce qui explique le souci des autorit\u00e9s pour le d\u00e9veloppement de leur milieu.&nbsp;<\/p>\n\n\n\n<p class=\"wp-block-paragraph\">Madame Koufame a exhort\u00e9 les jeunes filles du Lyc\u00e9e \u00e0 s&rsquo;accrocher s\u00e9rieusement \u00e0 leurs \u00e9tudes pour devenir des femmes responsables de demain, occupant des postes politiques et administratifs de renom pour poursuivre le d\u00e9veloppement du pays.<\/p>\n\n\n\n<p class=\"wp-block-paragraph\">Cr\u00e9\u00e9 en 1974, le CEG de Kabou Centre est devenu le Lyc\u00e9e de Kabou en 1996 avec un effectif actuel de 1.098 \u00e9l\u00e8ves dont 418 filles et 682 gar\u00e7ons, selon les donn\u00e9es chiffr\u00e9es du proviseur.<\/p>\n\n\n\n<p class=\"wp-block-paragraph\">Monsieur Nimnora Bal\u00e8ma, l&rsquo;inspecteur charg\u00e9 d&rsquo;Anglais a soutenu le projet de r\u00e9novation pour le bonheur des apprenants.<\/p>\n\n\n<div class=\"wp-block-image\">\n<figure class=\"aligncenter size-full is-resized\"><img loading=\"lazy\" decoding=\"async\" width=\"500\" height=\"500\" src=\"https:\/\/macite.tg\/wp-content\/uploads\/2025\/07\/Geo-ref.jpg\" alt=\"\" class=\"wp-image-23346\" style=\"width:658px;height:auto\" srcset=\"https:\/\/macite.tg\/wp-content\/uploads\/2025\/07\/Geo-ref.jpg 500w, https:\/\/macite.tg\/wp-content\/uploads\/2025\/07\/Geo-ref-300x300.jpg 300w, https:\/\/macite.tg\/wp-content\/uploads\/2025\/07\/Geo-ref-150x150.jpg 150w, https:\/\/macite.tg\/wp-content\/uploads\/2025\/07\/Geo-ref-122x122.jpg 122w\" sizes=\"auto, (max-width: 500px) 100vw, 500px\" \/><\/figure>\n<\/div>\n\n\n<p class=\"wp-block-paragraph\">Enfin, selon monsieur Agboto Kossi, Charg\u00e9 des Constructions dans les pr\u00e9fectures de Bassar et de Dankpen, le projet doit s&rsquo;ex\u00e9cuter dans un d\u00e9lai d&rsquo;un mois avant la nouvelle rentr\u00e9e scolaire 2025-2026. Il sera donc construit un nouveau b\u00e2timent, un bloc latrines et la r\u00e9novation des salles de classes.<\/p>\n\n\n\n<p class=\"wp-block-paragraph\"><strong>La R\u00e9daction<\/strong><\/p>\n\n\n\n<p class=\"wp-block-paragraph\"><a><strong><em>@macite.tg&nbsp;&nbsp;&nbsp;&nbsp;&nbsp;&nbsp;&nbsp;&nbsp;<\/em><\/strong><\/a><\/p>\n\n\n\n<p class=\"wp-block-paragraph\"><strong><em>E-mail&nbsp;: <\/em><\/strong><a href=\"mailto:maciteinfo@gmail.com\"><strong><em>maciteinfo@gmail.com<\/em><\/strong><\/a><strong><em>; <\/em><\/strong><a href=\"mailto:bawela1@gmail.com\"><strong><em>bawela1@gmail.com<\/em><\/strong><\/a><strong><em><\/em><\/strong><\/p>\n\n\n\n<p class=\"wp-block-paragraph\"><strong><em>Pour vos annonces, (publi)reportages, etc., joignez-nous au (00228)91515309\/<strong>79872224 <\/strong><strong><\/strong><\/em><\/strong><\/p>\n\n\n\n<p class=\"wp-block-paragraph\"><strong><em>www.macite.tg, L\u2019information, la bonne&nbsp;!<\/em><\/strong><\/p>\n\n\n\n<p class=\"wp-block-paragraph\"><\/p>\n","protected":false},"excerpt":{"rendered":"<p class=\"text-justify mb-2\" >Les \u00e9v\u00e9nements politiques de ces deux semaines riment avec des actions salutaires en faveur des communaut\u00e9s. Le lundi matin, 14 juillet 2025, c&rsquo;est le ministre de la Sant\u00e9 et de l&rsquo;Hygi\u00e8ne Publique, le Professeur Tchin Darr\u00e9, qui a eu l&rsquo;honneur de donner un nouveau coup [&hellip;]<\/p>\n","protected":false},"author":2,"featured_media":23521,"comment_status":"open","ping_status":"open","sticky":false,"template":"","format":"standard","meta":{"footnotes":""},"categories":[20,1],"tags":[],"class_list":["post-23516","post","type-post","status-publish","format-standard","has-post-thumbnail","hentry","category-actualite","category-politique"],"yoast_head":"<!-- This site is optimized with the Yoast SEO plugin v28.4 - https:\/\/yoast.com\/product\/yoast-seo-wordpress\/ -->\n<title>BASSAR\u00a0: Autorit\u00e9s politiques et \u00e9ducatives, main dans la main, pour relooker le lyc\u00e9e de Kabou -<\/title>\n<meta name=\"robots\" content=\"index, follow, max-snippet:-1, max-image-preview:large, max-video-preview:-1\" \/>\n<link rel=\"canonical\" href=\"https:\/\/macite.tg\/?p=23516\" \/>\n<meta property=\"og:locale\" content=\"fr_FR\" \/>\n<meta property=\"og:type\" content=\"article\" \/>\n<meta property=\"og:title\" content=\"BASSAR\u00a0: Autorit\u00e9s politiques et \u00e9ducatives, main dans la main, pour relooker le lyc\u00e9e de Kabou -\" \/>\n<meta property=\"og:description\" content=\"Les \u00e9v\u00e9nements politiques de ces deux semaines riment avec des actions salutaires en faveur des communaut\u00e9s. Le lundi matin, 14 juillet 2025, c&rsquo;est le ministre de la Sant\u00e9 et de l&rsquo;Hygi\u00e8ne Publique, le Professeur Tchin Darr\u00e9, qui a eu l&rsquo;honneur de donner un nouveau coup [&hellip;]\" \/>\n<meta property=\"og:url\" content=\"https:\/\/macite.tg\/?p=23516\" \/>\n<meta property=\"article:published_time\" content=\"2025-07-15T09:46:39+00:00\" \/>\n<meta property=\"article:modified_time\" content=\"2025-07-15T09:47:46+00:00\" \/>\n<meta property=\"og:image\" content=\"https:\/\/macite.tg\/wp-content\/uploads\/2025\/07\/BASSAR-kabou.jpg\" \/>\n\t<meta property=\"og:image:width\" content=\"500\" \/>\n\t<meta property=\"og:image:height\" content=\"332\" \/>\n\t<meta property=\"og:image:type\" content=\"image\/jpeg\" \/>\n<meta name=\"author\" content=\"Jean Pierre BAWELA\" \/>\n<meta name=\"twitter:card\" content=\"summary_large_image\" \/>\n<meta name=\"twitter:label1\" content=\"\u00c9crit par\" \/>\n\t<meta name=\"twitter:data1\" content=\"Jean Pierre BAWELA\" \/>\n\t<meta name=\"twitter:label2\" content=\"Dur\u00e9e de lecture estim\u00e9e\" \/>\n\t<meta name=\"twitter:data2\" content=\"4 minutes\" \/>\n<script type=\"application\/ld+json\" class=\"yoast-schema-graph\">{\"@context\":\"https:\\\/\\\/schema.org\",\"@graph\":[{\"@type\":\"Article\",\"@id\":\"https:\\\/\\\/macite.tg\\\/?p=23516#article\",\"isPartOf\":{\"@id\":\"https:\\\/\\\/macite.tg\\\/?p=23516\"},\"author\":{\"name\":\"Jean Pierre BAWELA\",\"@id\":\"https:\\\/\\\/macite.tg\\\/#\\\/schema\\\/person\\\/e9f2de7e5dbbe7770a9402c7ce82f5c2\"},\"headline\":\"BASSAR\u00a0: Autorit\u00e9s politiques et \u00e9ducatives, main dans la main, pour relooker le lyc\u00e9e de Kabou\",\"datePublished\":\"2025-07-15T09:46:39+00:00\",\"dateModified\":\"2025-07-15T09:47:46+00:00\",\"mainEntityOfPage\":{\"@id\":\"https:\\\/\\\/macite.tg\\\/?p=23516\"},\"wordCount\":571,\"commentCount\":0,\"image\":{\"@id\":\"https:\\\/\\\/macite.tg\\\/?p=23516#primaryimage\"},\"thumbnailUrl\":\"https:\\\/\\\/macite.tg\\\/wp-content\\\/uploads\\\/2025\\\/07\\\/BASSAR-kabou.jpg\",\"articleSection\":[\"ACTUALITE\",\"POLITIQUE\"],\"inLanguage\":\"fr-FR\",\"potentialAction\":[{\"@type\":\"CommentAction\",\"name\":\"Comment\",\"target\":[\"https:\\\/\\\/macite.tg\\\/?p=23516#respond\"]}]},{\"@type\":\"WebPage\",\"@id\":\"https:\\\/\\\/macite.tg\\\/?p=23516\",\"url\":\"https:\\\/\\\/macite.tg\\\/?p=23516\",\"name\":\"BASSAR\u00a0: Autorit\u00e9s politiques et \u00e9ducatives, main dans la main, pour relooker le lyc\u00e9e de Kabou -\",\"isPartOf\":{\"@id\":\"https:\\\/\\\/macite.tg\\\/#website\"},\"primaryImageOfPage\":{\"@id\":\"https:\\\/\\\/macite.tg\\\/?p=23516#primaryimage\"},\"image\":{\"@id\":\"https:\\\/\\\/macite.tg\\\/?p=23516#primaryimage\"},\"thumbnailUrl\":\"https:\\\/\\\/macite.tg\\\/wp-content\\\/uploads\\\/2025\\\/07\\\/BASSAR-kabou.jpg\",\"datePublished\":\"2025-07-15T09:46:39+00:00\",\"dateModified\":\"2025-07-15T09:47:46+00:00\",\"author\":{\"@id\":\"https:\\\/\\\/macite.tg\\\/#\\\/schema\\\/person\\\/e9f2de7e5dbbe7770a9402c7ce82f5c2\"},\"breadcrumb\":{\"@id\":\"https:\\\/\\\/macite.tg\\\/?p=23516#breadcrumb\"},\"inLanguage\":\"fr-FR\",\"potentialAction\":[{\"@type\":\"ReadAction\",\"target\":[\"https:\\\/\\\/macite.tg\\\/?p=23516\"]}]},{\"@type\":\"ImageObject\",\"inLanguage\":\"fr-FR\",\"@id\":\"https:\\\/\\\/macite.tg\\\/?p=23516#primaryimage\",\"url\":\"https:\\\/\\\/macite.tg\\\/wp-content\\\/uploads\\\/2025\\\/07\\\/BASSAR-kabou.jpg\",\"contentUrl\":\"https:\\\/\\\/macite.tg\\\/wp-content\\\/uploads\\\/2025\\\/07\\\/BASSAR-kabou.jpg\",\"width\":500,\"height\":332,\"caption\":\"Les temps forts d ela rencontre \u00e0 Kabou\"},{\"@type\":\"BreadcrumbList\",\"@id\":\"https:\\\/\\\/macite.tg\\\/?p=23516#breadcrumb\",\"itemListElement\":[{\"@type\":\"ListItem\",\"position\":1,\"name\":\"Accueil\",\"item\":\"https:\\\/\\\/macite.tg\\\/\"},{\"@type\":\"ListItem\",\"position\":2,\"name\":\"BASSAR\u00a0: Autorit\u00e9s politiques et \u00e9ducatives, main dans la main, pour relooker le lyc\u00e9e de Kabou\"}]},{\"@type\":\"WebSite\",\"@id\":\"https:\\\/\\\/macite.tg\\\/#website\",\"url\":\"https:\\\/\\\/macite.tg\\\/\",\"name\":\"\",\"description\":\"L&#039;information, la bonne!!!\",\"potentialAction\":[{\"@type\":\"SearchAction\",\"target\":{\"@type\":\"EntryPoint\",\"urlTemplate\":\"https:\\\/\\\/macite.tg\\\/?s={search_term_string}\"},\"query-input\":{\"@type\":\"PropertyValueSpecification\",\"valueRequired\":true,\"valueName\":\"search_term_string\"}}],\"inLanguage\":\"fr-FR\"},{\"@type\":\"Person\",\"@id\":\"https:\\\/\\\/macite.tg\\\/#\\\/schema\\\/person\\\/e9f2de7e5dbbe7770a9402c7ce82f5c2\",\"name\":\"Jean Pierre BAWELA\",\"image\":{\"@type\":\"ImageObject\",\"inLanguage\":\"fr-FR\",\"@id\":\"https:\\\/\\\/macite.tg\\\/wp-content\\\/uploads\\\/2023\\\/09\\\/WhatsApp-Image-2023-09-19-at-14.44.41-122x122.jpeg\",\"url\":\"https:\\\/\\\/macite.tg\\\/wp-content\\\/uploads\\\/2023\\\/09\\\/WhatsApp-Image-2023-09-19-at-14.44.41-122x122.jpeg\",\"contentUrl\":\"https:\\\/\\\/macite.tg\\\/wp-content\\\/uploads\\\/2023\\\/09\\\/WhatsApp-Image-2023-09-19-at-14.44.41-122x122.jpeg\",\"caption\":\"Jean Pierre BAWELA\"},\"url\":\"https:\\\/\\\/macite.tg\\\/?author=2\"}]}<\/script>\n<!-- \/ Yoast SEO plugin. -->","yoast_head_json":{"title":"BASSAR\u00a0: Autorit\u00e9s politiques et \u00e9ducatives, main dans la main, pour relooker le lyc\u00e9e de Kabou -","robots":{"index":"index","follow":"follow","max-snippet":"max-snippet:-1","max-image-preview":"max-image-preview:large","max-video-preview":"max-video-preview:-1"},"canonical":"https:\/\/macite.tg\/?p=23516","og_locale":"fr_FR","og_type":"article","og_title":"BASSAR\u00a0: Autorit\u00e9s politiques et \u00e9ducatives, main dans la main, pour relooker le lyc\u00e9e de Kabou -","og_description":"Les \u00e9v\u00e9nements politiques de ces deux semaines riment avec des actions salutaires en faveur des communaut\u00e9s. Le lundi matin, 14 juillet 2025, c&rsquo;est le ministre de la Sant\u00e9 et de l&rsquo;Hygi\u00e8ne Publique, le Professeur Tchin Darr\u00e9, qui a eu l&rsquo;honneur de donner un nouveau coup [&hellip;]","og_url":"https:\/\/macite.tg\/?p=23516","article_published_time":"2025-07-15T09:46:39+00:00","article_modified_time":"2025-07-15T09:47:46+00:00","og_image":[{"width":500,"height":332,"url":"https:\/\/macite.tg\/wp-content\/uploads\/2025\/07\/BASSAR-kabou.jpg","type":"image\/jpeg"}],"author":"Jean Pierre BAWELA","twitter_card":"summary_large_image","twitter_misc":{"\u00c9crit par":"Jean Pierre BAWELA","Dur\u00e9e de lecture estim\u00e9e":"4 minutes"},"schema":{"@context":"https:\/\/schema.org","@graph":[{"@type":"Article","@id":"https:\/\/macite.tg\/?p=23516#article","isPartOf":{"@id":"https:\/\/macite.tg\/?p=23516"},"author":{"name":"Jean Pierre BAWELA","@id":"https:\/\/macite.tg\/#\/schema\/person\/e9f2de7e5dbbe7770a9402c7ce82f5c2"},"headline":"BASSAR\u00a0: Autorit\u00e9s politiques et \u00e9ducatives, main dans la main, pour relooker le lyc\u00e9e de Kabou","datePublished":"2025-07-15T09:46:39+00:00","dateModified":"2025-07-15T09:47:46+00:00","mainEntityOfPage":{"@id":"https:\/\/macite.tg\/?p=23516"},"wordCount":571,"commentCount":0,"image":{"@id":"https:\/\/macite.tg\/?p=23516#primaryimage"},"thumbnailUrl":"https:\/\/macite.tg\/wp-content\/uploads\/2025\/07\/BASSAR-kabou.jpg","articleSection":["ACTUALITE","POLITIQUE"],"inLanguage":"fr-FR","potentialAction":[{"@type":"CommentAction","name":"Comment","target":["https:\/\/macite.tg\/?p=23516#respond"]}]},{"@type":"WebPage","@id":"https:\/\/macite.tg\/?p=23516","url":"https:\/\/macite.tg\/?p=23516","name":"BASSAR\u00a0: Autorit\u00e9s politiques et \u00e9ducatives, main dans la main, pour relooker le lyc\u00e9e de Kabou -","isPartOf":{"@id":"https:\/\/macite.tg\/#website"},"primaryImageOfPage":{"@id":"https:\/\/macite.tg\/?p=23516#primaryimage"},"image":{"@id":"https:\/\/macite.tg\/?p=23516#primaryimage"},"thumbnailUrl":"https:\/\/macite.tg\/wp-content\/uploads\/2025\/07\/BASSAR-kabou.jpg","datePublished":"2025-07-15T09:46:39+00:00","dateModified":"2025-07-15T09:47:46+00:00","author":{"@id":"https:\/\/macite.tg\/#\/schema\/person\/e9f2de7e5dbbe7770a9402c7ce82f5c2"},"breadcrumb":{"@id":"https:\/\/macite.tg\/?p=23516#breadcrumb"},"inLanguage":"fr-FR","potentialAction":[{"@type":"ReadAction","target":["https:\/\/macite.tg\/?p=23516"]}]},{"@type":"ImageObject","inLanguage":"fr-FR","@id":"https:\/\/macite.tg\/?p=23516#primaryimage","url":"https:\/\/macite.tg\/wp-content\/uploads\/2025\/07\/BASSAR-kabou.jpg","contentUrl":"https:\/\/macite.tg\/wp-content\/uploads\/2025\/07\/BASSAR-kabou.jpg","width":500,"height":332,"caption":"Les temps forts d ela rencontre \u00e0 Kabou"},{"@type":"BreadcrumbList","@id":"https:\/\/macite.tg\/?p=23516#breadcrumb","itemListElement":[{"@type":"ListItem","position":1,"name":"Accueil","item":"https:\/\/macite.tg\/"},{"@type":"ListItem","position":2,"name":"BASSAR\u00a0: Autorit\u00e9s politiques et \u00e9ducatives, main dans la main, pour relooker le lyc\u00e9e de Kabou"}]},{"@type":"WebSite","@id":"https:\/\/macite.tg\/#website","url":"https:\/\/macite.tg\/","name":"","description":"L&#039;information, la bonne!!!","potentialAction":[{"@type":"SearchAction","target":{"@type":"EntryPoint","urlTemplate":"https:\/\/macite.tg\/?s={search_term_string}"},"query-input":{"@type":"PropertyValueSpecification","valueRequired":true,"valueName":"search_term_string"}}],"inLanguage":"fr-FR"},{"@type":"Person","@id":"https:\/\/macite.tg\/#\/schema\/person\/e9f2de7e5dbbe7770a9402c7ce82f5c2","name":"Jean Pierre BAWELA","image":{"@type":"ImageObject","inLanguage":"fr-FR","@id":"https:\/\/macite.tg\/wp-content\/uploads\/2023\/09\/WhatsApp-Image-2023-09-19-at-14.44.41-122x122.jpeg","url":"https:\/\/macite.tg\/wp-content\/uploads\/2023\/09\/WhatsApp-Image-2023-09-19-at-14.44.41-122x122.jpeg","contentUrl":"https:\/\/macite.tg\/wp-content\/uploads\/2023\/09\/WhatsApp-Image-2023-09-19-at-14.44.41-122x122.jpeg","caption":"Jean Pierre BAWELA"},"url":"https:\/\/macite.tg\/?author=2"}]}},"_links":{"self":[{"href":"https:\/\/macite.tg\/index.php?rest_route=\/wp\/v2\/posts\/23516","targetHints":{"allow":["GET"]}}],"collection":[{"href":"https:\/\/macite.tg\/index.php?rest_route=\/wp\/v2\/posts"}],"about":[{"href":"https:\/\/macite.tg\/index.php?rest_route=\/wp\/v2\/types\/post"}],"author":[{"embeddable":true,"href":"https:\/\/macite.tg\/index.php?rest_route=\/wp\/v2\/users\/2"}],"replies":[{"embeddable":true,"href":"https:\/\/macite.tg\/index.php?rest_route=%2Fwp%2Fv2%2Fcomments&post=23516"}],"version-history":[{"count":0,"href":"https:\/\/macite.tg\/index.php?rest_route=\/wp\/v2\/posts\/23516\/revisions"}],"wp:featuredmedia":[{"embeddable":true,"href":"https:\/\/macite.tg\/index.php?rest_route=\/wp\/v2\/media\/23521"}],"wp:attachment":[{"href":"https:\/\/macite.tg\/index.php?rest_route=%2Fwp%2Fv2%2Fmedia&parent=23516"}],"wp:term":[{"taxonomy":"category","embeddable":true,"href":"https:\/\/macite.tg\/index.php?rest_route=%2Fwp%2Fv2%2Fcategories&post=23516"},{"taxonomy":"post_tag","embeddable":true,"href":"https:\/\/macite.tg\/index.php?rest_route=%2Fwp%2Fv2%2Ftags&post=23516"}],"curies":[{"name":"wp","href":"https:\/\/api.w.org\/{rel}","templated":true}]}}