{"id":23505,"date":"2025-07-14T11:58:41","date_gmt":"2025-07-14T11:58:41","guid":{"rendered":"https:\/\/macite.tg\/?p=23505"},"modified":"2025-07-14T12:34:11","modified_gmt":"2025-07-14T12:34:11","slug":"football-lheritier-de-cristiano-ronaldo-a-deja-commence-a-ecrire-sa-legende","status":"publish","type":"post","link":"https:\/\/macite.tg\/?p=23505","title":{"rendered":"FOOTBALL\u00a0: L\u2019h\u00e9ritier de Cristiano Ronaldo a d\u00e9j\u00e0 commenc\u00e9 \u00e0 \u00e9crire sa l\u00e9gende"},"content":{"rendered":"\n<p class=\"wp-block-paragraph\"><strong><em>L\u2019histoire du football mondial voit s\u2019ouvrir un nouveau chapitre, o\u00f9 le h\u00e9ros inattendu n\u2019est autre que le fils de Cristiano Ronaldo.<\/em><\/strong><\/p>\n\n\n\n<p class=\"wp-block-paragraph\">Georgina Rodr\u00edguez, avec une phrase simple mais pleine de signification, a confirm\u00e9 ce qui \u00e9tait d\u00e9j\u00e0 un secret de polichinelle : Cristiano Ronaldo Jr. a entam\u00e9 sa carri\u00e8re de footballeur professionnel en rejoignant l\u2019\u00e9quipe nationale portugaise des moins de 15 ans.<\/p>\n\n\n<div class=\"wp-block-image\">\n<figure class=\"aligncenter size-large\"><img loading=\"lazy\" decoding=\"async\" width=\"724\" height=\"1024\" src=\"https:\/\/macite.tg\/wp-content\/uploads\/2025\/07\/OTR_Vente-aux-encheres-14-juillet-724x1024.jpg\" alt=\"\" class=\"wp-image-23468\" srcset=\"https:\/\/macite.tg\/wp-content\/uploads\/2025\/07\/OTR_Vente-aux-encheres-14-juillet-724x1024.jpg 724w, https:\/\/macite.tg\/wp-content\/uploads\/2025\/07\/OTR_Vente-aux-encheres-14-juillet-212x300.jpg 212w, https:\/\/macite.tg\/wp-content\/uploads\/2025\/07\/OTR_Vente-aux-encheres-14-juillet-768x1087.jpg 768w, https:\/\/macite.tg\/wp-content\/uploads\/2025\/07\/OTR_Vente-aux-encheres-14-juillet.jpg 848w\" sizes=\"auto, (max-width: 724px) 100vw, 724px\" \/><\/figure>\n<\/div>\n\n\n<p class=\"wp-block-paragraph\">L\u2019excitation a envahi le public d\u00e8s qu\u2019il est entr\u00e9 en jeu lors d\u2019un tournoi en Croatie. \u00c0 la 55e minute, portant le c\u00e9l\u00e8bre num\u00e9ro 7, le jeune Ronaldo est mont\u00e9 sur le terrain. Ce num\u00e9ro, intimement li\u00e9 aux exploits de son p\u00e8re, repr\u00e9sentait bien plus qu\u2019un maillot pour les fans. M\u00eame si son apparence a \u00e9t\u00e9 de courte dur\u00e9e, elle a symbolis\u00e9 le d\u00e9but d\u2019une nouvelle l\u00e9gende en gestation.<\/p>\n\n\n\n<p class=\"wp-block-paragraph\">Georgina, figure aim\u00e9e du public et moteur dans l\u2019ombre de la sph\u00e8re familiale, a partag\u00e9 sa joie avec quelques mots simples sur les r\u00e9seaux sociaux : \u201c<strong>Maman fi\u00e8re, maman heureuse<\/strong>\u201c. Derri\u00e8re ces mots se cache une grande \u00e9motion pour cette \u00e9tape importante de la vie de son fils. Ce court message a largement raisonn\u00e9, touchant des millions de personnes qui suivent leur vie de pr\u00e8s.<\/p>\n\n\n<div class=\"wp-block-image\">\n<figure class=\"aligncenter size-full is-resized\"><img loading=\"lazy\" decoding=\"async\" width=\"690\" height=\"170\" src=\"https:\/\/macite.tg\/wp-content\/uploads\/2025\/07\/OTR_TVM.jpg\" alt=\"\" class=\"wp-image-23364\" style=\"width:840px;height:auto\" srcset=\"https:\/\/macite.tg\/wp-content\/uploads\/2025\/07\/OTR_TVM.jpg 690w, https:\/\/macite.tg\/wp-content\/uploads\/2025\/07\/OTR_TVM-300x74.jpg 300w\" sizes=\"auto, (max-width: 690px) 100vw, 690px\" \/><\/figure>\n<\/div>\n\n\n<p class=\"wp-block-paragraph\">Cristiano Jr. n\u2019arrive pas par hasard dans le monde du football professionnel : il a \u00e9t\u00e9 forg\u00e9 par des acad\u00e9mies prestigieuses, des routes d\u2019Europe aux riches acad\u00e9mies du Moyen-Orient. En suivant son p\u00e8re de l\u2019Espagne \u00e0 l\u2019Italie, jusqu\u2019en Angleterre et en Arabie Saoudite, ses exp\u00e9riences l\u2019ont pr\u00e9par\u00e9 \u00e0 cette voie. Aujourd\u2019hui, il est int\u00e9gr\u00e9 \u00e0 l\u2019\u00e9quipe de jeunes d\u2019Al Nassr, le club o\u00f9 son p\u00e8re continue d\u2019\u00e9crire l\u2019histoire du football.<\/p>\n\n\n\n<p class=\"wp-block-paragraph\">Ces d\u00e9buts officiels avec le Portugal repr\u00e9sentent bien plus qu\u2019un simple match. Certes, le Portugal a remport\u00e9 une victoire convaincante 4-1 contre le Japon. Pourtant, toute l\u2019attention s\u2019est focalis\u00e9e sur le jeune h\u00e9ritier et sur le r\u00e9cit qu\u2019il commence \u00e0 tisser. Le num\u00e9ro 7, d\u00e9sormais symbolique sur son maillot, ajoute \u00e0 l\u2019h\u00e9ritage familial et ouvre page apr\u00e8s page un avenir prometteur. Cristiano, \u00e9mu, a partag\u00e9 ses f\u00e9licitations sur Instagram : \u201cF\u00e9licitations pour tes d\u00e9buts avec le Portugal, mon fils, je suis si fier de toi !\u201d<\/p>\n\n\n<div class=\"wp-block-image\">\n<figure class=\"aligncenter size-large is-resized\"><img loading=\"lazy\" decoding=\"async\" width=\"1024\" height=\"1024\" src=\"https:\/\/macite.tg\/wp-content\/uploads\/2025\/07\/OTR_IMPOT-1024x1024.jpg\" alt=\"\" class=\"wp-image-23337\" style=\"width:582px;height:auto\" srcset=\"https:\/\/macite.tg\/wp-content\/uploads\/2025\/07\/OTR_IMPOT-1024x1024.jpg 1024w, https:\/\/macite.tg\/wp-content\/uploads\/2025\/07\/OTR_IMPOT-300x300.jpg 300w, https:\/\/macite.tg\/wp-content\/uploads\/2025\/07\/OTR_IMPOT-150x150.jpg 150w, https:\/\/macite.tg\/wp-content\/uploads\/2025\/07\/OTR_IMPOT-768x768.jpg 768w, https:\/\/macite.tg\/wp-content\/uploads\/2025\/07\/OTR_IMPOT-1536x1536.jpg 1536w, https:\/\/macite.tg\/wp-content\/uploads\/2025\/07\/OTR_IMPOT-122x122.jpg 122w, https:\/\/macite.tg\/wp-content\/uploads\/2025\/07\/OTR_IMPOT.jpg 2048w\" sizes=\"auto, (max-width: 1024px) 100vw, 1024px\" \/><\/figure>\n<\/div>\n\n\n<p class=\"wp-block-paragraph\">Ce moment traduit non seulement le d\u00e9but d\u2019une carri\u00e8re sportive, mais aussi l\u2019affirmation d\u2019une dynastie sur la sc\u00e8ne mondiale. Avec le soutien ind\u00e9fectible de Georgina, en v\u00e9ritable pilier, cette nouvelle \u00e9tape se dessine avec \u00e9clat. La saga Ronaldo, faite de r\u00e9cits mythiques, continue \u00e0 captiver le monde, avec le regard tourn\u00e9 vers chaque mouvement de ce prometteur jeune talent.<\/p>\n\n\n\n<p class=\"wp-block-paragraph\"><strong>OnVoiTout<\/strong><\/p>\n\n\n\n<p class=\"wp-block-paragraph\"><a><strong><em>@macite.tg&nbsp;&nbsp;&nbsp;&nbsp;&nbsp;&nbsp;&nbsp;&nbsp;<\/em><\/strong><\/a><\/p>\n\n\n\n<p class=\"wp-block-paragraph\"><strong><em>E-mail&nbsp;: <\/em><\/strong><a href=\"mailto:maciteinfo@gmail.com\"><strong><em>maciteinfo@gmail.com<\/em><\/strong><\/a><strong><em>; <\/em><\/strong><a href=\"mailto:bawela1@gmail.com\"><strong><em>bawela1@gmail.com<\/em><\/strong><\/a><strong><em><\/em><\/strong><\/p>\n\n\n\n<p class=\"wp-block-paragraph\"><strong><em>Pour vos annonces, (publi)reportages, etc., joignez-nous au (00228)91515309\/<strong>79872224 <\/strong><strong><\/strong><\/em><\/strong><\/p>\n\n\n\n<p class=\"wp-block-paragraph\"><strong><em>www.macite.tg, L\u2019information, la bonne&nbsp;!<\/em><\/strong><\/p>\n\n\n\n<p class=\"wp-block-paragraph\"><\/p>\n","protected":false},"excerpt":{"rendered":"<p class=\"text-justify mb-2\" >L\u2019histoire du football mondial voit s\u2019ouvrir un nouveau chapitre, o\u00f9 le h\u00e9ros inattendu n\u2019est autre que le fils de Cristiano Ronaldo. Georgina Rodr\u00edguez, avec une phrase simple mais pleine de signification, a confirm\u00e9 ce qui \u00e9tait d\u00e9j\u00e0 un secret de polichinelle : Cristiano Ronaldo Jr. [&hellip;]<\/p>\n","protected":false},"author":2,"featured_media":23507,"comment_status":"open","ping_status":"open","sticky":false,"template":"","format":"standard","meta":{"footnotes":""},"categories":[20,63,7],"tags":[],"class_list":["post-23505","post","type-post","status-publish","format-standard","has-post-thumbnail","hentry","category-actualite","category-football","category-sports"],"yoast_head":"<!-- This site is optimized with the Yoast SEO plugin v28.4 - https:\/\/yoast.com\/product\/yoast-seo-wordpress\/ -->\n<title>FOOTBALL\u00a0: L\u2019h\u00e9ritier de Cristiano Ronaldo a d\u00e9j\u00e0 commenc\u00e9 \u00e0 \u00e9crire sa l\u00e9gende -<\/title>\n<meta name=\"robots\" content=\"index, follow, max-snippet:-1, max-image-preview:large, max-video-preview:-1\" \/>\n<link rel=\"canonical\" href=\"https:\/\/macite.tg\/?p=23505\" \/>\n<meta property=\"og:locale\" content=\"fr_FR\" \/>\n<meta property=\"og:type\" content=\"article\" \/>\n<meta property=\"og:title\" content=\"FOOTBALL\u00a0: L\u2019h\u00e9ritier de Cristiano Ronaldo a d\u00e9j\u00e0 commenc\u00e9 \u00e0 \u00e9crire sa l\u00e9gende -\" \/>\n<meta property=\"og:description\" content=\"L\u2019histoire du football mondial voit s\u2019ouvrir un nouveau chapitre, o\u00f9 le h\u00e9ros inattendu n\u2019est autre que le fils de Cristiano Ronaldo. Georgina Rodr\u00edguez, avec une phrase simple mais pleine de signification, a confirm\u00e9 ce qui \u00e9tait d\u00e9j\u00e0 un secret de polichinelle : Cristiano Ronaldo Jr. [&hellip;]\" \/>\n<meta property=\"og:url\" content=\"https:\/\/macite.tg\/?p=23505\" \/>\n<meta property=\"article:published_time\" content=\"2025-07-14T11:58:41+00:00\" \/>\n<meta property=\"article:modified_time\" content=\"2025-07-14T12:34:11+00:00\" \/>\n<meta property=\"og:image\" content=\"https:\/\/macite.tg\/wp-content\/uploads\/2025\/07\/image-40.png\" \/>\n\t<meta property=\"og:image:width\" content=\"472\" \/>\n\t<meta property=\"og:image:height\" content=\"248\" \/>\n\t<meta property=\"og:image:type\" content=\"image\/png\" \/>\n<meta name=\"author\" content=\"Jean Pierre BAWELA\" \/>\n<meta name=\"twitter:card\" content=\"summary_large_image\" \/>\n<meta name=\"twitter:label1\" content=\"\u00c9crit par\" \/>\n\t<meta name=\"twitter:data1\" content=\"Jean Pierre BAWELA\" \/>\n\t<meta name=\"twitter:label2\" content=\"Dur\u00e9e de lecture estim\u00e9e\" \/>\n\t<meta name=\"twitter:data2\" content=\"3 minutes\" \/>\n<script type=\"application\/ld+json\" class=\"yoast-schema-graph\">{\"@context\":\"https:\\\/\\\/schema.org\",\"@graph\":[{\"@type\":\"Article\",\"@id\":\"https:\\\/\\\/macite.tg\\\/?p=23505#article\",\"isPartOf\":{\"@id\":\"https:\\\/\\\/macite.tg\\\/?p=23505\"},\"author\":{\"name\":\"Jean Pierre BAWELA\",\"@id\":\"https:\\\/\\\/macite.tg\\\/#\\\/schema\\\/person\\\/e9f2de7e5dbbe7770a9402c7ce82f5c2\"},\"headline\":\"FOOTBALL\u00a0: L\u2019h\u00e9ritier de Cristiano Ronaldo a d\u00e9j\u00e0 commenc\u00e9 \u00e0 \u00e9crire sa l\u00e9gende\",\"datePublished\":\"2025-07-14T11:58:41+00:00\",\"dateModified\":\"2025-07-14T12:34:11+00:00\",\"mainEntityOfPage\":{\"@id\":\"https:\\\/\\\/macite.tg\\\/?p=23505\"},\"wordCount\":521,\"commentCount\":0,\"image\":{\"@id\":\"https:\\\/\\\/macite.tg\\\/?p=23505#primaryimage\"},\"thumbnailUrl\":\"https:\\\/\\\/macite.tg\\\/wp-content\\\/uploads\\\/2025\\\/07\\\/image-40.png\",\"articleSection\":[\"ACTUALITE\",\"FOOTBALL\",\"SPORTS\"],\"inLanguage\":\"fr-FR\",\"potentialAction\":[{\"@type\":\"CommentAction\",\"name\":\"Comment\",\"target\":[\"https:\\\/\\\/macite.tg\\\/?p=23505#respond\"]}]},{\"@type\":\"WebPage\",\"@id\":\"https:\\\/\\\/macite.tg\\\/?p=23505\",\"url\":\"https:\\\/\\\/macite.tg\\\/?p=23505\",\"name\":\"FOOTBALL\u00a0: L\u2019h\u00e9ritier de Cristiano Ronaldo a d\u00e9j\u00e0 commenc\u00e9 \u00e0 \u00e9crire sa l\u00e9gende -\",\"isPartOf\":{\"@id\":\"https:\\\/\\\/macite.tg\\\/#website\"},\"primaryImageOfPage\":{\"@id\":\"https:\\\/\\\/macite.tg\\\/?p=23505#primaryimage\"},\"image\":{\"@id\":\"https:\\\/\\\/macite.tg\\\/?p=23505#primaryimage\"},\"thumbnailUrl\":\"https:\\\/\\\/macite.tg\\\/wp-content\\\/uploads\\\/2025\\\/07\\\/image-40.png\",\"datePublished\":\"2025-07-14T11:58:41+00:00\",\"dateModified\":\"2025-07-14T12:34:11+00:00\",\"author\":{\"@id\":\"https:\\\/\\\/macite.tg\\\/#\\\/schema\\\/person\\\/e9f2de7e5dbbe7770a9402c7ce82f5c2\"},\"breadcrumb\":{\"@id\":\"https:\\\/\\\/macite.tg\\\/?p=23505#breadcrumb\"},\"inLanguage\":\"fr-FR\",\"potentialAction\":[{\"@type\":\"ReadAction\",\"target\":[\"https:\\\/\\\/macite.tg\\\/?p=23505\"]}]},{\"@type\":\"ImageObject\",\"inLanguage\":\"fr-FR\",\"@id\":\"https:\\\/\\\/macite.tg\\\/?p=23505#primaryimage\",\"url\":\"https:\\\/\\\/macite.tg\\\/wp-content\\\/uploads\\\/2025\\\/07\\\/image-40.png\",\"contentUrl\":\"https:\\\/\\\/macite.tg\\\/wp-content\\\/uploads\\\/2025\\\/07\\\/image-40.png\",\"width\":472,\"height\":248},{\"@type\":\"BreadcrumbList\",\"@id\":\"https:\\\/\\\/macite.tg\\\/?p=23505#breadcrumb\",\"itemListElement\":[{\"@type\":\"ListItem\",\"position\":1,\"name\":\"Accueil\",\"item\":\"https:\\\/\\\/macite.tg\\\/\"},{\"@type\":\"ListItem\",\"position\":2,\"name\":\"FOOTBALL\u00a0: L\u2019h\u00e9ritier de Cristiano Ronaldo a d\u00e9j\u00e0 commenc\u00e9 \u00e0 \u00e9crire sa l\u00e9gende\"}]},{\"@type\":\"WebSite\",\"@id\":\"https:\\\/\\\/macite.tg\\\/#website\",\"url\":\"https:\\\/\\\/macite.tg\\\/\",\"name\":\"\",\"description\":\"L&#039;information, la bonne!!!\",\"potentialAction\":[{\"@type\":\"SearchAction\",\"target\":{\"@type\":\"EntryPoint\",\"urlTemplate\":\"https:\\\/\\\/macite.tg\\\/?s={search_term_string}\"},\"query-input\":{\"@type\":\"PropertyValueSpecification\",\"valueRequired\":true,\"valueName\":\"search_term_string\"}}],\"inLanguage\":\"fr-FR\"},{\"@type\":\"Person\",\"@id\":\"https:\\\/\\\/macite.tg\\\/#\\\/schema\\\/person\\\/e9f2de7e5dbbe7770a9402c7ce82f5c2\",\"name\":\"Jean Pierre BAWELA\",\"image\":{\"@type\":\"ImageObject\",\"inLanguage\":\"fr-FR\",\"@id\":\"https:\\\/\\\/macite.tg\\\/wp-content\\\/uploads\\\/2023\\\/09\\\/WhatsApp-Image-2023-09-19-at-14.44.41-122x122.jpeg\",\"url\":\"https:\\\/\\\/macite.tg\\\/wp-content\\\/uploads\\\/2023\\\/09\\\/WhatsApp-Image-2023-09-19-at-14.44.41-122x122.jpeg\",\"contentUrl\":\"https:\\\/\\\/macite.tg\\\/wp-content\\\/uploads\\\/2023\\\/09\\\/WhatsApp-Image-2023-09-19-at-14.44.41-122x122.jpeg\",\"caption\":\"Jean Pierre BAWELA\"},\"url\":\"https:\\\/\\\/macite.tg\\\/?author=2\"}]}<\/script>\n<!-- \/ Yoast SEO plugin. -->","yoast_head_json":{"title":"FOOTBALL\u00a0: L\u2019h\u00e9ritier de Cristiano Ronaldo a d\u00e9j\u00e0 commenc\u00e9 \u00e0 \u00e9crire sa l\u00e9gende -","robots":{"index":"index","follow":"follow","max-snippet":"max-snippet:-1","max-image-preview":"max-image-preview:large","max-video-preview":"max-video-preview:-1"},"canonical":"https:\/\/macite.tg\/?p=23505","og_locale":"fr_FR","og_type":"article","og_title":"FOOTBALL\u00a0: L\u2019h\u00e9ritier de Cristiano Ronaldo a d\u00e9j\u00e0 commenc\u00e9 \u00e0 \u00e9crire sa l\u00e9gende -","og_description":"L\u2019histoire du football mondial voit s\u2019ouvrir un nouveau chapitre, o\u00f9 le h\u00e9ros inattendu n\u2019est autre que le fils de Cristiano Ronaldo. Georgina Rodr\u00edguez, avec une phrase simple mais pleine de signification, a confirm\u00e9 ce qui \u00e9tait d\u00e9j\u00e0 un secret de polichinelle : Cristiano Ronaldo Jr. [&hellip;]","og_url":"https:\/\/macite.tg\/?p=23505","article_published_time":"2025-07-14T11:58:41+00:00","article_modified_time":"2025-07-14T12:34:11+00:00","og_image":[{"width":472,"height":248,"url":"https:\/\/macite.tg\/wp-content\/uploads\/2025\/07\/image-40.png","type":"image\/png"}],"author":"Jean Pierre BAWELA","twitter_card":"summary_large_image","twitter_misc":{"\u00c9crit par":"Jean Pierre BAWELA","Dur\u00e9e de lecture estim\u00e9e":"3 minutes"},"schema":{"@context":"https:\/\/schema.org","@graph":[{"@type":"Article","@id":"https:\/\/macite.tg\/?p=23505#article","isPartOf":{"@id":"https:\/\/macite.tg\/?p=23505"},"author":{"name":"Jean Pierre BAWELA","@id":"https:\/\/macite.tg\/#\/schema\/person\/e9f2de7e5dbbe7770a9402c7ce82f5c2"},"headline":"FOOTBALL\u00a0: L\u2019h\u00e9ritier de Cristiano Ronaldo a d\u00e9j\u00e0 commenc\u00e9 \u00e0 \u00e9crire sa l\u00e9gende","datePublished":"2025-07-14T11:58:41+00:00","dateModified":"2025-07-14T12:34:11+00:00","mainEntityOfPage":{"@id":"https:\/\/macite.tg\/?p=23505"},"wordCount":521,"commentCount":0,"image":{"@id":"https:\/\/macite.tg\/?p=23505#primaryimage"},"thumbnailUrl":"https:\/\/macite.tg\/wp-content\/uploads\/2025\/07\/image-40.png","articleSection":["ACTUALITE","FOOTBALL","SPORTS"],"inLanguage":"fr-FR","potentialAction":[{"@type":"CommentAction","name":"Comment","target":["https:\/\/macite.tg\/?p=23505#respond"]}]},{"@type":"WebPage","@id":"https:\/\/macite.tg\/?p=23505","url":"https:\/\/macite.tg\/?p=23505","name":"FOOTBALL\u00a0: L\u2019h\u00e9ritier de Cristiano Ronaldo a d\u00e9j\u00e0 commenc\u00e9 \u00e0 \u00e9crire sa l\u00e9gende -","isPartOf":{"@id":"https:\/\/macite.tg\/#website"},"primaryImageOfPage":{"@id":"https:\/\/macite.tg\/?p=23505#primaryimage"},"image":{"@id":"https:\/\/macite.tg\/?p=23505#primaryimage"},"thumbnailUrl":"https:\/\/macite.tg\/wp-content\/uploads\/2025\/07\/image-40.png","datePublished":"2025-07-14T11:58:41+00:00","dateModified":"2025-07-14T12:34:11+00:00","author":{"@id":"https:\/\/macite.tg\/#\/schema\/person\/e9f2de7e5dbbe7770a9402c7ce82f5c2"},"breadcrumb":{"@id":"https:\/\/macite.tg\/?p=23505#breadcrumb"},"inLanguage":"fr-FR","potentialAction":[{"@type":"ReadAction","target":["https:\/\/macite.tg\/?p=23505"]}]},{"@type":"ImageObject","inLanguage":"fr-FR","@id":"https:\/\/macite.tg\/?p=23505#primaryimage","url":"https:\/\/macite.tg\/wp-content\/uploads\/2025\/07\/image-40.png","contentUrl":"https:\/\/macite.tg\/wp-content\/uploads\/2025\/07\/image-40.png","width":472,"height":248},{"@type":"BreadcrumbList","@id":"https:\/\/macite.tg\/?p=23505#breadcrumb","itemListElement":[{"@type":"ListItem","position":1,"name":"Accueil","item":"https:\/\/macite.tg\/"},{"@type":"ListItem","position":2,"name":"FOOTBALL\u00a0: L\u2019h\u00e9ritier de Cristiano Ronaldo a d\u00e9j\u00e0 commenc\u00e9 \u00e0 \u00e9crire sa l\u00e9gende"}]},{"@type":"WebSite","@id":"https:\/\/macite.tg\/#website","url":"https:\/\/macite.tg\/","name":"","description":"L&#039;information, la bonne!!!","potentialAction":[{"@type":"SearchAction","target":{"@type":"EntryPoint","urlTemplate":"https:\/\/macite.tg\/?s={search_term_string}"},"query-input":{"@type":"PropertyValueSpecification","valueRequired":true,"valueName":"search_term_string"}}],"inLanguage":"fr-FR"},{"@type":"Person","@id":"https:\/\/macite.tg\/#\/schema\/person\/e9f2de7e5dbbe7770a9402c7ce82f5c2","name":"Jean Pierre BAWELA","image":{"@type":"ImageObject","inLanguage":"fr-FR","@id":"https:\/\/macite.tg\/wp-content\/uploads\/2023\/09\/WhatsApp-Image-2023-09-19-at-14.44.41-122x122.jpeg","url":"https:\/\/macite.tg\/wp-content\/uploads\/2023\/09\/WhatsApp-Image-2023-09-19-at-14.44.41-122x122.jpeg","contentUrl":"https:\/\/macite.tg\/wp-content\/uploads\/2023\/09\/WhatsApp-Image-2023-09-19-at-14.44.41-122x122.jpeg","caption":"Jean Pierre BAWELA"},"url":"https:\/\/macite.tg\/?author=2"}]}},"_links":{"self":[{"href":"https:\/\/macite.tg\/index.php?rest_route=\/wp\/v2\/posts\/23505","targetHints":{"allow":["GET"]}}],"collection":[{"href":"https:\/\/macite.tg\/index.php?rest_route=\/wp\/v2\/posts"}],"about":[{"href":"https:\/\/macite.tg\/index.php?rest_route=\/wp\/v2\/types\/post"}],"author":[{"embeddable":true,"href":"https:\/\/macite.tg\/index.php?rest_route=\/wp\/v2\/users\/2"}],"replies":[{"embeddable":true,"href":"https:\/\/macite.tg\/index.php?rest_route=%2Fwp%2Fv2%2Fcomments&post=23505"}],"version-history":[{"count":0,"href":"https:\/\/macite.tg\/index.php?rest_route=\/wp\/v2\/posts\/23505\/revisions"}],"wp:featuredmedia":[{"embeddable":true,"href":"https:\/\/macite.tg\/index.php?rest_route=\/wp\/v2\/media\/23507"}],"wp:attachment":[{"href":"https:\/\/macite.tg\/index.php?rest_route=%2Fwp%2Fv2%2Fmedia&parent=23505"}],"wp:term":[{"taxonomy":"category","embeddable":true,"href":"https:\/\/macite.tg\/index.php?rest_route=%2Fwp%2Fv2%2Fcategories&post=23505"},{"taxonomy":"post_tag","embeddable":true,"href":"https:\/\/macite.tg\/index.php?rest_route=%2Fwp%2Fv2%2Ftags&post=23505"}],"curies":[{"name":"wp","href":"https:\/\/api.w.org\/{rel}","templated":true}]}}