{"id":23502,"date":"2025-07-14T10:43:28","date_gmt":"2025-07-14T10:43:28","guid":{"rendered":"https:\/\/macite.tg\/?p=23502"},"modified":"2025-07-14T10:43:41","modified_gmt":"2025-07-14T10:43:41","slug":"kaniamboua-la-fievre-electorale-ne-baisse-pas","status":"publish","type":"post","link":"https:\/\/macite.tg\/?p=23502","title":{"rendered":"KANIAMBOUA\u00a0: La fi\u00e8vre \u00e9lectorale ne baisse pas"},"content":{"rendered":"\n<p class=\"wp-block-paragraph\"><strong><em>La campagne a pris une allure nouvelle depuis le 11 juillet 2025 avec l&rsquo;entr\u00e9e en sc\u00e8ne du 2e candidat UNIR du canton en la personne de Chantale Atcholi et l&rsquo;arriv\u00e9e des cadres de Kaniamboua r\u00e9sidents \u00e0 Lom\u00e9.<\/em><\/strong><\/p>\n\n\n\n<p class=\"wp-block-paragraph\">La fi\u00e8vre \u00e9lectorale est donc mont\u00e9e d&rsquo;un cran vendredi 11 juillet dernier, suite \u00e0 la nouvelle dynamique insuffl\u00e9e par le remarquable appui du Groupe de Mobilisation dont une forte d\u00e9l\u00e9gation a fait le d\u00e9placement \u00e0 Kaniamboua.<\/p>\n\n\n\n<p class=\"wp-block-paragraph\">Compos\u00e9e de messieurs Tchari\u00e8 Langui Olivier, Anidou Honor\u00e9 et de Dogo Mataw\u00e8, cette d\u00e9l\u00e9gation est entr\u00e9e dans la danse en plein meeting organis\u00e9 \u00e0 Kp\u00e8la.<\/p>\n\n\n<div class=\"wp-block-image\">\n<figure class=\"aligncenter size-large\"><img loading=\"lazy\" decoding=\"async\" width=\"724\" height=\"1024\" src=\"https:\/\/macite.tg\/wp-content\/uploads\/2025\/07\/OTR_Vente-aux-encheres-14-juillet-724x1024.jpg\" alt=\"\" class=\"wp-image-23468\" srcset=\"https:\/\/macite.tg\/wp-content\/uploads\/2025\/07\/OTR_Vente-aux-encheres-14-juillet-724x1024.jpg 724w, https:\/\/macite.tg\/wp-content\/uploads\/2025\/07\/OTR_Vente-aux-encheres-14-juillet-212x300.jpg 212w, https:\/\/macite.tg\/wp-content\/uploads\/2025\/07\/OTR_Vente-aux-encheres-14-juillet-768x1087.jpg 768w, https:\/\/macite.tg\/wp-content\/uploads\/2025\/07\/OTR_Vente-aux-encheres-14-juillet.jpg 848w\" sizes=\"auto, (max-width: 724px) 100vw, 724px\" \/><\/figure>\n<\/div>\n\n\n<p class=\"wp-block-paragraph\">L&rsquo;autre cachet sp\u00e9cial, c&rsquo;est l&rsquo;entr\u00e9e en jeu de la candidate Atcholi, une native de Kaniamboua, mais surtout la pr\u00e9sence de la d\u00e9put\u00e9e suppl\u00e9ante, l&rsquo;honorable Abiba, entour\u00e9e pour la circonstance des autres candidats UNIR de la commune de Sotouboua 1.<\/p>\n\n\n\n<p class=\"wp-block-paragraph\">Le 3e point fort de la campagne aura \u00e9t\u00e9 la grande rencontre r\u00e9capitulative organis\u00e9e le samedi 12 juillet 2025 au centre artisanal sur l&rsquo;initiative des cadres de Kaniamboua.<\/p>\n\n\n\n<p class=\"wp-block-paragraph\">Cette rencontre a permis de r\u00e9fl\u00e9chir, avec l&rsquo;ensemble des couches sociales, sur les probl\u00e8mes qui minent le canton.<\/p>\n\n\n<div class=\"wp-block-image\">\n<figure class=\"aligncenter size-full is-resized\"><img loading=\"lazy\" decoding=\"async\" width=\"500\" height=\"500\" src=\"https:\/\/macite.tg\/wp-content\/uploads\/2025\/07\/Geo-ref.jpg\" alt=\"\" class=\"wp-image-23346\" style=\"width:598px;height:auto\" srcset=\"https:\/\/macite.tg\/wp-content\/uploads\/2025\/07\/Geo-ref.jpg 500w, https:\/\/macite.tg\/wp-content\/uploads\/2025\/07\/Geo-ref-300x300.jpg 300w, https:\/\/macite.tg\/wp-content\/uploads\/2025\/07\/Geo-ref-150x150.jpg 150w, https:\/\/macite.tg\/wp-content\/uploads\/2025\/07\/Geo-ref-122x122.jpg 122w\" sizes=\"auto, (max-width: 500px) 100vw, 500px\" \/><\/figure>\n<\/div>\n\n\n<p class=\"wp-block-paragraph\">A l&rsquo;issu des d\u00e9bats tr\u00e8s riches et fructueux, les cadres, appuy\u00e9s par le chef canton, M. Tiou Akpana, les chefs des villages et les acteurs \u00e9lectoraux locaux, ont exhort\u00e9 les populations \u00e0 accorder leurs votes massifs aux candidats de parti Union pour la R\u00e9publique (UNIR) le 17 juillet prochain.<\/p>\n\n\n\n<p class=\"wp-block-paragraph\">Comme d&rsquo;habitude toutes ces rencontres ont pris fin dans une ambiance festive \u00e0 la satisfaction de tous.<\/p>\n\n\n\n<p class=\"wp-block-paragraph\"><strong>Roger S.<\/strong><\/p>\n\n\n\n<p class=\"wp-block-paragraph\"><a><strong><em>@macite.tg&nbsp;&nbsp;&nbsp;&nbsp;&nbsp;&nbsp;&nbsp;&nbsp;<\/em><\/strong><\/a><\/p>\n\n\n\n<p class=\"wp-block-paragraph\"><strong><em>E-mail&nbsp;: <\/em><\/strong><a href=\"mailto:maciteinfo@gmail.com\"><strong><em>maciteinfo@gmail.com<\/em><\/strong><\/a><strong><em>; <\/em><\/strong><a href=\"mailto:bawela1@gmail.com\"><strong><em>bawela1@gmail.com<\/em><\/strong><\/a><strong><em><\/em><\/strong><\/p>\n\n\n\n<p class=\"wp-block-paragraph\"><strong><em>Pour vos annonces, (publi)reportages, etc., joignez-nous au (00228)91515309\/<strong>79872224 <\/strong><strong><\/strong><\/em><\/strong><\/p>\n\n\n\n<p class=\"wp-block-paragraph\"><strong><em>www.macite.tg, L\u2019information, la bonne&nbsp;!<\/em><\/strong><\/p>\n\n\n\n<p class=\"wp-block-paragraph\"><\/p>\n","protected":false},"excerpt":{"rendered":"<p class=\"text-justify mb-2\" >La campagne a pris une allure nouvelle depuis le 11 juillet 2025 avec l&rsquo;entr\u00e9e en sc\u00e8ne du 2e candidat UNIR du canton en la personne de Chantale Atcholi et l&rsquo;arriv\u00e9e des cadres de Kaniamboua r\u00e9sidents \u00e0 Lom\u00e9. La fi\u00e8vre \u00e9lectorale est donc mont\u00e9e d&rsquo;un cran [&hellip;]<\/p>\n","protected":false},"author":2,"featured_media":23503,"comment_status":"open","ping_status":"open","sticky":false,"template":"","format":"standard","meta":{"footnotes":""},"categories":[20,1],"tags":[],"class_list":["post-23502","post","type-post","status-publish","format-standard","has-post-thumbnail","hentry","category-actualite","category-politique"],"yoast_head":"<!-- This site is optimized with the Yoast SEO plugin v28.4 - https:\/\/yoast.com\/product\/yoast-seo-wordpress\/ -->\n<title>KANIAMBOUA\u00a0: La fi\u00e8vre \u00e9lectorale ne baisse pas -<\/title>\n<meta name=\"robots\" content=\"index, follow, max-snippet:-1, max-image-preview:large, max-video-preview:-1\" \/>\n<link rel=\"canonical\" href=\"https:\/\/macite.tg\/?p=23502\" \/>\n<meta property=\"og:locale\" content=\"fr_FR\" \/>\n<meta property=\"og:type\" content=\"article\" \/>\n<meta property=\"og:title\" content=\"KANIAMBOUA\u00a0: La fi\u00e8vre \u00e9lectorale ne baisse pas -\" \/>\n<meta property=\"og:description\" content=\"La campagne a pris une allure nouvelle depuis le 11 juillet 2025 avec l&rsquo;entr\u00e9e en sc\u00e8ne du 2e candidat UNIR du canton en la personne de Chantale Atcholi et l&rsquo;arriv\u00e9e des cadres de Kaniamboua r\u00e9sidents \u00e0 Lom\u00e9. La fi\u00e8vre \u00e9lectorale est donc mont\u00e9e d&rsquo;un cran [&hellip;]\" \/>\n<meta property=\"og:url\" content=\"https:\/\/macite.tg\/?p=23502\" \/>\n<meta property=\"article:published_time\" content=\"2025-07-14T10:43:28+00:00\" \/>\n<meta property=\"article:modified_time\" content=\"2025-07-14T10:43:41+00:00\" \/>\n<meta property=\"og:image\" content=\"https:\/\/macite.tg\/wp-content\/uploads\/2025\/07\/KAN1.jpg\" \/>\n\t<meta property=\"og:image:width\" content=\"500\" \/>\n\t<meta property=\"og:image:height\" content=\"369\" \/>\n\t<meta property=\"og:image:type\" content=\"image\/jpeg\" \/>\n<meta name=\"author\" content=\"Jean Pierre BAWELA\" \/>\n<meta name=\"twitter:card\" content=\"summary_large_image\" \/>\n<meta name=\"twitter:label1\" content=\"\u00c9crit par\" \/>\n\t<meta name=\"twitter:data1\" content=\"Jean Pierre BAWELA\" \/>\n\t<meta name=\"twitter:label2\" content=\"Dur\u00e9e de lecture estim\u00e9e\" \/>\n\t<meta name=\"twitter:data2\" content=\"2 minutes\" \/>\n<script type=\"application\/ld+json\" class=\"yoast-schema-graph\">{\"@context\":\"https:\\\/\\\/schema.org\",\"@graph\":[{\"@type\":\"Article\",\"@id\":\"https:\\\/\\\/macite.tg\\\/?p=23502#article\",\"isPartOf\":{\"@id\":\"https:\\\/\\\/macite.tg\\\/?p=23502\"},\"author\":{\"name\":\"Jean Pierre BAWELA\",\"@id\":\"https:\\\/\\\/macite.tg\\\/#\\\/schema\\\/person\\\/e9f2de7e5dbbe7770a9402c7ce82f5c2\"},\"headline\":\"KANIAMBOUA\u00a0: La fi\u00e8vre \u00e9lectorale ne baisse pas\",\"datePublished\":\"2025-07-14T10:43:28+00:00\",\"dateModified\":\"2025-07-14T10:43:41+00:00\",\"mainEntityOfPage\":{\"@id\":\"https:\\\/\\\/macite.tg\\\/?p=23502\"},\"wordCount\":322,\"commentCount\":0,\"image\":{\"@id\":\"https:\\\/\\\/macite.tg\\\/?p=23502#primaryimage\"},\"thumbnailUrl\":\"https:\\\/\\\/macite.tg\\\/wp-content\\\/uploads\\\/2025\\\/07\\\/KAN1.jpg\",\"articleSection\":[\"ACTUALITE\",\"POLITIQUE\"],\"inLanguage\":\"fr-FR\",\"potentialAction\":[{\"@type\":\"CommentAction\",\"name\":\"Comment\",\"target\":[\"https:\\\/\\\/macite.tg\\\/?p=23502#respond\"]}]},{\"@type\":\"WebPage\",\"@id\":\"https:\\\/\\\/macite.tg\\\/?p=23502\",\"url\":\"https:\\\/\\\/macite.tg\\\/?p=23502\",\"name\":\"KANIAMBOUA\u00a0: La fi\u00e8vre \u00e9lectorale ne baisse pas -\",\"isPartOf\":{\"@id\":\"https:\\\/\\\/macite.tg\\\/#website\"},\"primaryImageOfPage\":{\"@id\":\"https:\\\/\\\/macite.tg\\\/?p=23502#primaryimage\"},\"image\":{\"@id\":\"https:\\\/\\\/macite.tg\\\/?p=23502#primaryimage\"},\"thumbnailUrl\":\"https:\\\/\\\/macite.tg\\\/wp-content\\\/uploads\\\/2025\\\/07\\\/KAN1.jpg\",\"datePublished\":\"2025-07-14T10:43:28+00:00\",\"dateModified\":\"2025-07-14T10:43:41+00:00\",\"author\":{\"@id\":\"https:\\\/\\\/macite.tg\\\/#\\\/schema\\\/person\\\/e9f2de7e5dbbe7770a9402c7ce82f5c2\"},\"breadcrumb\":{\"@id\":\"https:\\\/\\\/macite.tg\\\/?p=23502#breadcrumb\"},\"inLanguage\":\"fr-FR\",\"potentialAction\":[{\"@type\":\"ReadAction\",\"target\":[\"https:\\\/\\\/macite.tg\\\/?p=23502\"]}]},{\"@type\":\"ImageObject\",\"inLanguage\":\"fr-FR\",\"@id\":\"https:\\\/\\\/macite.tg\\\/?p=23502#primaryimage\",\"url\":\"https:\\\/\\\/macite.tg\\\/wp-content\\\/uploads\\\/2025\\\/07\\\/KAN1.jpg\",\"contentUrl\":\"https:\\\/\\\/macite.tg\\\/wp-content\\\/uploads\\\/2025\\\/07\\\/KAN1.jpg\",\"width\":500,\"height\":369},{\"@type\":\"BreadcrumbList\",\"@id\":\"https:\\\/\\\/macite.tg\\\/?p=23502#breadcrumb\",\"itemListElement\":[{\"@type\":\"ListItem\",\"position\":1,\"name\":\"Accueil\",\"item\":\"https:\\\/\\\/macite.tg\\\/\"},{\"@type\":\"ListItem\",\"position\":2,\"name\":\"KANIAMBOUA\u00a0: La fi\u00e8vre \u00e9lectorale ne baisse pas\"}]},{\"@type\":\"WebSite\",\"@id\":\"https:\\\/\\\/macite.tg\\\/#website\",\"url\":\"https:\\\/\\\/macite.tg\\\/\",\"name\":\"\",\"description\":\"L&#039;information, la bonne!!!\",\"potentialAction\":[{\"@type\":\"SearchAction\",\"target\":{\"@type\":\"EntryPoint\",\"urlTemplate\":\"https:\\\/\\\/macite.tg\\\/?s={search_term_string}\"},\"query-input\":{\"@type\":\"PropertyValueSpecification\",\"valueRequired\":true,\"valueName\":\"search_term_string\"}}],\"inLanguage\":\"fr-FR\"},{\"@type\":\"Person\",\"@id\":\"https:\\\/\\\/macite.tg\\\/#\\\/schema\\\/person\\\/e9f2de7e5dbbe7770a9402c7ce82f5c2\",\"name\":\"Jean Pierre BAWELA\",\"image\":{\"@type\":\"ImageObject\",\"inLanguage\":\"fr-FR\",\"@id\":\"https:\\\/\\\/macite.tg\\\/wp-content\\\/uploads\\\/2023\\\/09\\\/WhatsApp-Image-2023-09-19-at-14.44.41-122x122.jpeg\",\"url\":\"https:\\\/\\\/macite.tg\\\/wp-content\\\/uploads\\\/2023\\\/09\\\/WhatsApp-Image-2023-09-19-at-14.44.41-122x122.jpeg\",\"contentUrl\":\"https:\\\/\\\/macite.tg\\\/wp-content\\\/uploads\\\/2023\\\/09\\\/WhatsApp-Image-2023-09-19-at-14.44.41-122x122.jpeg\",\"caption\":\"Jean Pierre BAWELA\"},\"url\":\"https:\\\/\\\/macite.tg\\\/?author=2\"}]}<\/script>\n<!-- \/ Yoast SEO plugin. -->","yoast_head_json":{"title":"KANIAMBOUA\u00a0: La fi\u00e8vre \u00e9lectorale ne baisse pas -","robots":{"index":"index","follow":"follow","max-snippet":"max-snippet:-1","max-image-preview":"max-image-preview:large","max-video-preview":"max-video-preview:-1"},"canonical":"https:\/\/macite.tg\/?p=23502","og_locale":"fr_FR","og_type":"article","og_title":"KANIAMBOUA\u00a0: La fi\u00e8vre \u00e9lectorale ne baisse pas -","og_description":"La campagne a pris une allure nouvelle depuis le 11 juillet 2025 avec l&rsquo;entr\u00e9e en sc\u00e8ne du 2e candidat UNIR du canton en la personne de Chantale Atcholi et l&rsquo;arriv\u00e9e des cadres de Kaniamboua r\u00e9sidents \u00e0 Lom\u00e9. La fi\u00e8vre \u00e9lectorale est donc mont\u00e9e d&rsquo;un cran [&hellip;]","og_url":"https:\/\/macite.tg\/?p=23502","article_published_time":"2025-07-14T10:43:28+00:00","article_modified_time":"2025-07-14T10:43:41+00:00","og_image":[{"width":500,"height":369,"url":"https:\/\/macite.tg\/wp-content\/uploads\/2025\/07\/KAN1.jpg","type":"image\/jpeg"}],"author":"Jean Pierre BAWELA","twitter_card":"summary_large_image","twitter_misc":{"\u00c9crit par":"Jean Pierre BAWELA","Dur\u00e9e de lecture estim\u00e9e":"2 minutes"},"schema":{"@context":"https:\/\/schema.org","@graph":[{"@type":"Article","@id":"https:\/\/macite.tg\/?p=23502#article","isPartOf":{"@id":"https:\/\/macite.tg\/?p=23502"},"author":{"name":"Jean Pierre BAWELA","@id":"https:\/\/macite.tg\/#\/schema\/person\/e9f2de7e5dbbe7770a9402c7ce82f5c2"},"headline":"KANIAMBOUA\u00a0: La fi\u00e8vre \u00e9lectorale ne baisse pas","datePublished":"2025-07-14T10:43:28+00:00","dateModified":"2025-07-14T10:43:41+00:00","mainEntityOfPage":{"@id":"https:\/\/macite.tg\/?p=23502"},"wordCount":322,"commentCount":0,"image":{"@id":"https:\/\/macite.tg\/?p=23502#primaryimage"},"thumbnailUrl":"https:\/\/macite.tg\/wp-content\/uploads\/2025\/07\/KAN1.jpg","articleSection":["ACTUALITE","POLITIQUE"],"inLanguage":"fr-FR","potentialAction":[{"@type":"CommentAction","name":"Comment","target":["https:\/\/macite.tg\/?p=23502#respond"]}]},{"@type":"WebPage","@id":"https:\/\/macite.tg\/?p=23502","url":"https:\/\/macite.tg\/?p=23502","name":"KANIAMBOUA\u00a0: La fi\u00e8vre \u00e9lectorale ne baisse pas -","isPartOf":{"@id":"https:\/\/macite.tg\/#website"},"primaryImageOfPage":{"@id":"https:\/\/macite.tg\/?p=23502#primaryimage"},"image":{"@id":"https:\/\/macite.tg\/?p=23502#primaryimage"},"thumbnailUrl":"https:\/\/macite.tg\/wp-content\/uploads\/2025\/07\/KAN1.jpg","datePublished":"2025-07-14T10:43:28+00:00","dateModified":"2025-07-14T10:43:41+00:00","author":{"@id":"https:\/\/macite.tg\/#\/schema\/person\/e9f2de7e5dbbe7770a9402c7ce82f5c2"},"breadcrumb":{"@id":"https:\/\/macite.tg\/?p=23502#breadcrumb"},"inLanguage":"fr-FR","potentialAction":[{"@type":"ReadAction","target":["https:\/\/macite.tg\/?p=23502"]}]},{"@type":"ImageObject","inLanguage":"fr-FR","@id":"https:\/\/macite.tg\/?p=23502#primaryimage","url":"https:\/\/macite.tg\/wp-content\/uploads\/2025\/07\/KAN1.jpg","contentUrl":"https:\/\/macite.tg\/wp-content\/uploads\/2025\/07\/KAN1.jpg","width":500,"height":369},{"@type":"BreadcrumbList","@id":"https:\/\/macite.tg\/?p=23502#breadcrumb","itemListElement":[{"@type":"ListItem","position":1,"name":"Accueil","item":"https:\/\/macite.tg\/"},{"@type":"ListItem","position":2,"name":"KANIAMBOUA\u00a0: La fi\u00e8vre \u00e9lectorale ne baisse pas"}]},{"@type":"WebSite","@id":"https:\/\/macite.tg\/#website","url":"https:\/\/macite.tg\/","name":"","description":"L&#039;information, la bonne!!!","potentialAction":[{"@type":"SearchAction","target":{"@type":"EntryPoint","urlTemplate":"https:\/\/macite.tg\/?s={search_term_string}"},"query-input":{"@type":"PropertyValueSpecification","valueRequired":true,"valueName":"search_term_string"}}],"inLanguage":"fr-FR"},{"@type":"Person","@id":"https:\/\/macite.tg\/#\/schema\/person\/e9f2de7e5dbbe7770a9402c7ce82f5c2","name":"Jean Pierre BAWELA","image":{"@type":"ImageObject","inLanguage":"fr-FR","@id":"https:\/\/macite.tg\/wp-content\/uploads\/2023\/09\/WhatsApp-Image-2023-09-19-at-14.44.41-122x122.jpeg","url":"https:\/\/macite.tg\/wp-content\/uploads\/2023\/09\/WhatsApp-Image-2023-09-19-at-14.44.41-122x122.jpeg","contentUrl":"https:\/\/macite.tg\/wp-content\/uploads\/2023\/09\/WhatsApp-Image-2023-09-19-at-14.44.41-122x122.jpeg","caption":"Jean Pierre BAWELA"},"url":"https:\/\/macite.tg\/?author=2"}]}},"_links":{"self":[{"href":"https:\/\/macite.tg\/index.php?rest_route=\/wp\/v2\/posts\/23502","targetHints":{"allow":["GET"]}}],"collection":[{"href":"https:\/\/macite.tg\/index.php?rest_route=\/wp\/v2\/posts"}],"about":[{"href":"https:\/\/macite.tg\/index.php?rest_route=\/wp\/v2\/types\/post"}],"author":[{"embeddable":true,"href":"https:\/\/macite.tg\/index.php?rest_route=\/wp\/v2\/users\/2"}],"replies":[{"embeddable":true,"href":"https:\/\/macite.tg\/index.php?rest_route=%2Fwp%2Fv2%2Fcomments&post=23502"}],"version-history":[{"count":0,"href":"https:\/\/macite.tg\/index.php?rest_route=\/wp\/v2\/posts\/23502\/revisions"}],"wp:featuredmedia":[{"embeddable":true,"href":"https:\/\/macite.tg\/index.php?rest_route=\/wp\/v2\/media\/23503"}],"wp:attachment":[{"href":"https:\/\/macite.tg\/index.php?rest_route=%2Fwp%2Fv2%2Fmedia&parent=23502"}],"wp:term":[{"taxonomy":"category","embeddable":true,"href":"https:\/\/macite.tg\/index.php?rest_route=%2Fwp%2Fv2%2Fcategories&post=23502"},{"taxonomy":"post_tag","embeddable":true,"href":"https:\/\/macite.tg\/index.php?rest_route=%2Fwp%2Fv2%2Ftags&post=23502"}],"curies":[{"name":"wp","href":"https:\/\/api.w.org\/{rel}","templated":true}]}}