{"id":23499,"date":"2025-07-14T10:20:08","date_gmt":"2025-07-14T10:20:08","guid":{"rendered":"https:\/\/macite.tg\/?p=23499"},"modified":"2025-07-14T10:20:31","modified_gmt":"2025-07-14T10:20:31","slug":"togo-lunicef-et-le-gouvernement-celebrent-le-mois-de-la-parentalite-avec-le-film-etre-parents","status":"publish","type":"post","link":"https:\/\/macite.tg\/?p=23499","title":{"rendered":"TOGO : L\u2019UNICEF et le Gouvernement c\u00e9l\u00e8brent le Mois de la Parentalit\u00e9 avec le film \u00ab \u00catre Parents\u00bb"},"content":{"rendered":"\n<p class=\"wp-block-paragraph\"><strong><em>Le gouvernement togolais et l\u2019UNICEF ont c\u00e9l\u00e9br\u00e9 le Mois de la Parentalit\u00e9 \u00e0 travers une projection de film le samedi 12 juillet dernier. L\u2019initiative s\u2019inscrit dans le cadre du Mois de la Parentalit\u00e9, lanc\u00e9 par l\u2019UNICEF pour valoriser le r\u00f4le des parents. Le film projet\u00e9, \u00ab \u00catre Parents \u00bb, met en avant l\u2019importance d\u2019\u00e9duquer les enfants avec amour, respect et sans violence.<\/em><\/strong><\/p>\n\n\n\n<p class=\"wp-block-paragraph\">Pour la repr\u00e9sentante de l\u2019UNICEF au Togo, Dr Erinna C. Dia, un bon parent doit aimer, \u00e9couter et parler avec son enfant. Il faut \u00e9viter les ch\u00e2timents corporels. Les enfants doivent aller \u00e0 l\u2019\u00e9cole, jouer et se sentir prot\u00e9g\u00e9s. Ils doivent se sentir aim\u00e9s et accompagn\u00e9s pour bien grandir. C\u2019est cela la parentalit\u00e9 positive.<\/p>\n\n\n<div class=\"wp-block-image\">\n<figure class=\"aligncenter size-large\"><img loading=\"lazy\" decoding=\"async\" width=\"724\" height=\"1024\" src=\"https:\/\/macite.tg\/wp-content\/uploads\/2025\/07\/OTR_Vente-aux-encheres-14-juillet-724x1024.jpg\" alt=\"\" class=\"wp-image-23468\" srcset=\"https:\/\/macite.tg\/wp-content\/uploads\/2025\/07\/OTR_Vente-aux-encheres-14-juillet-724x1024.jpg 724w, https:\/\/macite.tg\/wp-content\/uploads\/2025\/07\/OTR_Vente-aux-encheres-14-juillet-212x300.jpg 212w, https:\/\/macite.tg\/wp-content\/uploads\/2025\/07\/OTR_Vente-aux-encheres-14-juillet-768x1087.jpg 768w, https:\/\/macite.tg\/wp-content\/uploads\/2025\/07\/OTR_Vente-aux-encheres-14-juillet.jpg 848w\" sizes=\"auto, (max-width: 724px) 100vw, 724px\" \/><\/figure>\n<\/div>\n\n\n<p class=\"wp-block-paragraph\">Chaque ann\u00e9e, le mois de juin est consacr\u00e9 \u00e0 la parentalit\u00e9 dans le monde. C\u2019est l\u2019occasion de rappeler le r\u00f4le fondamental des parents dans la vie des enfants. Au Togo, le gouvernement et l\u2019UNICEF unissent leurs efforts pour soutenir les familles et promouvoir une \u00e9ducation bienveillante.<\/p>\n\n\n<div class=\"wp-block-image\">\n<figure class=\"aligncenter size-full is-resized\"><img loading=\"lazy\" decoding=\"async\" width=\"500\" height=\"500\" src=\"https:\/\/macite.tg\/wp-content\/uploads\/2025\/07\/Geo-ref.jpg\" alt=\"\" class=\"wp-image-23346\" style=\"width:632px;height:auto\" srcset=\"https:\/\/macite.tg\/wp-content\/uploads\/2025\/07\/Geo-ref.jpg 500w, https:\/\/macite.tg\/wp-content\/uploads\/2025\/07\/Geo-ref-300x300.jpg 300w, https:\/\/macite.tg\/wp-content\/uploads\/2025\/07\/Geo-ref-150x150.jpg 150w, https:\/\/macite.tg\/wp-content\/uploads\/2025\/07\/Geo-ref-122x122.jpg 122w\" sizes=\"auto, (max-width: 500px) 100vw, 500px\" \/><\/figure>\n<\/div>\n\n\n<p class=\"wp-block-paragraph\">Cette projection a rassembl\u00e9 pr\u00e8s de 300 participants, dont des parents, enfants et acteurs sociaux. L\u2019\u00e9v\u00e9nement a permis de sensibiliser le public sur l\u2019importance d\u2019un environnement familial sain. Il marque aussi une \u00e9tape cl\u00e9 dans la mise en \u0153uvre du Programme National de Parentalit\u00e9 Positive pour les ann\u00e9es 2024 \u00e0 2028.<\/p>\n\n\n\n<p class=\"wp-block-paragraph\"><strong>Charles K.<\/strong><\/p>\n\n\n\n<p class=\"wp-block-paragraph\"><a><strong><em>@macite.tg&nbsp;&nbsp;&nbsp;&nbsp;&nbsp;&nbsp;&nbsp;&nbsp;<\/em><\/strong><\/a><\/p>\n\n\n\n<p class=\"wp-block-paragraph\"><strong><em>E-mail&nbsp;: <\/em><\/strong><a href=\"mailto:maciteinfo@gmail.com\"><strong><em>maciteinfo@gmail.com<\/em><\/strong><\/a><strong><em>; <\/em><\/strong><a href=\"mailto:bawela1@gmail.com\"><strong><em>bawela1@gmail.com<\/em><\/strong><\/a><strong><em><\/em><\/strong><\/p>\n\n\n\n<p class=\"wp-block-paragraph\"><strong><em>Pour vos annonces, (publi)reportages, etc., joignez-nous au (00228)91515309\/<strong>79872224 <\/strong><strong><\/strong><\/em><\/strong><\/p>\n\n\n\n<p class=\"wp-block-paragraph\"><strong><em>www.macite.tg, L\u2019information, la bonne&nbsp;!<\/em><\/strong><\/p>\n\n\n\n<p class=\"wp-block-paragraph\"><\/p>\n","protected":false},"excerpt":{"rendered":"<p class=\"text-justify mb-2\" >Le gouvernement togolais et l\u2019UNICEF ont c\u00e9l\u00e9br\u00e9 le Mois de la Parentalit\u00e9 \u00e0 travers une projection de film le samedi 12 juillet dernier. L\u2019initiative s\u2019inscrit dans le cadre du Mois de la Parentalit\u00e9, lanc\u00e9 par l\u2019UNICEF pour valoriser le r\u00f4le des parents. Le film projet\u00e9, [&hellip;]<\/p>\n","protected":false},"author":2,"featured_media":23500,"comment_status":"open","ping_status":"open","sticky":false,"template":"","format":"standard","meta":{"footnotes":""},"categories":[20,6],"tags":[],"class_list":["post-23499","post","type-post","status-publish","format-standard","has-post-thumbnail","hentry","category-actualite","category-societe"],"yoast_head":"<!-- This site is optimized with the Yoast SEO plugin v28.4 - https:\/\/yoast.com\/product\/yoast-seo-wordpress\/ -->\n<title>TOGO : L\u2019UNICEF et le Gouvernement c\u00e9l\u00e8brent le Mois de la Parentalit\u00e9 avec le film \u00ab \u00catre Parents\u00bb -<\/title>\n<meta name=\"robots\" content=\"index, follow, max-snippet:-1, max-image-preview:large, max-video-preview:-1\" \/>\n<link rel=\"canonical\" href=\"https:\/\/macite.tg\/?p=23499\" \/>\n<meta property=\"og:locale\" content=\"fr_FR\" \/>\n<meta property=\"og:type\" content=\"article\" \/>\n<meta property=\"og:title\" content=\"TOGO : L\u2019UNICEF et le Gouvernement c\u00e9l\u00e8brent le Mois de la Parentalit\u00e9 avec le film \u00ab \u00catre Parents\u00bb -\" \/>\n<meta property=\"og:description\" content=\"Le gouvernement togolais et l\u2019UNICEF ont c\u00e9l\u00e9br\u00e9 le Mois de la Parentalit\u00e9 \u00e0 travers une projection de film le samedi 12 juillet dernier. L\u2019initiative s\u2019inscrit dans le cadre du Mois de la Parentalit\u00e9, lanc\u00e9 par l\u2019UNICEF pour valoriser le r\u00f4le des parents. Le film projet\u00e9, [&hellip;]\" \/>\n<meta property=\"og:url\" content=\"https:\/\/macite.tg\/?p=23499\" \/>\n<meta property=\"article:published_time\" content=\"2025-07-14T10:20:08+00:00\" \/>\n<meta property=\"article:modified_time\" content=\"2025-07-14T10:20:31+00:00\" \/>\n<meta property=\"og:image\" content=\"https:\/\/macite.tg\/wp-content\/uploads\/2025\/07\/Unicef.jpg\" \/>\n\t<meta property=\"og:image:width\" content=\"500\" \/>\n\t<meta property=\"og:image:height\" content=\"140\" \/>\n\t<meta property=\"og:image:type\" content=\"image\/jpeg\" \/>\n<meta name=\"author\" content=\"Jean Pierre BAWELA\" \/>\n<meta name=\"twitter:card\" content=\"summary_large_image\" \/>\n<meta name=\"twitter:label1\" content=\"\u00c9crit par\" \/>\n\t<meta name=\"twitter:data1\" content=\"Jean Pierre BAWELA\" \/>\n\t<meta name=\"twitter:label2\" content=\"Dur\u00e9e de lecture estim\u00e9e\" \/>\n\t<meta name=\"twitter:data2\" content=\"2 minutes\" \/>\n<script type=\"application\/ld+json\" class=\"yoast-schema-graph\">{\"@context\":\"https:\\\/\\\/schema.org\",\"@graph\":[{\"@type\":\"Article\",\"@id\":\"https:\\\/\\\/macite.tg\\\/?p=23499#article\",\"isPartOf\":{\"@id\":\"https:\\\/\\\/macite.tg\\\/?p=23499\"},\"author\":{\"name\":\"Jean Pierre BAWELA\",\"@id\":\"https:\\\/\\\/macite.tg\\\/#\\\/schema\\\/person\\\/e9f2de7e5dbbe7770a9402c7ce82f5c2\"},\"headline\":\"TOGO : L\u2019UNICEF et le Gouvernement c\u00e9l\u00e8brent le Mois de la Parentalit\u00e9 avec le film \u00ab \u00catre Parents\u00bb\",\"datePublished\":\"2025-07-14T10:20:08+00:00\",\"dateModified\":\"2025-07-14T10:20:31+00:00\",\"mainEntityOfPage\":{\"@id\":\"https:\\\/\\\/macite.tg\\\/?p=23499\"},\"wordCount\":287,\"commentCount\":0,\"image\":{\"@id\":\"https:\\\/\\\/macite.tg\\\/?p=23499#primaryimage\"},\"thumbnailUrl\":\"https:\\\/\\\/macite.tg\\\/wp-content\\\/uploads\\\/2025\\\/07\\\/Unicef.jpg\",\"articleSection\":[\"ACTUALITE\",\"SOCIETE\"],\"inLanguage\":\"fr-FR\",\"potentialAction\":[{\"@type\":\"CommentAction\",\"name\":\"Comment\",\"target\":[\"https:\\\/\\\/macite.tg\\\/?p=23499#respond\"]}]},{\"@type\":\"WebPage\",\"@id\":\"https:\\\/\\\/macite.tg\\\/?p=23499\",\"url\":\"https:\\\/\\\/macite.tg\\\/?p=23499\",\"name\":\"TOGO : L\u2019UNICEF et le Gouvernement c\u00e9l\u00e8brent le Mois de la Parentalit\u00e9 avec le film \u00ab \u00catre Parents\u00bb -\",\"isPartOf\":{\"@id\":\"https:\\\/\\\/macite.tg\\\/#website\"},\"primaryImageOfPage\":{\"@id\":\"https:\\\/\\\/macite.tg\\\/?p=23499#primaryimage\"},\"image\":{\"@id\":\"https:\\\/\\\/macite.tg\\\/?p=23499#primaryimage\"},\"thumbnailUrl\":\"https:\\\/\\\/macite.tg\\\/wp-content\\\/uploads\\\/2025\\\/07\\\/Unicef.jpg\",\"datePublished\":\"2025-07-14T10:20:08+00:00\",\"dateModified\":\"2025-07-14T10:20:31+00:00\",\"author\":{\"@id\":\"https:\\\/\\\/macite.tg\\\/#\\\/schema\\\/person\\\/e9f2de7e5dbbe7770a9402c7ce82f5c2\"},\"breadcrumb\":{\"@id\":\"https:\\\/\\\/macite.tg\\\/?p=23499#breadcrumb\"},\"inLanguage\":\"fr-FR\",\"potentialAction\":[{\"@type\":\"ReadAction\",\"target\":[\"https:\\\/\\\/macite.tg\\\/?p=23499\"]}]},{\"@type\":\"ImageObject\",\"inLanguage\":\"fr-FR\",\"@id\":\"https:\\\/\\\/macite.tg\\\/?p=23499#primaryimage\",\"url\":\"https:\\\/\\\/macite.tg\\\/wp-content\\\/uploads\\\/2025\\\/07\\\/Unicef.jpg\",\"contentUrl\":\"https:\\\/\\\/macite.tg\\\/wp-content\\\/uploads\\\/2025\\\/07\\\/Unicef.jpg\",\"width\":500,\"height\":140},{\"@type\":\"BreadcrumbList\",\"@id\":\"https:\\\/\\\/macite.tg\\\/?p=23499#breadcrumb\",\"itemListElement\":[{\"@type\":\"ListItem\",\"position\":1,\"name\":\"Accueil\",\"item\":\"https:\\\/\\\/macite.tg\\\/\"},{\"@type\":\"ListItem\",\"position\":2,\"name\":\"TOGO : L\u2019UNICEF et le Gouvernement c\u00e9l\u00e8brent le Mois de la Parentalit\u00e9 avec le film \u00ab \u00catre Parents\u00bb\"}]},{\"@type\":\"WebSite\",\"@id\":\"https:\\\/\\\/macite.tg\\\/#website\",\"url\":\"https:\\\/\\\/macite.tg\\\/\",\"name\":\"\",\"description\":\"L&#039;information, la bonne!!!\",\"potentialAction\":[{\"@type\":\"SearchAction\",\"target\":{\"@type\":\"EntryPoint\",\"urlTemplate\":\"https:\\\/\\\/macite.tg\\\/?s={search_term_string}\"},\"query-input\":{\"@type\":\"PropertyValueSpecification\",\"valueRequired\":true,\"valueName\":\"search_term_string\"}}],\"inLanguage\":\"fr-FR\"},{\"@type\":\"Person\",\"@id\":\"https:\\\/\\\/macite.tg\\\/#\\\/schema\\\/person\\\/e9f2de7e5dbbe7770a9402c7ce82f5c2\",\"name\":\"Jean Pierre BAWELA\",\"image\":{\"@type\":\"ImageObject\",\"inLanguage\":\"fr-FR\",\"@id\":\"https:\\\/\\\/macite.tg\\\/wp-content\\\/uploads\\\/2023\\\/09\\\/WhatsApp-Image-2023-09-19-at-14.44.41-122x122.jpeg\",\"url\":\"https:\\\/\\\/macite.tg\\\/wp-content\\\/uploads\\\/2023\\\/09\\\/WhatsApp-Image-2023-09-19-at-14.44.41-122x122.jpeg\",\"contentUrl\":\"https:\\\/\\\/macite.tg\\\/wp-content\\\/uploads\\\/2023\\\/09\\\/WhatsApp-Image-2023-09-19-at-14.44.41-122x122.jpeg\",\"caption\":\"Jean Pierre BAWELA\"},\"url\":\"https:\\\/\\\/macite.tg\\\/?author=2\"}]}<\/script>\n<!-- \/ Yoast SEO plugin. -->","yoast_head_json":{"title":"TOGO : L\u2019UNICEF et le Gouvernement c\u00e9l\u00e8brent le Mois de la Parentalit\u00e9 avec le film \u00ab \u00catre Parents\u00bb -","robots":{"index":"index","follow":"follow","max-snippet":"max-snippet:-1","max-image-preview":"max-image-preview:large","max-video-preview":"max-video-preview:-1"},"canonical":"https:\/\/macite.tg\/?p=23499","og_locale":"fr_FR","og_type":"article","og_title":"TOGO : L\u2019UNICEF et le Gouvernement c\u00e9l\u00e8brent le Mois de la Parentalit\u00e9 avec le film \u00ab \u00catre Parents\u00bb -","og_description":"Le gouvernement togolais et l\u2019UNICEF ont c\u00e9l\u00e9br\u00e9 le Mois de la Parentalit\u00e9 \u00e0 travers une projection de film le samedi 12 juillet dernier. L\u2019initiative s\u2019inscrit dans le cadre du Mois de la Parentalit\u00e9, lanc\u00e9 par l\u2019UNICEF pour valoriser le r\u00f4le des parents. Le film projet\u00e9, [&hellip;]","og_url":"https:\/\/macite.tg\/?p=23499","article_published_time":"2025-07-14T10:20:08+00:00","article_modified_time":"2025-07-14T10:20:31+00:00","og_image":[{"width":500,"height":140,"url":"https:\/\/macite.tg\/wp-content\/uploads\/2025\/07\/Unicef.jpg","type":"image\/jpeg"}],"author":"Jean Pierre BAWELA","twitter_card":"summary_large_image","twitter_misc":{"\u00c9crit par":"Jean Pierre BAWELA","Dur\u00e9e de lecture estim\u00e9e":"2 minutes"},"schema":{"@context":"https:\/\/schema.org","@graph":[{"@type":"Article","@id":"https:\/\/macite.tg\/?p=23499#article","isPartOf":{"@id":"https:\/\/macite.tg\/?p=23499"},"author":{"name":"Jean Pierre BAWELA","@id":"https:\/\/macite.tg\/#\/schema\/person\/e9f2de7e5dbbe7770a9402c7ce82f5c2"},"headline":"TOGO : L\u2019UNICEF et le Gouvernement c\u00e9l\u00e8brent le Mois de la Parentalit\u00e9 avec le film \u00ab \u00catre Parents\u00bb","datePublished":"2025-07-14T10:20:08+00:00","dateModified":"2025-07-14T10:20:31+00:00","mainEntityOfPage":{"@id":"https:\/\/macite.tg\/?p=23499"},"wordCount":287,"commentCount":0,"image":{"@id":"https:\/\/macite.tg\/?p=23499#primaryimage"},"thumbnailUrl":"https:\/\/macite.tg\/wp-content\/uploads\/2025\/07\/Unicef.jpg","articleSection":["ACTUALITE","SOCIETE"],"inLanguage":"fr-FR","potentialAction":[{"@type":"CommentAction","name":"Comment","target":["https:\/\/macite.tg\/?p=23499#respond"]}]},{"@type":"WebPage","@id":"https:\/\/macite.tg\/?p=23499","url":"https:\/\/macite.tg\/?p=23499","name":"TOGO : L\u2019UNICEF et le Gouvernement c\u00e9l\u00e8brent le Mois de la Parentalit\u00e9 avec le film \u00ab \u00catre Parents\u00bb -","isPartOf":{"@id":"https:\/\/macite.tg\/#website"},"primaryImageOfPage":{"@id":"https:\/\/macite.tg\/?p=23499#primaryimage"},"image":{"@id":"https:\/\/macite.tg\/?p=23499#primaryimage"},"thumbnailUrl":"https:\/\/macite.tg\/wp-content\/uploads\/2025\/07\/Unicef.jpg","datePublished":"2025-07-14T10:20:08+00:00","dateModified":"2025-07-14T10:20:31+00:00","author":{"@id":"https:\/\/macite.tg\/#\/schema\/person\/e9f2de7e5dbbe7770a9402c7ce82f5c2"},"breadcrumb":{"@id":"https:\/\/macite.tg\/?p=23499#breadcrumb"},"inLanguage":"fr-FR","potentialAction":[{"@type":"ReadAction","target":["https:\/\/macite.tg\/?p=23499"]}]},{"@type":"ImageObject","inLanguage":"fr-FR","@id":"https:\/\/macite.tg\/?p=23499#primaryimage","url":"https:\/\/macite.tg\/wp-content\/uploads\/2025\/07\/Unicef.jpg","contentUrl":"https:\/\/macite.tg\/wp-content\/uploads\/2025\/07\/Unicef.jpg","width":500,"height":140},{"@type":"BreadcrumbList","@id":"https:\/\/macite.tg\/?p=23499#breadcrumb","itemListElement":[{"@type":"ListItem","position":1,"name":"Accueil","item":"https:\/\/macite.tg\/"},{"@type":"ListItem","position":2,"name":"TOGO : L\u2019UNICEF et le Gouvernement c\u00e9l\u00e8brent le Mois de la Parentalit\u00e9 avec le film \u00ab \u00catre Parents\u00bb"}]},{"@type":"WebSite","@id":"https:\/\/macite.tg\/#website","url":"https:\/\/macite.tg\/","name":"","description":"L&#039;information, la bonne!!!","potentialAction":[{"@type":"SearchAction","target":{"@type":"EntryPoint","urlTemplate":"https:\/\/macite.tg\/?s={search_term_string}"},"query-input":{"@type":"PropertyValueSpecification","valueRequired":true,"valueName":"search_term_string"}}],"inLanguage":"fr-FR"},{"@type":"Person","@id":"https:\/\/macite.tg\/#\/schema\/person\/e9f2de7e5dbbe7770a9402c7ce82f5c2","name":"Jean Pierre BAWELA","image":{"@type":"ImageObject","inLanguage":"fr-FR","@id":"https:\/\/macite.tg\/wp-content\/uploads\/2023\/09\/WhatsApp-Image-2023-09-19-at-14.44.41-122x122.jpeg","url":"https:\/\/macite.tg\/wp-content\/uploads\/2023\/09\/WhatsApp-Image-2023-09-19-at-14.44.41-122x122.jpeg","contentUrl":"https:\/\/macite.tg\/wp-content\/uploads\/2023\/09\/WhatsApp-Image-2023-09-19-at-14.44.41-122x122.jpeg","caption":"Jean Pierre BAWELA"},"url":"https:\/\/macite.tg\/?author=2"}]}},"_links":{"self":[{"href":"https:\/\/macite.tg\/index.php?rest_route=\/wp\/v2\/posts\/23499","targetHints":{"allow":["GET"]}}],"collection":[{"href":"https:\/\/macite.tg\/index.php?rest_route=\/wp\/v2\/posts"}],"about":[{"href":"https:\/\/macite.tg\/index.php?rest_route=\/wp\/v2\/types\/post"}],"author":[{"embeddable":true,"href":"https:\/\/macite.tg\/index.php?rest_route=\/wp\/v2\/users\/2"}],"replies":[{"embeddable":true,"href":"https:\/\/macite.tg\/index.php?rest_route=%2Fwp%2Fv2%2Fcomments&post=23499"}],"version-history":[{"count":0,"href":"https:\/\/macite.tg\/index.php?rest_route=\/wp\/v2\/posts\/23499\/revisions"}],"wp:featuredmedia":[{"embeddable":true,"href":"https:\/\/macite.tg\/index.php?rest_route=\/wp\/v2\/media\/23500"}],"wp:attachment":[{"href":"https:\/\/macite.tg\/index.php?rest_route=%2Fwp%2Fv2%2Fmedia&parent=23499"}],"wp:term":[{"taxonomy":"category","embeddable":true,"href":"https:\/\/macite.tg\/index.php?rest_route=%2Fwp%2Fv2%2Fcategories&post=23499"},{"taxonomy":"post_tag","embeddable":true,"href":"https:\/\/macite.tg\/index.php?rest_route=%2Fwp%2Fv2%2Ftags&post=23499"}],"curies":[{"name":"wp","href":"https:\/\/api.w.org\/{rel}","templated":true}]}}