{"id":23493,"date":"2025-07-14T10:09:12","date_gmt":"2025-07-14T10:09:12","guid":{"rendered":"https:\/\/macite.tg\/?p=23493"},"modified":"2025-07-14T10:09:16","modified_gmt":"2025-07-14T10:09:16","slug":"municipales-2025-bassar-les-corps-de-metiers-unis-derriere-les-candidats-du-parti-unir","status":"publish","type":"post","link":"https:\/\/macite.tg\/?p=23493","title":{"rendered":"MUNICIPALES 2025 \/ BASSAR : Les corps de m\u00e9tiers unis derri\u00e8re les candidats du parti UNIR"},"content":{"rendered":"\n<p class=\"wp-block-paragraph\"><strong><em>\u00c0 quelques jours des \u00e9lections municipales du 17 juillet prochain au Togo, la mobilisation s\u2019intensifie dans la pr\u00e9fecture de Bassar. Le vendredi 11 juillet dernier, les corps de m\u00e9tiers de la localit\u00e9 ont marqu\u00e9 un temps fort de la campagne \u00e9lectorale en affichant publiquement leur soutien ind\u00e9fectible aux candidats du parti Union pour la R\u00e9publique (UNIR).<\/em><\/strong><\/p>\n\n\n\n<p class=\"wp-block-paragraph\">C\u2019est dans une ambiance festive et militante que les artisans (ma\u00e7ons, menuisiers, forgerons, conducteurs de taxi-moto, chauffeurs, coiffeurs, coiffeuses, courtiers, couturi\u00e8res, ainsi que d&rsquo;autres professionnels de m\u00e9tiers divers), se sont retrouv\u00e9s \u00e0 Bassar et \u00e0 Kabou. R\u00e9unis autour de leurs pr\u00e9sidentes et responsables de la Chambre pr\u00e9fectorale des m\u00e9tiers, ces acteurs \u00e9conomiques ont tenu \u00e0 exprimer leur gratitude au parti UNIR pour ses actions en faveur de la paix, de la stabilit\u00e9 et du d\u00e9veloppement local.<\/p>\n\n\n<div class=\"wp-block-image\">\n<figure class=\"aligncenter size-large\"><img loading=\"lazy\" decoding=\"async\" width=\"724\" height=\"1024\" src=\"https:\/\/macite.tg\/wp-content\/uploads\/2025\/07\/OTR_Vente-aux-encheres-14-juillet-724x1024.jpg\" alt=\"\" class=\"wp-image-23468\" srcset=\"https:\/\/macite.tg\/wp-content\/uploads\/2025\/07\/OTR_Vente-aux-encheres-14-juillet-724x1024.jpg 724w, https:\/\/macite.tg\/wp-content\/uploads\/2025\/07\/OTR_Vente-aux-encheres-14-juillet-212x300.jpg 212w, https:\/\/macite.tg\/wp-content\/uploads\/2025\/07\/OTR_Vente-aux-encheres-14-juillet-768x1087.jpg 768w, https:\/\/macite.tg\/wp-content\/uploads\/2025\/07\/OTR_Vente-aux-encheres-14-juillet.jpg 848w\" sizes=\"auto, (max-width: 724px) 100vw, 724px\" \/><\/figure>\n<\/div>\n\n\n<p class=\"wp-block-paragraph\">Le centre culturel de Bassar et le centre des affaires sociales de Kabou, choisis pour accueillir les rencontres, ont \u00e9t\u00e9 litt\u00e9ralement pris d\u2019assaut, tant la mobilisation \u00e9tait monstre. Les slogans, chants et cris de joie ont r\u00e9sonn\u00e9 longuement pour acclamer les candidats UNIR, pr\u00e9sents pour partager leur vision et leurs engagements pour un d\u00e9veloppement inclusif des communes de la pr\u00e9fecture de Bassar.<\/p>\n\n\n\n<p class=\"wp-block-paragraph\">Dans leurs diff\u00e9rentes interventions, les candidats ont insist\u00e9 sur l\u2019importance de placer les artisans et les corps de m\u00e9tiers au c\u0153ur de la dynamique de d\u00e9veloppement communal. Ils ont promis de d\u00e9fendre les int\u00e9r\u00eats de ces groupes dans les futurs conseils municipaux, notamment en favorisant l\u2019acc\u00e8s \u00e0 des formations qualifiantes, en soutenant l\u2019auto-emploi et en am\u00e9liorant les conditions d\u2019exercice des diff\u00e9rents m\u00e9tiers.<\/p>\n\n\n\n<p class=\"wp-block-paragraph\">Le message semble \u00eatre bien pass\u00e9, puisque les membres des corps de m\u00e9tiers, \u00e0 l\u2019unanimit\u00e9, ont d\u00e9clar\u00e9 leur intention de voter \u00e0 100 % pour les listes UNIR le 17 juillet prochain.<\/p>\n\n\n\n<p class=\"wp-block-paragraph\">Ce ralliement massif s\u2019ajoute \u00e0 la longue s\u00e9rie de soutiens enregistr\u00e9s ces derniers jours par le parti au pouvoir, qui m\u00e8ne une campagne de proximit\u00e9 ax\u00e9e sur l\u2019unit\u00e9, la coh\u00e9sion sociale et le d\u00e9veloppement participatif.<\/p>\n\n\n<div class=\"wp-block-image\">\n<figure class=\"aligncenter size-full is-resized\"><img loading=\"lazy\" decoding=\"async\" width=\"500\" height=\"500\" src=\"https:\/\/macite.tg\/wp-content\/uploads\/2025\/07\/Geo-ref.jpg\" alt=\"\" class=\"wp-image-23346\" style=\"width:680px;height:auto\" srcset=\"https:\/\/macite.tg\/wp-content\/uploads\/2025\/07\/Geo-ref.jpg 500w, https:\/\/macite.tg\/wp-content\/uploads\/2025\/07\/Geo-ref-300x300.jpg 300w, https:\/\/macite.tg\/wp-content\/uploads\/2025\/07\/Geo-ref-150x150.jpg 150w, https:\/\/macite.tg\/wp-content\/uploads\/2025\/07\/Geo-ref-122x122.jpg 122w\" sizes=\"auto, (max-width: 500px) 100vw, 500px\" \/><\/figure>\n<\/div>\n\n\n<p class=\"wp-block-paragraph\">\u00c0 quelques jours du scrutin, la pr\u00e9fecture de Bassar semble avoir fait son choix, et UNIR peut compter sur l\u2019engagement actif de ses sympathisants pour transformer cette ferveur en victoire dans les urnes.<\/p>\n\n\n\n<p class=\"wp-block-paragraph\"><strong>La R\u00e9daction<\/strong><\/p>\n\n\n\n<p class=\"wp-block-paragraph\"><a><strong><em>@macite.tg&nbsp;&nbsp;&nbsp;&nbsp;&nbsp;&nbsp;&nbsp;&nbsp;<\/em><\/strong><\/a><\/p>\n\n\n\n<p class=\"wp-block-paragraph\"><strong><em>E-mail&nbsp;: <\/em><\/strong><a href=\"mailto:maciteinfo@gmail.com\"><strong><em>maciteinfo@gmail.com<\/em><\/strong><\/a><strong><em>; <\/em><\/strong><a href=\"mailto:bawela1@gmail.com\"><strong><em>bawela1@gmail.com<\/em><\/strong><\/a><strong><em><\/em><\/strong><\/p>\n\n\n\n<p class=\"wp-block-paragraph\"><strong><em>Pour vos annonces, (publi)reportages, etc., joignez-nous au (00228)91515309\/<strong>79872224 <\/strong><strong><\/strong><\/em><\/strong><\/p>\n\n\n\n<p class=\"wp-block-paragraph\"><strong><em>www.macite.tg, L\u2019information, la bonne&nbsp;!<\/em><\/strong><\/p>\n\n\n\n<p class=\"wp-block-paragraph\"><\/p>\n","protected":false},"excerpt":{"rendered":"<p class=\"text-justify mb-2\" >\u00c0 quelques jours des \u00e9lections municipales du 17 juillet prochain au Togo, la mobilisation s\u2019intensifie dans la pr\u00e9fecture de Bassar. Le vendredi 11 juillet dernier, les corps de m\u00e9tiers de la localit\u00e9 ont marqu\u00e9 un temps fort de la campagne \u00e9lectorale en affichant publiquement leur [&hellip;]<\/p>\n","protected":false},"author":2,"featured_media":23497,"comment_status":"open","ping_status":"open","sticky":false,"template":"","format":"standard","meta":{"footnotes":""},"categories":[20,1],"tags":[],"class_list":["post-23493","post","type-post","status-publish","format-standard","has-post-thumbnail","hentry","category-actualite","category-politique"],"yoast_head":"<!-- This site is optimized with the Yoast SEO plugin v28.4 - https:\/\/yoast.com\/product\/yoast-seo-wordpress\/ -->\n<title>MUNICIPALES 2025 \/ BASSAR : Les corps de m\u00e9tiers unis derri\u00e8re les candidats du parti UNIR -<\/title>\n<meta name=\"robots\" content=\"index, follow, max-snippet:-1, max-image-preview:large, max-video-preview:-1\" \/>\n<link rel=\"canonical\" href=\"https:\/\/macite.tg\/?p=23493\" \/>\n<meta property=\"og:locale\" content=\"fr_FR\" \/>\n<meta property=\"og:type\" content=\"article\" \/>\n<meta property=\"og:title\" content=\"MUNICIPALES 2025 \/ BASSAR : Les corps de m\u00e9tiers unis derri\u00e8re les candidats du parti UNIR -\" \/>\n<meta property=\"og:description\" content=\"\u00c0 quelques jours des \u00e9lections municipales du 17 juillet prochain au Togo, la mobilisation s\u2019intensifie dans la pr\u00e9fecture de Bassar. Le vendredi 11 juillet dernier, les corps de m\u00e9tiers de la localit\u00e9 ont marqu\u00e9 un temps fort de la campagne \u00e9lectorale en affichant publiquement leur [&hellip;]\" \/>\n<meta property=\"og:url\" content=\"https:\/\/macite.tg\/?p=23493\" \/>\n<meta property=\"article:published_time\" content=\"2025-07-14T10:09:12+00:00\" \/>\n<meta property=\"article:modified_time\" content=\"2025-07-14T10:09:16+00:00\" \/>\n<meta property=\"og:image\" content=\"https:\/\/macite.tg\/wp-content\/uploads\/2025\/07\/Bassar-5.jpg\" \/>\n\t<meta property=\"og:image:width\" content=\"500\" \/>\n\t<meta property=\"og:image:height\" content=\"174\" \/>\n\t<meta property=\"og:image:type\" content=\"image\/jpeg\" \/>\n<meta name=\"author\" content=\"Jean Pierre BAWELA\" \/>\n<meta name=\"twitter:card\" content=\"summary_large_image\" \/>\n<meta name=\"twitter:label1\" content=\"\u00c9crit par\" \/>\n\t<meta name=\"twitter:data1\" content=\"Jean Pierre BAWELA\" \/>\n\t<meta name=\"twitter:label2\" content=\"Dur\u00e9e de lecture estim\u00e9e\" \/>\n\t<meta name=\"twitter:data2\" content=\"3 minutes\" \/>\n<script type=\"application\/ld+json\" class=\"yoast-schema-graph\">{\"@context\":\"https:\\\/\\\/schema.org\",\"@graph\":[{\"@type\":\"Article\",\"@id\":\"https:\\\/\\\/macite.tg\\\/?p=23493#article\",\"isPartOf\":{\"@id\":\"https:\\\/\\\/macite.tg\\\/?p=23493\"},\"author\":{\"name\":\"Jean Pierre BAWELA\",\"@id\":\"https:\\\/\\\/macite.tg\\\/#\\\/schema\\\/person\\\/e9f2de7e5dbbe7770a9402c7ce82f5c2\"},\"headline\":\"MUNICIPALES 2025 \\\/ BASSAR : Les corps de m\u00e9tiers unis derri\u00e8re les candidats du parti UNIR\",\"datePublished\":\"2025-07-14T10:09:12+00:00\",\"dateModified\":\"2025-07-14T10:09:16+00:00\",\"mainEntityOfPage\":{\"@id\":\"https:\\\/\\\/macite.tg\\\/?p=23493\"},\"wordCount\":444,\"commentCount\":0,\"image\":{\"@id\":\"https:\\\/\\\/macite.tg\\\/?p=23493#primaryimage\"},\"thumbnailUrl\":\"https:\\\/\\\/macite.tg\\\/wp-content\\\/uploads\\\/2025\\\/07\\\/Bassar-5.jpg\",\"articleSection\":[\"ACTUALITE\",\"POLITIQUE\"],\"inLanguage\":\"fr-FR\",\"potentialAction\":[{\"@type\":\"CommentAction\",\"name\":\"Comment\",\"target\":[\"https:\\\/\\\/macite.tg\\\/?p=23493#respond\"]}]},{\"@type\":\"WebPage\",\"@id\":\"https:\\\/\\\/macite.tg\\\/?p=23493\",\"url\":\"https:\\\/\\\/macite.tg\\\/?p=23493\",\"name\":\"MUNICIPALES 2025 \\\/ BASSAR : Les corps de m\u00e9tiers unis derri\u00e8re les candidats du parti UNIR -\",\"isPartOf\":{\"@id\":\"https:\\\/\\\/macite.tg\\\/#website\"},\"primaryImageOfPage\":{\"@id\":\"https:\\\/\\\/macite.tg\\\/?p=23493#primaryimage\"},\"image\":{\"@id\":\"https:\\\/\\\/macite.tg\\\/?p=23493#primaryimage\"},\"thumbnailUrl\":\"https:\\\/\\\/macite.tg\\\/wp-content\\\/uploads\\\/2025\\\/07\\\/Bassar-5.jpg\",\"datePublished\":\"2025-07-14T10:09:12+00:00\",\"dateModified\":\"2025-07-14T10:09:16+00:00\",\"author\":{\"@id\":\"https:\\\/\\\/macite.tg\\\/#\\\/schema\\\/person\\\/e9f2de7e5dbbe7770a9402c7ce82f5c2\"},\"breadcrumb\":{\"@id\":\"https:\\\/\\\/macite.tg\\\/?p=23493#breadcrumb\"},\"inLanguage\":\"fr-FR\",\"potentialAction\":[{\"@type\":\"ReadAction\",\"target\":[\"https:\\\/\\\/macite.tg\\\/?p=23493\"]}]},{\"@type\":\"ImageObject\",\"inLanguage\":\"fr-FR\",\"@id\":\"https:\\\/\\\/macite.tg\\\/?p=23493#primaryimage\",\"url\":\"https:\\\/\\\/macite.tg\\\/wp-content\\\/uploads\\\/2025\\\/07\\\/Bassar-5.jpg\",\"contentUrl\":\"https:\\\/\\\/macite.tg\\\/wp-content\\\/uploads\\\/2025\\\/07\\\/Bassar-5.jpg\",\"width\":500,\"height\":174},{\"@type\":\"BreadcrumbList\",\"@id\":\"https:\\\/\\\/macite.tg\\\/?p=23493#breadcrumb\",\"itemListElement\":[{\"@type\":\"ListItem\",\"position\":1,\"name\":\"Accueil\",\"item\":\"https:\\\/\\\/macite.tg\\\/\"},{\"@type\":\"ListItem\",\"position\":2,\"name\":\"MUNICIPALES 2025 \\\/ BASSAR : Les corps de m\u00e9tiers unis derri\u00e8re les candidats du parti UNIR\"}]},{\"@type\":\"WebSite\",\"@id\":\"https:\\\/\\\/macite.tg\\\/#website\",\"url\":\"https:\\\/\\\/macite.tg\\\/\",\"name\":\"\",\"description\":\"L&#039;information, la bonne!!!\",\"potentialAction\":[{\"@type\":\"SearchAction\",\"target\":{\"@type\":\"EntryPoint\",\"urlTemplate\":\"https:\\\/\\\/macite.tg\\\/?s={search_term_string}\"},\"query-input\":{\"@type\":\"PropertyValueSpecification\",\"valueRequired\":true,\"valueName\":\"search_term_string\"}}],\"inLanguage\":\"fr-FR\"},{\"@type\":\"Person\",\"@id\":\"https:\\\/\\\/macite.tg\\\/#\\\/schema\\\/person\\\/e9f2de7e5dbbe7770a9402c7ce82f5c2\",\"name\":\"Jean Pierre BAWELA\",\"image\":{\"@type\":\"ImageObject\",\"inLanguage\":\"fr-FR\",\"@id\":\"https:\\\/\\\/macite.tg\\\/wp-content\\\/uploads\\\/2023\\\/09\\\/WhatsApp-Image-2023-09-19-at-14.44.41-122x122.jpeg\",\"url\":\"https:\\\/\\\/macite.tg\\\/wp-content\\\/uploads\\\/2023\\\/09\\\/WhatsApp-Image-2023-09-19-at-14.44.41-122x122.jpeg\",\"contentUrl\":\"https:\\\/\\\/macite.tg\\\/wp-content\\\/uploads\\\/2023\\\/09\\\/WhatsApp-Image-2023-09-19-at-14.44.41-122x122.jpeg\",\"caption\":\"Jean Pierre BAWELA\"},\"url\":\"https:\\\/\\\/macite.tg\\\/?author=2\"}]}<\/script>\n<!-- \/ Yoast SEO plugin. -->","yoast_head_json":{"title":"MUNICIPALES 2025 \/ BASSAR : Les corps de m\u00e9tiers unis derri\u00e8re les candidats du parti UNIR -","robots":{"index":"index","follow":"follow","max-snippet":"max-snippet:-1","max-image-preview":"max-image-preview:large","max-video-preview":"max-video-preview:-1"},"canonical":"https:\/\/macite.tg\/?p=23493","og_locale":"fr_FR","og_type":"article","og_title":"MUNICIPALES 2025 \/ BASSAR : Les corps de m\u00e9tiers unis derri\u00e8re les candidats du parti UNIR -","og_description":"\u00c0 quelques jours des \u00e9lections municipales du 17 juillet prochain au Togo, la mobilisation s\u2019intensifie dans la pr\u00e9fecture de Bassar. Le vendredi 11 juillet dernier, les corps de m\u00e9tiers de la localit\u00e9 ont marqu\u00e9 un temps fort de la campagne \u00e9lectorale en affichant publiquement leur [&hellip;]","og_url":"https:\/\/macite.tg\/?p=23493","article_published_time":"2025-07-14T10:09:12+00:00","article_modified_time":"2025-07-14T10:09:16+00:00","og_image":[{"width":500,"height":174,"url":"https:\/\/macite.tg\/wp-content\/uploads\/2025\/07\/Bassar-5.jpg","type":"image\/jpeg"}],"author":"Jean Pierre BAWELA","twitter_card":"summary_large_image","twitter_misc":{"\u00c9crit par":"Jean Pierre BAWELA","Dur\u00e9e de lecture estim\u00e9e":"3 minutes"},"schema":{"@context":"https:\/\/schema.org","@graph":[{"@type":"Article","@id":"https:\/\/macite.tg\/?p=23493#article","isPartOf":{"@id":"https:\/\/macite.tg\/?p=23493"},"author":{"name":"Jean Pierre BAWELA","@id":"https:\/\/macite.tg\/#\/schema\/person\/e9f2de7e5dbbe7770a9402c7ce82f5c2"},"headline":"MUNICIPALES 2025 \/ BASSAR : Les corps de m\u00e9tiers unis derri\u00e8re les candidats du parti UNIR","datePublished":"2025-07-14T10:09:12+00:00","dateModified":"2025-07-14T10:09:16+00:00","mainEntityOfPage":{"@id":"https:\/\/macite.tg\/?p=23493"},"wordCount":444,"commentCount":0,"image":{"@id":"https:\/\/macite.tg\/?p=23493#primaryimage"},"thumbnailUrl":"https:\/\/macite.tg\/wp-content\/uploads\/2025\/07\/Bassar-5.jpg","articleSection":["ACTUALITE","POLITIQUE"],"inLanguage":"fr-FR","potentialAction":[{"@type":"CommentAction","name":"Comment","target":["https:\/\/macite.tg\/?p=23493#respond"]}]},{"@type":"WebPage","@id":"https:\/\/macite.tg\/?p=23493","url":"https:\/\/macite.tg\/?p=23493","name":"MUNICIPALES 2025 \/ BASSAR : Les corps de m\u00e9tiers unis derri\u00e8re les candidats du parti UNIR -","isPartOf":{"@id":"https:\/\/macite.tg\/#website"},"primaryImageOfPage":{"@id":"https:\/\/macite.tg\/?p=23493#primaryimage"},"image":{"@id":"https:\/\/macite.tg\/?p=23493#primaryimage"},"thumbnailUrl":"https:\/\/macite.tg\/wp-content\/uploads\/2025\/07\/Bassar-5.jpg","datePublished":"2025-07-14T10:09:12+00:00","dateModified":"2025-07-14T10:09:16+00:00","author":{"@id":"https:\/\/macite.tg\/#\/schema\/person\/e9f2de7e5dbbe7770a9402c7ce82f5c2"},"breadcrumb":{"@id":"https:\/\/macite.tg\/?p=23493#breadcrumb"},"inLanguage":"fr-FR","potentialAction":[{"@type":"ReadAction","target":["https:\/\/macite.tg\/?p=23493"]}]},{"@type":"ImageObject","inLanguage":"fr-FR","@id":"https:\/\/macite.tg\/?p=23493#primaryimage","url":"https:\/\/macite.tg\/wp-content\/uploads\/2025\/07\/Bassar-5.jpg","contentUrl":"https:\/\/macite.tg\/wp-content\/uploads\/2025\/07\/Bassar-5.jpg","width":500,"height":174},{"@type":"BreadcrumbList","@id":"https:\/\/macite.tg\/?p=23493#breadcrumb","itemListElement":[{"@type":"ListItem","position":1,"name":"Accueil","item":"https:\/\/macite.tg\/"},{"@type":"ListItem","position":2,"name":"MUNICIPALES 2025 \/ BASSAR : Les corps de m\u00e9tiers unis derri\u00e8re les candidats du parti UNIR"}]},{"@type":"WebSite","@id":"https:\/\/macite.tg\/#website","url":"https:\/\/macite.tg\/","name":"","description":"L&#039;information, la bonne!!!","potentialAction":[{"@type":"SearchAction","target":{"@type":"EntryPoint","urlTemplate":"https:\/\/macite.tg\/?s={search_term_string}"},"query-input":{"@type":"PropertyValueSpecification","valueRequired":true,"valueName":"search_term_string"}}],"inLanguage":"fr-FR"},{"@type":"Person","@id":"https:\/\/macite.tg\/#\/schema\/person\/e9f2de7e5dbbe7770a9402c7ce82f5c2","name":"Jean Pierre BAWELA","image":{"@type":"ImageObject","inLanguage":"fr-FR","@id":"https:\/\/macite.tg\/wp-content\/uploads\/2023\/09\/WhatsApp-Image-2023-09-19-at-14.44.41-122x122.jpeg","url":"https:\/\/macite.tg\/wp-content\/uploads\/2023\/09\/WhatsApp-Image-2023-09-19-at-14.44.41-122x122.jpeg","contentUrl":"https:\/\/macite.tg\/wp-content\/uploads\/2023\/09\/WhatsApp-Image-2023-09-19-at-14.44.41-122x122.jpeg","caption":"Jean Pierre BAWELA"},"url":"https:\/\/macite.tg\/?author=2"}]}},"_links":{"self":[{"href":"https:\/\/macite.tg\/index.php?rest_route=\/wp\/v2\/posts\/23493","targetHints":{"allow":["GET"]}}],"collection":[{"href":"https:\/\/macite.tg\/index.php?rest_route=\/wp\/v2\/posts"}],"about":[{"href":"https:\/\/macite.tg\/index.php?rest_route=\/wp\/v2\/types\/post"}],"author":[{"embeddable":true,"href":"https:\/\/macite.tg\/index.php?rest_route=\/wp\/v2\/users\/2"}],"replies":[{"embeddable":true,"href":"https:\/\/macite.tg\/index.php?rest_route=%2Fwp%2Fv2%2Fcomments&post=23493"}],"version-history":[{"count":0,"href":"https:\/\/macite.tg\/index.php?rest_route=\/wp\/v2\/posts\/23493\/revisions"}],"wp:featuredmedia":[{"embeddable":true,"href":"https:\/\/macite.tg\/index.php?rest_route=\/wp\/v2\/media\/23497"}],"wp:attachment":[{"href":"https:\/\/macite.tg\/index.php?rest_route=%2Fwp%2Fv2%2Fmedia&parent=23493"}],"wp:term":[{"taxonomy":"category","embeddable":true,"href":"https:\/\/macite.tg\/index.php?rest_route=%2Fwp%2Fv2%2Fcategories&post=23493"},{"taxonomy":"post_tag","embeddable":true,"href":"https:\/\/macite.tg\/index.php?rest_route=%2Fwp%2Fv2%2Ftags&post=23493"}],"curies":[{"name":"wp","href":"https:\/\/api.w.org\/{rel}","templated":true}]}}