{"id":23489,"date":"2025-07-12T05:58:49","date_gmt":"2025-07-12T05:58:49","guid":{"rendered":"https:\/\/macite.tg\/?p=23489"},"modified":"2025-07-12T05:59:47","modified_gmt":"2025-07-12T05:59:47","slug":"bceao-le-gouverneur-jean-claude-kassi-brou-fait-le-point-de-la-situation-au-president-du-conseil","status":"publish","type":"post","link":"https:\/\/macite.tg\/?p=23489","title":{"rendered":"BCEAO\u00a0: Le Gouverneur Jean-Claude Kassi Brou fait le point de la situation au Pr\u00e9sident du Conseil"},"content":{"rendered":"\n<p class=\"wp-block-paragraph\"><em><strong>Le Pr\u00e9sident du Conseil, Faure Essozimna Gnassingb\u00e9 a accord\u00e9 hier vendredi 11 juillet une audience \u00e0  Jean-Claude Kassi Brou, Gouverneur de la Banque Centrale des Etats de l\u2019Afrique de l\u2019Ouest (BCEAO).<\/strong><\/em><\/p>\n\n\n\n<p class=\"wp-block-paragraph\">Cette rencontre s\u2019inscrit dans le prolongement des r\u00e9unions statutaires des organes de l\u2019Union mon\u00e9taire ouest africaine (UMOA), tenues \u00e0 Lom\u00e9 le lundi 7 juillet dernier.<\/p>\n\n\n\n<p class=\"wp-block-paragraph\">Jean-Claude Kassi Brou a fait au Pr\u00e9sident du Conseil, le point sur la situation \u00e9conomique, mon\u00e9taire et financi\u00e8re dans l\u2019Union. Il ressort que la croissance dans l\u2019Union reste soutenue, les niveaux d\u2019inflation ma\u00eetris\u00e9s, et les indicateurs jug\u00e9s satisfaisants.<\/p>\n\n\n<div class=\"wp-block-image\">\n<figure class=\"aligncenter size-large\"><img loading=\"lazy\" decoding=\"async\" width=\"724\" height=\"1024\" src=\"https:\/\/macite.tg\/wp-content\/uploads\/2025\/07\/OTR_Vente-aux-encheres-14-juillet-724x1024.jpg\" alt=\"\" class=\"wp-image-23468\" srcset=\"https:\/\/macite.tg\/wp-content\/uploads\/2025\/07\/OTR_Vente-aux-encheres-14-juillet-724x1024.jpg 724w, https:\/\/macite.tg\/wp-content\/uploads\/2025\/07\/OTR_Vente-aux-encheres-14-juillet-212x300.jpg 212w, https:\/\/macite.tg\/wp-content\/uploads\/2025\/07\/OTR_Vente-aux-encheres-14-juillet-768x1087.jpg 768w, https:\/\/macite.tg\/wp-content\/uploads\/2025\/07\/OTR_Vente-aux-encheres-14-juillet.jpg 848w\" sizes=\"auto, (max-width: 724px) 100vw, 724px\" \/><\/figure>\n<\/div>\n\n\n<p class=\"wp-block-paragraph\">\u00ab&nbsp;Nous avons depuis lundi tenu la r\u00e9union des instances de l\u2019UMOA. Cette occasion nous a permis d\u2019\u00e9changer avec le Pr\u00e9sident du Conseil sur les perspectives actuelles, la situation en termes de croissance \u00e9conomique et en mati\u00e8re d\u2019inflation. Les indicateurs sont bons et la situation aussi de notre position ext\u00e9rieure est bonne&nbsp;\u00bb a pr\u00e9cis\u00e9 le Gouverneur de la BCEAO.<\/p>\n\n\n\n<p class=\"wp-block-paragraph\">Les \u00e9changes ont \u00e9galement port\u00e9 sur les perspectives \u00e0 court et moyen terme, avec un accent particulier sur le maintien de la stabilit\u00e9 macro\u00e9conomique et la poursuite du financement de l\u2019\u00e9conomie. L\u2019objectif commun demeure la r\u00e9alisation des ambitions des \u00c9tats membres en mati\u00e8re de croissance \u00e9conomique, de d\u00e9veloppement et d\u2019emploi.<\/p>\n\n\n<div class=\"wp-block-image\">\n<figure class=\"aligncenter size-large is-resized\"><img loading=\"lazy\" decoding=\"async\" width=\"1024\" height=\"1024\" src=\"https:\/\/macite.tg\/wp-content\/uploads\/2025\/07\/OTR_IMPOT-1024x1024.jpg\" alt=\"\" class=\"wp-image-23337\" style=\"width:546px;height:auto\" srcset=\"https:\/\/macite.tg\/wp-content\/uploads\/2025\/07\/OTR_IMPOT-1024x1024.jpg 1024w, https:\/\/macite.tg\/wp-content\/uploads\/2025\/07\/OTR_IMPOT-300x300.jpg 300w, https:\/\/macite.tg\/wp-content\/uploads\/2025\/07\/OTR_IMPOT-150x150.jpg 150w, https:\/\/macite.tg\/wp-content\/uploads\/2025\/07\/OTR_IMPOT-768x768.jpg 768w, https:\/\/macite.tg\/wp-content\/uploads\/2025\/07\/OTR_IMPOT-1536x1536.jpg 1536w, https:\/\/macite.tg\/wp-content\/uploads\/2025\/07\/OTR_IMPOT-122x122.jpg 122w, https:\/\/macite.tg\/wp-content\/uploads\/2025\/07\/OTR_IMPOT.jpg 2048w\" sizes=\"auto, (max-width: 1024px) 100vw, 1024px\" \/><\/figure>\n<\/div>\n\n\n<p class=\"wp-block-paragraph\">La Banque Centrale des Etats de l\u2019Afrique de l\u2019Ouest (BCEAO) est un \u00e9tablissement public international et l\u2019Institut d\u2019\u00e9mission commun aux Etats membres de l\u2019Union Mon\u00e9taire Ouest Africaine (UMOA).<\/p>\n\n\n\n<p class=\"wp-block-paragraph\"><strong>Pr\u00e9sidence du Conseil<\/strong><\/p>\n\n\n\n<p class=\"wp-block-paragraph\"><a><strong><em>@macite.tg&nbsp;&nbsp;&nbsp;&nbsp;&nbsp;&nbsp;&nbsp;&nbsp;<\/em><\/strong><\/a><\/p>\n\n\n\n<p class=\"wp-block-paragraph\"><strong><em>E-mail&nbsp;: <\/em><\/strong><a href=\"mailto:maciteinfo@gmail.com\"><strong><em>maciteinfo@gmail.com<\/em><\/strong><\/a><strong><em>; <\/em><\/strong><a href=\"mailto:bawela1@gmail.com\"><strong><em>bawela1@gmail.com<\/em><\/strong><\/a><strong><em><\/em><\/strong><\/p>\n\n\n\n<p class=\"wp-block-paragraph\"><strong><em>Pour vos annonces, (publi)reportages, etc., joignez-nous au (00228)91515309\/<strong>79872224 <\/strong>www.macite.tg, L\u2019information, la bonne&nbsp;!<\/em><\/strong><\/p>\n\n\n\n<p class=\"wp-block-paragraph\"><\/p>\n","protected":false},"excerpt":{"rendered":"<p class=\"text-justify mb-2\" >Le Pr\u00e9sident du Conseil, Faure Essozimna Gnassingb\u00e9 a accord\u00e9 hier vendredi 11 juillet une audience \u00e0 Jean-Claude Kassi Brou, Gouverneur de la Banque Centrale des Etats de l\u2019Afrique de l\u2019Ouest (BCEAO). Cette rencontre s\u2019inscrit dans le prolongement des r\u00e9unions statutaires des organes de l\u2019Union mon\u00e9taire [&hellip;]<\/p>\n","protected":false},"author":2,"featured_media":23490,"comment_status":"open","ping_status":"open","sticky":false,"template":"","format":"standard","meta":{"footnotes":""},"categories":[20,3],"tags":[],"class_list":["post-23489","post","type-post","status-publish","format-standard","has-post-thumbnail","hentry","category-actualite","category-economie"],"yoast_head":"<!-- This site is optimized with the Yoast SEO plugin v28.4 - https:\/\/yoast.com\/product\/yoast-seo-wordpress\/ -->\n<title>BCEAO\u00a0: Le Gouverneur Jean-Claude Kassi Brou fait le point de la situation au Pr\u00e9sident du Conseil -<\/title>\n<meta name=\"robots\" content=\"index, follow, max-snippet:-1, max-image-preview:large, max-video-preview:-1\" \/>\n<link rel=\"canonical\" href=\"https:\/\/macite.tg\/?p=23489\" \/>\n<meta property=\"og:locale\" content=\"fr_FR\" \/>\n<meta property=\"og:type\" content=\"article\" \/>\n<meta property=\"og:title\" content=\"BCEAO\u00a0: Le Gouverneur Jean-Claude Kassi Brou fait le point de la situation au Pr\u00e9sident du Conseil -\" \/>\n<meta property=\"og:description\" content=\"Le Pr\u00e9sident du Conseil, Faure Essozimna Gnassingb\u00e9 a accord\u00e9 hier vendredi 11 juillet une audience \u00e0 Jean-Claude Kassi Brou, Gouverneur de la Banque Centrale des Etats de l\u2019Afrique de l\u2019Ouest (BCEAO). Cette rencontre s\u2019inscrit dans le prolongement des r\u00e9unions statutaires des organes de l\u2019Union mon\u00e9taire [&hellip;]\" \/>\n<meta property=\"og:url\" content=\"https:\/\/macite.tg\/?p=23489\" \/>\n<meta property=\"article:published_time\" content=\"2025-07-12T05:58:49+00:00\" \/>\n<meta property=\"article:modified_time\" content=\"2025-07-12T05:59:47+00:00\" \/>\n<meta property=\"og:image\" content=\"https:\/\/macite.tg\/wp-content\/uploads\/2025\/07\/BCAO.jpg\" \/>\n\t<meta property=\"og:image:width\" content=\"500\" \/>\n\t<meta property=\"og:image:height\" content=\"492\" \/>\n\t<meta property=\"og:image:type\" content=\"image\/jpeg\" \/>\n<meta name=\"author\" content=\"Jean Pierre BAWELA\" \/>\n<meta name=\"twitter:card\" content=\"summary_large_image\" \/>\n<meta name=\"twitter:label1\" content=\"\u00c9crit par\" \/>\n\t<meta name=\"twitter:data1\" content=\"Jean Pierre BAWELA\" \/>\n\t<meta name=\"twitter:label2\" content=\"Dur\u00e9e de lecture estim\u00e9e\" \/>\n\t<meta name=\"twitter:data2\" content=\"2 minutes\" \/>\n<script type=\"application\/ld+json\" class=\"yoast-schema-graph\">{\"@context\":\"https:\\\/\\\/schema.org\",\"@graph\":[{\"@type\":\"Article\",\"@id\":\"https:\\\/\\\/macite.tg\\\/?p=23489#article\",\"isPartOf\":{\"@id\":\"https:\\\/\\\/macite.tg\\\/?p=23489\"},\"author\":{\"name\":\"Jean Pierre BAWELA\",\"@id\":\"https:\\\/\\\/macite.tg\\\/#\\\/schema\\\/person\\\/e9f2de7e5dbbe7770a9402c7ce82f5c2\"},\"headline\":\"BCEAO\u00a0: Le Gouverneur Jean-Claude Kassi Brou fait le point de la situation au Pr\u00e9sident du Conseil\",\"datePublished\":\"2025-07-12T05:58:49+00:00\",\"dateModified\":\"2025-07-12T05:59:47+00:00\",\"mainEntityOfPage\":{\"@id\":\"https:\\\/\\\/macite.tg\\\/?p=23489\"},\"wordCount\":319,\"commentCount\":0,\"image\":{\"@id\":\"https:\\\/\\\/macite.tg\\\/?p=23489#primaryimage\"},\"thumbnailUrl\":\"https:\\\/\\\/macite.tg\\\/wp-content\\\/uploads\\\/2025\\\/07\\\/BCAO.jpg\",\"articleSection\":[\"ACTUALITE\",\"ECONOMIE\"],\"inLanguage\":\"fr-FR\",\"potentialAction\":[{\"@type\":\"CommentAction\",\"name\":\"Comment\",\"target\":[\"https:\\\/\\\/macite.tg\\\/?p=23489#respond\"]}]},{\"@type\":\"WebPage\",\"@id\":\"https:\\\/\\\/macite.tg\\\/?p=23489\",\"url\":\"https:\\\/\\\/macite.tg\\\/?p=23489\",\"name\":\"BCEAO\u00a0: Le Gouverneur Jean-Claude Kassi Brou fait le point de la situation au Pr\u00e9sident du Conseil -\",\"isPartOf\":{\"@id\":\"https:\\\/\\\/macite.tg\\\/#website\"},\"primaryImageOfPage\":{\"@id\":\"https:\\\/\\\/macite.tg\\\/?p=23489#primaryimage\"},\"image\":{\"@id\":\"https:\\\/\\\/macite.tg\\\/?p=23489#primaryimage\"},\"thumbnailUrl\":\"https:\\\/\\\/macite.tg\\\/wp-content\\\/uploads\\\/2025\\\/07\\\/BCAO.jpg\",\"datePublished\":\"2025-07-12T05:58:49+00:00\",\"dateModified\":\"2025-07-12T05:59:47+00:00\",\"author\":{\"@id\":\"https:\\\/\\\/macite.tg\\\/#\\\/schema\\\/person\\\/e9f2de7e5dbbe7770a9402c7ce82f5c2\"},\"breadcrumb\":{\"@id\":\"https:\\\/\\\/macite.tg\\\/?p=23489#breadcrumb\"},\"inLanguage\":\"fr-FR\",\"potentialAction\":[{\"@type\":\"ReadAction\",\"target\":[\"https:\\\/\\\/macite.tg\\\/?p=23489\"]}]},{\"@type\":\"ImageObject\",\"inLanguage\":\"fr-FR\",\"@id\":\"https:\\\/\\\/macite.tg\\\/?p=23489#primaryimage\",\"url\":\"https:\\\/\\\/macite.tg\\\/wp-content\\\/uploads\\\/2025\\\/07\\\/BCAO.jpg\",\"contentUrl\":\"https:\\\/\\\/macite.tg\\\/wp-content\\\/uploads\\\/2025\\\/07\\\/BCAO.jpg\",\"width\":500,\"height\":492},{\"@type\":\"BreadcrumbList\",\"@id\":\"https:\\\/\\\/macite.tg\\\/?p=23489#breadcrumb\",\"itemListElement\":[{\"@type\":\"ListItem\",\"position\":1,\"name\":\"Accueil\",\"item\":\"https:\\\/\\\/macite.tg\\\/\"},{\"@type\":\"ListItem\",\"position\":2,\"name\":\"BCEAO\u00a0: Le Gouverneur Jean-Claude Kassi Brou fait le point de la situation au Pr\u00e9sident du Conseil\"}]},{\"@type\":\"WebSite\",\"@id\":\"https:\\\/\\\/macite.tg\\\/#website\",\"url\":\"https:\\\/\\\/macite.tg\\\/\",\"name\":\"\",\"description\":\"L&#039;information, la bonne!!!\",\"potentialAction\":[{\"@type\":\"SearchAction\",\"target\":{\"@type\":\"EntryPoint\",\"urlTemplate\":\"https:\\\/\\\/macite.tg\\\/?s={search_term_string}\"},\"query-input\":{\"@type\":\"PropertyValueSpecification\",\"valueRequired\":true,\"valueName\":\"search_term_string\"}}],\"inLanguage\":\"fr-FR\"},{\"@type\":\"Person\",\"@id\":\"https:\\\/\\\/macite.tg\\\/#\\\/schema\\\/person\\\/e9f2de7e5dbbe7770a9402c7ce82f5c2\",\"name\":\"Jean Pierre BAWELA\",\"image\":{\"@type\":\"ImageObject\",\"inLanguage\":\"fr-FR\",\"@id\":\"https:\\\/\\\/macite.tg\\\/wp-content\\\/uploads\\\/2023\\\/09\\\/WhatsApp-Image-2023-09-19-at-14.44.41-122x122.jpeg\",\"url\":\"https:\\\/\\\/macite.tg\\\/wp-content\\\/uploads\\\/2023\\\/09\\\/WhatsApp-Image-2023-09-19-at-14.44.41-122x122.jpeg\",\"contentUrl\":\"https:\\\/\\\/macite.tg\\\/wp-content\\\/uploads\\\/2023\\\/09\\\/WhatsApp-Image-2023-09-19-at-14.44.41-122x122.jpeg\",\"caption\":\"Jean Pierre BAWELA\"},\"url\":\"https:\\\/\\\/macite.tg\\\/?author=2\"}]}<\/script>\n<!-- \/ Yoast SEO plugin. -->","yoast_head_json":{"title":"BCEAO\u00a0: Le Gouverneur Jean-Claude Kassi Brou fait le point de la situation au Pr\u00e9sident du Conseil -","robots":{"index":"index","follow":"follow","max-snippet":"max-snippet:-1","max-image-preview":"max-image-preview:large","max-video-preview":"max-video-preview:-1"},"canonical":"https:\/\/macite.tg\/?p=23489","og_locale":"fr_FR","og_type":"article","og_title":"BCEAO\u00a0: Le Gouverneur Jean-Claude Kassi Brou fait le point de la situation au Pr\u00e9sident du Conseil -","og_description":"Le Pr\u00e9sident du Conseil, Faure Essozimna Gnassingb\u00e9 a accord\u00e9 hier vendredi 11 juillet une audience \u00e0 Jean-Claude Kassi Brou, Gouverneur de la Banque Centrale des Etats de l\u2019Afrique de l\u2019Ouest (BCEAO). Cette rencontre s\u2019inscrit dans le prolongement des r\u00e9unions statutaires des organes de l\u2019Union mon\u00e9taire [&hellip;]","og_url":"https:\/\/macite.tg\/?p=23489","article_published_time":"2025-07-12T05:58:49+00:00","article_modified_time":"2025-07-12T05:59:47+00:00","og_image":[{"width":500,"height":492,"url":"https:\/\/macite.tg\/wp-content\/uploads\/2025\/07\/BCAO.jpg","type":"image\/jpeg"}],"author":"Jean Pierre BAWELA","twitter_card":"summary_large_image","twitter_misc":{"\u00c9crit par":"Jean Pierre BAWELA","Dur\u00e9e de lecture estim\u00e9e":"2 minutes"},"schema":{"@context":"https:\/\/schema.org","@graph":[{"@type":"Article","@id":"https:\/\/macite.tg\/?p=23489#article","isPartOf":{"@id":"https:\/\/macite.tg\/?p=23489"},"author":{"name":"Jean Pierre BAWELA","@id":"https:\/\/macite.tg\/#\/schema\/person\/e9f2de7e5dbbe7770a9402c7ce82f5c2"},"headline":"BCEAO\u00a0: Le Gouverneur Jean-Claude Kassi Brou fait le point de la situation au Pr\u00e9sident du Conseil","datePublished":"2025-07-12T05:58:49+00:00","dateModified":"2025-07-12T05:59:47+00:00","mainEntityOfPage":{"@id":"https:\/\/macite.tg\/?p=23489"},"wordCount":319,"commentCount":0,"image":{"@id":"https:\/\/macite.tg\/?p=23489#primaryimage"},"thumbnailUrl":"https:\/\/macite.tg\/wp-content\/uploads\/2025\/07\/BCAO.jpg","articleSection":["ACTUALITE","ECONOMIE"],"inLanguage":"fr-FR","potentialAction":[{"@type":"CommentAction","name":"Comment","target":["https:\/\/macite.tg\/?p=23489#respond"]}]},{"@type":"WebPage","@id":"https:\/\/macite.tg\/?p=23489","url":"https:\/\/macite.tg\/?p=23489","name":"BCEAO\u00a0: Le Gouverneur Jean-Claude Kassi Brou fait le point de la situation au Pr\u00e9sident du Conseil -","isPartOf":{"@id":"https:\/\/macite.tg\/#website"},"primaryImageOfPage":{"@id":"https:\/\/macite.tg\/?p=23489#primaryimage"},"image":{"@id":"https:\/\/macite.tg\/?p=23489#primaryimage"},"thumbnailUrl":"https:\/\/macite.tg\/wp-content\/uploads\/2025\/07\/BCAO.jpg","datePublished":"2025-07-12T05:58:49+00:00","dateModified":"2025-07-12T05:59:47+00:00","author":{"@id":"https:\/\/macite.tg\/#\/schema\/person\/e9f2de7e5dbbe7770a9402c7ce82f5c2"},"breadcrumb":{"@id":"https:\/\/macite.tg\/?p=23489#breadcrumb"},"inLanguage":"fr-FR","potentialAction":[{"@type":"ReadAction","target":["https:\/\/macite.tg\/?p=23489"]}]},{"@type":"ImageObject","inLanguage":"fr-FR","@id":"https:\/\/macite.tg\/?p=23489#primaryimage","url":"https:\/\/macite.tg\/wp-content\/uploads\/2025\/07\/BCAO.jpg","contentUrl":"https:\/\/macite.tg\/wp-content\/uploads\/2025\/07\/BCAO.jpg","width":500,"height":492},{"@type":"BreadcrumbList","@id":"https:\/\/macite.tg\/?p=23489#breadcrumb","itemListElement":[{"@type":"ListItem","position":1,"name":"Accueil","item":"https:\/\/macite.tg\/"},{"@type":"ListItem","position":2,"name":"BCEAO\u00a0: Le Gouverneur Jean-Claude Kassi Brou fait le point de la situation au Pr\u00e9sident du Conseil"}]},{"@type":"WebSite","@id":"https:\/\/macite.tg\/#website","url":"https:\/\/macite.tg\/","name":"","description":"L&#039;information, la bonne!!!","potentialAction":[{"@type":"SearchAction","target":{"@type":"EntryPoint","urlTemplate":"https:\/\/macite.tg\/?s={search_term_string}"},"query-input":{"@type":"PropertyValueSpecification","valueRequired":true,"valueName":"search_term_string"}}],"inLanguage":"fr-FR"},{"@type":"Person","@id":"https:\/\/macite.tg\/#\/schema\/person\/e9f2de7e5dbbe7770a9402c7ce82f5c2","name":"Jean Pierre BAWELA","image":{"@type":"ImageObject","inLanguage":"fr-FR","@id":"https:\/\/macite.tg\/wp-content\/uploads\/2023\/09\/WhatsApp-Image-2023-09-19-at-14.44.41-122x122.jpeg","url":"https:\/\/macite.tg\/wp-content\/uploads\/2023\/09\/WhatsApp-Image-2023-09-19-at-14.44.41-122x122.jpeg","contentUrl":"https:\/\/macite.tg\/wp-content\/uploads\/2023\/09\/WhatsApp-Image-2023-09-19-at-14.44.41-122x122.jpeg","caption":"Jean Pierre BAWELA"},"url":"https:\/\/macite.tg\/?author=2"}]}},"_links":{"self":[{"href":"https:\/\/macite.tg\/index.php?rest_route=\/wp\/v2\/posts\/23489","targetHints":{"allow":["GET"]}}],"collection":[{"href":"https:\/\/macite.tg\/index.php?rest_route=\/wp\/v2\/posts"}],"about":[{"href":"https:\/\/macite.tg\/index.php?rest_route=\/wp\/v2\/types\/post"}],"author":[{"embeddable":true,"href":"https:\/\/macite.tg\/index.php?rest_route=\/wp\/v2\/users\/2"}],"replies":[{"embeddable":true,"href":"https:\/\/macite.tg\/index.php?rest_route=%2Fwp%2Fv2%2Fcomments&post=23489"}],"version-history":[{"count":0,"href":"https:\/\/macite.tg\/index.php?rest_route=\/wp\/v2\/posts\/23489\/revisions"}],"wp:featuredmedia":[{"embeddable":true,"href":"https:\/\/macite.tg\/index.php?rest_route=\/wp\/v2\/media\/23490"}],"wp:attachment":[{"href":"https:\/\/macite.tg\/index.php?rest_route=%2Fwp%2Fv2%2Fmedia&parent=23489"}],"wp:term":[{"taxonomy":"category","embeddable":true,"href":"https:\/\/macite.tg\/index.php?rest_route=%2Fwp%2Fv2%2Fcategories&post=23489"},{"taxonomy":"post_tag","embeddable":true,"href":"https:\/\/macite.tg\/index.php?rest_route=%2Fwp%2Fv2%2Ftags&post=23489"}],"curies":[{"name":"wp","href":"https:\/\/api.w.org\/{rel}","templated":true}]}}