{"id":23485,"date":"2025-07-11T17:30:20","date_gmt":"2025-07-11T17:30:20","guid":{"rendered":"https:\/\/macite.tg\/?p=23485"},"modified":"2025-07-11T17:30:24","modified_gmt":"2025-07-11T17:30:24","slug":"presidentielle-au-cameroun-rdpc-le-front-contre-la-candidature-de-paul-biya-deja-en-marche","status":"publish","type":"post","link":"https:\/\/macite.tg\/?p=23485","title":{"rendered":"PRESIDENTIELLE AU CAMEROUN-RDPC : Le front contre la candidature de Paul Biya d\u00e9j\u00e0 en marche"},"content":{"rendered":"\n<p class=\"wp-block-paragraph\"><strong><em>Des ministres et cadres du partis affichent d\u00e9sormais leurs dissensions sur une \u00e9ventuelle candidature du Pr\u00e9sident Paul Biya pour les \u00e9lections d\u2019octobre prochain.<\/em><\/strong><em><\/em><\/p>\n\n\n\n<p class=\"wp-block-paragraph\"><em>\u00ab Je pense que cela peut relever d\u2019une tactique politique au sein du RDPC, qui aujourd\u2019hui, est en ballottage d\u00e9favorable \u00bb, a expliqu\u00e9<\/em> Jean, habitant de Yaound\u00e9.<\/p>\n\n\n\n<p class=\"wp-block-paragraph\"><em>\u00ab Cette bataille d\u00e9montre \u00e0 suffire et on pourra dire que le pays n\u2019est pas gouvern\u00e9 parce qu\u2019il n\u2019y a pas de patron pour taper la main sur la table. Et le mutisme du Pr\u00e9sident de la R\u00e9publique est en train d\u2019occasionner tout ce d\u00e9sordre \u00bb,<\/em> a indiqu\u00e9 Yves Tuya, habitant de Yaound\u00e9.<\/p>\n\n\n<div class=\"wp-block-image\">\n<figure class=\"aligncenter size-large is-resized\"><img loading=\"lazy\" decoding=\"async\" width=\"724\" height=\"1024\" src=\"https:\/\/macite.tg\/wp-content\/uploads\/2025\/07\/OTR_Vente-aux-encheres-14-juillet-724x1024.jpg\" alt=\"\" class=\"wp-image-23468\" style=\"width:616px;height:auto\" srcset=\"https:\/\/macite.tg\/wp-content\/uploads\/2025\/07\/OTR_Vente-aux-encheres-14-juillet-724x1024.jpg 724w, https:\/\/macite.tg\/wp-content\/uploads\/2025\/07\/OTR_Vente-aux-encheres-14-juillet-212x300.jpg 212w, https:\/\/macite.tg\/wp-content\/uploads\/2025\/07\/OTR_Vente-aux-encheres-14-juillet-768x1087.jpg 768w, https:\/\/macite.tg\/wp-content\/uploads\/2025\/07\/OTR_Vente-aux-encheres-14-juillet.jpg 848w\" sizes=\"auto, (max-width: 724px) 100vw, 724px\" \/><\/figure>\n<\/div>\n\n\n<p class=\"wp-block-paragraph\">Une situation in\u00e9dite que ce parti n\u2019a jamais connu depuis sa cr\u00e9ation, qui selon les analystes politiques embarrassent les militants et pose le probl\u00e8me de l\u00e9gitimit\u00e9 du RDPC.<\/p>\n\n\n\n<p class=\"wp-block-paragraph\"><em>\u00ab On a le ministre Sadi par exemple qui ne sait trop quoi dire&nbsp;; on a le ministre Jacques Fame Ndongo qui essaye de rassurer, mais en r\u00e9alit\u00e9 les Camerounais ne sont pas dupes par rapport \u00e0 \u00e7a. Et mieux encore, les militants de leur parti ne savent pas \u00e0 quel saint se vouer. Et ce qui est de plus dangereux dans ce genre de situation c\u2019est que tout repousse sur un seul homme. Et on est \u00e0 m\u00eame de se demander quand on est dans ce genre de situation, est-ce que ce genre de parti a encore la l\u00e9gitimit\u00e9 de parler au nom du peuple puisqu\u2019en leur propre sein, ils sont dans l\u2019incapacit\u00e9 de pouvoir s\u2019entendre et parler d\u2019une m\u00eame voix \u00bb.<\/em><\/p>\n\n\n\n<p class=\"wp-block-paragraph\">Pour l\u2019analyste politique Landry Antanga, il est clair que le parti au pouvoir est d\u00e9sormais au bord de l\u2019implosion au Cameroun car les t\u00e9nors ont d\u00e9montr\u00e9 leurs limites et leur incapacit\u00e9 \u00e0 pr\u00e9parer la rel\u00e8ve.&nbsp;<\/p>\n\n\n<div class=\"wp-block-image\">\n<figure class=\"aligncenter size-full\"><img loading=\"lazy\" decoding=\"async\" width=\"851\" height=\"315\" src=\"https:\/\/macite.tg\/wp-content\/uploads\/2025\/07\/OTR_Bandeau-Renseignements.jpg\" alt=\"\" class=\"wp-image-23450\" srcset=\"https:\/\/macite.tg\/wp-content\/uploads\/2025\/07\/OTR_Bandeau-Renseignements.jpg 851w, https:\/\/macite.tg\/wp-content\/uploads\/2025\/07\/OTR_Bandeau-Renseignements-300x111.jpg 300w, https:\/\/macite.tg\/wp-content\/uploads\/2025\/07\/OTR_Bandeau-Renseignements-768x284.jpg 768w\" sizes=\"auto, (max-width: 851px) 100vw, 851px\" \/><\/figure>\n<\/div>\n\n\n<p class=\"wp-block-paragraph\"><em>\u00ab La cacophonie qu\u2019on ressent au niveau de la maison RDPC ces derniers temps peut \u00eatre comprise sur 3 \u00e9l\u00e9ments. Le premier \u00e9l\u00e9ment est l\u2019absence d\u2019une ligne claire. Le deuxi\u00e8me est l\u2019absence d\u2019une rel\u00e8ve assum\u00e9e et la troisi\u00e8me est la peur d\u2019une vacance au sommet \u00bb<\/em>, a expliqu\u00e9 Landry Atangana, analyste politique.<\/p>\n\n\n\n<p class=\"wp-block-paragraph\">Il ne s\u2019agit plus d\u2019une dissidence cach\u00e9e mais d\u2019une fracture assum\u00e9e au sein du RDPC. Pour l\u2019expert la transition est d\u00e9sormais in\u00e9vitable d\u00e8s octobre prochain.<\/p>\n\n\n\n<p class=\"wp-block-paragraph\"><em>\u00ab Les voix qui se taisaient avant sont en train de parler de plus en plus au sein du parti. Et on est pass\u00e9 d\u2019une dissidence cach\u00e9e \u00e0 une fracture assum\u00e9e. Les partis d\u2019opposition, les anciens qui \u00e9taient dans l\u2019alliance hier ont d\u00e9cid\u00e9s reconfigurer la sc\u00e8ne politique au Cameroun. On est actuellement dans une situation o\u00f9 on a une transition qu\u2019on le veule ou pas au sein du pays \u00bb,<\/em> a ajout\u00e9 l&rsquo;analyste politique.<\/p>\n\n\n<div class=\"wp-block-image\">\n<figure class=\"aligncenter size-large is-resized\"><img loading=\"lazy\" decoding=\"async\" width=\"1024\" height=\"1024\" src=\"https:\/\/macite.tg\/wp-content\/uploads\/2025\/07\/OTR_IMPOT-1024x1024.jpg\" alt=\"\" class=\"wp-image-23337\" style=\"width:598px;height:auto\" srcset=\"https:\/\/macite.tg\/wp-content\/uploads\/2025\/07\/OTR_IMPOT-1024x1024.jpg 1024w, https:\/\/macite.tg\/wp-content\/uploads\/2025\/07\/OTR_IMPOT-300x300.jpg 300w, https:\/\/macite.tg\/wp-content\/uploads\/2025\/07\/OTR_IMPOT-150x150.jpg 150w, https:\/\/macite.tg\/wp-content\/uploads\/2025\/07\/OTR_IMPOT-768x768.jpg 768w, https:\/\/macite.tg\/wp-content\/uploads\/2025\/07\/OTR_IMPOT-1536x1536.jpg 1536w, https:\/\/macite.tg\/wp-content\/uploads\/2025\/07\/OTR_IMPOT-122x122.jpg 122w, https:\/\/macite.tg\/wp-content\/uploads\/2025\/07\/OTR_IMPOT.jpg 2048w\" sizes=\"auto, (max-width: 1024px) 100vw, 1024px\" \/><\/figure>\n<\/div>\n\n\n<p class=\"wp-block-paragraph\">Pour les observateurs, la rupture des alli\u00e9s historiques du RDPC et cette situation devrait donner \u00e0 l\u2019opposition l\u2019ultime chance de sortir le Cameroun de 43 ans de r\u00e8gne sans partage du parti au pouvoir en octobre.<\/p>\n\n\n\n<p class=\"wp-block-paragraph\"><strong>MSN<\/strong><\/p>\n\n\n\n<p class=\"wp-block-paragraph\"><a><strong><em>@macite.tg&nbsp;&nbsp;&nbsp;&nbsp;&nbsp;&nbsp;&nbsp;&nbsp;<\/em><\/strong><\/a><\/p>\n\n\n\n<p class=\"wp-block-paragraph\"><a><strong><em>E-mail&nbsp;: <\/em><\/strong><\/a><a href=\"mailto:maciteinfo@gmail.com\"><strong><em>maciteinfo@gmail.com<\/em><\/strong><\/a><strong><em>; <\/em><\/strong><a href=\"mailto:bawela1@gmail.com\"><strong><em>bawela1@gmail.com<\/em><\/strong><\/a><strong><em><\/em><\/strong><\/p>\n\n\n\n<p class=\"wp-block-paragraph\"><strong><em>Pour vos annonces, (publi)reportages, etc.,<\/em><\/strong><\/p>\n\n\n\n<p class=\"wp-block-paragraph\"><strong><em>joignez-nous au (00228)91515309\/<strong>79872224<\/strong><\/em><\/strong><\/p>\n\n\n\n<p class=\"wp-block-paragraph\"><strong><em>www.macite.tg, L\u2019information, la bonne&nbsp;!<\/em><\/strong><\/p>\n\n\n\n<p class=\"wp-block-paragraph\"><\/p>\n","protected":false},"excerpt":{"rendered":"<p class=\"text-justify mb-2\" >Des ministres et cadres du partis affichent d\u00e9sormais leurs dissensions sur une \u00e9ventuelle candidature du Pr\u00e9sident Paul Biya pour les \u00e9lections d\u2019octobre prochain. \u00ab Je pense que cela peut relever d\u2019une tactique politique au sein du RDPC, qui aujourd\u2019hui, est en ballottage d\u00e9favorable \u00bb, a [&hellip;]<\/p>\n","protected":false},"author":2,"featured_media":23487,"comment_status":"open","ping_status":"open","sticky":false,"template":"","format":"standard","meta":{"footnotes":""},"categories":[20,1],"tags":[],"class_list":["post-23485","post","type-post","status-publish","format-standard","has-post-thumbnail","hentry","category-actualite","category-politique"],"yoast_head":"<!-- This site is optimized with the Yoast SEO plugin v28.4 - https:\/\/yoast.com\/product\/yoast-seo-wordpress\/ -->\n<title>PRESIDENTIELLE AU CAMEROUN-RDPC : Le front contre la candidature de Paul Biya d\u00e9j\u00e0 en marche -<\/title>\n<meta name=\"robots\" content=\"index, follow, max-snippet:-1, max-image-preview:large, max-video-preview:-1\" \/>\n<link rel=\"canonical\" href=\"https:\/\/macite.tg\/?p=23485\" \/>\n<meta property=\"og:locale\" content=\"fr_FR\" \/>\n<meta property=\"og:type\" content=\"article\" \/>\n<meta property=\"og:title\" content=\"PRESIDENTIELLE AU CAMEROUN-RDPC : Le front contre la candidature de Paul Biya d\u00e9j\u00e0 en marche -\" \/>\n<meta property=\"og:description\" content=\"Des ministres et cadres du partis affichent d\u00e9sormais leurs dissensions sur une \u00e9ventuelle candidature du Pr\u00e9sident Paul Biya pour les \u00e9lections d\u2019octobre prochain. \u00ab Je pense que cela peut relever d\u2019une tactique politique au sein du RDPC, qui aujourd\u2019hui, est en ballottage d\u00e9favorable \u00bb, a [&hellip;]\" \/>\n<meta property=\"og:url\" content=\"https:\/\/macite.tg\/?p=23485\" \/>\n<meta property=\"article:published_time\" content=\"2025-07-11T17:30:20+00:00\" \/>\n<meta property=\"article:modified_time\" content=\"2025-07-11T17:30:24+00:00\" \/>\n<meta property=\"og:image\" content=\"https:\/\/macite.tg\/wp-content\/uploads\/2025\/07\/image-37.png\" \/>\n\t<meta property=\"og:image:width\" content=\"534\" \/>\n\t<meta property=\"og:image:height\" content=\"300\" \/>\n\t<meta property=\"og:image:type\" content=\"image\/png\" \/>\n<meta name=\"author\" content=\"Jean Pierre BAWELA\" \/>\n<meta name=\"twitter:card\" content=\"summary_large_image\" \/>\n<meta name=\"twitter:label1\" content=\"\u00c9crit par\" \/>\n\t<meta name=\"twitter:data1\" content=\"Jean Pierre BAWELA\" \/>\n\t<meta name=\"twitter:label2\" content=\"Dur\u00e9e de lecture estim\u00e9e\" \/>\n\t<meta name=\"twitter:data2\" content=\"4 minutes\" \/>\n<script type=\"application\/ld+json\" class=\"yoast-schema-graph\">{\"@context\":\"https:\\\/\\\/schema.org\",\"@graph\":[{\"@type\":\"Article\",\"@id\":\"https:\\\/\\\/macite.tg\\\/?p=23485#article\",\"isPartOf\":{\"@id\":\"https:\\\/\\\/macite.tg\\\/?p=23485\"},\"author\":{\"name\":\"Jean Pierre BAWELA\",\"@id\":\"https:\\\/\\\/macite.tg\\\/#\\\/schema\\\/person\\\/e9f2de7e5dbbe7770a9402c7ce82f5c2\"},\"headline\":\"PRESIDENTIELLE AU CAMEROUN-RDPC : Le front contre la candidature de Paul Biya d\u00e9j\u00e0 en marche\",\"datePublished\":\"2025-07-11T17:30:20+00:00\",\"dateModified\":\"2025-07-11T17:30:24+00:00\",\"mainEntityOfPage\":{\"@id\":\"https:\\\/\\\/macite.tg\\\/?p=23485\"},\"wordCount\":579,\"commentCount\":0,\"image\":{\"@id\":\"https:\\\/\\\/macite.tg\\\/?p=23485#primaryimage\"},\"thumbnailUrl\":\"https:\\\/\\\/macite.tg\\\/wp-content\\\/uploads\\\/2025\\\/07\\\/image-37.png\",\"articleSection\":[\"ACTUALITE\",\"POLITIQUE\"],\"inLanguage\":\"fr-FR\",\"potentialAction\":[{\"@type\":\"CommentAction\",\"name\":\"Comment\",\"target\":[\"https:\\\/\\\/macite.tg\\\/?p=23485#respond\"]}]},{\"@type\":\"WebPage\",\"@id\":\"https:\\\/\\\/macite.tg\\\/?p=23485\",\"url\":\"https:\\\/\\\/macite.tg\\\/?p=23485\",\"name\":\"PRESIDENTIELLE AU CAMEROUN-RDPC : Le front contre la candidature de Paul Biya d\u00e9j\u00e0 en marche -\",\"isPartOf\":{\"@id\":\"https:\\\/\\\/macite.tg\\\/#website\"},\"primaryImageOfPage\":{\"@id\":\"https:\\\/\\\/macite.tg\\\/?p=23485#primaryimage\"},\"image\":{\"@id\":\"https:\\\/\\\/macite.tg\\\/?p=23485#primaryimage\"},\"thumbnailUrl\":\"https:\\\/\\\/macite.tg\\\/wp-content\\\/uploads\\\/2025\\\/07\\\/image-37.png\",\"datePublished\":\"2025-07-11T17:30:20+00:00\",\"dateModified\":\"2025-07-11T17:30:24+00:00\",\"author\":{\"@id\":\"https:\\\/\\\/macite.tg\\\/#\\\/schema\\\/person\\\/e9f2de7e5dbbe7770a9402c7ce82f5c2\"},\"breadcrumb\":{\"@id\":\"https:\\\/\\\/macite.tg\\\/?p=23485#breadcrumb\"},\"inLanguage\":\"fr-FR\",\"potentialAction\":[{\"@type\":\"ReadAction\",\"target\":[\"https:\\\/\\\/macite.tg\\\/?p=23485\"]}]},{\"@type\":\"ImageObject\",\"inLanguage\":\"fr-FR\",\"@id\":\"https:\\\/\\\/macite.tg\\\/?p=23485#primaryimage\",\"url\":\"https:\\\/\\\/macite.tg\\\/wp-content\\\/uploads\\\/2025\\\/07\\\/image-37.png\",\"contentUrl\":\"https:\\\/\\\/macite.tg\\\/wp-content\\\/uploads\\\/2025\\\/07\\\/image-37.png\",\"width\":534,\"height\":300,\"caption\":\"Le pr\u00e9sident Paul Biya\"},{\"@type\":\"BreadcrumbList\",\"@id\":\"https:\\\/\\\/macite.tg\\\/?p=23485#breadcrumb\",\"itemListElement\":[{\"@type\":\"ListItem\",\"position\":1,\"name\":\"Accueil\",\"item\":\"https:\\\/\\\/macite.tg\\\/\"},{\"@type\":\"ListItem\",\"position\":2,\"name\":\"PRESIDENTIELLE AU CAMEROUN-RDPC : Le front contre la candidature de Paul Biya d\u00e9j\u00e0 en marche\"}]},{\"@type\":\"WebSite\",\"@id\":\"https:\\\/\\\/macite.tg\\\/#website\",\"url\":\"https:\\\/\\\/macite.tg\\\/\",\"name\":\"\",\"description\":\"L&#039;information, la bonne!!!\",\"potentialAction\":[{\"@type\":\"SearchAction\",\"target\":{\"@type\":\"EntryPoint\",\"urlTemplate\":\"https:\\\/\\\/macite.tg\\\/?s={search_term_string}\"},\"query-input\":{\"@type\":\"PropertyValueSpecification\",\"valueRequired\":true,\"valueName\":\"search_term_string\"}}],\"inLanguage\":\"fr-FR\"},{\"@type\":\"Person\",\"@id\":\"https:\\\/\\\/macite.tg\\\/#\\\/schema\\\/person\\\/e9f2de7e5dbbe7770a9402c7ce82f5c2\",\"name\":\"Jean Pierre BAWELA\",\"image\":{\"@type\":\"ImageObject\",\"inLanguage\":\"fr-FR\",\"@id\":\"https:\\\/\\\/macite.tg\\\/wp-content\\\/uploads\\\/2023\\\/09\\\/WhatsApp-Image-2023-09-19-at-14.44.41-122x122.jpeg\",\"url\":\"https:\\\/\\\/macite.tg\\\/wp-content\\\/uploads\\\/2023\\\/09\\\/WhatsApp-Image-2023-09-19-at-14.44.41-122x122.jpeg\",\"contentUrl\":\"https:\\\/\\\/macite.tg\\\/wp-content\\\/uploads\\\/2023\\\/09\\\/WhatsApp-Image-2023-09-19-at-14.44.41-122x122.jpeg\",\"caption\":\"Jean Pierre BAWELA\"},\"url\":\"https:\\\/\\\/macite.tg\\\/?author=2\"}]}<\/script>\n<!-- \/ Yoast SEO plugin. -->","yoast_head_json":{"title":"PRESIDENTIELLE AU CAMEROUN-RDPC : Le front contre la candidature de Paul Biya d\u00e9j\u00e0 en marche -","robots":{"index":"index","follow":"follow","max-snippet":"max-snippet:-1","max-image-preview":"max-image-preview:large","max-video-preview":"max-video-preview:-1"},"canonical":"https:\/\/macite.tg\/?p=23485","og_locale":"fr_FR","og_type":"article","og_title":"PRESIDENTIELLE AU CAMEROUN-RDPC : Le front contre la candidature de Paul Biya d\u00e9j\u00e0 en marche -","og_description":"Des ministres et cadres du partis affichent d\u00e9sormais leurs dissensions sur une \u00e9ventuelle candidature du Pr\u00e9sident Paul Biya pour les \u00e9lections d\u2019octobre prochain. \u00ab Je pense que cela peut relever d\u2019une tactique politique au sein du RDPC, qui aujourd\u2019hui, est en ballottage d\u00e9favorable \u00bb, a [&hellip;]","og_url":"https:\/\/macite.tg\/?p=23485","article_published_time":"2025-07-11T17:30:20+00:00","article_modified_time":"2025-07-11T17:30:24+00:00","og_image":[{"width":534,"height":300,"url":"https:\/\/macite.tg\/wp-content\/uploads\/2025\/07\/image-37.png","type":"image\/png"}],"author":"Jean Pierre BAWELA","twitter_card":"summary_large_image","twitter_misc":{"\u00c9crit par":"Jean Pierre BAWELA","Dur\u00e9e de lecture estim\u00e9e":"4 minutes"},"schema":{"@context":"https:\/\/schema.org","@graph":[{"@type":"Article","@id":"https:\/\/macite.tg\/?p=23485#article","isPartOf":{"@id":"https:\/\/macite.tg\/?p=23485"},"author":{"name":"Jean Pierre BAWELA","@id":"https:\/\/macite.tg\/#\/schema\/person\/e9f2de7e5dbbe7770a9402c7ce82f5c2"},"headline":"PRESIDENTIELLE AU CAMEROUN-RDPC : Le front contre la candidature de Paul Biya d\u00e9j\u00e0 en marche","datePublished":"2025-07-11T17:30:20+00:00","dateModified":"2025-07-11T17:30:24+00:00","mainEntityOfPage":{"@id":"https:\/\/macite.tg\/?p=23485"},"wordCount":579,"commentCount":0,"image":{"@id":"https:\/\/macite.tg\/?p=23485#primaryimage"},"thumbnailUrl":"https:\/\/macite.tg\/wp-content\/uploads\/2025\/07\/image-37.png","articleSection":["ACTUALITE","POLITIQUE"],"inLanguage":"fr-FR","potentialAction":[{"@type":"CommentAction","name":"Comment","target":["https:\/\/macite.tg\/?p=23485#respond"]}]},{"@type":"WebPage","@id":"https:\/\/macite.tg\/?p=23485","url":"https:\/\/macite.tg\/?p=23485","name":"PRESIDENTIELLE AU CAMEROUN-RDPC : Le front contre la candidature de Paul Biya d\u00e9j\u00e0 en marche -","isPartOf":{"@id":"https:\/\/macite.tg\/#website"},"primaryImageOfPage":{"@id":"https:\/\/macite.tg\/?p=23485#primaryimage"},"image":{"@id":"https:\/\/macite.tg\/?p=23485#primaryimage"},"thumbnailUrl":"https:\/\/macite.tg\/wp-content\/uploads\/2025\/07\/image-37.png","datePublished":"2025-07-11T17:30:20+00:00","dateModified":"2025-07-11T17:30:24+00:00","author":{"@id":"https:\/\/macite.tg\/#\/schema\/person\/e9f2de7e5dbbe7770a9402c7ce82f5c2"},"breadcrumb":{"@id":"https:\/\/macite.tg\/?p=23485#breadcrumb"},"inLanguage":"fr-FR","potentialAction":[{"@type":"ReadAction","target":["https:\/\/macite.tg\/?p=23485"]}]},{"@type":"ImageObject","inLanguage":"fr-FR","@id":"https:\/\/macite.tg\/?p=23485#primaryimage","url":"https:\/\/macite.tg\/wp-content\/uploads\/2025\/07\/image-37.png","contentUrl":"https:\/\/macite.tg\/wp-content\/uploads\/2025\/07\/image-37.png","width":534,"height":300,"caption":"Le pr\u00e9sident Paul Biya"},{"@type":"BreadcrumbList","@id":"https:\/\/macite.tg\/?p=23485#breadcrumb","itemListElement":[{"@type":"ListItem","position":1,"name":"Accueil","item":"https:\/\/macite.tg\/"},{"@type":"ListItem","position":2,"name":"PRESIDENTIELLE AU CAMEROUN-RDPC : Le front contre la candidature de Paul Biya d\u00e9j\u00e0 en marche"}]},{"@type":"WebSite","@id":"https:\/\/macite.tg\/#website","url":"https:\/\/macite.tg\/","name":"","description":"L&#039;information, la bonne!!!","potentialAction":[{"@type":"SearchAction","target":{"@type":"EntryPoint","urlTemplate":"https:\/\/macite.tg\/?s={search_term_string}"},"query-input":{"@type":"PropertyValueSpecification","valueRequired":true,"valueName":"search_term_string"}}],"inLanguage":"fr-FR"},{"@type":"Person","@id":"https:\/\/macite.tg\/#\/schema\/person\/e9f2de7e5dbbe7770a9402c7ce82f5c2","name":"Jean Pierre BAWELA","image":{"@type":"ImageObject","inLanguage":"fr-FR","@id":"https:\/\/macite.tg\/wp-content\/uploads\/2023\/09\/WhatsApp-Image-2023-09-19-at-14.44.41-122x122.jpeg","url":"https:\/\/macite.tg\/wp-content\/uploads\/2023\/09\/WhatsApp-Image-2023-09-19-at-14.44.41-122x122.jpeg","contentUrl":"https:\/\/macite.tg\/wp-content\/uploads\/2023\/09\/WhatsApp-Image-2023-09-19-at-14.44.41-122x122.jpeg","caption":"Jean Pierre BAWELA"},"url":"https:\/\/macite.tg\/?author=2"}]}},"_links":{"self":[{"href":"https:\/\/macite.tg\/index.php?rest_route=\/wp\/v2\/posts\/23485","targetHints":{"allow":["GET"]}}],"collection":[{"href":"https:\/\/macite.tg\/index.php?rest_route=\/wp\/v2\/posts"}],"about":[{"href":"https:\/\/macite.tg\/index.php?rest_route=\/wp\/v2\/types\/post"}],"author":[{"embeddable":true,"href":"https:\/\/macite.tg\/index.php?rest_route=\/wp\/v2\/users\/2"}],"replies":[{"embeddable":true,"href":"https:\/\/macite.tg\/index.php?rest_route=%2Fwp%2Fv2%2Fcomments&post=23485"}],"version-history":[{"count":0,"href":"https:\/\/macite.tg\/index.php?rest_route=\/wp\/v2\/posts\/23485\/revisions"}],"wp:featuredmedia":[{"embeddable":true,"href":"https:\/\/macite.tg\/index.php?rest_route=\/wp\/v2\/media\/23487"}],"wp:attachment":[{"href":"https:\/\/macite.tg\/index.php?rest_route=%2Fwp%2Fv2%2Fmedia&parent=23485"}],"wp:term":[{"taxonomy":"category","embeddable":true,"href":"https:\/\/macite.tg\/index.php?rest_route=%2Fwp%2Fv2%2Fcategories&post=23485"},{"taxonomy":"post_tag","embeddable":true,"href":"https:\/\/macite.tg\/index.php?rest_route=%2Fwp%2Fv2%2Ftags&post=23485"}],"curies":[{"name":"wp","href":"https:\/\/api.w.org\/{rel}","templated":true}]}}