{"id":23480,"date":"2025-07-11T13:53:29","date_gmt":"2025-07-11T13:53:29","guid":{"rendered":"https:\/\/macite.tg\/?p=23480"},"modified":"2025-07-11T13:54:57","modified_gmt":"2025-07-11T13:54:57","slug":"campagne-electorale-le-mcd-et-togo-dabord-pour-une-commune-danie-plus-resilientes","status":"publish","type":"post","link":"https:\/\/macite.tg\/?p=23480","title":{"rendered":"CAMPAGNE ELECTORALE\u00a0: Le MCD et \u00a0\u00bbTogo d&rsquo;Abord\u00a0\u00bb pour une commune d&rsquo;Ani\u00e9 plus r\u00e9siliente"},"content":{"rendered":"\n<p class=\"wp-block-paragraph\"><strong><em>Les formations politiques sont sur le terrain, depuis le 1<sup>er<\/sup> juillet dernier, \u00e0 la conqu\u00eate de l\u2019\u00e9lectorat pour les \u00e9lections municipales du 17 juillet 2025. Le mardi 08 juillet dernier, le pr\u00e9sident national du Mouvement Citoyen pour la D\u00e9mocratie et le D\u00e9veloppement (MCD), Me Tchassona-Traor\u00e9 Mouhamed, a apport\u00e9 son soutien \u00e0 la coalition \u2018\u2019Togo d\u2019Abord\u2019\u2019, dont est membre son parti.<\/em><\/strong><\/p>\n\n\n\n<p class=\"wp-block-paragraph\">Cette visite a \u00e9t\u00e9 une occasion pour le leader du MCD de rencontrer les candidats de la coalition <em>\u00ab Togo d\u2019abord \u00bb<\/em> mais aussi de d\u00e9livrer les orientations strat\u00e9giques pour un meilleur ancrage de la coalition, et partant s\u2019assurer une victoire \u00e9lectorale d\u00e9cisive.<\/p>\n\n\n<div class=\"wp-block-image\">\n<figure class=\"aligncenter size-large is-resized\"><img loading=\"lazy\" decoding=\"async\" width=\"724\" height=\"1024\" src=\"https:\/\/macite.tg\/wp-content\/uploads\/2025\/07\/OTR_Vente-aux-encheres-14-juillet-724x1024.jpg\" alt=\"\" class=\"wp-image-23468\" style=\"width:550px;height:auto\" srcset=\"https:\/\/macite.tg\/wp-content\/uploads\/2025\/07\/OTR_Vente-aux-encheres-14-juillet-724x1024.jpg 724w, https:\/\/macite.tg\/wp-content\/uploads\/2025\/07\/OTR_Vente-aux-encheres-14-juillet-212x300.jpg 212w, https:\/\/macite.tg\/wp-content\/uploads\/2025\/07\/OTR_Vente-aux-encheres-14-juillet-768x1087.jpg 768w, https:\/\/macite.tg\/wp-content\/uploads\/2025\/07\/OTR_Vente-aux-encheres-14-juillet.jpg 848w\" sizes=\"auto, (max-width: 724px) 100vw, 724px\" \/><\/figure>\n<\/div>\n\n\n<p class=\"wp-block-paragraph\">Sur le terrain, \u00e0 Ani\u00e9, la t\u00eate de liste du MCD, Lamany Zarifou Simbey, avait d\u00e9j\u00e0 mis les bouch\u00e9s doubles gr\u00e2ce \u00e0 une op\u00e9ration de proximit\u00e9 avec les \u00e9lecteurs. Selon lui, <em>\u00ab Ani\u00e9 m\u00e9rite un leadership fort, engag\u00e9 et visionnaire. L\u2019avenir de notre commune d\u00e9pend de notre capacit\u00e9 \u00e0 nous rassembler au-del\u00e0 des appartenances politiques, ethniques ou religieuses, pour b\u00e2tir ensemble un projet collectif \u00bb<\/em>.<\/p>\n\n\n\n<p class=\"wp-block-paragraph\">Tout en promettant une gestion municipale exemplaire marqu\u00e9e par la redevabilit\u00e9 et l\u2019\u00e9thique de gouvernance, o\u00f9 chaque d\u00e9cision et chaque franc d\u00e9pens\u00e9 seront rendus publics, la liste port\u00e9e par Lamany Zarifou Simbey entend accorder une attention particuli\u00e8re \u00e0 la famille, aux personnes du troisi\u00e8me \u00e2ge, aux personnes vuln\u00e9rables, bref des services sociaux de proximit\u00e9 \u00e0 renforcer.<\/p>\n\n\n\n<p class=\"wp-block-paragraph\">L\u2019autre chantier porte sur les infrastructures de base, notamment les march\u00e9s modernes, les routes, des aires de loisirs et des espaces verts, \u00e0 r\u00e9aliser pour le grand bonheur des populations.<\/p>\n\n\n<div class=\"wp-block-image\">\n<figure class=\"aligncenter size-full is-resized\"><img loading=\"lazy\" decoding=\"async\" width=\"500\" height=\"500\" src=\"https:\/\/macite.tg\/wp-content\/uploads\/2025\/07\/Geo-ref.jpg\" alt=\"\" class=\"wp-image-23346\" style=\"width:658px;height:auto\" srcset=\"https:\/\/macite.tg\/wp-content\/uploads\/2025\/07\/Geo-ref.jpg 500w, https:\/\/macite.tg\/wp-content\/uploads\/2025\/07\/Geo-ref-300x300.jpg 300w, https:\/\/macite.tg\/wp-content\/uploads\/2025\/07\/Geo-ref-150x150.jpg 150w, https:\/\/macite.tg\/wp-content\/uploads\/2025\/07\/Geo-ref-122x122.jpg 122w\" sizes=\"auto, (max-width: 500px) 100vw, 500px\" \/><\/figure>\n<\/div>\n\n\n<p class=\"wp-block-paragraph\"><em>\u00ab Notre ambition est de b\u00e2tir une commune r\u00e9siliente, tourn\u00e9e vers l\u2019avenir et ouverte sur le monde. Nous tisserons des liens de coop\u00e9ration avec des villes comme Strasbourg, Qu\u00e9bec ou Duba\u00ef pour mutualiser les expertises et dynamiser notre d\u00e9veloppement \u00bb, <\/em>a-t-il soulign\u00e9.<\/p>\n\n\n\n<p class=\"wp-block-paragraph\">Notons que la campagne \u00e9lectoral prend fin le 15 juillet prochain \u00e0 23 heures 59 minutes.<\/p>\n\n\n\n<p class=\"wp-block-paragraph\"><strong>La R\u00e9daction<\/strong><\/p>\n\n\n\n<p class=\"wp-block-paragraph\"><a><strong><em>@macite.tg&nbsp;&nbsp;&nbsp;&nbsp;&nbsp;&nbsp;&nbsp;&nbsp;<\/em><\/strong><\/a><\/p>\n\n\n\n<p class=\"wp-block-paragraph\"><strong><em>E-mail&nbsp;: <\/em><\/strong><a href=\"mailto:maciteinfo@gmail.com\"><strong><em>maciteinfo@gmail.com<\/em><\/strong><\/a><strong><em>; <\/em><\/strong><a href=\"mailto:bawela1@gmail.com\"><strong><em>bawela1@gmail.com<\/em><\/strong><\/a><strong><em><\/em><\/strong><\/p>\n\n\n\n<p class=\"wp-block-paragraph\"><strong><em>Pour vos annonces, (publi)reportages, etc., joignez-nous au (00228)91515309\/<\/em><\/strong><strong><em>79872224 <\/em><\/strong><strong><em>www.macite.tg, L\u2019information, la bonne&nbsp;!<\/em><\/strong><\/p>\n\n\n\n<p class=\"wp-block-paragraph\"><\/p>\n","protected":false},"excerpt":{"rendered":"<p class=\"text-justify mb-2\" >Les formations politiques sont sur le terrain, depuis le 1er juillet dernier, \u00e0 la conqu\u00eate de l\u2019\u00e9lectorat pour les \u00e9lections municipales du 17 juillet 2025. Le mardi 08 juillet dernier, le pr\u00e9sident national du Mouvement Citoyen pour la D\u00e9mocratie et le D\u00e9veloppement (MCD), Me Tchassona-Traor\u00e9 [&hellip;]<\/p>\n","protected":false},"author":2,"featured_media":23481,"comment_status":"open","ping_status":"open","sticky":false,"template":"","format":"standard","meta":{"footnotes":""},"categories":[20,1],"tags":[],"class_list":["post-23480","post","type-post","status-publish","format-standard","has-post-thumbnail","hentry","category-actualite","category-politique"],"yoast_head":"<!-- This site is optimized with the Yoast SEO plugin v28.4 - https:\/\/yoast.com\/product\/yoast-seo-wordpress\/ -->\n<title>CAMPAGNE ELECTORALE\u00a0: Le MCD et &#039;&#039;Togo d&#039;Abord&#039;&#039; pour une commune d&#039;Ani\u00e9 plus r\u00e9siliente -<\/title>\n<meta name=\"robots\" content=\"index, follow, max-snippet:-1, max-image-preview:large, max-video-preview:-1\" \/>\n<link rel=\"canonical\" href=\"https:\/\/macite.tg\/?p=23480\" \/>\n<meta property=\"og:locale\" content=\"fr_FR\" \/>\n<meta property=\"og:type\" content=\"article\" \/>\n<meta property=\"og:title\" content=\"CAMPAGNE ELECTORALE\u00a0: Le MCD et &#039;&#039;Togo d&#039;Abord&#039;&#039; pour une commune d&#039;Ani\u00e9 plus r\u00e9siliente -\" \/>\n<meta property=\"og:description\" content=\"Les formations politiques sont sur le terrain, depuis le 1er juillet dernier, \u00e0 la conqu\u00eate de l\u2019\u00e9lectorat pour les \u00e9lections municipales du 17 juillet 2025. Le mardi 08 juillet dernier, le pr\u00e9sident national du Mouvement Citoyen pour la D\u00e9mocratie et le D\u00e9veloppement (MCD), Me Tchassona-Traor\u00e9 [&hellip;]\" \/>\n<meta property=\"og:url\" content=\"https:\/\/macite.tg\/?p=23480\" \/>\n<meta property=\"article:published_time\" content=\"2025-07-11T13:53:29+00:00\" \/>\n<meta property=\"article:modified_time\" content=\"2025-07-11T13:54:57+00:00\" \/>\n<meta property=\"og:image\" content=\"https:\/\/macite.tg\/wp-content\/uploads\/2025\/07\/MCD-a-Anie.jpg\" \/>\n\t<meta property=\"og:image:width\" content=\"800\" \/>\n\t<meta property=\"og:image:height\" content=\"528\" \/>\n\t<meta property=\"og:image:type\" content=\"image\/jpeg\" \/>\n<meta name=\"author\" content=\"Jean Pierre BAWELA\" \/>\n<meta name=\"twitter:card\" content=\"summary_large_image\" \/>\n<meta name=\"twitter:label1\" content=\"\u00c9crit par\" \/>\n\t<meta name=\"twitter:data1\" content=\"Jean Pierre BAWELA\" \/>\n\t<meta name=\"twitter:label2\" content=\"Dur\u00e9e de lecture estim\u00e9e\" \/>\n\t<meta name=\"twitter:data2\" content=\"3 minutes\" \/>\n<script type=\"application\/ld+json\" class=\"yoast-schema-graph\">{\"@context\":\"https:\\\/\\\/schema.org\",\"@graph\":[{\"@type\":\"Article\",\"@id\":\"https:\\\/\\\/macite.tg\\\/?p=23480#article\",\"isPartOf\":{\"@id\":\"https:\\\/\\\/macite.tg\\\/?p=23480\"},\"author\":{\"name\":\"Jean Pierre BAWELA\",\"@id\":\"https:\\\/\\\/macite.tg\\\/#\\\/schema\\\/person\\\/e9f2de7e5dbbe7770a9402c7ce82f5c2\"},\"headline\":\"CAMPAGNE ELECTORALE\u00a0: Le MCD et \u00a0\u00bbTogo d&rsquo;Abord\u00a0\u00bb pour une commune d&rsquo;Ani\u00e9 plus r\u00e9siliente\",\"datePublished\":\"2025-07-11T13:53:29+00:00\",\"dateModified\":\"2025-07-11T13:54:57+00:00\",\"mainEntityOfPage\":{\"@id\":\"https:\\\/\\\/macite.tg\\\/?p=23480\"},\"wordCount\":382,\"commentCount\":0,\"image\":{\"@id\":\"https:\\\/\\\/macite.tg\\\/?p=23480#primaryimage\"},\"thumbnailUrl\":\"https:\\\/\\\/macite.tg\\\/wp-content\\\/uploads\\\/2025\\\/07\\\/MCD-a-Anie.jpg\",\"articleSection\":[\"ACTUALITE\",\"POLITIQUE\"],\"inLanguage\":\"fr-FR\",\"potentialAction\":[{\"@type\":\"CommentAction\",\"name\":\"Comment\",\"target\":[\"https:\\\/\\\/macite.tg\\\/?p=23480#respond\"]}]},{\"@type\":\"WebPage\",\"@id\":\"https:\\\/\\\/macite.tg\\\/?p=23480\",\"url\":\"https:\\\/\\\/macite.tg\\\/?p=23480\",\"name\":\"CAMPAGNE ELECTORALE\u00a0: Le MCD et ''Togo d'Abord'' pour une commune d'Ani\u00e9 plus r\u00e9siliente -\",\"isPartOf\":{\"@id\":\"https:\\\/\\\/macite.tg\\\/#website\"},\"primaryImageOfPage\":{\"@id\":\"https:\\\/\\\/macite.tg\\\/?p=23480#primaryimage\"},\"image\":{\"@id\":\"https:\\\/\\\/macite.tg\\\/?p=23480#primaryimage\"},\"thumbnailUrl\":\"https:\\\/\\\/macite.tg\\\/wp-content\\\/uploads\\\/2025\\\/07\\\/MCD-a-Anie.jpg\",\"datePublished\":\"2025-07-11T13:53:29+00:00\",\"dateModified\":\"2025-07-11T13:54:57+00:00\",\"author\":{\"@id\":\"https:\\\/\\\/macite.tg\\\/#\\\/schema\\\/person\\\/e9f2de7e5dbbe7770a9402c7ce82f5c2\"},\"breadcrumb\":{\"@id\":\"https:\\\/\\\/macite.tg\\\/?p=23480#breadcrumb\"},\"inLanguage\":\"fr-FR\",\"potentialAction\":[{\"@type\":\"ReadAction\",\"target\":[\"https:\\\/\\\/macite.tg\\\/?p=23480\"]}]},{\"@type\":\"ImageObject\",\"inLanguage\":\"fr-FR\",\"@id\":\"https:\\\/\\\/macite.tg\\\/?p=23480#primaryimage\",\"url\":\"https:\\\/\\\/macite.tg\\\/wp-content\\\/uploads\\\/2025\\\/07\\\/MCD-a-Anie.jpg\",\"contentUrl\":\"https:\\\/\\\/macite.tg\\\/wp-content\\\/uploads\\\/2025\\\/07\\\/MCD-a-Anie.jpg\",\"width\":800,\"height\":528},{\"@type\":\"BreadcrumbList\",\"@id\":\"https:\\\/\\\/macite.tg\\\/?p=23480#breadcrumb\",\"itemListElement\":[{\"@type\":\"ListItem\",\"position\":1,\"name\":\"Accueil\",\"item\":\"https:\\\/\\\/macite.tg\\\/\"},{\"@type\":\"ListItem\",\"position\":2,\"name\":\"CAMPAGNE ELECTORALE\u00a0: Le MCD et \u00a0\u00bbTogo d&rsquo;Abord\u00a0\u00bb pour une commune d&rsquo;Ani\u00e9 plus r\u00e9siliente\"}]},{\"@type\":\"WebSite\",\"@id\":\"https:\\\/\\\/macite.tg\\\/#website\",\"url\":\"https:\\\/\\\/macite.tg\\\/\",\"name\":\"\",\"description\":\"L&#039;information, la bonne!!!\",\"potentialAction\":[{\"@type\":\"SearchAction\",\"target\":{\"@type\":\"EntryPoint\",\"urlTemplate\":\"https:\\\/\\\/macite.tg\\\/?s={search_term_string}\"},\"query-input\":{\"@type\":\"PropertyValueSpecification\",\"valueRequired\":true,\"valueName\":\"search_term_string\"}}],\"inLanguage\":\"fr-FR\"},{\"@type\":\"Person\",\"@id\":\"https:\\\/\\\/macite.tg\\\/#\\\/schema\\\/person\\\/e9f2de7e5dbbe7770a9402c7ce82f5c2\",\"name\":\"Jean Pierre BAWELA\",\"image\":{\"@type\":\"ImageObject\",\"inLanguage\":\"fr-FR\",\"@id\":\"https:\\\/\\\/macite.tg\\\/wp-content\\\/uploads\\\/2023\\\/09\\\/WhatsApp-Image-2023-09-19-at-14.44.41-122x122.jpeg\",\"url\":\"https:\\\/\\\/macite.tg\\\/wp-content\\\/uploads\\\/2023\\\/09\\\/WhatsApp-Image-2023-09-19-at-14.44.41-122x122.jpeg\",\"contentUrl\":\"https:\\\/\\\/macite.tg\\\/wp-content\\\/uploads\\\/2023\\\/09\\\/WhatsApp-Image-2023-09-19-at-14.44.41-122x122.jpeg\",\"caption\":\"Jean Pierre BAWELA\"},\"url\":\"https:\\\/\\\/macite.tg\\\/?author=2\"}]}<\/script>\n<!-- \/ Yoast SEO plugin. -->","yoast_head_json":{"title":"CAMPAGNE ELECTORALE\u00a0: Le MCD et ''Togo d'Abord'' pour une commune d'Ani\u00e9 plus r\u00e9siliente -","robots":{"index":"index","follow":"follow","max-snippet":"max-snippet:-1","max-image-preview":"max-image-preview:large","max-video-preview":"max-video-preview:-1"},"canonical":"https:\/\/macite.tg\/?p=23480","og_locale":"fr_FR","og_type":"article","og_title":"CAMPAGNE ELECTORALE\u00a0: Le MCD et ''Togo d'Abord'' pour une commune d'Ani\u00e9 plus r\u00e9siliente -","og_description":"Les formations politiques sont sur le terrain, depuis le 1er juillet dernier, \u00e0 la conqu\u00eate de l\u2019\u00e9lectorat pour les \u00e9lections municipales du 17 juillet 2025. Le mardi 08 juillet dernier, le pr\u00e9sident national du Mouvement Citoyen pour la D\u00e9mocratie et le D\u00e9veloppement (MCD), Me Tchassona-Traor\u00e9 [&hellip;]","og_url":"https:\/\/macite.tg\/?p=23480","article_published_time":"2025-07-11T13:53:29+00:00","article_modified_time":"2025-07-11T13:54:57+00:00","og_image":[{"width":800,"height":528,"url":"https:\/\/macite.tg\/wp-content\/uploads\/2025\/07\/MCD-a-Anie.jpg","type":"image\/jpeg"}],"author":"Jean Pierre BAWELA","twitter_card":"summary_large_image","twitter_misc":{"\u00c9crit par":"Jean Pierre BAWELA","Dur\u00e9e de lecture estim\u00e9e":"3 minutes"},"schema":{"@context":"https:\/\/schema.org","@graph":[{"@type":"Article","@id":"https:\/\/macite.tg\/?p=23480#article","isPartOf":{"@id":"https:\/\/macite.tg\/?p=23480"},"author":{"name":"Jean Pierre BAWELA","@id":"https:\/\/macite.tg\/#\/schema\/person\/e9f2de7e5dbbe7770a9402c7ce82f5c2"},"headline":"CAMPAGNE ELECTORALE\u00a0: Le MCD et \u00a0\u00bbTogo d&rsquo;Abord\u00a0\u00bb pour une commune d&rsquo;Ani\u00e9 plus r\u00e9siliente","datePublished":"2025-07-11T13:53:29+00:00","dateModified":"2025-07-11T13:54:57+00:00","mainEntityOfPage":{"@id":"https:\/\/macite.tg\/?p=23480"},"wordCount":382,"commentCount":0,"image":{"@id":"https:\/\/macite.tg\/?p=23480#primaryimage"},"thumbnailUrl":"https:\/\/macite.tg\/wp-content\/uploads\/2025\/07\/MCD-a-Anie.jpg","articleSection":["ACTUALITE","POLITIQUE"],"inLanguage":"fr-FR","potentialAction":[{"@type":"CommentAction","name":"Comment","target":["https:\/\/macite.tg\/?p=23480#respond"]}]},{"@type":"WebPage","@id":"https:\/\/macite.tg\/?p=23480","url":"https:\/\/macite.tg\/?p=23480","name":"CAMPAGNE ELECTORALE\u00a0: Le MCD et ''Togo d'Abord'' pour une commune d'Ani\u00e9 plus r\u00e9siliente -","isPartOf":{"@id":"https:\/\/macite.tg\/#website"},"primaryImageOfPage":{"@id":"https:\/\/macite.tg\/?p=23480#primaryimage"},"image":{"@id":"https:\/\/macite.tg\/?p=23480#primaryimage"},"thumbnailUrl":"https:\/\/macite.tg\/wp-content\/uploads\/2025\/07\/MCD-a-Anie.jpg","datePublished":"2025-07-11T13:53:29+00:00","dateModified":"2025-07-11T13:54:57+00:00","author":{"@id":"https:\/\/macite.tg\/#\/schema\/person\/e9f2de7e5dbbe7770a9402c7ce82f5c2"},"breadcrumb":{"@id":"https:\/\/macite.tg\/?p=23480#breadcrumb"},"inLanguage":"fr-FR","potentialAction":[{"@type":"ReadAction","target":["https:\/\/macite.tg\/?p=23480"]}]},{"@type":"ImageObject","inLanguage":"fr-FR","@id":"https:\/\/macite.tg\/?p=23480#primaryimage","url":"https:\/\/macite.tg\/wp-content\/uploads\/2025\/07\/MCD-a-Anie.jpg","contentUrl":"https:\/\/macite.tg\/wp-content\/uploads\/2025\/07\/MCD-a-Anie.jpg","width":800,"height":528},{"@type":"BreadcrumbList","@id":"https:\/\/macite.tg\/?p=23480#breadcrumb","itemListElement":[{"@type":"ListItem","position":1,"name":"Accueil","item":"https:\/\/macite.tg\/"},{"@type":"ListItem","position":2,"name":"CAMPAGNE ELECTORALE\u00a0: Le MCD et \u00a0\u00bbTogo d&rsquo;Abord\u00a0\u00bb pour une commune d&rsquo;Ani\u00e9 plus r\u00e9siliente"}]},{"@type":"WebSite","@id":"https:\/\/macite.tg\/#website","url":"https:\/\/macite.tg\/","name":"","description":"L&#039;information, la bonne!!!","potentialAction":[{"@type":"SearchAction","target":{"@type":"EntryPoint","urlTemplate":"https:\/\/macite.tg\/?s={search_term_string}"},"query-input":{"@type":"PropertyValueSpecification","valueRequired":true,"valueName":"search_term_string"}}],"inLanguage":"fr-FR"},{"@type":"Person","@id":"https:\/\/macite.tg\/#\/schema\/person\/e9f2de7e5dbbe7770a9402c7ce82f5c2","name":"Jean Pierre BAWELA","image":{"@type":"ImageObject","inLanguage":"fr-FR","@id":"https:\/\/macite.tg\/wp-content\/uploads\/2023\/09\/WhatsApp-Image-2023-09-19-at-14.44.41-122x122.jpeg","url":"https:\/\/macite.tg\/wp-content\/uploads\/2023\/09\/WhatsApp-Image-2023-09-19-at-14.44.41-122x122.jpeg","contentUrl":"https:\/\/macite.tg\/wp-content\/uploads\/2023\/09\/WhatsApp-Image-2023-09-19-at-14.44.41-122x122.jpeg","caption":"Jean Pierre BAWELA"},"url":"https:\/\/macite.tg\/?author=2"}]}},"_links":{"self":[{"href":"https:\/\/macite.tg\/index.php?rest_route=\/wp\/v2\/posts\/23480","targetHints":{"allow":["GET"]}}],"collection":[{"href":"https:\/\/macite.tg\/index.php?rest_route=\/wp\/v2\/posts"}],"about":[{"href":"https:\/\/macite.tg\/index.php?rest_route=\/wp\/v2\/types\/post"}],"author":[{"embeddable":true,"href":"https:\/\/macite.tg\/index.php?rest_route=\/wp\/v2\/users\/2"}],"replies":[{"embeddable":true,"href":"https:\/\/macite.tg\/index.php?rest_route=%2Fwp%2Fv2%2Fcomments&post=23480"}],"version-history":[{"count":0,"href":"https:\/\/macite.tg\/index.php?rest_route=\/wp\/v2\/posts\/23480\/revisions"}],"wp:featuredmedia":[{"embeddable":true,"href":"https:\/\/macite.tg\/index.php?rest_route=\/wp\/v2\/media\/23481"}],"wp:attachment":[{"href":"https:\/\/macite.tg\/index.php?rest_route=%2Fwp%2Fv2%2Fmedia&parent=23480"}],"wp:term":[{"taxonomy":"category","embeddable":true,"href":"https:\/\/macite.tg\/index.php?rest_route=%2Fwp%2Fv2%2Fcategories&post=23480"},{"taxonomy":"post_tag","embeddable":true,"href":"https:\/\/macite.tg\/index.php?rest_route=%2Fwp%2Fv2%2Ftags&post=23480"}],"curies":[{"name":"wp","href":"https:\/\/api.w.org\/{rel}","templated":true}]}}