{"id":23477,"date":"2025-07-11T12:29:33","date_gmt":"2025-07-11T12:29:33","guid":{"rendered":"https:\/\/macite.tg\/?p=23477"},"modified":"2025-07-11T12:29:40","modified_gmt":"2025-07-11T12:29:40","slug":"carnet-noir-la-presse-privee-perd-une-de-ses-pieces-maitresses","status":"publish","type":"post","link":"https:\/\/macite.tg\/?p=23477","title":{"rendered":"CARNET NOIR\u00a0: La presse priv\u00e9e perd une de ses pi\u00e8ces maitresses\u2026"},"content":{"rendered":"\n<p class=\"wp-block-paragraph\"><strong><em>Le Fondateur et Directeur de publication de l\u2019hebdomadaire L\u2019Eveil de la Nation, Sama T. Djobo, a rejoint l\u2019autre rive, au petit matin de ce jeudi 10 juillet. Comme une train\u00e9e de poudre, la rumeur est devenue clameur, \u00e0 la grande stup\u00e9faction de toute la corporation.<\/em><\/strong> <\/p>\n\n\n\n<p class=\"wp-block-paragraph\">Tristesse et \u00e9tonnement&nbsp;! Tels sont les sentiments qui animent les acteurs des m\u00e9dias depuis ce matin, \u00e0 l\u2019annonce de cette triste nouvelle.<\/p>\n\n\n<div class=\"wp-block-image\">\n<figure class=\"aligncenter size-full\"><img loading=\"lazy\" decoding=\"async\" width=\"851\" height=\"315\" src=\"https:\/\/macite.tg\/wp-content\/uploads\/2025\/07\/OTR_Bandeau-Renseignements.jpg\" alt=\"\" class=\"wp-image-23450\" srcset=\"https:\/\/macite.tg\/wp-content\/uploads\/2025\/07\/OTR_Bandeau-Renseignements.jpg 851w, https:\/\/macite.tg\/wp-content\/uploads\/2025\/07\/OTR_Bandeau-Renseignements-300x111.jpg 300w, https:\/\/macite.tg\/wp-content\/uploads\/2025\/07\/OTR_Bandeau-Renseignements-768x284.jpg 768w\" sizes=\"auto, (max-width: 851px) 100vw, 851px\" \/><\/figure>\n<\/div>\n\n\n<p class=\"wp-block-paragraph\">Mal en point depuis quelques mois, et malgr\u00e9 les soins intensifs, le natif de Tchawanda, \u00e0 Sokod\u00e9, ne r\u00e9ussira pas \u00e0 tourner d\u00e9finitivement le dos \u00e0 ce mal, qui a fini par l\u2019emporter dans l\u2019au-del\u00e0, tard dans la nuit d\u2019hier, au Pavillon militaire du CHU Sylvanus Olympio de Lom\u00e9.<\/p>\n\n\n\n<p class=\"wp-block-paragraph\">Sa disparition laisse un grand vide au sein de la corporation, lui, qui gr\u00e2ce \u00e0 son d\u00e9vouement et sa rigueur professionnelle, s\u2019\u00e9tait vu propulser au Service de Communication de la Pr\u00e9sidence de la R\u00e9publique Togolaise.<\/p>\n\n\n<div class=\"wp-block-image\">\n<figure class=\"aligncenter size-full is-resized\"><img loading=\"lazy\" decoding=\"async\" width=\"690\" height=\"170\" src=\"https:\/\/macite.tg\/wp-content\/uploads\/2025\/07\/OTR_TVM.jpg\" alt=\"\" class=\"wp-image-23364\" style=\"width:840px;height:auto\" srcset=\"https:\/\/macite.tg\/wp-content\/uploads\/2025\/07\/OTR_TVM.jpg 690w, https:\/\/macite.tg\/wp-content\/uploads\/2025\/07\/OTR_TVM-300x74.jpg 300w\" sizes=\"auto, (max-width: 690px) 100vw, 690px\" \/><\/figure>\n<\/div>\n\n\n<p class=\"wp-block-paragraph\">Son voyage sur terre prend fin\u00a0! <\/p>\n\n\n\n<p class=\"wp-block-paragraph\"><strong><em>Qu\u2019Allah le Tout Puissant et le Tr\u00e8s Mis\u00e9ricordieux, lui pardonne ses p\u00e9ch\u00e9s et l\u2019accueille dans Sa f\u00e9licit\u00e9 c\u00e9leste\u00a0!<\/em><\/strong><\/p>\n\n\n\n<p class=\"wp-block-paragraph\"><strong><em>E-mail&nbsp;: <\/em><\/strong><a href=\"mailto:maciteinfo@gmail.com\"><strong><em>maciteinfo@gmail.com<\/em><\/strong><\/a><strong><em>; <\/em><\/strong><a href=\"mailto:bawela1@gmail.com\"><strong><em>bawela1@gmail.com<\/em><\/strong><\/a><strong><em><\/em><\/strong><\/p>\n\n\n\n<p class=\"wp-block-paragraph\"><strong><em>Pour vos annonces, (publi)reportages, etc.,<\/em><\/strong><\/p>\n\n\n\n<p class=\"wp-block-paragraph\"><strong><em>joignez-nous au (00228)91515309\/<strong>79872224<\/strong><\/em><\/strong><\/p>\n\n\n\n<p class=\"wp-block-paragraph\"><strong><em>www.macite.tg, L\u2019information, la bonne&nbsp;!<\/em><\/strong><\/p>\n\n\n\n<p class=\"wp-block-paragraph\"><\/p>\n","protected":false},"excerpt":{"rendered":"<p class=\"text-justify mb-2\" >Le Fondateur et Directeur de publication de l\u2019hebdomadaire L\u2019Eveil de la Nation, Sama T. Djobo, a rejoint l\u2019autre rive, au petit matin de ce jeudi 10 juillet. Comme une train\u00e9e de poudre, la rumeur est devenue clameur, \u00e0 la grande stup\u00e9faction de toute la corporation. [&hellip;]<\/p>\n","protected":false},"author":2,"featured_media":23478,"comment_status":"open","ping_status":"open","sticky":false,"template":"","format":"standard","meta":{"footnotes":""},"categories":[20,35],"tags":[],"class_list":["post-23477","post","type-post","status-publish","format-standard","has-post-thumbnail","hentry","category-actualite","category-necrologie"],"yoast_head":"<!-- This site is optimized with the Yoast SEO plugin v28.4 - https:\/\/yoast.com\/product\/yoast-seo-wordpress\/ -->\n<title>CARNET NOIR\u00a0: La presse priv\u00e9e perd une de ses pi\u00e8ces maitresses\u2026 -<\/title>\n<meta name=\"robots\" content=\"index, follow, max-snippet:-1, max-image-preview:large, max-video-preview:-1\" \/>\n<link rel=\"canonical\" href=\"https:\/\/macite.tg\/?p=23477\" \/>\n<meta property=\"og:locale\" content=\"fr_FR\" \/>\n<meta property=\"og:type\" content=\"article\" \/>\n<meta property=\"og:title\" content=\"CARNET NOIR\u00a0: La presse priv\u00e9e perd une de ses pi\u00e8ces maitresses\u2026 -\" \/>\n<meta property=\"og:description\" content=\"Le Fondateur et Directeur de publication de l\u2019hebdomadaire L\u2019Eveil de la Nation, Sama T. Djobo, a rejoint l\u2019autre rive, au petit matin de ce jeudi 10 juillet. Comme une train\u00e9e de poudre, la rumeur est devenue clameur, \u00e0 la grande stup\u00e9faction de toute la corporation. [&hellip;]\" \/>\n<meta property=\"og:url\" content=\"https:\/\/macite.tg\/?p=23477\" \/>\n<meta property=\"article:published_time\" content=\"2025-07-11T12:29:33+00:00\" \/>\n<meta property=\"article:modified_time\" content=\"2025-07-11T12:29:40+00:00\" \/>\n<meta property=\"og:image\" content=\"https:\/\/macite.tg\/wp-content\/uploads\/2025\/07\/image-35.png\" \/>\n\t<meta property=\"og:image:width\" content=\"270\" \/>\n\t<meta property=\"og:image:height\" content=\"270\" \/>\n\t<meta property=\"og:image:type\" content=\"image\/png\" \/>\n<meta name=\"author\" content=\"Jean Pierre BAWELA\" \/>\n<meta name=\"twitter:card\" content=\"summary_large_image\" \/>\n<meta name=\"twitter:label1\" content=\"\u00c9crit par\" \/>\n\t<meta name=\"twitter:data1\" content=\"Jean Pierre BAWELA\" \/>\n\t<meta name=\"twitter:label2\" content=\"Dur\u00e9e de lecture estim\u00e9e\" \/>\n\t<meta name=\"twitter:data2\" content=\"2 minutes\" \/>\n<script type=\"application\/ld+json\" class=\"yoast-schema-graph\">{\"@context\":\"https:\\\/\\\/schema.org\",\"@graph\":[{\"@type\":\"Article\",\"@id\":\"https:\\\/\\\/macite.tg\\\/?p=23477#article\",\"isPartOf\":{\"@id\":\"https:\\\/\\\/macite.tg\\\/?p=23477\"},\"author\":{\"name\":\"Jean Pierre BAWELA\",\"@id\":\"https:\\\/\\\/macite.tg\\\/#\\\/schema\\\/person\\\/e9f2de7e5dbbe7770a9402c7ce82f5c2\"},\"headline\":\"CARNET NOIR\u00a0: La presse priv\u00e9e perd une de ses pi\u00e8ces maitresses\u2026\",\"datePublished\":\"2025-07-11T12:29:33+00:00\",\"dateModified\":\"2025-07-11T12:29:40+00:00\",\"mainEntityOfPage\":{\"@id\":\"https:\\\/\\\/macite.tg\\\/?p=23477\"},\"wordCount\":231,\"commentCount\":0,\"image\":{\"@id\":\"https:\\\/\\\/macite.tg\\\/?p=23477#primaryimage\"},\"thumbnailUrl\":\"https:\\\/\\\/macite.tg\\\/wp-content\\\/uploads\\\/2025\\\/07\\\/image-35.png\",\"articleSection\":[\"ACTUALITE\",\"NECROLOGIE\"],\"inLanguage\":\"fr-FR\",\"potentialAction\":[{\"@type\":\"CommentAction\",\"name\":\"Comment\",\"target\":[\"https:\\\/\\\/macite.tg\\\/?p=23477#respond\"]}]},{\"@type\":\"WebPage\",\"@id\":\"https:\\\/\\\/macite.tg\\\/?p=23477\",\"url\":\"https:\\\/\\\/macite.tg\\\/?p=23477\",\"name\":\"CARNET NOIR\u00a0: La presse priv\u00e9e perd une de ses pi\u00e8ces maitresses\u2026 -\",\"isPartOf\":{\"@id\":\"https:\\\/\\\/macite.tg\\\/#website\"},\"primaryImageOfPage\":{\"@id\":\"https:\\\/\\\/macite.tg\\\/?p=23477#primaryimage\"},\"image\":{\"@id\":\"https:\\\/\\\/macite.tg\\\/?p=23477#primaryimage\"},\"thumbnailUrl\":\"https:\\\/\\\/macite.tg\\\/wp-content\\\/uploads\\\/2025\\\/07\\\/image-35.png\",\"datePublished\":\"2025-07-11T12:29:33+00:00\",\"dateModified\":\"2025-07-11T12:29:40+00:00\",\"author\":{\"@id\":\"https:\\\/\\\/macite.tg\\\/#\\\/schema\\\/person\\\/e9f2de7e5dbbe7770a9402c7ce82f5c2\"},\"breadcrumb\":{\"@id\":\"https:\\\/\\\/macite.tg\\\/?p=23477#breadcrumb\"},\"inLanguage\":\"fr-FR\",\"potentialAction\":[{\"@type\":\"ReadAction\",\"target\":[\"https:\\\/\\\/macite.tg\\\/?p=23477\"]}]},{\"@type\":\"ImageObject\",\"inLanguage\":\"fr-FR\",\"@id\":\"https:\\\/\\\/macite.tg\\\/?p=23477#primaryimage\",\"url\":\"https:\\\/\\\/macite.tg\\\/wp-content\\\/uploads\\\/2025\\\/07\\\/image-35.png\",\"contentUrl\":\"https:\\\/\\\/macite.tg\\\/wp-content\\\/uploads\\\/2025\\\/07\\\/image-35.png\",\"width\":270,\"height\":270,\"caption\":\"Sam T. Djobo\"},{\"@type\":\"BreadcrumbList\",\"@id\":\"https:\\\/\\\/macite.tg\\\/?p=23477#breadcrumb\",\"itemListElement\":[{\"@type\":\"ListItem\",\"position\":1,\"name\":\"Accueil\",\"item\":\"https:\\\/\\\/macite.tg\\\/\"},{\"@type\":\"ListItem\",\"position\":2,\"name\":\"CARNET NOIR\u00a0: La presse priv\u00e9e perd une de ses pi\u00e8ces maitresses\u2026\"}]},{\"@type\":\"WebSite\",\"@id\":\"https:\\\/\\\/macite.tg\\\/#website\",\"url\":\"https:\\\/\\\/macite.tg\\\/\",\"name\":\"\",\"description\":\"L&#039;information, la bonne!!!\",\"potentialAction\":[{\"@type\":\"SearchAction\",\"target\":{\"@type\":\"EntryPoint\",\"urlTemplate\":\"https:\\\/\\\/macite.tg\\\/?s={search_term_string}\"},\"query-input\":{\"@type\":\"PropertyValueSpecification\",\"valueRequired\":true,\"valueName\":\"search_term_string\"}}],\"inLanguage\":\"fr-FR\"},{\"@type\":\"Person\",\"@id\":\"https:\\\/\\\/macite.tg\\\/#\\\/schema\\\/person\\\/e9f2de7e5dbbe7770a9402c7ce82f5c2\",\"name\":\"Jean Pierre BAWELA\",\"image\":{\"@type\":\"ImageObject\",\"inLanguage\":\"fr-FR\",\"@id\":\"https:\\\/\\\/macite.tg\\\/wp-content\\\/uploads\\\/2023\\\/09\\\/WhatsApp-Image-2023-09-19-at-14.44.41-122x122.jpeg\",\"url\":\"https:\\\/\\\/macite.tg\\\/wp-content\\\/uploads\\\/2023\\\/09\\\/WhatsApp-Image-2023-09-19-at-14.44.41-122x122.jpeg\",\"contentUrl\":\"https:\\\/\\\/macite.tg\\\/wp-content\\\/uploads\\\/2023\\\/09\\\/WhatsApp-Image-2023-09-19-at-14.44.41-122x122.jpeg\",\"caption\":\"Jean Pierre BAWELA\"},\"url\":\"https:\\\/\\\/macite.tg\\\/?author=2\"}]}<\/script>\n<!-- \/ Yoast SEO plugin. -->","yoast_head_json":{"title":"CARNET NOIR\u00a0: La presse priv\u00e9e perd une de ses pi\u00e8ces maitresses\u2026 -","robots":{"index":"index","follow":"follow","max-snippet":"max-snippet:-1","max-image-preview":"max-image-preview:large","max-video-preview":"max-video-preview:-1"},"canonical":"https:\/\/macite.tg\/?p=23477","og_locale":"fr_FR","og_type":"article","og_title":"CARNET NOIR\u00a0: La presse priv\u00e9e perd une de ses pi\u00e8ces maitresses\u2026 -","og_description":"Le Fondateur et Directeur de publication de l\u2019hebdomadaire L\u2019Eveil de la Nation, Sama T. Djobo, a rejoint l\u2019autre rive, au petit matin de ce jeudi 10 juillet. Comme une train\u00e9e de poudre, la rumeur est devenue clameur, \u00e0 la grande stup\u00e9faction de toute la corporation. [&hellip;]","og_url":"https:\/\/macite.tg\/?p=23477","article_published_time":"2025-07-11T12:29:33+00:00","article_modified_time":"2025-07-11T12:29:40+00:00","og_image":[{"width":270,"height":270,"url":"https:\/\/macite.tg\/wp-content\/uploads\/2025\/07\/image-35.png","type":"image\/png"}],"author":"Jean Pierre BAWELA","twitter_card":"summary_large_image","twitter_misc":{"\u00c9crit par":"Jean Pierre BAWELA","Dur\u00e9e de lecture estim\u00e9e":"2 minutes"},"schema":{"@context":"https:\/\/schema.org","@graph":[{"@type":"Article","@id":"https:\/\/macite.tg\/?p=23477#article","isPartOf":{"@id":"https:\/\/macite.tg\/?p=23477"},"author":{"name":"Jean Pierre BAWELA","@id":"https:\/\/macite.tg\/#\/schema\/person\/e9f2de7e5dbbe7770a9402c7ce82f5c2"},"headline":"CARNET NOIR\u00a0: La presse priv\u00e9e perd une de ses pi\u00e8ces maitresses\u2026","datePublished":"2025-07-11T12:29:33+00:00","dateModified":"2025-07-11T12:29:40+00:00","mainEntityOfPage":{"@id":"https:\/\/macite.tg\/?p=23477"},"wordCount":231,"commentCount":0,"image":{"@id":"https:\/\/macite.tg\/?p=23477#primaryimage"},"thumbnailUrl":"https:\/\/macite.tg\/wp-content\/uploads\/2025\/07\/image-35.png","articleSection":["ACTUALITE","NECROLOGIE"],"inLanguage":"fr-FR","potentialAction":[{"@type":"CommentAction","name":"Comment","target":["https:\/\/macite.tg\/?p=23477#respond"]}]},{"@type":"WebPage","@id":"https:\/\/macite.tg\/?p=23477","url":"https:\/\/macite.tg\/?p=23477","name":"CARNET NOIR\u00a0: La presse priv\u00e9e perd une de ses pi\u00e8ces maitresses\u2026 -","isPartOf":{"@id":"https:\/\/macite.tg\/#website"},"primaryImageOfPage":{"@id":"https:\/\/macite.tg\/?p=23477#primaryimage"},"image":{"@id":"https:\/\/macite.tg\/?p=23477#primaryimage"},"thumbnailUrl":"https:\/\/macite.tg\/wp-content\/uploads\/2025\/07\/image-35.png","datePublished":"2025-07-11T12:29:33+00:00","dateModified":"2025-07-11T12:29:40+00:00","author":{"@id":"https:\/\/macite.tg\/#\/schema\/person\/e9f2de7e5dbbe7770a9402c7ce82f5c2"},"breadcrumb":{"@id":"https:\/\/macite.tg\/?p=23477#breadcrumb"},"inLanguage":"fr-FR","potentialAction":[{"@type":"ReadAction","target":["https:\/\/macite.tg\/?p=23477"]}]},{"@type":"ImageObject","inLanguage":"fr-FR","@id":"https:\/\/macite.tg\/?p=23477#primaryimage","url":"https:\/\/macite.tg\/wp-content\/uploads\/2025\/07\/image-35.png","contentUrl":"https:\/\/macite.tg\/wp-content\/uploads\/2025\/07\/image-35.png","width":270,"height":270,"caption":"Sam T. Djobo"},{"@type":"BreadcrumbList","@id":"https:\/\/macite.tg\/?p=23477#breadcrumb","itemListElement":[{"@type":"ListItem","position":1,"name":"Accueil","item":"https:\/\/macite.tg\/"},{"@type":"ListItem","position":2,"name":"CARNET NOIR\u00a0: La presse priv\u00e9e perd une de ses pi\u00e8ces maitresses\u2026"}]},{"@type":"WebSite","@id":"https:\/\/macite.tg\/#website","url":"https:\/\/macite.tg\/","name":"","description":"L&#039;information, la bonne!!!","potentialAction":[{"@type":"SearchAction","target":{"@type":"EntryPoint","urlTemplate":"https:\/\/macite.tg\/?s={search_term_string}"},"query-input":{"@type":"PropertyValueSpecification","valueRequired":true,"valueName":"search_term_string"}}],"inLanguage":"fr-FR"},{"@type":"Person","@id":"https:\/\/macite.tg\/#\/schema\/person\/e9f2de7e5dbbe7770a9402c7ce82f5c2","name":"Jean Pierre BAWELA","image":{"@type":"ImageObject","inLanguage":"fr-FR","@id":"https:\/\/macite.tg\/wp-content\/uploads\/2023\/09\/WhatsApp-Image-2023-09-19-at-14.44.41-122x122.jpeg","url":"https:\/\/macite.tg\/wp-content\/uploads\/2023\/09\/WhatsApp-Image-2023-09-19-at-14.44.41-122x122.jpeg","contentUrl":"https:\/\/macite.tg\/wp-content\/uploads\/2023\/09\/WhatsApp-Image-2023-09-19-at-14.44.41-122x122.jpeg","caption":"Jean Pierre BAWELA"},"url":"https:\/\/macite.tg\/?author=2"}]}},"_links":{"self":[{"href":"https:\/\/macite.tg\/index.php?rest_route=\/wp\/v2\/posts\/23477","targetHints":{"allow":["GET"]}}],"collection":[{"href":"https:\/\/macite.tg\/index.php?rest_route=\/wp\/v2\/posts"}],"about":[{"href":"https:\/\/macite.tg\/index.php?rest_route=\/wp\/v2\/types\/post"}],"author":[{"embeddable":true,"href":"https:\/\/macite.tg\/index.php?rest_route=\/wp\/v2\/users\/2"}],"replies":[{"embeddable":true,"href":"https:\/\/macite.tg\/index.php?rest_route=%2Fwp%2Fv2%2Fcomments&post=23477"}],"version-history":[{"count":0,"href":"https:\/\/macite.tg\/index.php?rest_route=\/wp\/v2\/posts\/23477\/revisions"}],"wp:featuredmedia":[{"embeddable":true,"href":"https:\/\/macite.tg\/index.php?rest_route=\/wp\/v2\/media\/23478"}],"wp:attachment":[{"href":"https:\/\/macite.tg\/index.php?rest_route=%2Fwp%2Fv2%2Fmedia&parent=23477"}],"wp:term":[{"taxonomy":"category","embeddable":true,"href":"https:\/\/macite.tg\/index.php?rest_route=%2Fwp%2Fv2%2Fcategories&post=23477"},{"taxonomy":"post_tag","embeddable":true,"href":"https:\/\/macite.tg\/index.php?rest_route=%2Fwp%2Fv2%2Ftags&post=23477"}],"curies":[{"name":"wp","href":"https:\/\/api.w.org\/{rel}","templated":true}]}}