{"id":23472,"date":"2025-07-11T12:01:15","date_gmt":"2025-07-11T12:01:15","guid":{"rendered":"https:\/\/macite.tg\/?p=23472"},"modified":"2025-07-11T12:01:19","modified_gmt":"2025-07-11T12:01:19","slug":"can-feminine-maroc-2025-la-selection-algerienne-visee-par-une-enquete-de-la-caf","status":"publish","type":"post","link":"https:\/\/macite.tg\/?p=23472","title":{"rendered":"CAN FEMININE MAROC 2025 : La s\u00e9lection alg\u00e9rienne vis\u00e9e par une enqu\u00eate de la CAF"},"content":{"rendered":"\n<p class=\"wp-block-paragraph\"><strong><em>La Conf\u00e9d\u00e9ration Africaine de Football (CAF) a annonc\u00e9, hier jeudi, avoir ouvert une enqu\u00eate \u00e0 l\u2019encontre de la s\u00e9lection nationale f\u00e9minine d\u2019Alg\u00e9rie pour des faits pr\u00e9sum\u00e9s de violation des Statuts et R\u00e8glements de la CAF, dans le cadre de la Coupe d\u2019Afrique des Nations F\u00e9minine CAF TotalEnergies, Maroc 2024, actuellement en cours.<\/em><\/strong> <\/p>\n\n\n\n<p class=\"wp-block-paragraph\">Dans son communiqu\u00e9, la CAF a indiqu\u00e9 qu\u2019elle&nbsp;<em>\u00ab&nbsp;ne fera aucun autre commentaire sur cette affaire tant que la proc\u00e9dure n\u2019aura pas \u00e9t\u00e9 men\u00e9e \u00e0 son terme&nbsp;\u00bb.<\/em><\/p>\n\n\n\n<p class=\"wp-block-paragraph\">Pour rappel, d\u00e8s l\u2019ouverture du tournoi, l\u2019Alg\u00e9rie a affich\u00e9 une hostilit\u00e9 visuelle assum\u00e9e \u00e0 l\u2019encontre du pays h\u00f4te, le Maroc.<\/p>\n\n\n<div class=\"wp-block-image\">\n<figure class=\"aligncenter size-large\"><img loading=\"lazy\" decoding=\"async\" width=\"724\" height=\"1024\" src=\"https:\/\/macite.tg\/wp-content\/uploads\/2025\/07\/OTR_Vente-aux-encheres-14-juillet-724x1024.jpg\" alt=\"\" class=\"wp-image-23468\" srcset=\"https:\/\/macite.tg\/wp-content\/uploads\/2025\/07\/OTR_Vente-aux-encheres-14-juillet-724x1024.jpg 724w, https:\/\/macite.tg\/wp-content\/uploads\/2025\/07\/OTR_Vente-aux-encheres-14-juillet-212x300.jpg 212w, https:\/\/macite.tg\/wp-content\/uploads\/2025\/07\/OTR_Vente-aux-encheres-14-juillet-768x1087.jpg 768w, https:\/\/macite.tg\/wp-content\/uploads\/2025\/07\/OTR_Vente-aux-encheres-14-juillet.jpg 848w\" sizes=\"auto, (max-width: 724px) 100vw, 724px\" \/><\/figure>\n<\/div>\n\n\n<p class=\"wp-block-paragraph\">En effet, sur les supports officiels de la F\u00e9d\u00e9ration alg\u00e9rienne de football, la mention <em>\u00ab\u202fMaroc 2024\u202f\u00bb<\/em> avait tout bonnement disparu. Un effacement symbolique mais lourd de sens.<\/p>\n\n\n\n<p class=\"wp-block-paragraph\">Lors de la premi\u00e8re conf\u00e9rence de presse du s\u00e9lectionneur alg\u00e9rien, Farid Benstiti, le logo de Royal Air Maroc figurait pourtant clairement sur le panneau des sponsors. Mais sa diffusion sur la t\u00e9l\u00e9vision publique alg\u00e9rienne a r\u00e9v\u00e9l\u00e9 un tout autre visage : le logo de la compagnie marocaine a \u00e9t\u00e9 remplac\u00e9 \u00e0 l\u2019\u00e9cran par celui d\u2019un autre sponsor. Une manipulation visuelle revendiqu\u00e9e, destin\u00e9e \u00e0 effacer toute allusion au pays organisateur.<\/p>\n\n\n\n<p class=\"wp-block-paragraph\">Le proc\u00e9d\u00e9 a franchi un cap encore plus flagrant sur le terrain. Sur le banc de touche, l\u2019\u00e9cusson de la F\u00e9d\u00e9ration royale marocaine de football a \u00e9t\u00e9 soigneusement masqu\u00e9, et les images retransmises ont \u00e9t\u00e9 rigoureusement s\u00e9lectionn\u00e9es pour \u00e9liminer toute trace visuelle faisant r\u00e9f\u00e9rence au Maroc, comme si le pays organisateur devait rester invisible.<\/p>\n\n\n<div class=\"wp-block-image\">\n<figure class=\"aligncenter size-full is-resized\"><img loading=\"lazy\" decoding=\"async\" width=\"500\" height=\"500\" src=\"https:\/\/macite.tg\/wp-content\/uploads\/2025\/07\/Geo-ref.jpg\" alt=\"\" class=\"wp-image-23346\" style=\"width:654px;height:auto\" srcset=\"https:\/\/macite.tg\/wp-content\/uploads\/2025\/07\/Geo-ref.jpg 500w, https:\/\/macite.tg\/wp-content\/uploads\/2025\/07\/Geo-ref-300x300.jpg 300w, https:\/\/macite.tg\/wp-content\/uploads\/2025\/07\/Geo-ref-150x150.jpg 150w, https:\/\/macite.tg\/wp-content\/uploads\/2025\/07\/Geo-ref-122x122.jpg 122w\" sizes=\"auto, (max-width: 500px) 100vw, 500px\" \/><\/figure>\n<\/div>\n\n\n<p class=\"wp-block-paragraph\">En fait, l\u2019Alg\u00e9rie s\u2019est pr\u00eat\u00e9e \u00e0 un effacement m\u00e9thodique, r\u00e9v\u00e9lateur d\u2019un malaise politique transpos\u00e9 jusque dans les moindres d\u00e9tails d\u2019un \u00e9v\u00e9nement sportif cens\u00e9 c\u00e9l\u00e9brer l\u2019unit\u00e9 africaine.<\/p>\n\n\n\n<p class=\"wp-block-paragraph\"><strong>MSN<\/strong><\/p>\n\n\n\n<p class=\"wp-block-paragraph\"><strong><em>E-mail&nbsp;: <\/em><\/strong><a href=\"mailto:maciteinfo@gmail.com\"><strong><em>maciteinfo@gmail.com<\/em><\/strong><\/a><strong><em>; <\/em><\/strong><a href=\"mailto:bawela1@gmail.com\"><strong><em>bawela1@gmail.com<\/em><\/strong><\/a><strong><em><\/em><\/strong><\/p>\n\n\n\n<p class=\"wp-block-paragraph\"><strong><em>Pour vos annonces, (publi)reportages, etc.,<\/em><\/strong><\/p>\n\n\n\n<p class=\"wp-block-paragraph\"><strong><em>joignez-nous au (00228)91515309\/<strong>79872224<\/strong><\/em><\/strong><\/p>\n\n\n\n<p class=\"wp-block-paragraph\"><strong><em>www.macite.tg, L\u2019information, la bonne&nbsp;!<\/em><\/strong><\/p>\n\n\n\n<p class=\"wp-block-paragraph\"><\/p>\n","protected":false},"excerpt":{"rendered":"<p class=\"text-justify mb-2\" >La Conf\u00e9d\u00e9ration Africaine de Football (CAF) a annonc\u00e9, hier jeudi, avoir ouvert une enqu\u00eate \u00e0 l\u2019encontre de la s\u00e9lection nationale f\u00e9minine d\u2019Alg\u00e9rie pour des faits pr\u00e9sum\u00e9s de violation des Statuts et R\u00e8glements de la CAF, dans le cadre de la Coupe d\u2019Afrique des Nations F\u00e9minine [&hellip;]<\/p>\n","protected":false},"author":2,"featured_media":23475,"comment_status":"open","ping_status":"open","sticky":false,"template":"","format":"standard","meta":{"footnotes":""},"categories":[20,63,7],"tags":[],"class_list":["post-23472","post","type-post","status-publish","format-standard","has-post-thumbnail","hentry","category-actualite","category-football","category-sports"],"yoast_head":"<!-- This site is optimized with the Yoast SEO plugin v28.4 - https:\/\/yoast.com\/product\/yoast-seo-wordpress\/ -->\n<title>CAN FEMININE MAROC 2025 : La s\u00e9lection alg\u00e9rienne vis\u00e9e par une enqu\u00eate de la CAF -<\/title>\n<meta name=\"robots\" content=\"index, follow, max-snippet:-1, max-image-preview:large, max-video-preview:-1\" \/>\n<link rel=\"canonical\" href=\"https:\/\/macite.tg\/?p=23472\" \/>\n<meta property=\"og:locale\" content=\"fr_FR\" \/>\n<meta property=\"og:type\" content=\"article\" \/>\n<meta property=\"og:title\" content=\"CAN FEMININE MAROC 2025 : La s\u00e9lection alg\u00e9rienne vis\u00e9e par une enqu\u00eate de la CAF -\" \/>\n<meta property=\"og:description\" content=\"La Conf\u00e9d\u00e9ration Africaine de Football (CAF) a annonc\u00e9, hier jeudi, avoir ouvert une enqu\u00eate \u00e0 l\u2019encontre de la s\u00e9lection nationale f\u00e9minine d\u2019Alg\u00e9rie pour des faits pr\u00e9sum\u00e9s de violation des Statuts et R\u00e8glements de la CAF, dans le cadre de la Coupe d\u2019Afrique des Nations F\u00e9minine [&hellip;]\" \/>\n<meta property=\"og:url\" content=\"https:\/\/macite.tg\/?p=23472\" \/>\n<meta property=\"article:published_time\" content=\"2025-07-11T12:01:15+00:00\" \/>\n<meta property=\"article:modified_time\" content=\"2025-07-11T12:01:19+00:00\" \/>\n<meta property=\"og:image\" content=\"https:\/\/macite.tg\/wp-content\/uploads\/2025\/07\/image-34.png\" \/>\n\t<meta property=\"og:image:width\" content=\"534\" \/>\n\t<meta property=\"og:image:height\" content=\"356\" \/>\n\t<meta property=\"og:image:type\" content=\"image\/png\" \/>\n<meta name=\"author\" content=\"Jean Pierre BAWELA\" \/>\n<meta name=\"twitter:card\" content=\"summary_large_image\" \/>\n<meta name=\"twitter:label1\" content=\"\u00c9crit par\" \/>\n\t<meta name=\"twitter:data1\" content=\"Jean Pierre BAWELA\" \/>\n\t<meta name=\"twitter:label2\" content=\"Dur\u00e9e de lecture estim\u00e9e\" \/>\n\t<meta name=\"twitter:data2\" content=\"3 minutes\" \/>\n<script type=\"application\/ld+json\" class=\"yoast-schema-graph\">{\"@context\":\"https:\\\/\\\/schema.org\",\"@graph\":[{\"@type\":\"Article\",\"@id\":\"https:\\\/\\\/macite.tg\\\/?p=23472#article\",\"isPartOf\":{\"@id\":\"https:\\\/\\\/macite.tg\\\/?p=23472\"},\"author\":{\"name\":\"Jean Pierre BAWELA\",\"@id\":\"https:\\\/\\\/macite.tg\\\/#\\\/schema\\\/person\\\/e9f2de7e5dbbe7770a9402c7ce82f5c2\"},\"headline\":\"CAN FEMININE MAROC 2025 : La s\u00e9lection alg\u00e9rienne vis\u00e9e par une enqu\u00eate de la CAF\",\"datePublished\":\"2025-07-11T12:01:15+00:00\",\"dateModified\":\"2025-07-11T12:01:19+00:00\",\"mainEntityOfPage\":{\"@id\":\"https:\\\/\\\/macite.tg\\\/?p=23472\"},\"wordCount\":374,\"commentCount\":0,\"image\":{\"@id\":\"https:\\\/\\\/macite.tg\\\/?p=23472#primaryimage\"},\"thumbnailUrl\":\"https:\\\/\\\/macite.tg\\\/wp-content\\\/uploads\\\/2025\\\/07\\\/image-34.png\",\"articleSection\":[\"ACTUALITE\",\"FOOTBALL\",\"SPORTS\"],\"inLanguage\":\"fr-FR\",\"potentialAction\":[{\"@type\":\"CommentAction\",\"name\":\"Comment\",\"target\":[\"https:\\\/\\\/macite.tg\\\/?p=23472#respond\"]}]},{\"@type\":\"WebPage\",\"@id\":\"https:\\\/\\\/macite.tg\\\/?p=23472\",\"url\":\"https:\\\/\\\/macite.tg\\\/?p=23472\",\"name\":\"CAN FEMININE MAROC 2025 : La s\u00e9lection alg\u00e9rienne vis\u00e9e par une enqu\u00eate de la CAF -\",\"isPartOf\":{\"@id\":\"https:\\\/\\\/macite.tg\\\/#website\"},\"primaryImageOfPage\":{\"@id\":\"https:\\\/\\\/macite.tg\\\/?p=23472#primaryimage\"},\"image\":{\"@id\":\"https:\\\/\\\/macite.tg\\\/?p=23472#primaryimage\"},\"thumbnailUrl\":\"https:\\\/\\\/macite.tg\\\/wp-content\\\/uploads\\\/2025\\\/07\\\/image-34.png\",\"datePublished\":\"2025-07-11T12:01:15+00:00\",\"dateModified\":\"2025-07-11T12:01:19+00:00\",\"author\":{\"@id\":\"https:\\\/\\\/macite.tg\\\/#\\\/schema\\\/person\\\/e9f2de7e5dbbe7770a9402c7ce82f5c2\"},\"breadcrumb\":{\"@id\":\"https:\\\/\\\/macite.tg\\\/?p=23472#breadcrumb\"},\"inLanguage\":\"fr-FR\",\"potentialAction\":[{\"@type\":\"ReadAction\",\"target\":[\"https:\\\/\\\/macite.tg\\\/?p=23472\"]}]},{\"@type\":\"ImageObject\",\"inLanguage\":\"fr-FR\",\"@id\":\"https:\\\/\\\/macite.tg\\\/?p=23472#primaryimage\",\"url\":\"https:\\\/\\\/macite.tg\\\/wp-content\\\/uploads\\\/2025\\\/07\\\/image-34.png\",\"contentUrl\":\"https:\\\/\\\/macite.tg\\\/wp-content\\\/uploads\\\/2025\\\/07\\\/image-34.png\",\"width\":534,\"height\":356,\"caption\":\"Patric Muesepe, pr\u00e9sident de la CAF\"},{\"@type\":\"BreadcrumbList\",\"@id\":\"https:\\\/\\\/macite.tg\\\/?p=23472#breadcrumb\",\"itemListElement\":[{\"@type\":\"ListItem\",\"position\":1,\"name\":\"Accueil\",\"item\":\"https:\\\/\\\/macite.tg\\\/\"},{\"@type\":\"ListItem\",\"position\":2,\"name\":\"CAN FEMININE MAROC 2025 : La s\u00e9lection alg\u00e9rienne vis\u00e9e par une enqu\u00eate de la CAF\"}]},{\"@type\":\"WebSite\",\"@id\":\"https:\\\/\\\/macite.tg\\\/#website\",\"url\":\"https:\\\/\\\/macite.tg\\\/\",\"name\":\"\",\"description\":\"L&#039;information, la bonne!!!\",\"potentialAction\":[{\"@type\":\"SearchAction\",\"target\":{\"@type\":\"EntryPoint\",\"urlTemplate\":\"https:\\\/\\\/macite.tg\\\/?s={search_term_string}\"},\"query-input\":{\"@type\":\"PropertyValueSpecification\",\"valueRequired\":true,\"valueName\":\"search_term_string\"}}],\"inLanguage\":\"fr-FR\"},{\"@type\":\"Person\",\"@id\":\"https:\\\/\\\/macite.tg\\\/#\\\/schema\\\/person\\\/e9f2de7e5dbbe7770a9402c7ce82f5c2\",\"name\":\"Jean Pierre BAWELA\",\"image\":{\"@type\":\"ImageObject\",\"inLanguage\":\"fr-FR\",\"@id\":\"https:\\\/\\\/macite.tg\\\/wp-content\\\/uploads\\\/2023\\\/09\\\/WhatsApp-Image-2023-09-19-at-14.44.41-122x122.jpeg\",\"url\":\"https:\\\/\\\/macite.tg\\\/wp-content\\\/uploads\\\/2023\\\/09\\\/WhatsApp-Image-2023-09-19-at-14.44.41-122x122.jpeg\",\"contentUrl\":\"https:\\\/\\\/macite.tg\\\/wp-content\\\/uploads\\\/2023\\\/09\\\/WhatsApp-Image-2023-09-19-at-14.44.41-122x122.jpeg\",\"caption\":\"Jean Pierre BAWELA\"},\"url\":\"https:\\\/\\\/macite.tg\\\/?author=2\"}]}<\/script>\n<!-- \/ Yoast SEO plugin. -->","yoast_head_json":{"title":"CAN FEMININE MAROC 2025 : La s\u00e9lection alg\u00e9rienne vis\u00e9e par une enqu\u00eate de la CAF -","robots":{"index":"index","follow":"follow","max-snippet":"max-snippet:-1","max-image-preview":"max-image-preview:large","max-video-preview":"max-video-preview:-1"},"canonical":"https:\/\/macite.tg\/?p=23472","og_locale":"fr_FR","og_type":"article","og_title":"CAN FEMININE MAROC 2025 : La s\u00e9lection alg\u00e9rienne vis\u00e9e par une enqu\u00eate de la CAF -","og_description":"La Conf\u00e9d\u00e9ration Africaine de Football (CAF) a annonc\u00e9, hier jeudi, avoir ouvert une enqu\u00eate \u00e0 l\u2019encontre de la s\u00e9lection nationale f\u00e9minine d\u2019Alg\u00e9rie pour des faits pr\u00e9sum\u00e9s de violation des Statuts et R\u00e8glements de la CAF, dans le cadre de la Coupe d\u2019Afrique des Nations F\u00e9minine [&hellip;]","og_url":"https:\/\/macite.tg\/?p=23472","article_published_time":"2025-07-11T12:01:15+00:00","article_modified_time":"2025-07-11T12:01:19+00:00","og_image":[{"width":534,"height":356,"url":"https:\/\/macite.tg\/wp-content\/uploads\/2025\/07\/image-34.png","type":"image\/png"}],"author":"Jean Pierre BAWELA","twitter_card":"summary_large_image","twitter_misc":{"\u00c9crit par":"Jean Pierre BAWELA","Dur\u00e9e de lecture estim\u00e9e":"3 minutes"},"schema":{"@context":"https:\/\/schema.org","@graph":[{"@type":"Article","@id":"https:\/\/macite.tg\/?p=23472#article","isPartOf":{"@id":"https:\/\/macite.tg\/?p=23472"},"author":{"name":"Jean Pierre BAWELA","@id":"https:\/\/macite.tg\/#\/schema\/person\/e9f2de7e5dbbe7770a9402c7ce82f5c2"},"headline":"CAN FEMININE MAROC 2025 : La s\u00e9lection alg\u00e9rienne vis\u00e9e par une enqu\u00eate de la CAF","datePublished":"2025-07-11T12:01:15+00:00","dateModified":"2025-07-11T12:01:19+00:00","mainEntityOfPage":{"@id":"https:\/\/macite.tg\/?p=23472"},"wordCount":374,"commentCount":0,"image":{"@id":"https:\/\/macite.tg\/?p=23472#primaryimage"},"thumbnailUrl":"https:\/\/macite.tg\/wp-content\/uploads\/2025\/07\/image-34.png","articleSection":["ACTUALITE","FOOTBALL","SPORTS"],"inLanguage":"fr-FR","potentialAction":[{"@type":"CommentAction","name":"Comment","target":["https:\/\/macite.tg\/?p=23472#respond"]}]},{"@type":"WebPage","@id":"https:\/\/macite.tg\/?p=23472","url":"https:\/\/macite.tg\/?p=23472","name":"CAN FEMININE MAROC 2025 : La s\u00e9lection alg\u00e9rienne vis\u00e9e par une enqu\u00eate de la CAF -","isPartOf":{"@id":"https:\/\/macite.tg\/#website"},"primaryImageOfPage":{"@id":"https:\/\/macite.tg\/?p=23472#primaryimage"},"image":{"@id":"https:\/\/macite.tg\/?p=23472#primaryimage"},"thumbnailUrl":"https:\/\/macite.tg\/wp-content\/uploads\/2025\/07\/image-34.png","datePublished":"2025-07-11T12:01:15+00:00","dateModified":"2025-07-11T12:01:19+00:00","author":{"@id":"https:\/\/macite.tg\/#\/schema\/person\/e9f2de7e5dbbe7770a9402c7ce82f5c2"},"breadcrumb":{"@id":"https:\/\/macite.tg\/?p=23472#breadcrumb"},"inLanguage":"fr-FR","potentialAction":[{"@type":"ReadAction","target":["https:\/\/macite.tg\/?p=23472"]}]},{"@type":"ImageObject","inLanguage":"fr-FR","@id":"https:\/\/macite.tg\/?p=23472#primaryimage","url":"https:\/\/macite.tg\/wp-content\/uploads\/2025\/07\/image-34.png","contentUrl":"https:\/\/macite.tg\/wp-content\/uploads\/2025\/07\/image-34.png","width":534,"height":356,"caption":"Patric Muesepe, pr\u00e9sident de la CAF"},{"@type":"BreadcrumbList","@id":"https:\/\/macite.tg\/?p=23472#breadcrumb","itemListElement":[{"@type":"ListItem","position":1,"name":"Accueil","item":"https:\/\/macite.tg\/"},{"@type":"ListItem","position":2,"name":"CAN FEMININE MAROC 2025 : La s\u00e9lection alg\u00e9rienne vis\u00e9e par une enqu\u00eate de la CAF"}]},{"@type":"WebSite","@id":"https:\/\/macite.tg\/#website","url":"https:\/\/macite.tg\/","name":"","description":"L&#039;information, la bonne!!!","potentialAction":[{"@type":"SearchAction","target":{"@type":"EntryPoint","urlTemplate":"https:\/\/macite.tg\/?s={search_term_string}"},"query-input":{"@type":"PropertyValueSpecification","valueRequired":true,"valueName":"search_term_string"}}],"inLanguage":"fr-FR"},{"@type":"Person","@id":"https:\/\/macite.tg\/#\/schema\/person\/e9f2de7e5dbbe7770a9402c7ce82f5c2","name":"Jean Pierre BAWELA","image":{"@type":"ImageObject","inLanguage":"fr-FR","@id":"https:\/\/macite.tg\/wp-content\/uploads\/2023\/09\/WhatsApp-Image-2023-09-19-at-14.44.41-122x122.jpeg","url":"https:\/\/macite.tg\/wp-content\/uploads\/2023\/09\/WhatsApp-Image-2023-09-19-at-14.44.41-122x122.jpeg","contentUrl":"https:\/\/macite.tg\/wp-content\/uploads\/2023\/09\/WhatsApp-Image-2023-09-19-at-14.44.41-122x122.jpeg","caption":"Jean Pierre BAWELA"},"url":"https:\/\/macite.tg\/?author=2"}]}},"_links":{"self":[{"href":"https:\/\/macite.tg\/index.php?rest_route=\/wp\/v2\/posts\/23472","targetHints":{"allow":["GET"]}}],"collection":[{"href":"https:\/\/macite.tg\/index.php?rest_route=\/wp\/v2\/posts"}],"about":[{"href":"https:\/\/macite.tg\/index.php?rest_route=\/wp\/v2\/types\/post"}],"author":[{"embeddable":true,"href":"https:\/\/macite.tg\/index.php?rest_route=\/wp\/v2\/users\/2"}],"replies":[{"embeddable":true,"href":"https:\/\/macite.tg\/index.php?rest_route=%2Fwp%2Fv2%2Fcomments&post=23472"}],"version-history":[{"count":0,"href":"https:\/\/macite.tg\/index.php?rest_route=\/wp\/v2\/posts\/23472\/revisions"}],"wp:featuredmedia":[{"embeddable":true,"href":"https:\/\/macite.tg\/index.php?rest_route=\/wp\/v2\/media\/23475"}],"wp:attachment":[{"href":"https:\/\/macite.tg\/index.php?rest_route=%2Fwp%2Fv2%2Fmedia&parent=23472"}],"wp:term":[{"taxonomy":"category","embeddable":true,"href":"https:\/\/macite.tg\/index.php?rest_route=%2Fwp%2Fv2%2Fcategories&post=23472"},{"taxonomy":"post_tag","embeddable":true,"href":"https:\/\/macite.tg\/index.php?rest_route=%2Fwp%2Fv2%2Ftags&post=23472"}],"curies":[{"name":"wp","href":"https:\/\/api.w.org\/{rel}","templated":true}]}}