{"id":23439,"date":"2025-07-10T13:41:03","date_gmt":"2025-07-10T13:41:03","guid":{"rendered":"https:\/\/macite.tg\/?p=23439"},"modified":"2025-07-10T13:41:41","modified_gmt":"2025-07-10T13:41:41","slug":"annonce-de-deces-un-dernier-voyage-pour-victor-christopher-kokou-messan-nouchet","status":"publish","type":"post","link":"https:\/\/macite.tg\/?p=23439","title":{"rendered":"ANNONCE DE DECES : Un dernier voyage pour Victor Christopher Kokou Messan NOUCHET"},"content":{"rendered":"\n<p class=\"wp-block-paragraph\"><strong><em>Appel\u00e9 \u00e0 son Cr\u00e9ateur le vendredi 13 juin 2025 \u00e0 83 ans, Victor Christopher Kokou Messan NOUCHET va effectuer son dernier voyage sur terre le samedi 12 juillet 2025.<\/em><\/strong><\/p>\n\n\n\n<p class=\"wp-block-paragraph\"><strong>Voici le programme des obs\u00e8ques de cet ancien cadre de la CEDEAO \u00e0 la retraite\u00a0:<\/strong><\/p>\n\n\n<div class=\"wp-block-image\">\n<figure class=\"aligncenter size-full\"><img loading=\"lazy\" decoding=\"async\" width=\"536\" height=\"761\" src=\"https:\/\/macite.tg\/wp-content\/uploads\/2025\/07\/272a4078-928d-4854-ba00-1e122ba29b6e.jpg\" alt=\"\" class=\"wp-image-23441\" srcset=\"https:\/\/macite.tg\/wp-content\/uploads\/2025\/07\/272a4078-928d-4854-ba00-1e122ba29b6e.jpg 536w, https:\/\/macite.tg\/wp-content\/uploads\/2025\/07\/272a4078-928d-4854-ba00-1e122ba29b6e-211x300.jpg 211w\" sizes=\"auto, (max-width: 536px) 100vw, 536px\" \/><\/figure>\n<\/div>","protected":false},"excerpt":{"rendered":"<p class=\"text-justify mb-2\" >Appel\u00e9 \u00e0 son Cr\u00e9ateur le vendredi 13 juin 2025 \u00e0 83 ans, Victor Christopher Kokou Messan NOUCHET va effectuer son dernier voyage sur terre le samedi 12 juillet 2025. Voici le programme des obs\u00e8ques de cet ancien cadre de la CEDEAO \u00e0 la retraite\u00a0:<\/p>\n","protected":false},"author":2,"featured_media":23440,"comment_status":"open","ping_status":"open","sticky":false,"template":"","format":"standard","meta":{"footnotes":""},"categories":[20],"tags":[],"class_list":["post-23439","post","type-post","status-publish","format-standard","has-post-thumbnail","hentry","category-actualite"],"yoast_head":"<!-- This site is optimized with the Yoast SEO plugin v28.4 - https:\/\/yoast.com\/product\/yoast-seo-wordpress\/ -->\n<title>ANNONCE DE DECES : Un dernier voyage pour Victor Christopher Kokou Messan NOUCHET -<\/title>\n<meta name=\"robots\" content=\"index, follow, max-snippet:-1, max-image-preview:large, max-video-preview:-1\" \/>\n<link rel=\"canonical\" href=\"https:\/\/macite.tg\/?p=23439\" \/>\n<meta property=\"og:locale\" content=\"fr_FR\" \/>\n<meta property=\"og:type\" content=\"article\" \/>\n<meta property=\"og:title\" content=\"ANNONCE DE DECES : Un dernier voyage pour Victor Christopher Kokou Messan NOUCHET -\" \/>\n<meta property=\"og:description\" content=\"Appel\u00e9 \u00e0 son Cr\u00e9ateur le vendredi 13 juin 2025 \u00e0 83 ans, Victor Christopher Kokou Messan NOUCHET va effectuer son dernier voyage sur terre le samedi 12 juillet 2025. Voici le programme des obs\u00e8ques de cet ancien cadre de la CEDEAO \u00e0 la retraite\u00a0:\" \/>\n<meta property=\"og:url\" content=\"https:\/\/macite.tg\/?p=23439\" \/>\n<meta property=\"article:published_time\" content=\"2025-07-10T13:41:03+00:00\" \/>\n<meta property=\"article:modified_time\" content=\"2025-07-10T13:41:41+00:00\" \/>\n<meta property=\"og:image\" content=\"https:\/\/macite.tg\/wp-content\/uploads\/2025\/07\/image-26.png\" \/>\n\t<meta property=\"og:image:width\" content=\"361\" \/>\n\t<meta property=\"og:image:height\" content=\"396\" \/>\n\t<meta property=\"og:image:type\" content=\"image\/png\" \/>\n<meta name=\"author\" content=\"Jean Pierre BAWELA\" \/>\n<meta name=\"twitter:card\" content=\"summary_large_image\" \/>\n<meta name=\"twitter:label1\" content=\"\u00c9crit par\" \/>\n\t<meta name=\"twitter:data1\" content=\"Jean Pierre BAWELA\" \/>\n\t<meta name=\"twitter:label2\" content=\"Dur\u00e9e de lecture estim\u00e9e\" \/>\n\t<meta name=\"twitter:data2\" content=\"1 minute\" \/>\n<script type=\"application\/ld+json\" class=\"yoast-schema-graph\">{\"@context\":\"https:\\\/\\\/schema.org\",\"@graph\":[{\"@type\":\"Article\",\"@id\":\"https:\\\/\\\/macite.tg\\\/?p=23439#article\",\"isPartOf\":{\"@id\":\"https:\\\/\\\/macite.tg\\\/?p=23439\"},\"author\":{\"name\":\"Jean Pierre BAWELA\",\"@id\":\"https:\\\/\\\/macite.tg\\\/#\\\/schema\\\/person\\\/e9f2de7e5dbbe7770a9402c7ce82f5c2\"},\"headline\":\"ANNONCE DE DECES : Un dernier voyage pour Victor Christopher Kokou Messan NOUCHET\",\"datePublished\":\"2025-07-10T13:41:03+00:00\",\"dateModified\":\"2025-07-10T13:41:41+00:00\",\"mainEntityOfPage\":{\"@id\":\"https:\\\/\\\/macite.tg\\\/?p=23439\"},\"wordCount\":50,\"commentCount\":0,\"image\":{\"@id\":\"https:\\\/\\\/macite.tg\\\/?p=23439#primaryimage\"},\"thumbnailUrl\":\"https:\\\/\\\/macite.tg\\\/wp-content\\\/uploads\\\/2025\\\/07\\\/image-26.png\",\"articleSection\":[\"ACTUALITE\"],\"inLanguage\":\"fr-FR\",\"potentialAction\":[{\"@type\":\"CommentAction\",\"name\":\"Comment\",\"target\":[\"https:\\\/\\\/macite.tg\\\/?p=23439#respond\"]}]},{\"@type\":\"WebPage\",\"@id\":\"https:\\\/\\\/macite.tg\\\/?p=23439\",\"url\":\"https:\\\/\\\/macite.tg\\\/?p=23439\",\"name\":\"ANNONCE DE DECES : Un dernier voyage pour Victor Christopher Kokou Messan NOUCHET -\",\"isPartOf\":{\"@id\":\"https:\\\/\\\/macite.tg\\\/#website\"},\"primaryImageOfPage\":{\"@id\":\"https:\\\/\\\/macite.tg\\\/?p=23439#primaryimage\"},\"image\":{\"@id\":\"https:\\\/\\\/macite.tg\\\/?p=23439#primaryimage\"},\"thumbnailUrl\":\"https:\\\/\\\/macite.tg\\\/wp-content\\\/uploads\\\/2025\\\/07\\\/image-26.png\",\"datePublished\":\"2025-07-10T13:41:03+00:00\",\"dateModified\":\"2025-07-10T13:41:41+00:00\",\"author\":{\"@id\":\"https:\\\/\\\/macite.tg\\\/#\\\/schema\\\/person\\\/e9f2de7e5dbbe7770a9402c7ce82f5c2\"},\"breadcrumb\":{\"@id\":\"https:\\\/\\\/macite.tg\\\/?p=23439#breadcrumb\"},\"inLanguage\":\"fr-FR\",\"potentialAction\":[{\"@type\":\"ReadAction\",\"target\":[\"https:\\\/\\\/macite.tg\\\/?p=23439\"]}]},{\"@type\":\"ImageObject\",\"inLanguage\":\"fr-FR\",\"@id\":\"https:\\\/\\\/macite.tg\\\/?p=23439#primaryimage\",\"url\":\"https:\\\/\\\/macite.tg\\\/wp-content\\\/uploads\\\/2025\\\/07\\\/image-26.png\",\"contentUrl\":\"https:\\\/\\\/macite.tg\\\/wp-content\\\/uploads\\\/2025\\\/07\\\/image-26.png\",\"width\":361,\"height\":396},{\"@type\":\"BreadcrumbList\",\"@id\":\"https:\\\/\\\/macite.tg\\\/?p=23439#breadcrumb\",\"itemListElement\":[{\"@type\":\"ListItem\",\"position\":1,\"name\":\"Accueil\",\"item\":\"https:\\\/\\\/macite.tg\\\/\"},{\"@type\":\"ListItem\",\"position\":2,\"name\":\"ANNONCE DE DECES : Un dernier voyage pour Victor Christopher Kokou Messan NOUCHET\"}]},{\"@type\":\"WebSite\",\"@id\":\"https:\\\/\\\/macite.tg\\\/#website\",\"url\":\"https:\\\/\\\/macite.tg\\\/\",\"name\":\"\",\"description\":\"L&#039;information, la bonne!!!\",\"potentialAction\":[{\"@type\":\"SearchAction\",\"target\":{\"@type\":\"EntryPoint\",\"urlTemplate\":\"https:\\\/\\\/macite.tg\\\/?s={search_term_string}\"},\"query-input\":{\"@type\":\"PropertyValueSpecification\",\"valueRequired\":true,\"valueName\":\"search_term_string\"}}],\"inLanguage\":\"fr-FR\"},{\"@type\":\"Person\",\"@id\":\"https:\\\/\\\/macite.tg\\\/#\\\/schema\\\/person\\\/e9f2de7e5dbbe7770a9402c7ce82f5c2\",\"name\":\"Jean Pierre BAWELA\",\"image\":{\"@type\":\"ImageObject\",\"inLanguage\":\"fr-FR\",\"@id\":\"https:\\\/\\\/macite.tg\\\/wp-content\\\/uploads\\\/2023\\\/09\\\/WhatsApp-Image-2023-09-19-at-14.44.41-122x122.jpeg\",\"url\":\"https:\\\/\\\/macite.tg\\\/wp-content\\\/uploads\\\/2023\\\/09\\\/WhatsApp-Image-2023-09-19-at-14.44.41-122x122.jpeg\",\"contentUrl\":\"https:\\\/\\\/macite.tg\\\/wp-content\\\/uploads\\\/2023\\\/09\\\/WhatsApp-Image-2023-09-19-at-14.44.41-122x122.jpeg\",\"caption\":\"Jean Pierre BAWELA\"},\"url\":\"https:\\\/\\\/macite.tg\\\/?author=2\"}]}<\/script>\n<!-- \/ Yoast SEO plugin. -->","yoast_head_json":{"title":"ANNONCE DE DECES : Un dernier voyage pour Victor Christopher Kokou Messan NOUCHET -","robots":{"index":"index","follow":"follow","max-snippet":"max-snippet:-1","max-image-preview":"max-image-preview:large","max-video-preview":"max-video-preview:-1"},"canonical":"https:\/\/macite.tg\/?p=23439","og_locale":"fr_FR","og_type":"article","og_title":"ANNONCE DE DECES : Un dernier voyage pour Victor Christopher Kokou Messan NOUCHET -","og_description":"Appel\u00e9 \u00e0 son Cr\u00e9ateur le vendredi 13 juin 2025 \u00e0 83 ans, Victor Christopher Kokou Messan NOUCHET va effectuer son dernier voyage sur terre le samedi 12 juillet 2025. Voici le programme des obs\u00e8ques de cet ancien cadre de la CEDEAO \u00e0 la retraite\u00a0:","og_url":"https:\/\/macite.tg\/?p=23439","article_published_time":"2025-07-10T13:41:03+00:00","article_modified_time":"2025-07-10T13:41:41+00:00","og_image":[{"width":361,"height":396,"url":"https:\/\/macite.tg\/wp-content\/uploads\/2025\/07\/image-26.png","type":"image\/png"}],"author":"Jean Pierre BAWELA","twitter_card":"summary_large_image","twitter_misc":{"\u00c9crit par":"Jean Pierre BAWELA","Dur\u00e9e de lecture estim\u00e9e":"1 minute"},"schema":{"@context":"https:\/\/schema.org","@graph":[{"@type":"Article","@id":"https:\/\/macite.tg\/?p=23439#article","isPartOf":{"@id":"https:\/\/macite.tg\/?p=23439"},"author":{"name":"Jean Pierre BAWELA","@id":"https:\/\/macite.tg\/#\/schema\/person\/e9f2de7e5dbbe7770a9402c7ce82f5c2"},"headline":"ANNONCE DE DECES : Un dernier voyage pour Victor Christopher Kokou Messan NOUCHET","datePublished":"2025-07-10T13:41:03+00:00","dateModified":"2025-07-10T13:41:41+00:00","mainEntityOfPage":{"@id":"https:\/\/macite.tg\/?p=23439"},"wordCount":50,"commentCount":0,"image":{"@id":"https:\/\/macite.tg\/?p=23439#primaryimage"},"thumbnailUrl":"https:\/\/macite.tg\/wp-content\/uploads\/2025\/07\/image-26.png","articleSection":["ACTUALITE"],"inLanguage":"fr-FR","potentialAction":[{"@type":"CommentAction","name":"Comment","target":["https:\/\/macite.tg\/?p=23439#respond"]}]},{"@type":"WebPage","@id":"https:\/\/macite.tg\/?p=23439","url":"https:\/\/macite.tg\/?p=23439","name":"ANNONCE DE DECES : Un dernier voyage pour Victor Christopher Kokou Messan NOUCHET -","isPartOf":{"@id":"https:\/\/macite.tg\/#website"},"primaryImageOfPage":{"@id":"https:\/\/macite.tg\/?p=23439#primaryimage"},"image":{"@id":"https:\/\/macite.tg\/?p=23439#primaryimage"},"thumbnailUrl":"https:\/\/macite.tg\/wp-content\/uploads\/2025\/07\/image-26.png","datePublished":"2025-07-10T13:41:03+00:00","dateModified":"2025-07-10T13:41:41+00:00","author":{"@id":"https:\/\/macite.tg\/#\/schema\/person\/e9f2de7e5dbbe7770a9402c7ce82f5c2"},"breadcrumb":{"@id":"https:\/\/macite.tg\/?p=23439#breadcrumb"},"inLanguage":"fr-FR","potentialAction":[{"@type":"ReadAction","target":["https:\/\/macite.tg\/?p=23439"]}]},{"@type":"ImageObject","inLanguage":"fr-FR","@id":"https:\/\/macite.tg\/?p=23439#primaryimage","url":"https:\/\/macite.tg\/wp-content\/uploads\/2025\/07\/image-26.png","contentUrl":"https:\/\/macite.tg\/wp-content\/uploads\/2025\/07\/image-26.png","width":361,"height":396},{"@type":"BreadcrumbList","@id":"https:\/\/macite.tg\/?p=23439#breadcrumb","itemListElement":[{"@type":"ListItem","position":1,"name":"Accueil","item":"https:\/\/macite.tg\/"},{"@type":"ListItem","position":2,"name":"ANNONCE DE DECES : Un dernier voyage pour Victor Christopher Kokou Messan NOUCHET"}]},{"@type":"WebSite","@id":"https:\/\/macite.tg\/#website","url":"https:\/\/macite.tg\/","name":"","description":"L&#039;information, la bonne!!!","potentialAction":[{"@type":"SearchAction","target":{"@type":"EntryPoint","urlTemplate":"https:\/\/macite.tg\/?s={search_term_string}"},"query-input":{"@type":"PropertyValueSpecification","valueRequired":true,"valueName":"search_term_string"}}],"inLanguage":"fr-FR"},{"@type":"Person","@id":"https:\/\/macite.tg\/#\/schema\/person\/e9f2de7e5dbbe7770a9402c7ce82f5c2","name":"Jean Pierre BAWELA","image":{"@type":"ImageObject","inLanguage":"fr-FR","@id":"https:\/\/macite.tg\/wp-content\/uploads\/2023\/09\/WhatsApp-Image-2023-09-19-at-14.44.41-122x122.jpeg","url":"https:\/\/macite.tg\/wp-content\/uploads\/2023\/09\/WhatsApp-Image-2023-09-19-at-14.44.41-122x122.jpeg","contentUrl":"https:\/\/macite.tg\/wp-content\/uploads\/2023\/09\/WhatsApp-Image-2023-09-19-at-14.44.41-122x122.jpeg","caption":"Jean Pierre BAWELA"},"url":"https:\/\/macite.tg\/?author=2"}]}},"_links":{"self":[{"href":"https:\/\/macite.tg\/index.php?rest_route=\/wp\/v2\/posts\/23439","targetHints":{"allow":["GET"]}}],"collection":[{"href":"https:\/\/macite.tg\/index.php?rest_route=\/wp\/v2\/posts"}],"about":[{"href":"https:\/\/macite.tg\/index.php?rest_route=\/wp\/v2\/types\/post"}],"author":[{"embeddable":true,"href":"https:\/\/macite.tg\/index.php?rest_route=\/wp\/v2\/users\/2"}],"replies":[{"embeddable":true,"href":"https:\/\/macite.tg\/index.php?rest_route=%2Fwp%2Fv2%2Fcomments&post=23439"}],"version-history":[{"count":0,"href":"https:\/\/macite.tg\/index.php?rest_route=\/wp\/v2\/posts\/23439\/revisions"}],"wp:featuredmedia":[{"embeddable":true,"href":"https:\/\/macite.tg\/index.php?rest_route=\/wp\/v2\/media\/23440"}],"wp:attachment":[{"href":"https:\/\/macite.tg\/index.php?rest_route=%2Fwp%2Fv2%2Fmedia&parent=23439"}],"wp:term":[{"taxonomy":"category","embeddable":true,"href":"https:\/\/macite.tg\/index.php?rest_route=%2Fwp%2Fv2%2Fcategories&post=23439"},{"taxonomy":"post_tag","embeddable":true,"href":"https:\/\/macite.tg\/index.php?rest_route=%2Fwp%2Fv2%2Ftags&post=23439"}],"curies":[{"name":"wp","href":"https:\/\/api.w.org\/{rel}","templated":true}]}}