{"id":23435,"date":"2025-07-10T13:10:36","date_gmt":"2025-07-10T13:10:36","guid":{"rendered":"https:\/\/macite.tg\/?p=23435"},"modified":"2025-07-10T13:10:42","modified_gmt":"2025-07-10T13:10:42","slug":"sahara-marocain-lequateur-reaffirme-que-linitiative-dautonomie-est-la-base-pour-la-resolution-du-differend-regional","status":"publish","type":"post","link":"https:\/\/macite.tg\/?p=23435","title":{"rendered":"SAHARA\u00a0MAROCAIN : L\u2019Equateur r\u00e9affirme que l\u2019initiative d\u2019autonomie est \u00ab\u00a0la base pour la r\u00e9solution du diff\u00e9rend\u00a0\u00bb r\u00e9gional"},"content":{"rendered":"\n<p class=\"wp-block-paragraph\"><strong><em>Apr\u00e8s avoir <\/em><\/strong><strong><em>retir\u00e9 sa reconnaissance et mis un terme \u00e0 tout contact avec la pseudo \u2018\u2019rasd\u2019\u2019, depuis le 22 octobre 2024, la R\u00e9publique d\u2019Equateur vient \u00e0 nouveau d\u2019infliger un nouveau revers \u00e0 cette entit\u00e9 fantomatique. Quito a r\u00e9affirm\u00e9, vendredi 04 juillet dernier, que l\u2019initiative d\u2019autonomie est \u00ab&nbsp;la base pour la r\u00e9solution du diff\u00e9rend\u2019\u2019 r\u00e9gional autour du Sahara marocain.<\/em><\/strong><\/p>\n\n\n\n<p class=\"wp-block-paragraph\">Cette position officielle de la R\u00e9publique d\u2019Equateur a \u00e9t\u00e9 r\u00e9it\u00e9r\u00e9e, le vendredi 04 juillet dernier, \u00e0 l\u2019issue d\u2019un point de presse faisant suite \u00e0 la rencontre entre la ministre des Relations ext\u00e9rieures et de la Mobilit\u00e9 humaine de la R\u00e9publique d\u2019\u00c9quateur, Gabriela Sommerfeld, et le chef de la diplomatie marocaine, Nasser Bourita.<\/p>\n\n\n<div class=\"wp-block-image\">\n<figure class=\"aligncenter size-full is-resized\"><img loading=\"lazy\" decoding=\"async\" width=\"690\" height=\"170\" src=\"https:\/\/macite.tg\/wp-content\/uploads\/2025\/07\/OTR_TVM.jpg\" alt=\"\" class=\"wp-image-23364\" style=\"width:840px;height:auto\" srcset=\"https:\/\/macite.tg\/wp-content\/uploads\/2025\/07\/OTR_TVM.jpg 690w, https:\/\/macite.tg\/wp-content\/uploads\/2025\/07\/OTR_TVM-300x74.jpg 300w\" sizes=\"auto, (max-width: 690px) 100vw, 690px\" \/><\/figure>\n<\/div>\n\n\n<p class=\"wp-block-paragraph\">Cette posture de Quito se veut d\u2019accompagner la dynamique sans cesse grandissante port\u00e9e par la majorit\u00e9 des Etats membres des Nations-Unies. Ainsi, la R\u00e9publique de l\u2019Equateur dit soutenir les efforts d\u00e9ploy\u00e9s par le Royaume du Maroc pour <em>\u00ab&nbsp;parvenir \u00e0 une solution politique, r\u00e9aliste, pragmatique, durable et mutuellement acceptable \u00e0 ce diff\u00e9rend r\u00e9gional, dans le cadre de l&rsquo;ONU&nbsp;\u00bb.<\/em><\/p>\n\n\n<div class=\"wp-block-image\">\n<figure class=\"aligncenter size-full\"><img loading=\"lazy\" decoding=\"async\" width=\"500\" height=\"500\" src=\"https:\/\/macite.tg\/wp-content\/uploads\/2025\/07\/OTR-Dialogue-interpro-Acte-3.jpg\" alt=\"\" class=\"wp-image-23398\" srcset=\"https:\/\/macite.tg\/wp-content\/uploads\/2025\/07\/OTR-Dialogue-interpro-Acte-3.jpg 500w, https:\/\/macite.tg\/wp-content\/uploads\/2025\/07\/OTR-Dialogue-interpro-Acte-3-300x300.jpg 300w, https:\/\/macite.tg\/wp-content\/uploads\/2025\/07\/OTR-Dialogue-interpro-Acte-3-150x150.jpg 150w, https:\/\/macite.tg\/wp-content\/uploads\/2025\/07\/OTR-Dialogue-interpro-Acte-3-122x122.jpg 122w\" sizes=\"auto, (max-width: 500px) 100vw, 500px\" \/><\/figure>\n<\/div>\n\n\n<p class=\"wp-block-paragraph\">Notons que depuis le 22 octobre 2024, Quito avait retir\u00e9 sa reconnaissance de la pseudo \u2018\u2019rasd\u2019\u2019, et mis, mis un terme \u00e0 toute collaboration avec cette entit\u00e9 fantoche.<\/p>\n\n\n\n<p class=\"wp-block-paragraph\"><strong>MC<\/strong><\/p>\n\n\n\n<p class=\"wp-block-paragraph\"><a><strong><em>@macite.tg&nbsp;&nbsp;&nbsp;&nbsp;&nbsp;&nbsp;&nbsp;&nbsp;<\/em><\/strong><\/a><\/p>\n\n\n\n<p class=\"wp-block-paragraph\"><strong><em>E-mail&nbsp;: <\/em><\/strong><a href=\"mailto:maciteinfo@gmail.com\"><strong><em>maciteinfo@gmail.com<\/em><\/strong><\/a><strong><em>; <\/em><\/strong><a href=\"mailto:bawela1@gmail.com\"><strong><em>bawela1@gmail.com<\/em><\/strong><\/a><strong><em><\/em><\/strong><\/p>\n\n\n\n<p class=\"wp-block-paragraph\"><strong><em>Pour vos annonces, (publi)reportages, etc., joignez-nous au (00228)91515309\/<strong>79872224 <\/strong>www.macite.tg, L\u2019information, la bonne&nbsp;!<\/em><\/strong><\/p>\n","protected":false},"excerpt":{"rendered":"<p class=\"text-justify mb-2\" >Apr\u00e8s avoir retir\u00e9 sa reconnaissance et mis un terme \u00e0 tout contact avec la pseudo \u2018\u2019rasd\u2019\u2019, depuis le 22 octobre 2024, la R\u00e9publique d\u2019Equateur vient \u00e0 nouveau d\u2019infliger un nouveau revers \u00e0 cette entit\u00e9 fantomatique. Quito a r\u00e9affirm\u00e9, vendredi 04 juillet dernier, que l\u2019initiative d\u2019autonomie [&hellip;]<\/p>\n","protected":false},"author":2,"featured_media":23436,"comment_status":"open","ping_status":"open","sticky":false,"template":"","format":"standard","meta":{"footnotes":""},"categories":[20,8],"tags":[],"class_list":["post-23435","post","type-post","status-publish","format-standard","has-post-thumbnail","hentry","category-actualite","category-diplomatie"],"yoast_head":"<!-- This site is optimized with the Yoast SEO plugin v28.4 - https:\/\/yoast.com\/product\/yoast-seo-wordpress\/ -->\n<title>SAHARA\u00a0MAROCAIN : L\u2019Equateur r\u00e9affirme que l\u2019initiative d\u2019autonomie est \u00ab\u00a0la base pour la r\u00e9solution du diff\u00e9rend\u00a0\u00bb r\u00e9gional -<\/title>\n<meta name=\"robots\" content=\"index, follow, max-snippet:-1, max-image-preview:large, max-video-preview:-1\" \/>\n<link rel=\"canonical\" href=\"https:\/\/macite.tg\/?p=23435\" \/>\n<meta property=\"og:locale\" content=\"fr_FR\" \/>\n<meta property=\"og:type\" content=\"article\" \/>\n<meta property=\"og:title\" content=\"SAHARA\u00a0MAROCAIN : L\u2019Equateur r\u00e9affirme que l\u2019initiative d\u2019autonomie est \u00ab\u00a0la base pour la r\u00e9solution du diff\u00e9rend\u00a0\u00bb r\u00e9gional -\" \/>\n<meta property=\"og:description\" content=\"Apr\u00e8s avoir retir\u00e9 sa reconnaissance et mis un terme \u00e0 tout contact avec la pseudo \u2018\u2019rasd\u2019\u2019, depuis le 22 octobre 2024, la R\u00e9publique d\u2019Equateur vient \u00e0 nouveau d\u2019infliger un nouveau revers \u00e0 cette entit\u00e9 fantomatique. Quito a r\u00e9affirm\u00e9, vendredi 04 juillet dernier, que l\u2019initiative d\u2019autonomie [&hellip;]\" \/>\n<meta property=\"og:url\" content=\"https:\/\/macite.tg\/?p=23435\" \/>\n<meta property=\"article:published_time\" content=\"2025-07-10T13:10:36+00:00\" \/>\n<meta property=\"article:modified_time\" content=\"2025-07-10T13:10:42+00:00\" \/>\n<meta property=\"og:image\" content=\"https:\/\/macite.tg\/wp-content\/uploads\/2025\/07\/Equateur.jpg\" \/>\n\t<meta property=\"og:image:width\" content=\"500\" \/>\n\t<meta property=\"og:image:height\" content=\"333\" \/>\n\t<meta property=\"og:image:type\" content=\"image\/jpeg\" \/>\n<meta name=\"author\" content=\"Jean Pierre BAWELA\" \/>\n<meta name=\"twitter:card\" content=\"summary_large_image\" \/>\n<meta name=\"twitter:label1\" content=\"\u00c9crit par\" \/>\n\t<meta name=\"twitter:data1\" content=\"Jean Pierre BAWELA\" \/>\n\t<meta name=\"twitter:label2\" content=\"Dur\u00e9e de lecture estim\u00e9e\" \/>\n\t<meta name=\"twitter:data2\" content=\"2 minutes\" \/>\n<script type=\"application\/ld+json\" class=\"yoast-schema-graph\">{\"@context\":\"https:\\\/\\\/schema.org\",\"@graph\":[{\"@type\":\"Article\",\"@id\":\"https:\\\/\\\/macite.tg\\\/?p=23435#article\",\"isPartOf\":{\"@id\":\"https:\\\/\\\/macite.tg\\\/?p=23435\"},\"author\":{\"name\":\"Jean Pierre BAWELA\",\"@id\":\"https:\\\/\\\/macite.tg\\\/#\\\/schema\\\/person\\\/e9f2de7e5dbbe7770a9402c7ce82f5c2\"},\"headline\":\"SAHARA\u00a0MAROCAIN : L\u2019Equateur r\u00e9affirme que l\u2019initiative d\u2019autonomie est \u00ab\u00a0la base pour la r\u00e9solution du diff\u00e9rend\u00a0\u00bb r\u00e9gional\",\"datePublished\":\"2025-07-10T13:10:36+00:00\",\"dateModified\":\"2025-07-10T13:10:42+00:00\",\"mainEntityOfPage\":{\"@id\":\"https:\\\/\\\/macite.tg\\\/?p=23435\"},\"wordCount\":272,\"commentCount\":0,\"image\":{\"@id\":\"https:\\\/\\\/macite.tg\\\/?p=23435#primaryimage\"},\"thumbnailUrl\":\"https:\\\/\\\/macite.tg\\\/wp-content\\\/uploads\\\/2025\\\/07\\\/Equateur.jpg\",\"articleSection\":[\"ACTUALITE\",\"DIPLOMATIE\"],\"inLanguage\":\"fr-FR\",\"potentialAction\":[{\"@type\":\"CommentAction\",\"name\":\"Comment\",\"target\":[\"https:\\\/\\\/macite.tg\\\/?p=23435#respond\"]}]},{\"@type\":\"WebPage\",\"@id\":\"https:\\\/\\\/macite.tg\\\/?p=23435\",\"url\":\"https:\\\/\\\/macite.tg\\\/?p=23435\",\"name\":\"SAHARA\u00a0MAROCAIN : L\u2019Equateur r\u00e9affirme que l\u2019initiative d\u2019autonomie est \u00ab\u00a0la base pour la r\u00e9solution du diff\u00e9rend\u00a0\u00bb r\u00e9gional -\",\"isPartOf\":{\"@id\":\"https:\\\/\\\/macite.tg\\\/#website\"},\"primaryImageOfPage\":{\"@id\":\"https:\\\/\\\/macite.tg\\\/?p=23435#primaryimage\"},\"image\":{\"@id\":\"https:\\\/\\\/macite.tg\\\/?p=23435#primaryimage\"},\"thumbnailUrl\":\"https:\\\/\\\/macite.tg\\\/wp-content\\\/uploads\\\/2025\\\/07\\\/Equateur.jpg\",\"datePublished\":\"2025-07-10T13:10:36+00:00\",\"dateModified\":\"2025-07-10T13:10:42+00:00\",\"author\":{\"@id\":\"https:\\\/\\\/macite.tg\\\/#\\\/schema\\\/person\\\/e9f2de7e5dbbe7770a9402c7ce82f5c2\"},\"breadcrumb\":{\"@id\":\"https:\\\/\\\/macite.tg\\\/?p=23435#breadcrumb\"},\"inLanguage\":\"fr-FR\",\"potentialAction\":[{\"@type\":\"ReadAction\",\"target\":[\"https:\\\/\\\/macite.tg\\\/?p=23435\"]}]},{\"@type\":\"ImageObject\",\"inLanguage\":\"fr-FR\",\"@id\":\"https:\\\/\\\/macite.tg\\\/?p=23435#primaryimage\",\"url\":\"https:\\\/\\\/macite.tg\\\/wp-content\\\/uploads\\\/2025\\\/07\\\/Equateur.jpg\",\"contentUrl\":\"https:\\\/\\\/macite.tg\\\/wp-content\\\/uploads\\\/2025\\\/07\\\/Equateur.jpg\",\"width\":500,\"height\":333},{\"@type\":\"BreadcrumbList\",\"@id\":\"https:\\\/\\\/macite.tg\\\/?p=23435#breadcrumb\",\"itemListElement\":[{\"@type\":\"ListItem\",\"position\":1,\"name\":\"Accueil\",\"item\":\"https:\\\/\\\/macite.tg\\\/\"},{\"@type\":\"ListItem\",\"position\":2,\"name\":\"SAHARA\u00a0MAROCAIN : L\u2019Equateur r\u00e9affirme que l\u2019initiative d\u2019autonomie est \u00ab\u00a0la base pour la r\u00e9solution du diff\u00e9rend\u00a0\u00bb r\u00e9gional\"}]},{\"@type\":\"WebSite\",\"@id\":\"https:\\\/\\\/macite.tg\\\/#website\",\"url\":\"https:\\\/\\\/macite.tg\\\/\",\"name\":\"\",\"description\":\"L&#039;information, la bonne!!!\",\"potentialAction\":[{\"@type\":\"SearchAction\",\"target\":{\"@type\":\"EntryPoint\",\"urlTemplate\":\"https:\\\/\\\/macite.tg\\\/?s={search_term_string}\"},\"query-input\":{\"@type\":\"PropertyValueSpecification\",\"valueRequired\":true,\"valueName\":\"search_term_string\"}}],\"inLanguage\":\"fr-FR\"},{\"@type\":\"Person\",\"@id\":\"https:\\\/\\\/macite.tg\\\/#\\\/schema\\\/person\\\/e9f2de7e5dbbe7770a9402c7ce82f5c2\",\"name\":\"Jean Pierre BAWELA\",\"image\":{\"@type\":\"ImageObject\",\"inLanguage\":\"fr-FR\",\"@id\":\"https:\\\/\\\/macite.tg\\\/wp-content\\\/uploads\\\/2023\\\/09\\\/WhatsApp-Image-2023-09-19-at-14.44.41-122x122.jpeg\",\"url\":\"https:\\\/\\\/macite.tg\\\/wp-content\\\/uploads\\\/2023\\\/09\\\/WhatsApp-Image-2023-09-19-at-14.44.41-122x122.jpeg\",\"contentUrl\":\"https:\\\/\\\/macite.tg\\\/wp-content\\\/uploads\\\/2023\\\/09\\\/WhatsApp-Image-2023-09-19-at-14.44.41-122x122.jpeg\",\"caption\":\"Jean Pierre BAWELA\"},\"url\":\"https:\\\/\\\/macite.tg\\\/?author=2\"}]}<\/script>\n<!-- \/ Yoast SEO plugin. -->","yoast_head_json":{"title":"SAHARA\u00a0MAROCAIN : L\u2019Equateur r\u00e9affirme que l\u2019initiative d\u2019autonomie est \u00ab\u00a0la base pour la r\u00e9solution du diff\u00e9rend\u00a0\u00bb r\u00e9gional -","robots":{"index":"index","follow":"follow","max-snippet":"max-snippet:-1","max-image-preview":"max-image-preview:large","max-video-preview":"max-video-preview:-1"},"canonical":"https:\/\/macite.tg\/?p=23435","og_locale":"fr_FR","og_type":"article","og_title":"SAHARA\u00a0MAROCAIN : L\u2019Equateur r\u00e9affirme que l\u2019initiative d\u2019autonomie est \u00ab\u00a0la base pour la r\u00e9solution du diff\u00e9rend\u00a0\u00bb r\u00e9gional -","og_description":"Apr\u00e8s avoir retir\u00e9 sa reconnaissance et mis un terme \u00e0 tout contact avec la pseudo \u2018\u2019rasd\u2019\u2019, depuis le 22 octobre 2024, la R\u00e9publique d\u2019Equateur vient \u00e0 nouveau d\u2019infliger un nouveau revers \u00e0 cette entit\u00e9 fantomatique. Quito a r\u00e9affirm\u00e9, vendredi 04 juillet dernier, que l\u2019initiative d\u2019autonomie [&hellip;]","og_url":"https:\/\/macite.tg\/?p=23435","article_published_time":"2025-07-10T13:10:36+00:00","article_modified_time":"2025-07-10T13:10:42+00:00","og_image":[{"width":500,"height":333,"url":"https:\/\/macite.tg\/wp-content\/uploads\/2025\/07\/Equateur.jpg","type":"image\/jpeg"}],"author":"Jean Pierre BAWELA","twitter_card":"summary_large_image","twitter_misc":{"\u00c9crit par":"Jean Pierre BAWELA","Dur\u00e9e de lecture estim\u00e9e":"2 minutes"},"schema":{"@context":"https:\/\/schema.org","@graph":[{"@type":"Article","@id":"https:\/\/macite.tg\/?p=23435#article","isPartOf":{"@id":"https:\/\/macite.tg\/?p=23435"},"author":{"name":"Jean Pierre BAWELA","@id":"https:\/\/macite.tg\/#\/schema\/person\/e9f2de7e5dbbe7770a9402c7ce82f5c2"},"headline":"SAHARA\u00a0MAROCAIN : L\u2019Equateur r\u00e9affirme que l\u2019initiative d\u2019autonomie est \u00ab\u00a0la base pour la r\u00e9solution du diff\u00e9rend\u00a0\u00bb r\u00e9gional","datePublished":"2025-07-10T13:10:36+00:00","dateModified":"2025-07-10T13:10:42+00:00","mainEntityOfPage":{"@id":"https:\/\/macite.tg\/?p=23435"},"wordCount":272,"commentCount":0,"image":{"@id":"https:\/\/macite.tg\/?p=23435#primaryimage"},"thumbnailUrl":"https:\/\/macite.tg\/wp-content\/uploads\/2025\/07\/Equateur.jpg","articleSection":["ACTUALITE","DIPLOMATIE"],"inLanguage":"fr-FR","potentialAction":[{"@type":"CommentAction","name":"Comment","target":["https:\/\/macite.tg\/?p=23435#respond"]}]},{"@type":"WebPage","@id":"https:\/\/macite.tg\/?p=23435","url":"https:\/\/macite.tg\/?p=23435","name":"SAHARA\u00a0MAROCAIN : L\u2019Equateur r\u00e9affirme que l\u2019initiative d\u2019autonomie est \u00ab\u00a0la base pour la r\u00e9solution du diff\u00e9rend\u00a0\u00bb r\u00e9gional -","isPartOf":{"@id":"https:\/\/macite.tg\/#website"},"primaryImageOfPage":{"@id":"https:\/\/macite.tg\/?p=23435#primaryimage"},"image":{"@id":"https:\/\/macite.tg\/?p=23435#primaryimage"},"thumbnailUrl":"https:\/\/macite.tg\/wp-content\/uploads\/2025\/07\/Equateur.jpg","datePublished":"2025-07-10T13:10:36+00:00","dateModified":"2025-07-10T13:10:42+00:00","author":{"@id":"https:\/\/macite.tg\/#\/schema\/person\/e9f2de7e5dbbe7770a9402c7ce82f5c2"},"breadcrumb":{"@id":"https:\/\/macite.tg\/?p=23435#breadcrumb"},"inLanguage":"fr-FR","potentialAction":[{"@type":"ReadAction","target":["https:\/\/macite.tg\/?p=23435"]}]},{"@type":"ImageObject","inLanguage":"fr-FR","@id":"https:\/\/macite.tg\/?p=23435#primaryimage","url":"https:\/\/macite.tg\/wp-content\/uploads\/2025\/07\/Equateur.jpg","contentUrl":"https:\/\/macite.tg\/wp-content\/uploads\/2025\/07\/Equateur.jpg","width":500,"height":333},{"@type":"BreadcrumbList","@id":"https:\/\/macite.tg\/?p=23435#breadcrumb","itemListElement":[{"@type":"ListItem","position":1,"name":"Accueil","item":"https:\/\/macite.tg\/"},{"@type":"ListItem","position":2,"name":"SAHARA\u00a0MAROCAIN : L\u2019Equateur r\u00e9affirme que l\u2019initiative d\u2019autonomie est \u00ab\u00a0la base pour la r\u00e9solution du diff\u00e9rend\u00a0\u00bb r\u00e9gional"}]},{"@type":"WebSite","@id":"https:\/\/macite.tg\/#website","url":"https:\/\/macite.tg\/","name":"","description":"L&#039;information, la bonne!!!","potentialAction":[{"@type":"SearchAction","target":{"@type":"EntryPoint","urlTemplate":"https:\/\/macite.tg\/?s={search_term_string}"},"query-input":{"@type":"PropertyValueSpecification","valueRequired":true,"valueName":"search_term_string"}}],"inLanguage":"fr-FR"},{"@type":"Person","@id":"https:\/\/macite.tg\/#\/schema\/person\/e9f2de7e5dbbe7770a9402c7ce82f5c2","name":"Jean Pierre BAWELA","image":{"@type":"ImageObject","inLanguage":"fr-FR","@id":"https:\/\/macite.tg\/wp-content\/uploads\/2023\/09\/WhatsApp-Image-2023-09-19-at-14.44.41-122x122.jpeg","url":"https:\/\/macite.tg\/wp-content\/uploads\/2023\/09\/WhatsApp-Image-2023-09-19-at-14.44.41-122x122.jpeg","contentUrl":"https:\/\/macite.tg\/wp-content\/uploads\/2023\/09\/WhatsApp-Image-2023-09-19-at-14.44.41-122x122.jpeg","caption":"Jean Pierre BAWELA"},"url":"https:\/\/macite.tg\/?author=2"}]}},"_links":{"self":[{"href":"https:\/\/macite.tg\/index.php?rest_route=\/wp\/v2\/posts\/23435","targetHints":{"allow":["GET"]}}],"collection":[{"href":"https:\/\/macite.tg\/index.php?rest_route=\/wp\/v2\/posts"}],"about":[{"href":"https:\/\/macite.tg\/index.php?rest_route=\/wp\/v2\/types\/post"}],"author":[{"embeddable":true,"href":"https:\/\/macite.tg\/index.php?rest_route=\/wp\/v2\/users\/2"}],"replies":[{"embeddable":true,"href":"https:\/\/macite.tg\/index.php?rest_route=%2Fwp%2Fv2%2Fcomments&post=23435"}],"version-history":[{"count":0,"href":"https:\/\/macite.tg\/index.php?rest_route=\/wp\/v2\/posts\/23435\/revisions"}],"wp:featuredmedia":[{"embeddable":true,"href":"https:\/\/macite.tg\/index.php?rest_route=\/wp\/v2\/media\/23436"}],"wp:attachment":[{"href":"https:\/\/macite.tg\/index.php?rest_route=%2Fwp%2Fv2%2Fmedia&parent=23435"}],"wp:term":[{"taxonomy":"category","embeddable":true,"href":"https:\/\/macite.tg\/index.php?rest_route=%2Fwp%2Fv2%2Fcategories&post=23435"},{"taxonomy":"post_tag","embeddable":true,"href":"https:\/\/macite.tg\/index.php?rest_route=%2Fwp%2Fv2%2Ftags&post=23435"}],"curies":[{"name":"wp","href":"https:\/\/api.w.org\/{rel}","templated":true}]}}