{"id":23433,"date":"2025-07-10T13:14:11","date_gmt":"2025-07-10T13:14:11","guid":{"rendered":"https:\/\/macite.tg\/?p=23433"},"modified":"2025-07-10T13:14:15","modified_gmt":"2025-07-10T13:14:15","slug":"enterrement-hors-du-commun-un-cercueil-en-forme-dappareil-photo-pour-ce-defunt-ghaneen","status":"publish","type":"post","link":"https:\/\/macite.tg\/?p=23433","title":{"rendered":"ENTERREMENT HORS DU COMMUN\u00a0: Un cercueil en forme d\u2019appareil photo pour ce d\u00e9funt ghan\u00e9en"},"content":{"rendered":"\n<p class=\"wp-block-paragraph\"><strong><em>Un enterrement hors du commun a \u00e9mu les r\u00e9seaux sociaux ces derniers jours. Un photographe ghan\u00e9en, dont l\u2019identit\u00e9 n\u2019a pas encore \u00e9t\u00e9 d\u00e9voil\u00e9e, a \u00e9t\u00e9 inhum\u00e9 dans un cercueil sp\u00e9cialement con\u00e7u en forme d\u2019appareil photo, rendant ainsi un dernier hommage \u00e0 la passion qui a marqu\u00e9 sa vie.<\/em><\/strong><\/p>\n\n\n\n<p class=\"wp-block-paragraph\">L\u2019information a \u00e9t\u00e9 relay\u00e9e sur la plateforme X (anciennement Twitter) par l\u2019utilisateur @eddie_wrt, dont la publication comprend une vid\u00e9o de la c\u00e9r\u00e9monie. Les images montrent des porteurs transportant le cercueil unique en son genre, alors qu\u2019ils avancent solennellement vers le lieu de s\u00e9pulture.<\/p>\n\n\n<div class=\"wp-block-image\">\n<figure class=\"aligncenter size-full is-resized\"><img loading=\"lazy\" decoding=\"async\" width=\"690\" height=\"170\" src=\"https:\/\/macite.tg\/wp-content\/uploads\/2025\/07\/OTR_TVM.jpg\" alt=\"\" class=\"wp-image-23364\" style=\"width:840px;height:auto\" srcset=\"https:\/\/macite.tg\/wp-content\/uploads\/2025\/07\/OTR_TVM.jpg 690w, https:\/\/macite.tg\/wp-content\/uploads\/2025\/07\/OTR_TVM-300x74.jpg 300w\" sizes=\"auto, (max-width: 690px) 100vw, 690px\" \/><\/figure>\n<\/div>\n\n\n<p class=\"wp-block-paragraph\">Au Ghana, les cercueils personnalis\u00e9s sont une tradition culturelle r\u00e9pandue, notamment dans la communaut\u00e9 Ga. Souvent con\u00e7us pour refl\u00e9ter la profession, les passions ou les r\u00eaves du d\u00e9funt, ces cercueils deviennent un dernier t\u00e9moignage de leur vie.<\/p>\n\n\n\n<p class=\"wp-block-paragraph\">Celui du photographe, fa\u00e7onn\u00e9 comme un appareil photo g\u00e9ant, illustre parfaitement cette pratique.<\/p>\n\n\n<div class=\"wp-block-image\">\n<figure class=\"aligncenter size-full is-resized\"><img loading=\"lazy\" decoding=\"async\" width=\"500\" height=\"500\" src=\"https:\/\/macite.tg\/wp-content\/uploads\/2025\/07\/Geo-ref.jpg\" alt=\"\" class=\"wp-image-23346\" style=\"width:548px;height:auto\" srcset=\"https:\/\/macite.tg\/wp-content\/uploads\/2025\/07\/Geo-ref.jpg 500w, https:\/\/macite.tg\/wp-content\/uploads\/2025\/07\/Geo-ref-300x300.jpg 300w, https:\/\/macite.tg\/wp-content\/uploads\/2025\/07\/Geo-ref-150x150.jpg 150w, https:\/\/macite.tg\/wp-content\/uploads\/2025\/07\/Geo-ref-122x122.jpg 122w\" sizes=\"auto, (max-width: 500px) 100vw, 500px\" \/><\/figure>\n<\/div>\n\n\n<p class=\"wp-block-paragraph\">La vid\u00e9o a rapidement suscit\u00e9 des r\u00e9actions touchantes sur les r\u00e9seaux sociaux.<\/p>\n\n\n\n<p class=\"wp-block-paragraph\"><strong>MSN<\/strong><\/p>\n\n\n\n<p class=\"wp-block-paragraph\"><a><strong><em>@macite.tg&nbsp;&nbsp;&nbsp;&nbsp;&nbsp;&nbsp;&nbsp;&nbsp;<\/em><\/strong><\/a><\/p>\n\n\n\n<p class=\"wp-block-paragraph\"><strong><em>E-mail&nbsp;: <\/em><\/strong><a href=\"mailto:maciteinfo@gmail.com\"><strong><em>maciteinfo@gmail.com<\/em><\/strong><\/a><strong><em>; <\/em><\/strong><a href=\"mailto:bawela1@gmail.com\"><strong><em>bawela1@gmail.com<\/em><\/strong><\/a><strong><em><\/em><\/strong><\/p>\n\n\n\n<p class=\"wp-block-paragraph\"><strong><em>Pour vos annonces, (publi)reportages, etc., joignez-nous au (00228)91515309\/<strong>79872224 <\/strong>www.macite.tg, L\u2019information, la bonne&nbsp;!<\/em><\/strong><\/p>\n\n\n\n<p class=\"wp-block-paragraph\"><\/p>\n","protected":false},"excerpt":{"rendered":"<p class=\"text-justify mb-2\" >Un enterrement hors du commun a \u00e9mu les r\u00e9seaux sociaux ces derniers jours. Un photographe ghan\u00e9en, dont l\u2019identit\u00e9 n\u2019a pas encore \u00e9t\u00e9 d\u00e9voil\u00e9e, a \u00e9t\u00e9 inhum\u00e9 dans un cercueil sp\u00e9cialement con\u00e7u en forme d\u2019appareil photo, rendant ainsi un dernier hommage \u00e0 la passion qui a [&hellip;]<\/p>\n","protected":false},"author":2,"featured_media":23434,"comment_status":"open","ping_status":"open","sticky":false,"template":"","format":"standard","meta":{"footnotes":""},"categories":[20,11],"tags":[],"class_list":["post-23433","post","type-post","status-publish","format-standard","has-post-thumbnail","hentry","category-actualite","category-fait-divers"],"yoast_head":"<!-- This site is optimized with the Yoast SEO plugin v28.4 - https:\/\/yoast.com\/product\/yoast-seo-wordpress\/ -->\n<title>ENTERREMENT HORS DU COMMUN\u00a0: Un cercueil en forme d\u2019appareil photo pour ce d\u00e9funt ghan\u00e9en -<\/title>\n<meta name=\"robots\" content=\"index, follow, max-snippet:-1, max-image-preview:large, max-video-preview:-1\" \/>\n<link rel=\"canonical\" href=\"https:\/\/macite.tg\/?p=23433\" \/>\n<meta property=\"og:locale\" content=\"fr_FR\" \/>\n<meta property=\"og:type\" content=\"article\" \/>\n<meta property=\"og:title\" content=\"ENTERREMENT HORS DU COMMUN\u00a0: Un cercueil en forme d\u2019appareil photo pour ce d\u00e9funt ghan\u00e9en -\" \/>\n<meta property=\"og:description\" content=\"Un enterrement hors du commun a \u00e9mu les r\u00e9seaux sociaux ces derniers jours. Un photographe ghan\u00e9en, dont l\u2019identit\u00e9 n\u2019a pas encore \u00e9t\u00e9 d\u00e9voil\u00e9e, a \u00e9t\u00e9 inhum\u00e9 dans un cercueil sp\u00e9cialement con\u00e7u en forme d\u2019appareil photo, rendant ainsi un dernier hommage \u00e0 la passion qui a [&hellip;]\" \/>\n<meta property=\"og:url\" content=\"https:\/\/macite.tg\/?p=23433\" \/>\n<meta property=\"article:published_time\" content=\"2025-07-10T13:14:11+00:00\" \/>\n<meta property=\"article:modified_time\" content=\"2025-07-10T13:14:15+00:00\" \/>\n<meta property=\"og:image\" content=\"https:\/\/macite.tg\/wp-content\/uploads\/2025\/07\/image-25.png\" \/>\n\t<meta property=\"og:image:width\" content=\"300\" \/>\n\t<meta property=\"og:image:height\" content=\"150\" \/>\n\t<meta property=\"og:image:type\" content=\"image\/png\" \/>\n<meta name=\"author\" content=\"Jean Pierre BAWELA\" \/>\n<meta name=\"twitter:card\" content=\"summary_large_image\" \/>\n<meta name=\"twitter:label1\" content=\"\u00c9crit par\" \/>\n\t<meta name=\"twitter:data1\" content=\"Jean Pierre BAWELA\" \/>\n\t<meta name=\"twitter:label2\" content=\"Dur\u00e9e de lecture estim\u00e9e\" \/>\n\t<meta name=\"twitter:data2\" content=\"2 minutes\" \/>\n<script type=\"application\/ld+json\" class=\"yoast-schema-graph\">{\"@context\":\"https:\\\/\\\/schema.org\",\"@graph\":[{\"@type\":\"Article\",\"@id\":\"https:\\\/\\\/macite.tg\\\/?p=23433#article\",\"isPartOf\":{\"@id\":\"https:\\\/\\\/macite.tg\\\/?p=23433\"},\"author\":{\"name\":\"Jean Pierre BAWELA\",\"@id\":\"https:\\\/\\\/macite.tg\\\/#\\\/schema\\\/person\\\/e9f2de7e5dbbe7770a9402c7ce82f5c2\"},\"headline\":\"ENTERREMENT HORS DU COMMUN\u00a0: Un cercueil en forme d\u2019appareil photo pour ce d\u00e9funt ghan\u00e9en\",\"datePublished\":\"2025-07-10T13:14:11+00:00\",\"dateModified\":\"2025-07-10T13:14:15+00:00\",\"mainEntityOfPage\":{\"@id\":\"https:\\\/\\\/macite.tg\\\/?p=23433\"},\"wordCount\":234,\"commentCount\":0,\"image\":{\"@id\":\"https:\\\/\\\/macite.tg\\\/?p=23433#primaryimage\"},\"thumbnailUrl\":\"https:\\\/\\\/macite.tg\\\/wp-content\\\/uploads\\\/2025\\\/07\\\/image-25.png\",\"articleSection\":[\"ACTUALITE\",\"FAIT DIVERS\"],\"inLanguage\":\"fr-FR\",\"potentialAction\":[{\"@type\":\"CommentAction\",\"name\":\"Comment\",\"target\":[\"https:\\\/\\\/macite.tg\\\/?p=23433#respond\"]}]},{\"@type\":\"WebPage\",\"@id\":\"https:\\\/\\\/macite.tg\\\/?p=23433\",\"url\":\"https:\\\/\\\/macite.tg\\\/?p=23433\",\"name\":\"ENTERREMENT HORS DU COMMUN\u00a0: Un cercueil en forme d\u2019appareil photo pour ce d\u00e9funt ghan\u00e9en -\",\"isPartOf\":{\"@id\":\"https:\\\/\\\/macite.tg\\\/#website\"},\"primaryImageOfPage\":{\"@id\":\"https:\\\/\\\/macite.tg\\\/?p=23433#primaryimage\"},\"image\":{\"@id\":\"https:\\\/\\\/macite.tg\\\/?p=23433#primaryimage\"},\"thumbnailUrl\":\"https:\\\/\\\/macite.tg\\\/wp-content\\\/uploads\\\/2025\\\/07\\\/image-25.png\",\"datePublished\":\"2025-07-10T13:14:11+00:00\",\"dateModified\":\"2025-07-10T13:14:15+00:00\",\"author\":{\"@id\":\"https:\\\/\\\/macite.tg\\\/#\\\/schema\\\/person\\\/e9f2de7e5dbbe7770a9402c7ce82f5c2\"},\"breadcrumb\":{\"@id\":\"https:\\\/\\\/macite.tg\\\/?p=23433#breadcrumb\"},\"inLanguage\":\"fr-FR\",\"potentialAction\":[{\"@type\":\"ReadAction\",\"target\":[\"https:\\\/\\\/macite.tg\\\/?p=23433\"]}]},{\"@type\":\"ImageObject\",\"inLanguage\":\"fr-FR\",\"@id\":\"https:\\\/\\\/macite.tg\\\/?p=23433#primaryimage\",\"url\":\"https:\\\/\\\/macite.tg\\\/wp-content\\\/uploads\\\/2025\\\/07\\\/image-25.png\",\"contentUrl\":\"https:\\\/\\\/macite.tg\\\/wp-content\\\/uploads\\\/2025\\\/07\\\/image-25.png\",\"width\":300,\"height\":150},{\"@type\":\"BreadcrumbList\",\"@id\":\"https:\\\/\\\/macite.tg\\\/?p=23433#breadcrumb\",\"itemListElement\":[{\"@type\":\"ListItem\",\"position\":1,\"name\":\"Accueil\",\"item\":\"https:\\\/\\\/macite.tg\\\/\"},{\"@type\":\"ListItem\",\"position\":2,\"name\":\"ENTERREMENT HORS DU COMMUN\u00a0: Un cercueil en forme d\u2019appareil photo pour ce d\u00e9funt ghan\u00e9en\"}]},{\"@type\":\"WebSite\",\"@id\":\"https:\\\/\\\/macite.tg\\\/#website\",\"url\":\"https:\\\/\\\/macite.tg\\\/\",\"name\":\"\",\"description\":\"L&#039;information, la bonne!!!\",\"potentialAction\":[{\"@type\":\"SearchAction\",\"target\":{\"@type\":\"EntryPoint\",\"urlTemplate\":\"https:\\\/\\\/macite.tg\\\/?s={search_term_string}\"},\"query-input\":{\"@type\":\"PropertyValueSpecification\",\"valueRequired\":true,\"valueName\":\"search_term_string\"}}],\"inLanguage\":\"fr-FR\"},{\"@type\":\"Person\",\"@id\":\"https:\\\/\\\/macite.tg\\\/#\\\/schema\\\/person\\\/e9f2de7e5dbbe7770a9402c7ce82f5c2\",\"name\":\"Jean Pierre BAWELA\",\"image\":{\"@type\":\"ImageObject\",\"inLanguage\":\"fr-FR\",\"@id\":\"https:\\\/\\\/macite.tg\\\/wp-content\\\/uploads\\\/2023\\\/09\\\/WhatsApp-Image-2023-09-19-at-14.44.41-122x122.jpeg\",\"url\":\"https:\\\/\\\/macite.tg\\\/wp-content\\\/uploads\\\/2023\\\/09\\\/WhatsApp-Image-2023-09-19-at-14.44.41-122x122.jpeg\",\"contentUrl\":\"https:\\\/\\\/macite.tg\\\/wp-content\\\/uploads\\\/2023\\\/09\\\/WhatsApp-Image-2023-09-19-at-14.44.41-122x122.jpeg\",\"caption\":\"Jean Pierre BAWELA\"},\"url\":\"https:\\\/\\\/macite.tg\\\/?author=2\"}]}<\/script>\n<!-- \/ Yoast SEO plugin. -->","yoast_head_json":{"title":"ENTERREMENT HORS DU COMMUN\u00a0: Un cercueil en forme d\u2019appareil photo pour ce d\u00e9funt ghan\u00e9en -","robots":{"index":"index","follow":"follow","max-snippet":"max-snippet:-1","max-image-preview":"max-image-preview:large","max-video-preview":"max-video-preview:-1"},"canonical":"https:\/\/macite.tg\/?p=23433","og_locale":"fr_FR","og_type":"article","og_title":"ENTERREMENT HORS DU COMMUN\u00a0: Un cercueil en forme d\u2019appareil photo pour ce d\u00e9funt ghan\u00e9en -","og_description":"Un enterrement hors du commun a \u00e9mu les r\u00e9seaux sociaux ces derniers jours. Un photographe ghan\u00e9en, dont l\u2019identit\u00e9 n\u2019a pas encore \u00e9t\u00e9 d\u00e9voil\u00e9e, a \u00e9t\u00e9 inhum\u00e9 dans un cercueil sp\u00e9cialement con\u00e7u en forme d\u2019appareil photo, rendant ainsi un dernier hommage \u00e0 la passion qui a [&hellip;]","og_url":"https:\/\/macite.tg\/?p=23433","article_published_time":"2025-07-10T13:14:11+00:00","article_modified_time":"2025-07-10T13:14:15+00:00","og_image":[{"width":300,"height":150,"url":"https:\/\/macite.tg\/wp-content\/uploads\/2025\/07\/image-25.png","type":"image\/png"}],"author":"Jean Pierre BAWELA","twitter_card":"summary_large_image","twitter_misc":{"\u00c9crit par":"Jean Pierre BAWELA","Dur\u00e9e de lecture estim\u00e9e":"2 minutes"},"schema":{"@context":"https:\/\/schema.org","@graph":[{"@type":"Article","@id":"https:\/\/macite.tg\/?p=23433#article","isPartOf":{"@id":"https:\/\/macite.tg\/?p=23433"},"author":{"name":"Jean Pierre BAWELA","@id":"https:\/\/macite.tg\/#\/schema\/person\/e9f2de7e5dbbe7770a9402c7ce82f5c2"},"headline":"ENTERREMENT HORS DU COMMUN\u00a0: Un cercueil en forme d\u2019appareil photo pour ce d\u00e9funt ghan\u00e9en","datePublished":"2025-07-10T13:14:11+00:00","dateModified":"2025-07-10T13:14:15+00:00","mainEntityOfPage":{"@id":"https:\/\/macite.tg\/?p=23433"},"wordCount":234,"commentCount":0,"image":{"@id":"https:\/\/macite.tg\/?p=23433#primaryimage"},"thumbnailUrl":"https:\/\/macite.tg\/wp-content\/uploads\/2025\/07\/image-25.png","articleSection":["ACTUALITE","FAIT DIVERS"],"inLanguage":"fr-FR","potentialAction":[{"@type":"CommentAction","name":"Comment","target":["https:\/\/macite.tg\/?p=23433#respond"]}]},{"@type":"WebPage","@id":"https:\/\/macite.tg\/?p=23433","url":"https:\/\/macite.tg\/?p=23433","name":"ENTERREMENT HORS DU COMMUN\u00a0: Un cercueil en forme d\u2019appareil photo pour ce d\u00e9funt ghan\u00e9en -","isPartOf":{"@id":"https:\/\/macite.tg\/#website"},"primaryImageOfPage":{"@id":"https:\/\/macite.tg\/?p=23433#primaryimage"},"image":{"@id":"https:\/\/macite.tg\/?p=23433#primaryimage"},"thumbnailUrl":"https:\/\/macite.tg\/wp-content\/uploads\/2025\/07\/image-25.png","datePublished":"2025-07-10T13:14:11+00:00","dateModified":"2025-07-10T13:14:15+00:00","author":{"@id":"https:\/\/macite.tg\/#\/schema\/person\/e9f2de7e5dbbe7770a9402c7ce82f5c2"},"breadcrumb":{"@id":"https:\/\/macite.tg\/?p=23433#breadcrumb"},"inLanguage":"fr-FR","potentialAction":[{"@type":"ReadAction","target":["https:\/\/macite.tg\/?p=23433"]}]},{"@type":"ImageObject","inLanguage":"fr-FR","@id":"https:\/\/macite.tg\/?p=23433#primaryimage","url":"https:\/\/macite.tg\/wp-content\/uploads\/2025\/07\/image-25.png","contentUrl":"https:\/\/macite.tg\/wp-content\/uploads\/2025\/07\/image-25.png","width":300,"height":150},{"@type":"BreadcrumbList","@id":"https:\/\/macite.tg\/?p=23433#breadcrumb","itemListElement":[{"@type":"ListItem","position":1,"name":"Accueil","item":"https:\/\/macite.tg\/"},{"@type":"ListItem","position":2,"name":"ENTERREMENT HORS DU COMMUN\u00a0: Un cercueil en forme d\u2019appareil photo pour ce d\u00e9funt ghan\u00e9en"}]},{"@type":"WebSite","@id":"https:\/\/macite.tg\/#website","url":"https:\/\/macite.tg\/","name":"","description":"L&#039;information, la bonne!!!","potentialAction":[{"@type":"SearchAction","target":{"@type":"EntryPoint","urlTemplate":"https:\/\/macite.tg\/?s={search_term_string}"},"query-input":{"@type":"PropertyValueSpecification","valueRequired":true,"valueName":"search_term_string"}}],"inLanguage":"fr-FR"},{"@type":"Person","@id":"https:\/\/macite.tg\/#\/schema\/person\/e9f2de7e5dbbe7770a9402c7ce82f5c2","name":"Jean Pierre BAWELA","image":{"@type":"ImageObject","inLanguage":"fr-FR","@id":"https:\/\/macite.tg\/wp-content\/uploads\/2023\/09\/WhatsApp-Image-2023-09-19-at-14.44.41-122x122.jpeg","url":"https:\/\/macite.tg\/wp-content\/uploads\/2023\/09\/WhatsApp-Image-2023-09-19-at-14.44.41-122x122.jpeg","contentUrl":"https:\/\/macite.tg\/wp-content\/uploads\/2023\/09\/WhatsApp-Image-2023-09-19-at-14.44.41-122x122.jpeg","caption":"Jean Pierre BAWELA"},"url":"https:\/\/macite.tg\/?author=2"}]}},"_links":{"self":[{"href":"https:\/\/macite.tg\/index.php?rest_route=\/wp\/v2\/posts\/23433","targetHints":{"allow":["GET"]}}],"collection":[{"href":"https:\/\/macite.tg\/index.php?rest_route=\/wp\/v2\/posts"}],"about":[{"href":"https:\/\/macite.tg\/index.php?rest_route=\/wp\/v2\/types\/post"}],"author":[{"embeddable":true,"href":"https:\/\/macite.tg\/index.php?rest_route=\/wp\/v2\/users\/2"}],"replies":[{"embeddable":true,"href":"https:\/\/macite.tg\/index.php?rest_route=%2Fwp%2Fv2%2Fcomments&post=23433"}],"version-history":[{"count":0,"href":"https:\/\/macite.tg\/index.php?rest_route=\/wp\/v2\/posts\/23433\/revisions"}],"wp:featuredmedia":[{"embeddable":true,"href":"https:\/\/macite.tg\/index.php?rest_route=\/wp\/v2\/media\/23434"}],"wp:attachment":[{"href":"https:\/\/macite.tg\/index.php?rest_route=%2Fwp%2Fv2%2Fmedia&parent=23433"}],"wp:term":[{"taxonomy":"category","embeddable":true,"href":"https:\/\/macite.tg\/index.php?rest_route=%2Fwp%2Fv2%2Fcategories&post=23433"},{"taxonomy":"post_tag","embeddable":true,"href":"https:\/\/macite.tg\/index.php?rest_route=%2Fwp%2Fv2%2Ftags&post=23433"}],"curies":[{"name":"wp","href":"https:\/\/api.w.org\/{rel}","templated":true}]}}