{"id":23420,"date":"2025-07-09T19:13:32","date_gmt":"2025-07-09T19:13:32","guid":{"rendered":"https:\/\/macite.tg\/?p=23420"},"modified":"2025-07-09T19:13:37","modified_gmt":"2025-07-09T19:13:37","slug":"municipales-2025-togo-dabord-a-la-conquete-de-keve","status":"publish","type":"post","link":"https:\/\/macite.tg\/?p=23420","title":{"rendered":"MUNICIPALES 2025 : \u2018\u2019Togo d\u2019Abord\u2019\u2019 \u00e0 la conqu\u00eate de K\u00e9v\u00e9\u2026"},"content":{"rendered":"\n<p class=\"wp-block-paragraph\"><strong><em>La campagne \u00e9lectorale se poursuit pour les diff\u00e9rentes formations et regroupements politiques en lice pour les \u00e9lections municipales du 17 juillet prochain. Ce mardi 8 juillet, le regroupement politique \u2018\u2019Togo d\u2019Abord\u2019\u2019 a pris d\u2019assaut K\u00e9v\u00e9, une localit\u00e9 situ\u00e9e \u00e0 quelques 5O au nord-ouest de la capitale (commune d\u2019Av\u00e91), pour une op\u00e9ration conqu\u00eate de l\u2019\u00e9lectorat \u00e0 travers un meeting.<\/em><\/strong><\/p>\n\n\n\n<p class=\"wp-block-paragraph\">C\u2019est le stade Nopa, non loin de la station CAP K\u00e9v\u00e9, qui a accueilli la d\u00e9l\u00e9gation de regroupement politique, conduite par Adjodi Komi Atso\u00e8, t\u00eate de liste.<\/p>\n\n\n\n<p class=\"wp-block-paragraph\">Les populations sorties massivement, ont chaleureusement accueilli la d\u00e9l\u00e9gation qui n\u2019a pas eu de mal \u00e0 passer son message&nbsp;: <em>\u00ab En tant que fils de l\u2019Av\u00e9, nous voulons b\u00e2tir la commune, la faire avancer, satisfaire les besoins des populations \u00bb,<\/em> a soutenu Adjodi Komi Atso\u00e8 qui, visiblement a une parfaite ma\u00eetrise des r\u00e9alit\u00e9s du milieu.<\/p>\n\n\n<div class=\"wp-block-image\">\n<figure class=\"aligncenter size-full\"><img loading=\"lazy\" decoding=\"async\" width=\"500\" height=\"500\" src=\"https:\/\/macite.tg\/wp-content\/uploads\/2025\/07\/OTR-Dialogue-interpro-Acte-3.jpg\" alt=\"\" class=\"wp-image-23398\" srcset=\"https:\/\/macite.tg\/wp-content\/uploads\/2025\/07\/OTR-Dialogue-interpro-Acte-3.jpg 500w, https:\/\/macite.tg\/wp-content\/uploads\/2025\/07\/OTR-Dialogue-interpro-Acte-3-300x300.jpg 300w, https:\/\/macite.tg\/wp-content\/uploads\/2025\/07\/OTR-Dialogue-interpro-Acte-3-150x150.jpg 150w, https:\/\/macite.tg\/wp-content\/uploads\/2025\/07\/OTR-Dialogue-interpro-Acte-3-122x122.jpg 122w\" sizes=\"auto, (max-width: 500px) 100vw, 500px\" \/><\/figure>\n<\/div>\n\n\n<p class=\"wp-block-paragraph\">Le d\u00e9senclavement de K\u00e9v\u00e9 qui devrait favoriser l\u2019\u00e9coulement des produits agricoles, l\u2019acc\u00e8s \u00e0 l\u2019eau potable, l\u2019\u00e9lectricit\u00e9, etc. sont autant de th\u00e9matiques sur lesquelles la liste \u2018\u2019Togo d\u2019Abord\u2019\u2019 a surf\u00e9 lors de ce meeting.<\/p>\n\n\n\n<p class=\"wp-block-paragraph\">Il a invit\u00e9 les populations \u00e0 faire confiance \u00e0 la liste \u2018\u2019Togo d\u2019Abord\u2019\u2019 en votant massivement cette liste, afin de donner l\u2019occasion \u00e0 ce regroupement <em>\u00ab&nbsp;d\u2019\u00eatre proches de la marmite \u00bb<\/em> dans l\u2019optique de mieux d\u00e9fendre les int\u00e9r\u00eats de ceux qu\u2019ils c\u00f4toient tous les jours, les populations de l\u2019Av\u00e91.<\/p>\n\n\n\n<p class=\"wp-block-paragraph\">Notons que cette d\u00e9l\u00e9gation \u2018\u2019Togo d\u2019Abord\u2019\u2019 a eu le soutien du pr\u00e9sident national de la&nbsp;Convergence Patriotique Panafricaine (CPP, parti membre du regroupement politique), B\u00e9l\u00e9ki Aku\u00e9t\u00e9, lui candidat du m\u00eame regroupement dans la commune de Golfe 4, \u00e0 Lom\u00e9.<\/p>\n\n\n<div class=\"wp-block-image\">\n<figure class=\"aligncenter size-full\"><img loading=\"lazy\" decoding=\"async\" width=\"500\" height=\"500\" src=\"https:\/\/macite.tg\/wp-content\/uploads\/2025\/07\/Geo-ref.jpg\" alt=\"\" class=\"wp-image-23346\" srcset=\"https:\/\/macite.tg\/wp-content\/uploads\/2025\/07\/Geo-ref.jpg 500w, https:\/\/macite.tg\/wp-content\/uploads\/2025\/07\/Geo-ref-300x300.jpg 300w, https:\/\/macite.tg\/wp-content\/uploads\/2025\/07\/Geo-ref-150x150.jpg 150w, https:\/\/macite.tg\/wp-content\/uploads\/2025\/07\/Geo-ref-122x122.jpg 122w\" sizes=\"auto, (max-width: 500px) 100vw, 500px\" \/><\/figure>\n<\/div>\n\n\n<p class=\"wp-block-paragraph\">la liste \u2018\u2019Togo d\u2019Abord\u2019\u2019 entend poursuivre son op\u00e9ration s\u00e9duction dans les autres localit\u00e9s, notamment Vovom\u00e9, Togom\u00e9, Ap\u00e9y\u00e9m\u00e9, Yometchin, Ando, Ap\u00e9doko\u00e8, Yop\u00e9, Zolo, etc\u2026 \u00e0 la rencontre des populations de l\u2019Av\u00e9 des profondeurs.<\/p>\n\n\n\n<p class=\"wp-block-paragraph\"><strong>Samir<\/strong><\/p>\n\n\n\n<p class=\"wp-block-paragraph\"><a><strong><em>@macite.tg&nbsp;&nbsp;&nbsp;&nbsp;&nbsp;&nbsp;&nbsp;&nbsp;<\/em><\/strong><\/a><\/p>\n\n\n\n<p class=\"wp-block-paragraph\"><strong><em>E-mail&nbsp;: <\/em><\/strong><a href=\"mailto:maciteinfo@gmail.com\"><strong><em>maciteinfo@gmail.com<\/em><\/strong><\/a><strong><em>; <\/em><\/strong><a href=\"mailto:bawela1@gmail.com\"><strong><em>bawela1@gmail.com<\/em><\/strong><\/a><strong><em><\/em><\/strong><\/p>\n\n\n\n<p class=\"wp-block-paragraph\"><strong><em>Pour vos annonces, (publi)reportages, etc., joignez-nous au (00228)91515309\/<strong>79872224 <\/strong>www.macite.tg, L\u2019information, la bonne&nbsp;!<\/em><\/strong><\/p>\n\n\n\n<p class=\"wp-block-paragraph\"><\/p>\n","protected":false},"excerpt":{"rendered":"<p class=\"text-justify mb-2\" >La campagne \u00e9lectorale se poursuit pour les diff\u00e9rentes formations et regroupements politiques en lice pour les \u00e9lections municipales du 17 juillet prochain. Ce mardi 8 juillet, le regroupement politique \u2018\u2019Togo d\u2019Abord\u2019\u2019 a pris d\u2019assaut K\u00e9v\u00e9, une localit\u00e9 situ\u00e9e \u00e0 quelques 5O au nord-ouest de la [&hellip;]<\/p>\n","protected":false},"author":2,"featured_media":23423,"comment_status":"open","ping_status":"open","sticky":false,"template":"","format":"standard","meta":{"footnotes":""},"categories":[20,1],"tags":[],"class_list":["post-23420","post","type-post","status-publish","format-standard","has-post-thumbnail","hentry","category-actualite","category-politique"],"yoast_head":"<!-- This site is optimized with the Yoast SEO plugin v28.4 - https:\/\/yoast.com\/product\/yoast-seo-wordpress\/ -->\n<title>MUNICIPALES 2025 : \u2018\u2019Togo d\u2019Abord\u2019\u2019 \u00e0 la conqu\u00eate de K\u00e9v\u00e9\u2026 -<\/title>\n<meta name=\"robots\" content=\"index, follow, max-snippet:-1, max-image-preview:large, max-video-preview:-1\" \/>\n<link rel=\"canonical\" href=\"https:\/\/macite.tg\/?p=23420\" \/>\n<meta property=\"og:locale\" content=\"fr_FR\" \/>\n<meta property=\"og:type\" content=\"article\" \/>\n<meta property=\"og:title\" content=\"MUNICIPALES 2025 : \u2018\u2019Togo d\u2019Abord\u2019\u2019 \u00e0 la conqu\u00eate de K\u00e9v\u00e9\u2026 -\" \/>\n<meta property=\"og:description\" content=\"La campagne \u00e9lectorale se poursuit pour les diff\u00e9rentes formations et regroupements politiques en lice pour les \u00e9lections municipales du 17 juillet prochain. Ce mardi 8 juillet, le regroupement politique \u2018\u2019Togo d\u2019Abord\u2019\u2019 a pris d\u2019assaut K\u00e9v\u00e9, une localit\u00e9 situ\u00e9e \u00e0 quelques 5O au nord-ouest de la [&hellip;]\" \/>\n<meta property=\"og:url\" content=\"https:\/\/macite.tg\/?p=23420\" \/>\n<meta property=\"article:published_time\" content=\"2025-07-09T19:13:32+00:00\" \/>\n<meta property=\"article:modified_time\" content=\"2025-07-09T19:13:37+00:00\" \/>\n<meta property=\"og:image\" content=\"https:\/\/macite.tg\/wp-content\/uploads\/2025\/07\/Keve.jpg\" \/>\n\t<meta property=\"og:image:width\" content=\"499\" \/>\n\t<meta property=\"og:image:height\" content=\"171\" \/>\n\t<meta property=\"og:image:type\" content=\"image\/jpeg\" \/>\n<meta name=\"author\" content=\"Jean Pierre BAWELA\" \/>\n<meta name=\"twitter:card\" content=\"summary_large_image\" \/>\n<meta name=\"twitter:label1\" content=\"\u00c9crit par\" \/>\n\t<meta name=\"twitter:data1\" content=\"Jean Pierre BAWELA\" \/>\n\t<meta name=\"twitter:label2\" content=\"Dur\u00e9e de lecture estim\u00e9e\" \/>\n\t<meta name=\"twitter:data2\" content=\"3 minutes\" \/>\n<script type=\"application\/ld+json\" class=\"yoast-schema-graph\">{\"@context\":\"https:\\\/\\\/schema.org\",\"@graph\":[{\"@type\":\"Article\",\"@id\":\"https:\\\/\\\/macite.tg\\\/?p=23420#article\",\"isPartOf\":{\"@id\":\"https:\\\/\\\/macite.tg\\\/?p=23420\"},\"author\":{\"name\":\"Jean Pierre BAWELA\",\"@id\":\"https:\\\/\\\/macite.tg\\\/#\\\/schema\\\/person\\\/e9f2de7e5dbbe7770a9402c7ce82f5c2\"},\"headline\":\"MUNICIPALES 2025 : \u2018\u2019Togo d\u2019Abord\u2019\u2019 \u00e0 la conqu\u00eate de K\u00e9v\u00e9\u2026\",\"datePublished\":\"2025-07-09T19:13:32+00:00\",\"dateModified\":\"2025-07-09T19:13:37+00:00\",\"mainEntityOfPage\":{\"@id\":\"https:\\\/\\\/macite.tg\\\/?p=23420\"},\"wordCount\":383,\"commentCount\":0,\"image\":{\"@id\":\"https:\\\/\\\/macite.tg\\\/?p=23420#primaryimage\"},\"thumbnailUrl\":\"https:\\\/\\\/macite.tg\\\/wp-content\\\/uploads\\\/2025\\\/07\\\/Keve.jpg\",\"articleSection\":[\"ACTUALITE\",\"POLITIQUE\"],\"inLanguage\":\"fr-FR\",\"potentialAction\":[{\"@type\":\"CommentAction\",\"name\":\"Comment\",\"target\":[\"https:\\\/\\\/macite.tg\\\/?p=23420#respond\"]}]},{\"@type\":\"WebPage\",\"@id\":\"https:\\\/\\\/macite.tg\\\/?p=23420\",\"url\":\"https:\\\/\\\/macite.tg\\\/?p=23420\",\"name\":\"MUNICIPALES 2025 : \u2018\u2019Togo d\u2019Abord\u2019\u2019 \u00e0 la conqu\u00eate de K\u00e9v\u00e9\u2026 -\",\"isPartOf\":{\"@id\":\"https:\\\/\\\/macite.tg\\\/#website\"},\"primaryImageOfPage\":{\"@id\":\"https:\\\/\\\/macite.tg\\\/?p=23420#primaryimage\"},\"image\":{\"@id\":\"https:\\\/\\\/macite.tg\\\/?p=23420#primaryimage\"},\"thumbnailUrl\":\"https:\\\/\\\/macite.tg\\\/wp-content\\\/uploads\\\/2025\\\/07\\\/Keve.jpg\",\"datePublished\":\"2025-07-09T19:13:32+00:00\",\"dateModified\":\"2025-07-09T19:13:37+00:00\",\"author\":{\"@id\":\"https:\\\/\\\/macite.tg\\\/#\\\/schema\\\/person\\\/e9f2de7e5dbbe7770a9402c7ce82f5c2\"},\"breadcrumb\":{\"@id\":\"https:\\\/\\\/macite.tg\\\/?p=23420#breadcrumb\"},\"inLanguage\":\"fr-FR\",\"potentialAction\":[{\"@type\":\"ReadAction\",\"target\":[\"https:\\\/\\\/macite.tg\\\/?p=23420\"]}]},{\"@type\":\"ImageObject\",\"inLanguage\":\"fr-FR\",\"@id\":\"https:\\\/\\\/macite.tg\\\/?p=23420#primaryimage\",\"url\":\"https:\\\/\\\/macite.tg\\\/wp-content\\\/uploads\\\/2025\\\/07\\\/Keve.jpg\",\"contentUrl\":\"https:\\\/\\\/macite.tg\\\/wp-content\\\/uploads\\\/2025\\\/07\\\/Keve.jpg\",\"width\":499,\"height\":171},{\"@type\":\"BreadcrumbList\",\"@id\":\"https:\\\/\\\/macite.tg\\\/?p=23420#breadcrumb\",\"itemListElement\":[{\"@type\":\"ListItem\",\"position\":1,\"name\":\"Accueil\",\"item\":\"https:\\\/\\\/macite.tg\\\/\"},{\"@type\":\"ListItem\",\"position\":2,\"name\":\"MUNICIPALES 2025 : \u2018\u2019Togo d\u2019Abord\u2019\u2019 \u00e0 la conqu\u00eate de K\u00e9v\u00e9\u2026\"}]},{\"@type\":\"WebSite\",\"@id\":\"https:\\\/\\\/macite.tg\\\/#website\",\"url\":\"https:\\\/\\\/macite.tg\\\/\",\"name\":\"\",\"description\":\"L&#039;information, la bonne!!!\",\"potentialAction\":[{\"@type\":\"SearchAction\",\"target\":{\"@type\":\"EntryPoint\",\"urlTemplate\":\"https:\\\/\\\/macite.tg\\\/?s={search_term_string}\"},\"query-input\":{\"@type\":\"PropertyValueSpecification\",\"valueRequired\":true,\"valueName\":\"search_term_string\"}}],\"inLanguage\":\"fr-FR\"},{\"@type\":\"Person\",\"@id\":\"https:\\\/\\\/macite.tg\\\/#\\\/schema\\\/person\\\/e9f2de7e5dbbe7770a9402c7ce82f5c2\",\"name\":\"Jean Pierre BAWELA\",\"image\":{\"@type\":\"ImageObject\",\"inLanguage\":\"fr-FR\",\"@id\":\"https:\\\/\\\/macite.tg\\\/wp-content\\\/uploads\\\/2023\\\/09\\\/WhatsApp-Image-2023-09-19-at-14.44.41-122x122.jpeg\",\"url\":\"https:\\\/\\\/macite.tg\\\/wp-content\\\/uploads\\\/2023\\\/09\\\/WhatsApp-Image-2023-09-19-at-14.44.41-122x122.jpeg\",\"contentUrl\":\"https:\\\/\\\/macite.tg\\\/wp-content\\\/uploads\\\/2023\\\/09\\\/WhatsApp-Image-2023-09-19-at-14.44.41-122x122.jpeg\",\"caption\":\"Jean Pierre BAWELA\"},\"url\":\"https:\\\/\\\/macite.tg\\\/?author=2\"}]}<\/script>\n<!-- \/ Yoast SEO plugin. -->","yoast_head_json":{"title":"MUNICIPALES 2025 : \u2018\u2019Togo d\u2019Abord\u2019\u2019 \u00e0 la conqu\u00eate de K\u00e9v\u00e9\u2026 -","robots":{"index":"index","follow":"follow","max-snippet":"max-snippet:-1","max-image-preview":"max-image-preview:large","max-video-preview":"max-video-preview:-1"},"canonical":"https:\/\/macite.tg\/?p=23420","og_locale":"fr_FR","og_type":"article","og_title":"MUNICIPALES 2025 : \u2018\u2019Togo d\u2019Abord\u2019\u2019 \u00e0 la conqu\u00eate de K\u00e9v\u00e9\u2026 -","og_description":"La campagne \u00e9lectorale se poursuit pour les diff\u00e9rentes formations et regroupements politiques en lice pour les \u00e9lections municipales du 17 juillet prochain. Ce mardi 8 juillet, le regroupement politique \u2018\u2019Togo d\u2019Abord\u2019\u2019 a pris d\u2019assaut K\u00e9v\u00e9, une localit\u00e9 situ\u00e9e \u00e0 quelques 5O au nord-ouest de la [&hellip;]","og_url":"https:\/\/macite.tg\/?p=23420","article_published_time":"2025-07-09T19:13:32+00:00","article_modified_time":"2025-07-09T19:13:37+00:00","og_image":[{"width":499,"height":171,"url":"https:\/\/macite.tg\/wp-content\/uploads\/2025\/07\/Keve.jpg","type":"image\/jpeg"}],"author":"Jean Pierre BAWELA","twitter_card":"summary_large_image","twitter_misc":{"\u00c9crit par":"Jean Pierre BAWELA","Dur\u00e9e de lecture estim\u00e9e":"3 minutes"},"schema":{"@context":"https:\/\/schema.org","@graph":[{"@type":"Article","@id":"https:\/\/macite.tg\/?p=23420#article","isPartOf":{"@id":"https:\/\/macite.tg\/?p=23420"},"author":{"name":"Jean Pierre BAWELA","@id":"https:\/\/macite.tg\/#\/schema\/person\/e9f2de7e5dbbe7770a9402c7ce82f5c2"},"headline":"MUNICIPALES 2025 : \u2018\u2019Togo d\u2019Abord\u2019\u2019 \u00e0 la conqu\u00eate de K\u00e9v\u00e9\u2026","datePublished":"2025-07-09T19:13:32+00:00","dateModified":"2025-07-09T19:13:37+00:00","mainEntityOfPage":{"@id":"https:\/\/macite.tg\/?p=23420"},"wordCount":383,"commentCount":0,"image":{"@id":"https:\/\/macite.tg\/?p=23420#primaryimage"},"thumbnailUrl":"https:\/\/macite.tg\/wp-content\/uploads\/2025\/07\/Keve.jpg","articleSection":["ACTUALITE","POLITIQUE"],"inLanguage":"fr-FR","potentialAction":[{"@type":"CommentAction","name":"Comment","target":["https:\/\/macite.tg\/?p=23420#respond"]}]},{"@type":"WebPage","@id":"https:\/\/macite.tg\/?p=23420","url":"https:\/\/macite.tg\/?p=23420","name":"MUNICIPALES 2025 : \u2018\u2019Togo d\u2019Abord\u2019\u2019 \u00e0 la conqu\u00eate de K\u00e9v\u00e9\u2026 -","isPartOf":{"@id":"https:\/\/macite.tg\/#website"},"primaryImageOfPage":{"@id":"https:\/\/macite.tg\/?p=23420#primaryimage"},"image":{"@id":"https:\/\/macite.tg\/?p=23420#primaryimage"},"thumbnailUrl":"https:\/\/macite.tg\/wp-content\/uploads\/2025\/07\/Keve.jpg","datePublished":"2025-07-09T19:13:32+00:00","dateModified":"2025-07-09T19:13:37+00:00","author":{"@id":"https:\/\/macite.tg\/#\/schema\/person\/e9f2de7e5dbbe7770a9402c7ce82f5c2"},"breadcrumb":{"@id":"https:\/\/macite.tg\/?p=23420#breadcrumb"},"inLanguage":"fr-FR","potentialAction":[{"@type":"ReadAction","target":["https:\/\/macite.tg\/?p=23420"]}]},{"@type":"ImageObject","inLanguage":"fr-FR","@id":"https:\/\/macite.tg\/?p=23420#primaryimage","url":"https:\/\/macite.tg\/wp-content\/uploads\/2025\/07\/Keve.jpg","contentUrl":"https:\/\/macite.tg\/wp-content\/uploads\/2025\/07\/Keve.jpg","width":499,"height":171},{"@type":"BreadcrumbList","@id":"https:\/\/macite.tg\/?p=23420#breadcrumb","itemListElement":[{"@type":"ListItem","position":1,"name":"Accueil","item":"https:\/\/macite.tg\/"},{"@type":"ListItem","position":2,"name":"MUNICIPALES 2025 : \u2018\u2019Togo d\u2019Abord\u2019\u2019 \u00e0 la conqu\u00eate de K\u00e9v\u00e9\u2026"}]},{"@type":"WebSite","@id":"https:\/\/macite.tg\/#website","url":"https:\/\/macite.tg\/","name":"","description":"L&#039;information, la bonne!!!","potentialAction":[{"@type":"SearchAction","target":{"@type":"EntryPoint","urlTemplate":"https:\/\/macite.tg\/?s={search_term_string}"},"query-input":{"@type":"PropertyValueSpecification","valueRequired":true,"valueName":"search_term_string"}}],"inLanguage":"fr-FR"},{"@type":"Person","@id":"https:\/\/macite.tg\/#\/schema\/person\/e9f2de7e5dbbe7770a9402c7ce82f5c2","name":"Jean Pierre BAWELA","image":{"@type":"ImageObject","inLanguage":"fr-FR","@id":"https:\/\/macite.tg\/wp-content\/uploads\/2023\/09\/WhatsApp-Image-2023-09-19-at-14.44.41-122x122.jpeg","url":"https:\/\/macite.tg\/wp-content\/uploads\/2023\/09\/WhatsApp-Image-2023-09-19-at-14.44.41-122x122.jpeg","contentUrl":"https:\/\/macite.tg\/wp-content\/uploads\/2023\/09\/WhatsApp-Image-2023-09-19-at-14.44.41-122x122.jpeg","caption":"Jean Pierre BAWELA"},"url":"https:\/\/macite.tg\/?author=2"}]}},"_links":{"self":[{"href":"https:\/\/macite.tg\/index.php?rest_route=\/wp\/v2\/posts\/23420","targetHints":{"allow":["GET"]}}],"collection":[{"href":"https:\/\/macite.tg\/index.php?rest_route=\/wp\/v2\/posts"}],"about":[{"href":"https:\/\/macite.tg\/index.php?rest_route=\/wp\/v2\/types\/post"}],"author":[{"embeddable":true,"href":"https:\/\/macite.tg\/index.php?rest_route=\/wp\/v2\/users\/2"}],"replies":[{"embeddable":true,"href":"https:\/\/macite.tg\/index.php?rest_route=%2Fwp%2Fv2%2Fcomments&post=23420"}],"version-history":[{"count":0,"href":"https:\/\/macite.tg\/index.php?rest_route=\/wp\/v2\/posts\/23420\/revisions"}],"wp:featuredmedia":[{"embeddable":true,"href":"https:\/\/macite.tg\/index.php?rest_route=\/wp\/v2\/media\/23423"}],"wp:attachment":[{"href":"https:\/\/macite.tg\/index.php?rest_route=%2Fwp%2Fv2%2Fmedia&parent=23420"}],"wp:term":[{"taxonomy":"category","embeddable":true,"href":"https:\/\/macite.tg\/index.php?rest_route=%2Fwp%2Fv2%2Fcategories&post=23420"},{"taxonomy":"post_tag","embeddable":true,"href":"https:\/\/macite.tg\/index.php?rest_route=%2Fwp%2Fv2%2Ftags&post=23420"}],"curies":[{"name":"wp","href":"https:\/\/api.w.org\/{rel}","templated":true}]}}