{"id":23411,"date":"2025-07-09T18:18:01","date_gmt":"2025-07-09T18:18:01","guid":{"rendered":"https:\/\/macite.tg\/?p=23411"},"modified":"2025-07-10T12:24:12","modified_gmt":"2025-07-10T12:24:12","slug":"12-juillet-2016-12-juillet-2025-09-ans-deja-souvenez-vous-dans-vos-prieres-de-feu-dao-dao-boyodi-benoit","status":"publish","type":"post","link":"https:\/\/macite.tg\/?p=23411","title":{"rendered":"12 JUILLET 2016 &#8211; 12 JUILLET 2025, 09 ANS DEJA\u00a0: Souvenez-vous dans vos pri\u00e8res de Feu DAO DAO BOYODI BENOIT"},"content":{"rendered":"\n<p class=\"wp-block-paragraph\"><strong><em>12 juillet 2016 \u2013 12 juillet 2025 : Neuf (09) ans d\u00e9j\u00e0 que DAO DAO Boyodi Beno\u00eet, nous a quitt\u00e9 pour le pays des beaux anges.<\/em><\/strong><\/p>\n\n\n\n<p class=\"wp-block-paragraph\">En ce jour anniversaire de sa disparition, les Familles DAO et WAKIYOU \u00e0 LOME, TCHITCHAO, SANDA KAGBANDA (pr\u00e9fecture de la Bassar) et \u00e0 l&rsquo;\u00e9tranger, les enfants et tous ceux qui ont aim\u00e9 et c\u00f4toy\u00e9 ce grand homme, se rappellent de son amour et de sa tendresse en tant que p\u00e8re, oncle et grand-p\u00e8re.<\/p>\n\n\n<div class=\"wp-block-image\">\n<figure class=\"aligncenter size-full\"><img loading=\"lazy\" decoding=\"async\" width=\"500\" height=\"500\" src=\"https:\/\/macite.tg\/wp-content\/uploads\/2025\/07\/OTR-Dialogue-interpro-Acte-3.jpg\" alt=\"\" class=\"wp-image-23398\" srcset=\"https:\/\/macite.tg\/wp-content\/uploads\/2025\/07\/OTR-Dialogue-interpro-Acte-3.jpg 500w, https:\/\/macite.tg\/wp-content\/uploads\/2025\/07\/OTR-Dialogue-interpro-Acte-3-300x300.jpg 300w, https:\/\/macite.tg\/wp-content\/uploads\/2025\/07\/OTR-Dialogue-interpro-Acte-3-150x150.jpg 150w, https:\/\/macite.tg\/wp-content\/uploads\/2025\/07\/OTR-Dialogue-interpro-Acte-3-122x122.jpg 122w\" sizes=\"auto, (max-width: 500px) 100vw, 500px\" \/><\/figure>\n<\/div>\n\n\n<p class=\"wp-block-paragraph\">Nous vous prions de vous rappeler, dans vos pri\u00e8res, de DAO DAO BOYODI BENOIT, Ancien Directeur des affaires communes au minist\u00e8re de la Communication, Ancien Directeur de l\u2019ATOP (Niamtougou, Kara, Bassar, Sotouboua), l\u2019homme a \u00e9t\u00e9 \u00e9galement ancien Secr\u00e9taire G\u00e9n\u00e9ral de la Mairie de Sotouboua &#8230;<\/p>\n\n\n\n<p class=\"wp-block-paragraph\"><strong><em>Puisse son \u00e2me trouver le repos \u00e9ternel aupr\u00e8s du Tr\u00e8s Haut et que brille \u00e0 ses yeux la lumi\u00e8re sans d\u00e9clin !!!<\/em><\/strong><\/p>\n\n\n\n<p class=\"wp-block-paragraph\"><strong><em>@macite.tg<\/em><\/strong><\/p>\n\n\n\n<p class=\"wp-block-paragraph\"><strong><em>E-mail&nbsp;: <\/em><\/strong><a href=\"mailto:maciteinfo@gmail.com\"><strong><em>maciteinfo@gmail.com<\/em><\/strong><\/a><strong><em>; <\/em><\/strong><a href=\"mailto:bawela1@gmail.com\"><strong><em>bawela1@gmail.com<\/em><\/strong><\/a><strong><em><\/em><\/strong><\/p>\n\n\n\n<p class=\"wp-block-paragraph\"><strong><em>Pour vos annonces, (publi)reportages, etc., joignez nous au (00228) 91515309\/<strong>79872224<\/strong><\/em><\/strong><em><\/em><\/p>\n\n\n\n<p class=\"wp-block-paragraph\"><a href=\"http:\/\/www.macite.tg\"><strong><em>www.macite.tg<\/em><\/strong><\/a><strong><em>, l\u2019information, la bonne&nbsp;!<\/em><\/strong><\/p>\n\n\n\n<p class=\"wp-block-paragraph\"><\/p>\n","protected":false},"excerpt":{"rendered":"<p class=\"text-justify mb-2\" >12 juillet 2016 \u2013 12 juillet 2025 : Neuf (09) ans d\u00e9j\u00e0 que DAO DAO Boyodi Beno\u00eet, nous a quitt\u00e9 pour le pays des beaux anges. En ce jour anniversaire de sa disparition, les Familles DAO et WAKIYOU \u00e0 LOME, TCHITCHAO, SANDA KAGBANDA (pr\u00e9fecture de [&hellip;]<\/p>\n","protected":false},"author":2,"featured_media":23413,"comment_status":"open","ping_status":"open","sticky":false,"template":"","format":"standard","meta":{"footnotes":""},"categories":[20,31],"tags":[],"class_list":["post-23411","post","type-post","status-publish","format-standard","has-post-thumbnail","hentry","category-actualite","category-annonce"],"yoast_head":"<!-- This site is optimized with the Yoast SEO plugin v28.4 - https:\/\/yoast.com\/product\/yoast-seo-wordpress\/ -->\n<title>12 JUILLET 2016 - 12 JUILLET 2025, 09 ANS DEJA\u00a0: Souvenez-vous dans vos pri\u00e8res de Feu DAO DAO BOYODI BENOIT -<\/title>\n<meta name=\"robots\" content=\"index, follow, max-snippet:-1, max-image-preview:large, max-video-preview:-1\" \/>\n<link rel=\"canonical\" href=\"https:\/\/macite.tg\/?p=23411\" \/>\n<meta property=\"og:locale\" content=\"fr_FR\" \/>\n<meta property=\"og:type\" content=\"article\" \/>\n<meta property=\"og:title\" content=\"12 JUILLET 2016 - 12 JUILLET 2025, 09 ANS DEJA\u00a0: Souvenez-vous dans vos pri\u00e8res de Feu DAO DAO BOYODI BENOIT -\" \/>\n<meta property=\"og:description\" content=\"12 juillet 2016 \u2013 12 juillet 2025 : Neuf (09) ans d\u00e9j\u00e0 que DAO DAO Boyodi Beno\u00eet, nous a quitt\u00e9 pour le pays des beaux anges. En ce jour anniversaire de sa disparition, les Familles DAO et WAKIYOU \u00e0 LOME, TCHITCHAO, SANDA KAGBANDA (pr\u00e9fecture de [&hellip;]\" \/>\n<meta property=\"og:url\" content=\"https:\/\/macite.tg\/?p=23411\" \/>\n<meta property=\"article:published_time\" content=\"2025-07-09T18:18:01+00:00\" \/>\n<meta property=\"article:modified_time\" content=\"2025-07-10T12:24:12+00:00\" \/>\n<meta property=\"og:image\" content=\"https:\/\/macite.tg\/wp-content\/uploads\/2025\/07\/dao-dao-2025.jpg\" \/>\n\t<meta property=\"og:image:width\" content=\"504\" \/>\n\t<meta property=\"og:image:height\" content=\"665\" \/>\n\t<meta property=\"og:image:type\" content=\"image\/jpeg\" \/>\n<meta name=\"author\" content=\"Jean Pierre BAWELA\" \/>\n<meta name=\"twitter:card\" content=\"summary_large_image\" \/>\n<meta name=\"twitter:label1\" content=\"\u00c9crit par\" \/>\n\t<meta name=\"twitter:data1\" content=\"Jean Pierre BAWELA\" \/>\n\t<meta name=\"twitter:label2\" content=\"Dur\u00e9e de lecture estim\u00e9e\" \/>\n\t<meta name=\"twitter:data2\" content=\"2 minutes\" \/>\n<script type=\"application\/ld+json\" class=\"yoast-schema-graph\">{\"@context\":\"https:\\\/\\\/schema.org\",\"@graph\":[{\"@type\":\"Article\",\"@id\":\"https:\\\/\\\/macite.tg\\\/?p=23411#article\",\"isPartOf\":{\"@id\":\"https:\\\/\\\/macite.tg\\\/?p=23411\"},\"author\":{\"name\":\"Jean Pierre BAWELA\",\"@id\":\"https:\\\/\\\/macite.tg\\\/#\\\/schema\\\/person\\\/e9f2de7e5dbbe7770a9402c7ce82f5c2\"},\"headline\":\"12 JUILLET 2016 &#8211; 12 JUILLET 2025, 09 ANS DEJA\u00a0: Souvenez-vous dans vos pri\u00e8res de Feu DAO DAO BOYODI BENOIT\",\"datePublished\":\"2025-07-09T18:18:01+00:00\",\"dateModified\":\"2025-07-10T12:24:12+00:00\",\"mainEntityOfPage\":{\"@id\":\"https:\\\/\\\/macite.tg\\\/?p=23411\"},\"wordCount\":195,\"commentCount\":0,\"image\":{\"@id\":\"https:\\\/\\\/macite.tg\\\/?p=23411#primaryimage\"},\"thumbnailUrl\":\"https:\\\/\\\/macite.tg\\\/wp-content\\\/uploads\\\/2025\\\/07\\\/dao-dao-2025.jpg\",\"articleSection\":[\"ACTUALITE\",\"ANNONCE\"],\"inLanguage\":\"fr-FR\",\"potentialAction\":[{\"@type\":\"CommentAction\",\"name\":\"Comment\",\"target\":[\"https:\\\/\\\/macite.tg\\\/?p=23411#respond\"]}]},{\"@type\":\"WebPage\",\"@id\":\"https:\\\/\\\/macite.tg\\\/?p=23411\",\"url\":\"https:\\\/\\\/macite.tg\\\/?p=23411\",\"name\":\"12 JUILLET 2016 - 12 JUILLET 2025, 09 ANS DEJA\u00a0: Souvenez-vous dans vos pri\u00e8res de Feu DAO DAO BOYODI BENOIT -\",\"isPartOf\":{\"@id\":\"https:\\\/\\\/macite.tg\\\/#website\"},\"primaryImageOfPage\":{\"@id\":\"https:\\\/\\\/macite.tg\\\/?p=23411#primaryimage\"},\"image\":{\"@id\":\"https:\\\/\\\/macite.tg\\\/?p=23411#primaryimage\"},\"thumbnailUrl\":\"https:\\\/\\\/macite.tg\\\/wp-content\\\/uploads\\\/2025\\\/07\\\/dao-dao-2025.jpg\",\"datePublished\":\"2025-07-09T18:18:01+00:00\",\"dateModified\":\"2025-07-10T12:24:12+00:00\",\"author\":{\"@id\":\"https:\\\/\\\/macite.tg\\\/#\\\/schema\\\/person\\\/e9f2de7e5dbbe7770a9402c7ce82f5c2\"},\"breadcrumb\":{\"@id\":\"https:\\\/\\\/macite.tg\\\/?p=23411#breadcrumb\"},\"inLanguage\":\"fr-FR\",\"potentialAction\":[{\"@type\":\"ReadAction\",\"target\":[\"https:\\\/\\\/macite.tg\\\/?p=23411\"]}]},{\"@type\":\"ImageObject\",\"inLanguage\":\"fr-FR\",\"@id\":\"https:\\\/\\\/macite.tg\\\/?p=23411#primaryimage\",\"url\":\"https:\\\/\\\/macite.tg\\\/wp-content\\\/uploads\\\/2025\\\/07\\\/dao-dao-2025.jpg\",\"contentUrl\":\"https:\\\/\\\/macite.tg\\\/wp-content\\\/uploads\\\/2025\\\/07\\\/dao-dao-2025.jpg\",\"width\":504,\"height\":665},{\"@type\":\"BreadcrumbList\",\"@id\":\"https:\\\/\\\/macite.tg\\\/?p=23411#breadcrumb\",\"itemListElement\":[{\"@type\":\"ListItem\",\"position\":1,\"name\":\"Accueil\",\"item\":\"https:\\\/\\\/macite.tg\\\/\"},{\"@type\":\"ListItem\",\"position\":2,\"name\":\"12 JUILLET 2016 &#8211; 12 JUILLET 2025, 09 ANS DEJA\u00a0: Souvenez-vous dans vos pri\u00e8res de Feu DAO DAO BOYODI BENOIT\"}]},{\"@type\":\"WebSite\",\"@id\":\"https:\\\/\\\/macite.tg\\\/#website\",\"url\":\"https:\\\/\\\/macite.tg\\\/\",\"name\":\"\",\"description\":\"L&#039;information, la bonne!!!\",\"potentialAction\":[{\"@type\":\"SearchAction\",\"target\":{\"@type\":\"EntryPoint\",\"urlTemplate\":\"https:\\\/\\\/macite.tg\\\/?s={search_term_string}\"},\"query-input\":{\"@type\":\"PropertyValueSpecification\",\"valueRequired\":true,\"valueName\":\"search_term_string\"}}],\"inLanguage\":\"fr-FR\"},{\"@type\":\"Person\",\"@id\":\"https:\\\/\\\/macite.tg\\\/#\\\/schema\\\/person\\\/e9f2de7e5dbbe7770a9402c7ce82f5c2\",\"name\":\"Jean Pierre BAWELA\",\"image\":{\"@type\":\"ImageObject\",\"inLanguage\":\"fr-FR\",\"@id\":\"https:\\\/\\\/macite.tg\\\/wp-content\\\/uploads\\\/2023\\\/09\\\/WhatsApp-Image-2023-09-19-at-14.44.41-122x122.jpeg\",\"url\":\"https:\\\/\\\/macite.tg\\\/wp-content\\\/uploads\\\/2023\\\/09\\\/WhatsApp-Image-2023-09-19-at-14.44.41-122x122.jpeg\",\"contentUrl\":\"https:\\\/\\\/macite.tg\\\/wp-content\\\/uploads\\\/2023\\\/09\\\/WhatsApp-Image-2023-09-19-at-14.44.41-122x122.jpeg\",\"caption\":\"Jean Pierre BAWELA\"},\"url\":\"https:\\\/\\\/macite.tg\\\/?author=2\"}]}<\/script>\n<!-- \/ Yoast SEO plugin. -->","yoast_head_json":{"title":"12 JUILLET 2016 - 12 JUILLET 2025, 09 ANS DEJA\u00a0: Souvenez-vous dans vos pri\u00e8res de Feu DAO DAO BOYODI BENOIT -","robots":{"index":"index","follow":"follow","max-snippet":"max-snippet:-1","max-image-preview":"max-image-preview:large","max-video-preview":"max-video-preview:-1"},"canonical":"https:\/\/macite.tg\/?p=23411","og_locale":"fr_FR","og_type":"article","og_title":"12 JUILLET 2016 - 12 JUILLET 2025, 09 ANS DEJA\u00a0: Souvenez-vous dans vos pri\u00e8res de Feu DAO DAO BOYODI BENOIT -","og_description":"12 juillet 2016 \u2013 12 juillet 2025 : Neuf (09) ans d\u00e9j\u00e0 que DAO DAO Boyodi Beno\u00eet, nous a quitt\u00e9 pour le pays des beaux anges. En ce jour anniversaire de sa disparition, les Familles DAO et WAKIYOU \u00e0 LOME, TCHITCHAO, SANDA KAGBANDA (pr\u00e9fecture de [&hellip;]","og_url":"https:\/\/macite.tg\/?p=23411","article_published_time":"2025-07-09T18:18:01+00:00","article_modified_time":"2025-07-10T12:24:12+00:00","og_image":[{"width":504,"height":665,"url":"https:\/\/macite.tg\/wp-content\/uploads\/2025\/07\/dao-dao-2025.jpg","type":"image\/jpeg"}],"author":"Jean Pierre BAWELA","twitter_card":"summary_large_image","twitter_misc":{"\u00c9crit par":"Jean Pierre BAWELA","Dur\u00e9e de lecture estim\u00e9e":"2 minutes"},"schema":{"@context":"https:\/\/schema.org","@graph":[{"@type":"Article","@id":"https:\/\/macite.tg\/?p=23411#article","isPartOf":{"@id":"https:\/\/macite.tg\/?p=23411"},"author":{"name":"Jean Pierre BAWELA","@id":"https:\/\/macite.tg\/#\/schema\/person\/e9f2de7e5dbbe7770a9402c7ce82f5c2"},"headline":"12 JUILLET 2016 &#8211; 12 JUILLET 2025, 09 ANS DEJA\u00a0: Souvenez-vous dans vos pri\u00e8res de Feu DAO DAO BOYODI BENOIT","datePublished":"2025-07-09T18:18:01+00:00","dateModified":"2025-07-10T12:24:12+00:00","mainEntityOfPage":{"@id":"https:\/\/macite.tg\/?p=23411"},"wordCount":195,"commentCount":0,"image":{"@id":"https:\/\/macite.tg\/?p=23411#primaryimage"},"thumbnailUrl":"https:\/\/macite.tg\/wp-content\/uploads\/2025\/07\/dao-dao-2025.jpg","articleSection":["ACTUALITE","ANNONCE"],"inLanguage":"fr-FR","potentialAction":[{"@type":"CommentAction","name":"Comment","target":["https:\/\/macite.tg\/?p=23411#respond"]}]},{"@type":"WebPage","@id":"https:\/\/macite.tg\/?p=23411","url":"https:\/\/macite.tg\/?p=23411","name":"12 JUILLET 2016 - 12 JUILLET 2025, 09 ANS DEJA\u00a0: Souvenez-vous dans vos pri\u00e8res de Feu DAO DAO BOYODI BENOIT -","isPartOf":{"@id":"https:\/\/macite.tg\/#website"},"primaryImageOfPage":{"@id":"https:\/\/macite.tg\/?p=23411#primaryimage"},"image":{"@id":"https:\/\/macite.tg\/?p=23411#primaryimage"},"thumbnailUrl":"https:\/\/macite.tg\/wp-content\/uploads\/2025\/07\/dao-dao-2025.jpg","datePublished":"2025-07-09T18:18:01+00:00","dateModified":"2025-07-10T12:24:12+00:00","author":{"@id":"https:\/\/macite.tg\/#\/schema\/person\/e9f2de7e5dbbe7770a9402c7ce82f5c2"},"breadcrumb":{"@id":"https:\/\/macite.tg\/?p=23411#breadcrumb"},"inLanguage":"fr-FR","potentialAction":[{"@type":"ReadAction","target":["https:\/\/macite.tg\/?p=23411"]}]},{"@type":"ImageObject","inLanguage":"fr-FR","@id":"https:\/\/macite.tg\/?p=23411#primaryimage","url":"https:\/\/macite.tg\/wp-content\/uploads\/2025\/07\/dao-dao-2025.jpg","contentUrl":"https:\/\/macite.tg\/wp-content\/uploads\/2025\/07\/dao-dao-2025.jpg","width":504,"height":665},{"@type":"BreadcrumbList","@id":"https:\/\/macite.tg\/?p=23411#breadcrumb","itemListElement":[{"@type":"ListItem","position":1,"name":"Accueil","item":"https:\/\/macite.tg\/"},{"@type":"ListItem","position":2,"name":"12 JUILLET 2016 &#8211; 12 JUILLET 2025, 09 ANS DEJA\u00a0: Souvenez-vous dans vos pri\u00e8res de Feu DAO DAO BOYODI BENOIT"}]},{"@type":"WebSite","@id":"https:\/\/macite.tg\/#website","url":"https:\/\/macite.tg\/","name":"","description":"L&#039;information, la bonne!!!","potentialAction":[{"@type":"SearchAction","target":{"@type":"EntryPoint","urlTemplate":"https:\/\/macite.tg\/?s={search_term_string}"},"query-input":{"@type":"PropertyValueSpecification","valueRequired":true,"valueName":"search_term_string"}}],"inLanguage":"fr-FR"},{"@type":"Person","@id":"https:\/\/macite.tg\/#\/schema\/person\/e9f2de7e5dbbe7770a9402c7ce82f5c2","name":"Jean Pierre BAWELA","image":{"@type":"ImageObject","inLanguage":"fr-FR","@id":"https:\/\/macite.tg\/wp-content\/uploads\/2023\/09\/WhatsApp-Image-2023-09-19-at-14.44.41-122x122.jpeg","url":"https:\/\/macite.tg\/wp-content\/uploads\/2023\/09\/WhatsApp-Image-2023-09-19-at-14.44.41-122x122.jpeg","contentUrl":"https:\/\/macite.tg\/wp-content\/uploads\/2023\/09\/WhatsApp-Image-2023-09-19-at-14.44.41-122x122.jpeg","caption":"Jean Pierre BAWELA"},"url":"https:\/\/macite.tg\/?author=2"}]}},"_links":{"self":[{"href":"https:\/\/macite.tg\/index.php?rest_route=\/wp\/v2\/posts\/23411","targetHints":{"allow":["GET"]}}],"collection":[{"href":"https:\/\/macite.tg\/index.php?rest_route=\/wp\/v2\/posts"}],"about":[{"href":"https:\/\/macite.tg\/index.php?rest_route=\/wp\/v2\/types\/post"}],"author":[{"embeddable":true,"href":"https:\/\/macite.tg\/index.php?rest_route=\/wp\/v2\/users\/2"}],"replies":[{"embeddable":true,"href":"https:\/\/macite.tg\/index.php?rest_route=%2Fwp%2Fv2%2Fcomments&post=23411"}],"version-history":[{"count":0,"href":"https:\/\/macite.tg\/index.php?rest_route=\/wp\/v2\/posts\/23411\/revisions"}],"wp:featuredmedia":[{"embeddable":true,"href":"https:\/\/macite.tg\/index.php?rest_route=\/wp\/v2\/media\/23413"}],"wp:attachment":[{"href":"https:\/\/macite.tg\/index.php?rest_route=%2Fwp%2Fv2%2Fmedia&parent=23411"}],"wp:term":[{"taxonomy":"category","embeddable":true,"href":"https:\/\/macite.tg\/index.php?rest_route=%2Fwp%2Fv2%2Fcategories&post=23411"},{"taxonomy":"post_tag","embeddable":true,"href":"https:\/\/macite.tg\/index.php?rest_route=%2Fwp%2Fv2%2Ftags&post=23411"}],"curies":[{"name":"wp","href":"https:\/\/api.w.org\/{rel}","templated":true}]}}