{"id":23408,"date":"2025-07-09T17:46:12","date_gmt":"2025-07-09T17:46:12","guid":{"rendered":"https:\/\/macite.tg\/?p=23408"},"modified":"2025-07-09T17:46:17","modified_gmt":"2025-07-09T17:46:17","slug":"programme-wezu-letape-des-craintes-des-femmes-enceintes-liees-a-laccouchement-desormais-depassee","status":"publish","type":"post","link":"https:\/\/macite.tg\/?p=23408","title":{"rendered":"PROGRAMME WEZU\u00a0: L\u2019\u00e9tape des craintes des femmes enceintes li\u00e9es \u00e0 l&rsquo;accouchement, d\u00e9sormais d\u00e9pass\u00e9e"},"content":{"rendered":"\n<p class=\"wp-block-paragraph\"><strong><em>Le Togo s&rsquo;est engag\u00e9 fermement \u00e0 am\u00e9liorer la sant\u00e9 maternelle et infantile, avec le programme Wezou (\u00ab\u00a0le souffle de vie\u00a0\u00bb en langue kaby\u00e8) comme pierre angulaire de cette ambition. Lanc\u00e9e en ao\u00fbt 2021, cette initiative gouvernementale vise \u00e0 garantir un acc\u00e8s \u00e9tendu aux soins maternels et n\u00e9onatals pour toutes les femmes enceintes et les nouveau-n\u00e9s sur l&rsquo;\u00e9tendue du territoire.<\/em><\/strong><\/p>\n\n\n\n<p class=\"wp-block-paragraph\">Fid\u00e8le \u00e0 sa vision <em>\u00ab&nbsp;aucune femme ne doit mourir en donnant vie&nbsp;\u00bb,<\/em> le Togo a d&rsquo;ores et d\u00e9j\u00e0 enregistr\u00e9 des r\u00e9sultats prometteurs. Le taux de mortalit\u00e9 est pass\u00e9 de 1,70 % \u00e0 0,85 % en deux ans.<\/p>\n\n\n\n<p class=\"wp-block-paragraph\"><strong>Un engagement financier et un panier de soins \u00e9largi<\/strong><\/p>\n\n\n\n<p class=\"wp-block-paragraph\">Le gouvernement togolais a investi 3 milliards de francs CFA (soit plus de 5 millions de dollars US) afin de faciliter l&rsquo;acc\u00e8s aux soins maternels essentiels. Cet investissement se traduit par la prise en charge financi\u00e8re des soins maternels.<\/p>\n\n\n<div class=\"wp-block-image\">\n<figure class=\"aligncenter size-full is-resized\"><img loading=\"lazy\" decoding=\"async\" width=\"500\" height=\"500\" src=\"https:\/\/macite.tg\/wp-content\/uploads\/2025\/07\/OTR-Dialogue-interpro-Acte-3.jpg\" alt=\"\" class=\"wp-image-23398\" style=\"width:616px;height:auto\" srcset=\"https:\/\/macite.tg\/wp-content\/uploads\/2025\/07\/OTR-Dialogue-interpro-Acte-3.jpg 500w, https:\/\/macite.tg\/wp-content\/uploads\/2025\/07\/OTR-Dialogue-interpro-Acte-3-300x300.jpg 300w, https:\/\/macite.tg\/wp-content\/uploads\/2025\/07\/OTR-Dialogue-interpro-Acte-3-150x150.jpg 150w, https:\/\/macite.tg\/wp-content\/uploads\/2025\/07\/OTR-Dialogue-interpro-Acte-3-122x122.jpg 122w\" sizes=\"auto, (max-width: 500px) 100vw, 500px\" \/><\/figure>\n<\/div>\n\n\n<p class=\"wp-block-paragraph\">Wezou couvre int\u00e9gralement les honoraires des prestataires de sant\u00e9, les analyses m\u00e9dicales, les consultations pr\u00e9natales (CPN), les frais d&rsquo;hospitalisation, les produits de base pour les accouchements et les soins postnatals essentiels.<\/p>\n\n\n\n<p class=\"wp-block-paragraph\">Vient ensuite l&rsquo;\u00e9largissement du panier de soins. Le programme a progressivement enrichi les prestations offertes en incluant la pharmacie, le groupage sanguin et les \u00e9chographies.<\/p>\n\n\n\n<p class=\"wp-block-paragraph\"><strong>Des chiffres t\u00e9moignant de l&rsquo;impact de Wezou<\/strong><\/p>\n\n\n\n<p class=\"wp-block-paragraph\">Depuis son lancement, le programme a b\u00e9n\u00e9fici\u00e9 \u00e0 un nombre croissant de femmes enceintes et de nouveau-n\u00e9s. Entre 2021 et 2024, plus de 650.000 femmes enceintes et nouveau-n\u00e9s ont \u00e9t\u00e9 accompagn\u00e9s par Wezou, avec un total de 3,2 millions de prestations fournies (consultations pr\u00e9natales, analyses, m\u00e9dicaments et accouchements).<\/p>\n\n\n<div class=\"wp-block-image\">\n<figure class=\"aligncenter size-full is-resized\"><img loading=\"lazy\" decoding=\"async\" width=\"690\" height=\"170\" src=\"https:\/\/macite.tg\/wp-content\/uploads\/2025\/07\/OTR_TVM.jpg\" alt=\"\" class=\"wp-image-23364\" style=\"width:840px;height:auto\" srcset=\"https:\/\/macite.tg\/wp-content\/uploads\/2025\/07\/OTR_TVM.jpg 690w, https:\/\/macite.tg\/wp-content\/uploads\/2025\/07\/OTR_TVM-300x74.jpg 300w\" sizes=\"auto, (max-width: 690px) 100vw, 690px\" \/><\/figure>\n<\/div>\n\n\n<p class=\"wp-block-paragraph\">Sur une p\u00e9riode de trois ans (ao\u00fbt 2021 \u00e0 ao\u00fbt 2024), environ 575.000 femmes ont b\u00e9n\u00e9fici\u00e9 de ce programme. Plus sp\u00e9cifiquement, du 1er janvier au 5 avril 2022, 699 femmes ont \u00e9t\u00e9 prises en charge par Wezou au centre m\u00e9dico-social (CMS) de Cacav\u00e9li.<\/p>\n\n\n\n<p class=\"wp-block-paragraph\">Les avanc\u00e9es se sont confirm\u00e9es en 2024. \u00c0 la fin de septembre 2024, le nombre total de femmes ayant b\u00e9n\u00e9fici\u00e9 du programme s&rsquo;\u00e9levait \u00e0 633.426. Ce m\u00eame mois, plus de 27.000 nouvelles b\u00e9n\u00e9ficiaires ont \u00e9t\u00e9 enr\u00f4l\u00e9es.<\/p>\n\n\n\n<p class=\"wp-block-paragraph\">En janvier 2023, pr\u00e8s de 290.000 femmes enceintes b\u00e9n\u00e9ficiaient d\u00e9j\u00e0 de la prise en charge de Wezou, pour un co\u00fbt d&rsquo;environ 2,1 milliards de FCFA.<\/p>\n\n\n\n<p class=\"wp-block-paragraph\"><strong>Des partenariats strat\u00e9giques pour l&rsquo;avenir des services maternels<\/strong><\/p>\n\n\n\n<p class=\"wp-block-paragraph\">Ces r\u00e9alisations s&rsquo;inscrivent dans une d\u00e9marche collaborative. D\u00e8s novembre 2020, le minist\u00e8re de la Sant\u00e9 a sollicit\u00e9 Sant\u00e9 int\u00e9gr\u00e9e, en partenariat avec l&rsquo;Alliance de financement pour la sant\u00e9 et avec le soutien de l&rsquo;UNFPA.<\/p>\n\n\n<div class=\"wp-block-image\">\n<figure class=\"aligncenter size-large is-resized\"><img loading=\"lazy\" decoding=\"async\" width=\"731\" height=\"1024\" src=\"https:\/\/macite.tg\/wp-content\/uploads\/2025\/07\/12ced37c-0291-4b27-a6d8-6588135ffd3a-731x1024.jpg\" alt=\"\" class=\"wp-image-23222\" style=\"width:525px;height:auto\" srcset=\"https:\/\/macite.tg\/wp-content\/uploads\/2025\/07\/12ced37c-0291-4b27-a6d8-6588135ffd3a-731x1024.jpg 731w, https:\/\/macite.tg\/wp-content\/uploads\/2025\/07\/12ced37c-0291-4b27-a6d8-6588135ffd3a-214x300.jpg 214w, https:\/\/macite.tg\/wp-content\/uploads\/2025\/07\/12ced37c-0291-4b27-a6d8-6588135ffd3a-768x1076.jpg 768w, https:\/\/macite.tg\/wp-content\/uploads\/2025\/07\/12ced37c-0291-4b27-a6d8-6588135ffd3a-1096x1536.jpg 1096w, https:\/\/macite.tg\/wp-content\/uploads\/2025\/07\/12ced37c-0291-4b27-a6d8-6588135ffd3a.jpg 1142w\" sizes=\"auto, (max-width: 731px) 100vw, 731px\" \/><\/figure>\n<\/div>\n\n\n<p class=\"wp-block-paragraph\">L&rsquo;objectif \u00e9tait de faciliter la mise en place d&rsquo;un ensemble de services maternels essentiels. En d\u00e9cembre 2020, Sant\u00e9 int\u00e9gr\u00e9e a pr\u00e9sent\u00e9 divers sc\u00e9narios au vice-ministre de l&rsquo;Acc\u00e8s universel \u00e0 la sant\u00e9, t\u00e9moignant de la volont\u00e9 de promouvoir et d&rsquo;optimiser l&rsquo;acc\u00e8s aux services maternels \u00e0 l&rsquo;\u00e9chelle nationale. Le pays travaille avec d&rsquo;autres acteurs fiables pour relever le d\u00e9fi, celui d&rsquo;une couverture sant\u00e9 efficace et inclusive.<\/p>\n\n\n\n<p class=\"wp-block-paragraph\"><strong>Samir<\/strong><\/p>\n\n\n\n<p class=\"wp-block-paragraph\"><a><strong><em>@macite.tg&nbsp;&nbsp;&nbsp;&nbsp;&nbsp;&nbsp;&nbsp;&nbsp;<\/em><\/strong><\/a><\/p>\n\n\n\n<p class=\"wp-block-paragraph\"><strong><em>E-mail&nbsp;: <\/em><\/strong><a href=\"mailto:maciteinfo@gmail.com\"><em>maciteinfo@gmail.com<\/em><\/a><strong><em>; <\/em><\/strong><a href=\"mailto:bawela1@gmail.com\"><em>bawela1@gmail.com<\/em><\/a><em><\/em><\/p>\n\n\n\n<p class=\"wp-block-paragraph\"><strong><em>Pour vos annonces, (publi)reportages, etc., joignez-nous au (00228)91515309\/<strong>79872224 <\/strong>www.macite.tg, L\u2019information, la bonne&nbsp;!<\/em><\/strong><\/p>\n\n\n\n<p class=\"wp-block-paragraph\"><\/p>\n","protected":false},"excerpt":{"rendered":"<p class=\"text-justify mb-2\" >Le Togo s&rsquo;est engag\u00e9 fermement \u00e0 am\u00e9liorer la sant\u00e9 maternelle et infantile, avec le programme Wezou (\u00ab\u00a0le souffle de vie\u00a0\u00bb en langue kaby\u00e8) comme pierre angulaire de cette ambition. Lanc\u00e9e en ao\u00fbt 2021, cette initiative gouvernementale vise \u00e0 garantir un acc\u00e8s \u00e9tendu aux soins maternels [&hellip;]<\/p>\n","protected":false},"author":2,"featured_media":23409,"comment_status":"open","ping_status":"open","sticky":false,"template":"","format":"standard","meta":{"footnotes":""},"categories":[20,5],"tags":[],"class_list":["post-23408","post","type-post","status-publish","format-standard","has-post-thumbnail","hentry","category-actualite","category-sante"],"yoast_head":"<!-- This site is optimized with the Yoast SEO plugin v28.4 - https:\/\/yoast.com\/product\/yoast-seo-wordpress\/ -->\n<title>PROGRAMME WEZU\u00a0: L\u2019\u00e9tape des craintes des femmes enceintes li\u00e9es \u00e0 l&#039;accouchement, d\u00e9sormais d\u00e9pass\u00e9e -<\/title>\n<meta name=\"robots\" content=\"index, follow, max-snippet:-1, max-image-preview:large, max-video-preview:-1\" \/>\n<link rel=\"canonical\" href=\"https:\/\/macite.tg\/?p=23408\" \/>\n<meta property=\"og:locale\" content=\"fr_FR\" \/>\n<meta property=\"og:type\" content=\"article\" \/>\n<meta property=\"og:title\" content=\"PROGRAMME WEZU\u00a0: L\u2019\u00e9tape des craintes des femmes enceintes li\u00e9es \u00e0 l&#039;accouchement, d\u00e9sormais d\u00e9pass\u00e9e -\" \/>\n<meta property=\"og:description\" content=\"Le Togo s&rsquo;est engag\u00e9 fermement \u00e0 am\u00e9liorer la sant\u00e9 maternelle et infantile, avec le programme Wezou (\u00ab\u00a0le souffle de vie\u00a0\u00bb en langue kaby\u00e8) comme pierre angulaire de cette ambition. Lanc\u00e9e en ao\u00fbt 2021, cette initiative gouvernementale vise \u00e0 garantir un acc\u00e8s \u00e9tendu aux soins maternels [&hellip;]\" \/>\n<meta property=\"og:url\" content=\"https:\/\/macite.tg\/?p=23408\" \/>\n<meta property=\"article:published_time\" content=\"2025-07-09T17:46:12+00:00\" \/>\n<meta property=\"article:modified_time\" content=\"2025-07-09T17:46:17+00:00\" \/>\n<meta property=\"og:image\" content=\"https:\/\/macite.tg\/wp-content\/uploads\/2025\/07\/image-23.png\" \/>\n\t<meta property=\"og:image:width\" content=\"430\" \/>\n\t<meta property=\"og:image:height\" content=\"286\" \/>\n\t<meta property=\"og:image:type\" content=\"image\/png\" \/>\n<meta name=\"author\" content=\"Jean Pierre BAWELA\" \/>\n<meta name=\"twitter:card\" content=\"summary_large_image\" \/>\n<meta name=\"twitter:label1\" content=\"\u00c9crit par\" \/>\n\t<meta name=\"twitter:data1\" content=\"Jean Pierre BAWELA\" \/>\n\t<meta name=\"twitter:label2\" content=\"Dur\u00e9e de lecture estim\u00e9e\" \/>\n\t<meta name=\"twitter:data2\" content=\"4 minutes\" \/>\n<script type=\"application\/ld+json\" class=\"yoast-schema-graph\">{\"@context\":\"https:\\\/\\\/schema.org\",\"@graph\":[{\"@type\":\"Article\",\"@id\":\"https:\\\/\\\/macite.tg\\\/?p=23408#article\",\"isPartOf\":{\"@id\":\"https:\\\/\\\/macite.tg\\\/?p=23408\"},\"author\":{\"name\":\"Jean Pierre BAWELA\",\"@id\":\"https:\\\/\\\/macite.tg\\\/#\\\/schema\\\/person\\\/e9f2de7e5dbbe7770a9402c7ce82f5c2\"},\"headline\":\"PROGRAMME WEZU\u00a0: L\u2019\u00e9tape des craintes des femmes enceintes li\u00e9es \u00e0 l&rsquo;accouchement, d\u00e9sormais d\u00e9pass\u00e9e\",\"datePublished\":\"2025-07-09T17:46:12+00:00\",\"dateModified\":\"2025-07-09T17:46:17+00:00\",\"mainEntityOfPage\":{\"@id\":\"https:\\\/\\\/macite.tg\\\/?p=23408\"},\"wordCount\":565,\"commentCount\":0,\"image\":{\"@id\":\"https:\\\/\\\/macite.tg\\\/?p=23408#primaryimage\"},\"thumbnailUrl\":\"https:\\\/\\\/macite.tg\\\/wp-content\\\/uploads\\\/2025\\\/07\\\/image-23.png\",\"articleSection\":[\"ACTUALITE\",\"SANTE\"],\"inLanguage\":\"fr-FR\",\"potentialAction\":[{\"@type\":\"CommentAction\",\"name\":\"Comment\",\"target\":[\"https:\\\/\\\/macite.tg\\\/?p=23408#respond\"]}]},{\"@type\":\"WebPage\",\"@id\":\"https:\\\/\\\/macite.tg\\\/?p=23408\",\"url\":\"https:\\\/\\\/macite.tg\\\/?p=23408\",\"name\":\"PROGRAMME WEZU\u00a0: L\u2019\u00e9tape des craintes des femmes enceintes li\u00e9es \u00e0 l'accouchement, d\u00e9sormais d\u00e9pass\u00e9e -\",\"isPartOf\":{\"@id\":\"https:\\\/\\\/macite.tg\\\/#website\"},\"primaryImageOfPage\":{\"@id\":\"https:\\\/\\\/macite.tg\\\/?p=23408#primaryimage\"},\"image\":{\"@id\":\"https:\\\/\\\/macite.tg\\\/?p=23408#primaryimage\"},\"thumbnailUrl\":\"https:\\\/\\\/macite.tg\\\/wp-content\\\/uploads\\\/2025\\\/07\\\/image-23.png\",\"datePublished\":\"2025-07-09T17:46:12+00:00\",\"dateModified\":\"2025-07-09T17:46:17+00:00\",\"author\":{\"@id\":\"https:\\\/\\\/macite.tg\\\/#\\\/schema\\\/person\\\/e9f2de7e5dbbe7770a9402c7ce82f5c2\"},\"breadcrumb\":{\"@id\":\"https:\\\/\\\/macite.tg\\\/?p=23408#breadcrumb\"},\"inLanguage\":\"fr-FR\",\"potentialAction\":[{\"@type\":\"ReadAction\",\"target\":[\"https:\\\/\\\/macite.tg\\\/?p=23408\"]}]},{\"@type\":\"ImageObject\",\"inLanguage\":\"fr-FR\",\"@id\":\"https:\\\/\\\/macite.tg\\\/?p=23408#primaryimage\",\"url\":\"https:\\\/\\\/macite.tg\\\/wp-content\\\/uploads\\\/2025\\\/07\\\/image-23.png\",\"contentUrl\":\"https:\\\/\\\/macite.tg\\\/wp-content\\\/uploads\\\/2025\\\/07\\\/image-23.png\",\"width\":430,\"height\":286,\"caption\":\"Une jeune m\u00e8re suivie par une sage-femme (Photo archives)\"},{\"@type\":\"BreadcrumbList\",\"@id\":\"https:\\\/\\\/macite.tg\\\/?p=23408#breadcrumb\",\"itemListElement\":[{\"@type\":\"ListItem\",\"position\":1,\"name\":\"Accueil\",\"item\":\"https:\\\/\\\/macite.tg\\\/\"},{\"@type\":\"ListItem\",\"position\":2,\"name\":\"PROGRAMME WEZU\u00a0: L\u2019\u00e9tape des craintes des femmes enceintes li\u00e9es \u00e0 l&rsquo;accouchement, d\u00e9sormais d\u00e9pass\u00e9e\"}]},{\"@type\":\"WebSite\",\"@id\":\"https:\\\/\\\/macite.tg\\\/#website\",\"url\":\"https:\\\/\\\/macite.tg\\\/\",\"name\":\"\",\"description\":\"L&#039;information, la bonne!!!\",\"potentialAction\":[{\"@type\":\"SearchAction\",\"target\":{\"@type\":\"EntryPoint\",\"urlTemplate\":\"https:\\\/\\\/macite.tg\\\/?s={search_term_string}\"},\"query-input\":{\"@type\":\"PropertyValueSpecification\",\"valueRequired\":true,\"valueName\":\"search_term_string\"}}],\"inLanguage\":\"fr-FR\"},{\"@type\":\"Person\",\"@id\":\"https:\\\/\\\/macite.tg\\\/#\\\/schema\\\/person\\\/e9f2de7e5dbbe7770a9402c7ce82f5c2\",\"name\":\"Jean Pierre BAWELA\",\"image\":{\"@type\":\"ImageObject\",\"inLanguage\":\"fr-FR\",\"@id\":\"https:\\\/\\\/macite.tg\\\/wp-content\\\/uploads\\\/2023\\\/09\\\/WhatsApp-Image-2023-09-19-at-14.44.41-122x122.jpeg\",\"url\":\"https:\\\/\\\/macite.tg\\\/wp-content\\\/uploads\\\/2023\\\/09\\\/WhatsApp-Image-2023-09-19-at-14.44.41-122x122.jpeg\",\"contentUrl\":\"https:\\\/\\\/macite.tg\\\/wp-content\\\/uploads\\\/2023\\\/09\\\/WhatsApp-Image-2023-09-19-at-14.44.41-122x122.jpeg\",\"caption\":\"Jean Pierre BAWELA\"},\"url\":\"https:\\\/\\\/macite.tg\\\/?author=2\"}]}<\/script>\n<!-- \/ Yoast SEO plugin. -->","yoast_head_json":{"title":"PROGRAMME WEZU\u00a0: L\u2019\u00e9tape des craintes des femmes enceintes li\u00e9es \u00e0 l'accouchement, d\u00e9sormais d\u00e9pass\u00e9e -","robots":{"index":"index","follow":"follow","max-snippet":"max-snippet:-1","max-image-preview":"max-image-preview:large","max-video-preview":"max-video-preview:-1"},"canonical":"https:\/\/macite.tg\/?p=23408","og_locale":"fr_FR","og_type":"article","og_title":"PROGRAMME WEZU\u00a0: L\u2019\u00e9tape des craintes des femmes enceintes li\u00e9es \u00e0 l'accouchement, d\u00e9sormais d\u00e9pass\u00e9e -","og_description":"Le Togo s&rsquo;est engag\u00e9 fermement \u00e0 am\u00e9liorer la sant\u00e9 maternelle et infantile, avec le programme Wezou (\u00ab\u00a0le souffle de vie\u00a0\u00bb en langue kaby\u00e8) comme pierre angulaire de cette ambition. Lanc\u00e9e en ao\u00fbt 2021, cette initiative gouvernementale vise \u00e0 garantir un acc\u00e8s \u00e9tendu aux soins maternels [&hellip;]","og_url":"https:\/\/macite.tg\/?p=23408","article_published_time":"2025-07-09T17:46:12+00:00","article_modified_time":"2025-07-09T17:46:17+00:00","og_image":[{"width":430,"height":286,"url":"https:\/\/macite.tg\/wp-content\/uploads\/2025\/07\/image-23.png","type":"image\/png"}],"author":"Jean Pierre BAWELA","twitter_card":"summary_large_image","twitter_misc":{"\u00c9crit par":"Jean Pierre BAWELA","Dur\u00e9e de lecture estim\u00e9e":"4 minutes"},"schema":{"@context":"https:\/\/schema.org","@graph":[{"@type":"Article","@id":"https:\/\/macite.tg\/?p=23408#article","isPartOf":{"@id":"https:\/\/macite.tg\/?p=23408"},"author":{"name":"Jean Pierre BAWELA","@id":"https:\/\/macite.tg\/#\/schema\/person\/e9f2de7e5dbbe7770a9402c7ce82f5c2"},"headline":"PROGRAMME WEZU\u00a0: L\u2019\u00e9tape des craintes des femmes enceintes li\u00e9es \u00e0 l&rsquo;accouchement, d\u00e9sormais d\u00e9pass\u00e9e","datePublished":"2025-07-09T17:46:12+00:00","dateModified":"2025-07-09T17:46:17+00:00","mainEntityOfPage":{"@id":"https:\/\/macite.tg\/?p=23408"},"wordCount":565,"commentCount":0,"image":{"@id":"https:\/\/macite.tg\/?p=23408#primaryimage"},"thumbnailUrl":"https:\/\/macite.tg\/wp-content\/uploads\/2025\/07\/image-23.png","articleSection":["ACTUALITE","SANTE"],"inLanguage":"fr-FR","potentialAction":[{"@type":"CommentAction","name":"Comment","target":["https:\/\/macite.tg\/?p=23408#respond"]}]},{"@type":"WebPage","@id":"https:\/\/macite.tg\/?p=23408","url":"https:\/\/macite.tg\/?p=23408","name":"PROGRAMME WEZU\u00a0: L\u2019\u00e9tape des craintes des femmes enceintes li\u00e9es \u00e0 l'accouchement, d\u00e9sormais d\u00e9pass\u00e9e -","isPartOf":{"@id":"https:\/\/macite.tg\/#website"},"primaryImageOfPage":{"@id":"https:\/\/macite.tg\/?p=23408#primaryimage"},"image":{"@id":"https:\/\/macite.tg\/?p=23408#primaryimage"},"thumbnailUrl":"https:\/\/macite.tg\/wp-content\/uploads\/2025\/07\/image-23.png","datePublished":"2025-07-09T17:46:12+00:00","dateModified":"2025-07-09T17:46:17+00:00","author":{"@id":"https:\/\/macite.tg\/#\/schema\/person\/e9f2de7e5dbbe7770a9402c7ce82f5c2"},"breadcrumb":{"@id":"https:\/\/macite.tg\/?p=23408#breadcrumb"},"inLanguage":"fr-FR","potentialAction":[{"@type":"ReadAction","target":["https:\/\/macite.tg\/?p=23408"]}]},{"@type":"ImageObject","inLanguage":"fr-FR","@id":"https:\/\/macite.tg\/?p=23408#primaryimage","url":"https:\/\/macite.tg\/wp-content\/uploads\/2025\/07\/image-23.png","contentUrl":"https:\/\/macite.tg\/wp-content\/uploads\/2025\/07\/image-23.png","width":430,"height":286,"caption":"Une jeune m\u00e8re suivie par une sage-femme (Photo archives)"},{"@type":"BreadcrumbList","@id":"https:\/\/macite.tg\/?p=23408#breadcrumb","itemListElement":[{"@type":"ListItem","position":1,"name":"Accueil","item":"https:\/\/macite.tg\/"},{"@type":"ListItem","position":2,"name":"PROGRAMME WEZU\u00a0: L\u2019\u00e9tape des craintes des femmes enceintes li\u00e9es \u00e0 l&rsquo;accouchement, d\u00e9sormais d\u00e9pass\u00e9e"}]},{"@type":"WebSite","@id":"https:\/\/macite.tg\/#website","url":"https:\/\/macite.tg\/","name":"","description":"L&#039;information, la bonne!!!","potentialAction":[{"@type":"SearchAction","target":{"@type":"EntryPoint","urlTemplate":"https:\/\/macite.tg\/?s={search_term_string}"},"query-input":{"@type":"PropertyValueSpecification","valueRequired":true,"valueName":"search_term_string"}}],"inLanguage":"fr-FR"},{"@type":"Person","@id":"https:\/\/macite.tg\/#\/schema\/person\/e9f2de7e5dbbe7770a9402c7ce82f5c2","name":"Jean Pierre BAWELA","image":{"@type":"ImageObject","inLanguage":"fr-FR","@id":"https:\/\/macite.tg\/wp-content\/uploads\/2023\/09\/WhatsApp-Image-2023-09-19-at-14.44.41-122x122.jpeg","url":"https:\/\/macite.tg\/wp-content\/uploads\/2023\/09\/WhatsApp-Image-2023-09-19-at-14.44.41-122x122.jpeg","contentUrl":"https:\/\/macite.tg\/wp-content\/uploads\/2023\/09\/WhatsApp-Image-2023-09-19-at-14.44.41-122x122.jpeg","caption":"Jean Pierre BAWELA"},"url":"https:\/\/macite.tg\/?author=2"}]}},"_links":{"self":[{"href":"https:\/\/macite.tg\/index.php?rest_route=\/wp\/v2\/posts\/23408","targetHints":{"allow":["GET"]}}],"collection":[{"href":"https:\/\/macite.tg\/index.php?rest_route=\/wp\/v2\/posts"}],"about":[{"href":"https:\/\/macite.tg\/index.php?rest_route=\/wp\/v2\/types\/post"}],"author":[{"embeddable":true,"href":"https:\/\/macite.tg\/index.php?rest_route=\/wp\/v2\/users\/2"}],"replies":[{"embeddable":true,"href":"https:\/\/macite.tg\/index.php?rest_route=%2Fwp%2Fv2%2Fcomments&post=23408"}],"version-history":[{"count":0,"href":"https:\/\/macite.tg\/index.php?rest_route=\/wp\/v2\/posts\/23408\/revisions"}],"wp:featuredmedia":[{"embeddable":true,"href":"https:\/\/macite.tg\/index.php?rest_route=\/wp\/v2\/media\/23409"}],"wp:attachment":[{"href":"https:\/\/macite.tg\/index.php?rest_route=%2Fwp%2Fv2%2Fmedia&parent=23408"}],"wp:term":[{"taxonomy":"category","embeddable":true,"href":"https:\/\/macite.tg\/index.php?rest_route=%2Fwp%2Fv2%2Fcategories&post=23408"},{"taxonomy":"post_tag","embeddable":true,"href":"https:\/\/macite.tg\/index.php?rest_route=%2Fwp%2Fv2%2Ftags&post=23408"}],"curies":[{"name":"wp","href":"https:\/\/api.w.org\/{rel}","templated":true}]}}