{"id":23394,"date":"2025-07-09T15:38:29","date_gmt":"2025-07-09T15:38:29","guid":{"rendered":"https:\/\/macite.tg\/?p=23394"},"modified":"2025-07-09T15:42:01","modified_gmt":"2025-07-09T15:42:01","slug":"dialogue-interprofessionnel-sur-la-fiscalite-lome-accueille-lacte-3-du-10-au-11-juillet-prochain","status":"publish","type":"post","link":"https:\/\/macite.tg\/?p=23394","title":{"rendered":"DIALOGUE INTERPROFESSIONNEL SUR LA FISCALITE\u00a0: Lom\u00e9 accueille l\u2019acte 3 les 10 et 11 juillet prochain"},"content":{"rendered":"\n<p class=\"wp-block-paragraph\"><strong><em>Le Dialogue interprofessionnel s\u2019est r\u00e9v\u00e9l\u00e9, au fil du temps, comme une plateforme d\u00e9di\u00e9e au renforcement de la coop\u00e9ration, \u00e0 l\u2019innovation et au meilleur accompagnement de la transformation \u00e9conomique du continent africain. L\u2019initiative sera \u00e0 sa troisi\u00e8me \u00e9dition les 10 et 11 juillet prochain, et va accueillir, dans la capitale togolaise, des experts venus d\u2019horizons divers.<\/em><\/strong><\/p>\n\n\n\n<p class=\"wp-block-paragraph\"><em>\u00ab&nbsp;Commerce international, d\u00e9veloppement \u00e9conomique et durabilit\u00e9 Focus sur les organisations douani\u00e8res et leurs r\u00f4les dans la facilitation des \u00e9changes en Afrique&nbsp;\u00bb,<\/em> tel est le th\u00e8me de cet espace de dialogue organis\u00e9 par l\u2019Office Togolais des Recettes (OTR) via son Institut de Formation Fiscale et Douani\u00e8re (IFFD).<\/p>\n\n\n<div class=\"wp-block-image\">\n<figure class=\"aligncenter size-full is-resized\"><img loading=\"lazy\" decoding=\"async\" width=\"690\" height=\"170\" src=\"https:\/\/macite.tg\/wp-content\/uploads\/2025\/07\/OTR_TVM.jpg\" alt=\"\" class=\"wp-image-23364\" style=\"width:840px;height:auto\" srcset=\"https:\/\/macite.tg\/wp-content\/uploads\/2025\/07\/OTR_TVM.jpg 690w, https:\/\/macite.tg\/wp-content\/uploads\/2025\/07\/OTR_TVM-300x74.jpg 300w\" sizes=\"auto, (max-width: 690px) 100vw, 690px\" \/><\/figure>\n<\/div>\n\n\n<p class=\"wp-block-paragraph\">Cadre r\u00e9unissant \u00e0 la fois le secteur public et le secteur priv\u00e9 autour des questions de fiscalit\u00e9 et de douane, le dialogue interprofessionnel sur la fiscalit\u00e9 vise \u00e0 favoriser une meilleure coordination des politiques fiscales sur le continent et \u00e0 encourager l\u2019innovation dans les pratiques administratives.<\/p>\n\n\n\n<p class=\"wp-block-paragraph\">Au menu de ce nouveau rendez-vous de l\u2019\u00e9lite africaine, des panels, des \u00e9changes d\u2019expertise et r\u00e9flexions strat\u00e9giques avec des acteurs majeurs du monde douanier et fiscal.<\/p>\n\n\n\n<p class=\"wp-block-paragraph\">Durant deux jours, des repr\u00e9sentants des douanes africaines, des professionnels du commerce international, des experts fiscaux et des acteurs \u00e9conomiques vont ainsi \u00e9changer sur les d\u00e9fis li\u00e9s \u00e0 l\u2019int\u00e9gration r\u00e9gionale, \u00e0 la circulation des biens et \u00e0 la durabilit\u00e9 \u00e9conomique.<\/p>\n\n\n<div class=\"wp-block-image\">\n<figure class=\"aligncenter size-full is-resized\"><img loading=\"lazy\" decoding=\"async\" width=\"500\" height=\"500\" src=\"https:\/\/macite.tg\/wp-content\/uploads\/2025\/07\/Geo-ref.jpg\" alt=\"\" class=\"wp-image-23346\" style=\"width:706px;height:auto\" srcset=\"https:\/\/macite.tg\/wp-content\/uploads\/2025\/07\/Geo-ref.jpg 500w, https:\/\/macite.tg\/wp-content\/uploads\/2025\/07\/Geo-ref-300x300.jpg 300w, https:\/\/macite.tg\/wp-content\/uploads\/2025\/07\/Geo-ref-150x150.jpg 150w, https:\/\/macite.tg\/wp-content\/uploads\/2025\/07\/Geo-ref-122x122.jpg 122w\" sizes=\"auto, (max-width: 500px) 100vw, 500px\" \/><\/figure>\n<\/div>\n\n\n<p class=\"wp-block-paragraph\">Au terme de ces assises de Lom\u00e9, des apports en mati\u00e8re de concertation et de construction de solutions partag\u00e9es entre administrations et acteurs \u00e9conomiques notamment, permettront d\u2019orienter la nouvelle dynamique pour une meilleure facilitation des \u00e9changes commerciaux sur le continent africain.<\/p>\n\n\n\n<p class=\"wp-block-paragraph\"><strong>Mab\u00e9 B.<\/strong><\/p>\n\n\n\n<p class=\"wp-block-paragraph\"><a><strong><em>@macite.tg&nbsp;&nbsp;&nbsp;&nbsp;&nbsp;&nbsp;&nbsp;&nbsp;<\/em><\/strong><\/a><\/p>\n\n\n\n<p class=\"wp-block-paragraph\"><strong><em>E-mail&nbsp;: <\/em><\/strong><a href=\"mailto:maciteinfo@gmail.com\"><strong><em>maciteinfo@gmail.com<\/em><\/strong><\/a><strong><em>; <\/em><\/strong><a href=\"mailto:bawela1@gmail.com\"><strong><em>bawela1@gmail.com<\/em><\/strong><\/a><strong><em><\/em><\/strong><\/p>\n\n\n\n<p class=\"wp-block-paragraph\"><strong><em>Pour vos annonces, (publi)reportages, etc., joignez-nous au (00228)91515309\/<strong>79872224 <\/strong>www.macite.tg, L\u2019information, la bonne&nbsp;!<\/em><\/strong><\/p>\n\n\n\n<p class=\"wp-block-paragraph\"><\/p>\n","protected":false},"excerpt":{"rendered":"<p class=\"text-justify mb-2\" >Le Dialogue interprofessionnel s\u2019est r\u00e9v\u00e9l\u00e9, au fil du temps, comme une plateforme d\u00e9di\u00e9e au renforcement de la coop\u00e9ration, \u00e0 l\u2019innovation et au meilleur accompagnement de la transformation \u00e9conomique du continent africain. L\u2019initiative sera \u00e0 sa troisi\u00e8me \u00e9dition les 10 et 11 juillet prochain, et va [&hellip;]<\/p>\n","protected":false},"author":2,"featured_media":23398,"comment_status":"open","ping_status":"open","sticky":false,"template":"","format":"standard","meta":{"footnotes":""},"categories":[20,66],"tags":[],"class_list":["post-23394","post","type-post","status-publish","format-standard","has-post-thumbnail","hentry","category-actualite","category-fiscalite"],"yoast_head":"<!-- This site is optimized with the Yoast SEO plugin v28.4 - https:\/\/yoast.com\/product\/yoast-seo-wordpress\/ -->\n<title>DIALOGUE INTERPROFESSIONNEL SUR LA FISCALITE\u00a0: Lom\u00e9 accueille l\u2019acte 3 les 10 et 11 juillet prochain -<\/title>\n<meta name=\"robots\" content=\"index, follow, max-snippet:-1, max-image-preview:large, max-video-preview:-1\" \/>\n<link rel=\"canonical\" href=\"https:\/\/macite.tg\/?p=23394\" \/>\n<meta property=\"og:locale\" content=\"fr_FR\" \/>\n<meta property=\"og:type\" content=\"article\" \/>\n<meta property=\"og:title\" content=\"DIALOGUE INTERPROFESSIONNEL SUR LA FISCALITE\u00a0: Lom\u00e9 accueille l\u2019acte 3 les 10 et 11 juillet prochain -\" \/>\n<meta property=\"og:description\" content=\"Le Dialogue interprofessionnel s\u2019est r\u00e9v\u00e9l\u00e9, au fil du temps, comme une plateforme d\u00e9di\u00e9e au renforcement de la coop\u00e9ration, \u00e0 l\u2019innovation et au meilleur accompagnement de la transformation \u00e9conomique du continent africain. L\u2019initiative sera \u00e0 sa troisi\u00e8me \u00e9dition les 10 et 11 juillet prochain, et va [&hellip;]\" \/>\n<meta property=\"og:url\" content=\"https:\/\/macite.tg\/?p=23394\" \/>\n<meta property=\"article:published_time\" content=\"2025-07-09T15:38:29+00:00\" \/>\n<meta property=\"article:modified_time\" content=\"2025-07-09T15:42:01+00:00\" \/>\n<meta property=\"og:image\" content=\"https:\/\/macite.tg\/wp-content\/uploads\/2025\/07\/OTR-Dialogue-interpro-Acte-3.jpg\" \/>\n\t<meta property=\"og:image:width\" content=\"500\" \/>\n\t<meta property=\"og:image:height\" content=\"500\" \/>\n\t<meta property=\"og:image:type\" content=\"image\/jpeg\" \/>\n<meta name=\"author\" content=\"Jean Pierre BAWELA\" \/>\n<meta name=\"twitter:card\" content=\"summary_large_image\" \/>\n<meta name=\"twitter:label1\" content=\"\u00c9crit par\" \/>\n\t<meta name=\"twitter:data1\" content=\"Jean Pierre BAWELA\" \/>\n\t<meta name=\"twitter:label2\" content=\"Dur\u00e9e de lecture estim\u00e9e\" \/>\n\t<meta name=\"twitter:data2\" content=\"2 minutes\" \/>\n<script type=\"application\/ld+json\" class=\"yoast-schema-graph\">{\"@context\":\"https:\\\/\\\/schema.org\",\"@graph\":[{\"@type\":\"Article\",\"@id\":\"https:\\\/\\\/macite.tg\\\/?p=23394#article\",\"isPartOf\":{\"@id\":\"https:\\\/\\\/macite.tg\\\/?p=23394\"},\"author\":{\"name\":\"Jean Pierre BAWELA\",\"@id\":\"https:\\\/\\\/macite.tg\\\/#\\\/schema\\\/person\\\/e9f2de7e5dbbe7770a9402c7ce82f5c2\"},\"headline\":\"DIALOGUE INTERPROFESSIONNEL SUR LA FISCALITE\u00a0: Lom\u00e9 accueille l\u2019acte 3 les 10 et 11 juillet prochain\",\"datePublished\":\"2025-07-09T15:38:29+00:00\",\"dateModified\":\"2025-07-09T15:42:01+00:00\",\"mainEntityOfPage\":{\"@id\":\"https:\\\/\\\/macite.tg\\\/?p=23394\"},\"wordCount\":326,\"commentCount\":0,\"image\":{\"@id\":\"https:\\\/\\\/macite.tg\\\/?p=23394#primaryimage\"},\"thumbnailUrl\":\"https:\\\/\\\/macite.tg\\\/wp-content\\\/uploads\\\/2025\\\/07\\\/OTR-Dialogue-interpro-Acte-3.jpg\",\"articleSection\":[\"ACTUALITE\",\"FISCALITE\"],\"inLanguage\":\"fr-FR\",\"potentialAction\":[{\"@type\":\"CommentAction\",\"name\":\"Comment\",\"target\":[\"https:\\\/\\\/macite.tg\\\/?p=23394#respond\"]}]},{\"@type\":\"WebPage\",\"@id\":\"https:\\\/\\\/macite.tg\\\/?p=23394\",\"url\":\"https:\\\/\\\/macite.tg\\\/?p=23394\",\"name\":\"DIALOGUE INTERPROFESSIONNEL SUR LA FISCALITE\u00a0: Lom\u00e9 accueille l\u2019acte 3 les 10 et 11 juillet prochain -\",\"isPartOf\":{\"@id\":\"https:\\\/\\\/macite.tg\\\/#website\"},\"primaryImageOfPage\":{\"@id\":\"https:\\\/\\\/macite.tg\\\/?p=23394#primaryimage\"},\"image\":{\"@id\":\"https:\\\/\\\/macite.tg\\\/?p=23394#primaryimage\"},\"thumbnailUrl\":\"https:\\\/\\\/macite.tg\\\/wp-content\\\/uploads\\\/2025\\\/07\\\/OTR-Dialogue-interpro-Acte-3.jpg\",\"datePublished\":\"2025-07-09T15:38:29+00:00\",\"dateModified\":\"2025-07-09T15:42:01+00:00\",\"author\":{\"@id\":\"https:\\\/\\\/macite.tg\\\/#\\\/schema\\\/person\\\/e9f2de7e5dbbe7770a9402c7ce82f5c2\"},\"breadcrumb\":{\"@id\":\"https:\\\/\\\/macite.tg\\\/?p=23394#breadcrumb\"},\"inLanguage\":\"fr-FR\",\"potentialAction\":[{\"@type\":\"ReadAction\",\"target\":[\"https:\\\/\\\/macite.tg\\\/?p=23394\"]}]},{\"@type\":\"ImageObject\",\"inLanguage\":\"fr-FR\",\"@id\":\"https:\\\/\\\/macite.tg\\\/?p=23394#primaryimage\",\"url\":\"https:\\\/\\\/macite.tg\\\/wp-content\\\/uploads\\\/2025\\\/07\\\/OTR-Dialogue-interpro-Acte-3.jpg\",\"contentUrl\":\"https:\\\/\\\/macite.tg\\\/wp-content\\\/uploads\\\/2025\\\/07\\\/OTR-Dialogue-interpro-Acte-3.jpg\",\"width\":500,\"height\":500},{\"@type\":\"BreadcrumbList\",\"@id\":\"https:\\\/\\\/macite.tg\\\/?p=23394#breadcrumb\",\"itemListElement\":[{\"@type\":\"ListItem\",\"position\":1,\"name\":\"Accueil\",\"item\":\"https:\\\/\\\/macite.tg\\\/\"},{\"@type\":\"ListItem\",\"position\":2,\"name\":\"DIALOGUE INTERPROFESSIONNEL SUR LA FISCALITE\u00a0: Lom\u00e9 accueille l\u2019acte 3 les 10 et 11 juillet prochain\"}]},{\"@type\":\"WebSite\",\"@id\":\"https:\\\/\\\/macite.tg\\\/#website\",\"url\":\"https:\\\/\\\/macite.tg\\\/\",\"name\":\"\",\"description\":\"L&#039;information, la bonne!!!\",\"potentialAction\":[{\"@type\":\"SearchAction\",\"target\":{\"@type\":\"EntryPoint\",\"urlTemplate\":\"https:\\\/\\\/macite.tg\\\/?s={search_term_string}\"},\"query-input\":{\"@type\":\"PropertyValueSpecification\",\"valueRequired\":true,\"valueName\":\"search_term_string\"}}],\"inLanguage\":\"fr-FR\"},{\"@type\":\"Person\",\"@id\":\"https:\\\/\\\/macite.tg\\\/#\\\/schema\\\/person\\\/e9f2de7e5dbbe7770a9402c7ce82f5c2\",\"name\":\"Jean Pierre BAWELA\",\"image\":{\"@type\":\"ImageObject\",\"inLanguage\":\"fr-FR\",\"@id\":\"https:\\\/\\\/macite.tg\\\/wp-content\\\/uploads\\\/2023\\\/09\\\/WhatsApp-Image-2023-09-19-at-14.44.41-122x122.jpeg\",\"url\":\"https:\\\/\\\/macite.tg\\\/wp-content\\\/uploads\\\/2023\\\/09\\\/WhatsApp-Image-2023-09-19-at-14.44.41-122x122.jpeg\",\"contentUrl\":\"https:\\\/\\\/macite.tg\\\/wp-content\\\/uploads\\\/2023\\\/09\\\/WhatsApp-Image-2023-09-19-at-14.44.41-122x122.jpeg\",\"caption\":\"Jean Pierre BAWELA\"},\"url\":\"https:\\\/\\\/macite.tg\\\/?author=2\"}]}<\/script>\n<!-- \/ Yoast SEO plugin. -->","yoast_head_json":{"title":"DIALOGUE INTERPROFESSIONNEL SUR LA FISCALITE\u00a0: Lom\u00e9 accueille l\u2019acte 3 les 10 et 11 juillet prochain -","robots":{"index":"index","follow":"follow","max-snippet":"max-snippet:-1","max-image-preview":"max-image-preview:large","max-video-preview":"max-video-preview:-1"},"canonical":"https:\/\/macite.tg\/?p=23394","og_locale":"fr_FR","og_type":"article","og_title":"DIALOGUE INTERPROFESSIONNEL SUR LA FISCALITE\u00a0: Lom\u00e9 accueille l\u2019acte 3 les 10 et 11 juillet prochain -","og_description":"Le Dialogue interprofessionnel s\u2019est r\u00e9v\u00e9l\u00e9, au fil du temps, comme une plateforme d\u00e9di\u00e9e au renforcement de la coop\u00e9ration, \u00e0 l\u2019innovation et au meilleur accompagnement de la transformation \u00e9conomique du continent africain. L\u2019initiative sera \u00e0 sa troisi\u00e8me \u00e9dition les 10 et 11 juillet prochain, et va [&hellip;]","og_url":"https:\/\/macite.tg\/?p=23394","article_published_time":"2025-07-09T15:38:29+00:00","article_modified_time":"2025-07-09T15:42:01+00:00","og_image":[{"width":500,"height":500,"url":"https:\/\/macite.tg\/wp-content\/uploads\/2025\/07\/OTR-Dialogue-interpro-Acte-3.jpg","type":"image\/jpeg"}],"author":"Jean Pierre BAWELA","twitter_card":"summary_large_image","twitter_misc":{"\u00c9crit par":"Jean Pierre BAWELA","Dur\u00e9e de lecture estim\u00e9e":"2 minutes"},"schema":{"@context":"https:\/\/schema.org","@graph":[{"@type":"Article","@id":"https:\/\/macite.tg\/?p=23394#article","isPartOf":{"@id":"https:\/\/macite.tg\/?p=23394"},"author":{"name":"Jean Pierre BAWELA","@id":"https:\/\/macite.tg\/#\/schema\/person\/e9f2de7e5dbbe7770a9402c7ce82f5c2"},"headline":"DIALOGUE INTERPROFESSIONNEL SUR LA FISCALITE\u00a0: Lom\u00e9 accueille l\u2019acte 3 les 10 et 11 juillet prochain","datePublished":"2025-07-09T15:38:29+00:00","dateModified":"2025-07-09T15:42:01+00:00","mainEntityOfPage":{"@id":"https:\/\/macite.tg\/?p=23394"},"wordCount":326,"commentCount":0,"image":{"@id":"https:\/\/macite.tg\/?p=23394#primaryimage"},"thumbnailUrl":"https:\/\/macite.tg\/wp-content\/uploads\/2025\/07\/OTR-Dialogue-interpro-Acte-3.jpg","articleSection":["ACTUALITE","FISCALITE"],"inLanguage":"fr-FR","potentialAction":[{"@type":"CommentAction","name":"Comment","target":["https:\/\/macite.tg\/?p=23394#respond"]}]},{"@type":"WebPage","@id":"https:\/\/macite.tg\/?p=23394","url":"https:\/\/macite.tg\/?p=23394","name":"DIALOGUE INTERPROFESSIONNEL SUR LA FISCALITE\u00a0: Lom\u00e9 accueille l\u2019acte 3 les 10 et 11 juillet prochain -","isPartOf":{"@id":"https:\/\/macite.tg\/#website"},"primaryImageOfPage":{"@id":"https:\/\/macite.tg\/?p=23394#primaryimage"},"image":{"@id":"https:\/\/macite.tg\/?p=23394#primaryimage"},"thumbnailUrl":"https:\/\/macite.tg\/wp-content\/uploads\/2025\/07\/OTR-Dialogue-interpro-Acte-3.jpg","datePublished":"2025-07-09T15:38:29+00:00","dateModified":"2025-07-09T15:42:01+00:00","author":{"@id":"https:\/\/macite.tg\/#\/schema\/person\/e9f2de7e5dbbe7770a9402c7ce82f5c2"},"breadcrumb":{"@id":"https:\/\/macite.tg\/?p=23394#breadcrumb"},"inLanguage":"fr-FR","potentialAction":[{"@type":"ReadAction","target":["https:\/\/macite.tg\/?p=23394"]}]},{"@type":"ImageObject","inLanguage":"fr-FR","@id":"https:\/\/macite.tg\/?p=23394#primaryimage","url":"https:\/\/macite.tg\/wp-content\/uploads\/2025\/07\/OTR-Dialogue-interpro-Acte-3.jpg","contentUrl":"https:\/\/macite.tg\/wp-content\/uploads\/2025\/07\/OTR-Dialogue-interpro-Acte-3.jpg","width":500,"height":500},{"@type":"BreadcrumbList","@id":"https:\/\/macite.tg\/?p=23394#breadcrumb","itemListElement":[{"@type":"ListItem","position":1,"name":"Accueil","item":"https:\/\/macite.tg\/"},{"@type":"ListItem","position":2,"name":"DIALOGUE INTERPROFESSIONNEL SUR LA FISCALITE\u00a0: Lom\u00e9 accueille l\u2019acte 3 les 10 et 11 juillet prochain"}]},{"@type":"WebSite","@id":"https:\/\/macite.tg\/#website","url":"https:\/\/macite.tg\/","name":"","description":"L&#039;information, la bonne!!!","potentialAction":[{"@type":"SearchAction","target":{"@type":"EntryPoint","urlTemplate":"https:\/\/macite.tg\/?s={search_term_string}"},"query-input":{"@type":"PropertyValueSpecification","valueRequired":true,"valueName":"search_term_string"}}],"inLanguage":"fr-FR"},{"@type":"Person","@id":"https:\/\/macite.tg\/#\/schema\/person\/e9f2de7e5dbbe7770a9402c7ce82f5c2","name":"Jean Pierre BAWELA","image":{"@type":"ImageObject","inLanguage":"fr-FR","@id":"https:\/\/macite.tg\/wp-content\/uploads\/2023\/09\/WhatsApp-Image-2023-09-19-at-14.44.41-122x122.jpeg","url":"https:\/\/macite.tg\/wp-content\/uploads\/2023\/09\/WhatsApp-Image-2023-09-19-at-14.44.41-122x122.jpeg","contentUrl":"https:\/\/macite.tg\/wp-content\/uploads\/2023\/09\/WhatsApp-Image-2023-09-19-at-14.44.41-122x122.jpeg","caption":"Jean Pierre BAWELA"},"url":"https:\/\/macite.tg\/?author=2"}]}},"_links":{"self":[{"href":"https:\/\/macite.tg\/index.php?rest_route=\/wp\/v2\/posts\/23394","targetHints":{"allow":["GET"]}}],"collection":[{"href":"https:\/\/macite.tg\/index.php?rest_route=\/wp\/v2\/posts"}],"about":[{"href":"https:\/\/macite.tg\/index.php?rest_route=\/wp\/v2\/types\/post"}],"author":[{"embeddable":true,"href":"https:\/\/macite.tg\/index.php?rest_route=\/wp\/v2\/users\/2"}],"replies":[{"embeddable":true,"href":"https:\/\/macite.tg\/index.php?rest_route=%2Fwp%2Fv2%2Fcomments&post=23394"}],"version-history":[{"count":0,"href":"https:\/\/macite.tg\/index.php?rest_route=\/wp\/v2\/posts\/23394\/revisions"}],"wp:featuredmedia":[{"embeddable":true,"href":"https:\/\/macite.tg\/index.php?rest_route=\/wp\/v2\/media\/23398"}],"wp:attachment":[{"href":"https:\/\/macite.tg\/index.php?rest_route=%2Fwp%2Fv2%2Fmedia&parent=23394"}],"wp:term":[{"taxonomy":"category","embeddable":true,"href":"https:\/\/macite.tg\/index.php?rest_route=%2Fwp%2Fv2%2Fcategories&post=23394"},{"taxonomy":"post_tag","embeddable":true,"href":"https:\/\/macite.tg\/index.php?rest_route=%2Fwp%2Fv2%2Ftags&post=23394"}],"curies":[{"name":"wp","href":"https:\/\/api.w.org\/{rel}","templated":true}]}}