{"id":23392,"date":"2025-07-09T15:31:21","date_gmt":"2025-07-09T15:31:21","guid":{"rendered":"https:\/\/macite.tg\/?p=23392"},"modified":"2025-07-09T15:31:25","modified_gmt":"2025-07-09T15:31:25","slug":"renforcement-des-effectifs-des-fat-un-recrutement-militaire-lance","status":"publish","type":"post","link":"https:\/\/macite.tg\/?p=23392","title":{"rendered":"RENFORCEMENT DES EFFECTIFS DES FAT\u00a0: Un recrutement militaire lanc\u00e9"},"content":{"rendered":"\n<p class=\"wp-block-paragraph\"><strong><em>Dans le cadre du renforcement des effectifs, le minist\u00e8re de la D\u00e9fense vient de lancer un recrutement militaire comptant pour l\u2019ann\u00e9e 2025.<\/em><\/strong><\/p>\n\n\n\n<p class=\"wp-block-paragraph\">Vous avez au moins le CEPD ou que vous \u00eates en classe de Terminale (sans le Bac2), et vous vous int\u00e9ressez au m\u00e9tier des armes. Si en plus de cela, vous \u00eates c\u00e9libataire et n\u00e9s entre le 1er janvier 2001 et le 31 d\u00e9cembre 2007, alors vous avez une chance de r\u00e9aliser votre r\u00eave.<\/p>\n\n\n<div class=\"wp-block-image\">\n<figure class=\"aligncenter size-large is-resized\"><img loading=\"lazy\" decoding=\"async\" width=\"1024\" height=\"1024\" src=\"https:\/\/macite.tg\/wp-content\/uploads\/2025\/07\/d6d19fae-eff4-42ad-846f-b19aa66e38a9-1024x1024.jpg\" alt=\"\" class=\"wp-image-23395\" style=\"width:612px;height:auto\" srcset=\"https:\/\/macite.tg\/wp-content\/uploads\/2025\/07\/d6d19fae-eff4-42ad-846f-b19aa66e38a9-1024x1024.jpg 1024w, https:\/\/macite.tg\/wp-content\/uploads\/2025\/07\/d6d19fae-eff4-42ad-846f-b19aa66e38a9-300x300.jpg 300w, https:\/\/macite.tg\/wp-content\/uploads\/2025\/07\/d6d19fae-eff4-42ad-846f-b19aa66e38a9-150x150.jpg 150w, https:\/\/macite.tg\/wp-content\/uploads\/2025\/07\/d6d19fae-eff4-42ad-846f-b19aa66e38a9-768x768.jpg 768w, https:\/\/macite.tg\/wp-content\/uploads\/2025\/07\/d6d19fae-eff4-42ad-846f-b19aa66e38a9-122x122.jpg 122w, https:\/\/macite.tg\/wp-content\/uploads\/2025\/07\/d6d19fae-eff4-42ad-846f-b19aa66e38a9.jpg 1280w\" sizes=\"auto, (max-width: 1024px) 100vw, 1024px\" \/><\/figure>\n<\/div>\n\n\n<p class=\"wp-block-paragraph\">Il vous suffit alors de tenter votre chance si vous avez une taille minimum de 1,70 m pour les hommes et 1,65 m pour les femmes.<\/p>\n\n\n\n<p class=\"wp-block-paragraph\">Les dossiers de candidatures sont recevables dans les brigades de gendarmerie nationale, sur l\u2019ensemble du territoire. L\u2019op\u00e9ration s\u2019ouvre le lundi 14 juillet prochain et se poursuivra jusqu\u2019au 11 ao\u00fbt 2025 \u00e0 17h.<\/p>\n\n\n<div class=\"wp-block-image\">\n<figure class=\"aligncenter size-large\"><img loading=\"lazy\" decoding=\"async\" width=\"731\" height=\"1024\" src=\"https:\/\/macite.tg\/wp-content\/uploads\/2025\/07\/12ced37c-0291-4b27-a6d8-6588135ffd3a-731x1024.jpg\" alt=\"\" class=\"wp-image-23222\" srcset=\"https:\/\/macite.tg\/wp-content\/uploads\/2025\/07\/12ced37c-0291-4b27-a6d8-6588135ffd3a-731x1024.jpg 731w, https:\/\/macite.tg\/wp-content\/uploads\/2025\/07\/12ced37c-0291-4b27-a6d8-6588135ffd3a-214x300.jpg 214w, https:\/\/macite.tg\/wp-content\/uploads\/2025\/07\/12ced37c-0291-4b27-a6d8-6588135ffd3a-768x1076.jpg 768w, https:\/\/macite.tg\/wp-content\/uploads\/2025\/07\/12ced37c-0291-4b27-a6d8-6588135ffd3a-1096x1536.jpg 1096w, https:\/\/macite.tg\/wp-content\/uploads\/2025\/07\/12ced37c-0291-4b27-a6d8-6588135ffd3a.jpg 1142w\" sizes=\"auto, (max-width: 731px) 100vw, 731px\" \/><\/figure>\n<\/div>\n\n\n<p class=\"wp-block-paragraph\">Notons que l\u2019initiative se veut de renforcer les capacit\u00e9s op\u00e9rationnelles des Forces arm\u00e9es togolaises (FAT) qui font face actuellement \u00e0 des d\u00e9fis s\u00e9curitaires. Institution \u00e9tablie par l\u2019Etat, les FAT ont essentiellement pour mission de lutter contre les menaces ext\u00e9rieures mais aussi de pr\u00e9venir les conflits \u00e0 l\u2019interne.<\/p>\n\n\n\n<p class=\"wp-block-paragraph\"><strong>JPB<\/strong><\/p>\n\n\n\n<p class=\"wp-block-paragraph\"><a><strong><em>@macite.tg&nbsp;&nbsp;&nbsp;&nbsp;&nbsp;&nbsp;&nbsp;&nbsp;<\/em><\/strong><\/a><\/p>\n\n\n\n<p class=\"wp-block-paragraph\"><strong><em>E-mail&nbsp;: <\/em><\/strong><a href=\"mailto:maciteinfo@gmail.com\"><strong><em>maciteinfo@gmail.com<\/em><\/strong><\/a><strong><em>; <\/em><\/strong><a href=\"mailto:bawela1@gmail.com\"><strong><em>bawela1@gmail.com<\/em><\/strong><\/a><strong><em><\/em><\/strong><\/p>\n\n\n\n<p class=\"wp-block-paragraph\"><strong><em>Pour vos annonces, (publi)reportages, etc., joignez-nous au (00228)91515309\/<strong>79872224 <\/strong>www.macite.tg, L\u2019information, la bonne&nbsp;!<\/em><\/strong><\/p>\n\n\n\n<p class=\"wp-block-paragraph\"><\/p>\n","protected":false},"excerpt":{"rendered":"<p class=\"text-justify mb-2\" >Dans le cadre du renforcement des effectifs, le minist\u00e8re de la D\u00e9fense vient de lancer un recrutement militaire comptant pour l\u2019ann\u00e9e 2025. Vous avez au moins le CEPD ou que vous \u00eates en classe de Terminale (sans le Bac2), et vous vous int\u00e9ressez au m\u00e9tier [&hellip;]<\/p>\n","protected":false},"author":2,"featured_media":23396,"comment_status":"open","ping_status":"open","sticky":false,"template":"","format":"standard","meta":{"footnotes":""},"categories":[20,64],"tags":[],"class_list":["post-23392","post","type-post","status-publish","format-standard","has-post-thumbnail","hentry","category-actualite","category-recrutement"],"yoast_head":"<!-- This site is optimized with the Yoast SEO plugin v28.4 - https:\/\/yoast.com\/product\/yoast-seo-wordpress\/ -->\n<title>RENFORCEMENT DES EFFECTIFS DES FAT\u00a0: Un recrutement militaire lanc\u00e9 -<\/title>\n<meta name=\"robots\" content=\"index, follow, max-snippet:-1, max-image-preview:large, max-video-preview:-1\" \/>\n<link rel=\"canonical\" href=\"https:\/\/macite.tg\/?p=23392\" \/>\n<meta property=\"og:locale\" content=\"fr_FR\" \/>\n<meta property=\"og:type\" content=\"article\" \/>\n<meta property=\"og:title\" content=\"RENFORCEMENT DES EFFECTIFS DES FAT\u00a0: Un recrutement militaire lanc\u00e9 -\" \/>\n<meta property=\"og:description\" content=\"Dans le cadre du renforcement des effectifs, le minist\u00e8re de la D\u00e9fense vient de lancer un recrutement militaire comptant pour l\u2019ann\u00e9e 2025. Vous avez au moins le CEPD ou que vous \u00eates en classe de Terminale (sans le Bac2), et vous vous int\u00e9ressez au m\u00e9tier [&hellip;]\" \/>\n<meta property=\"og:url\" content=\"https:\/\/macite.tg\/?p=23392\" \/>\n<meta property=\"article:published_time\" content=\"2025-07-09T15:31:21+00:00\" \/>\n<meta property=\"article:modified_time\" content=\"2025-07-09T15:31:25+00:00\" \/>\n<meta property=\"og:image\" content=\"https:\/\/macite.tg\/wp-content\/uploads\/2025\/07\/FAT.jpg\" \/>\n\t<meta property=\"og:image:width\" content=\"500\" \/>\n\t<meta property=\"og:image:height\" content=\"333\" \/>\n\t<meta property=\"og:image:type\" content=\"image\/jpeg\" \/>\n<meta name=\"author\" content=\"Jean Pierre BAWELA\" \/>\n<meta name=\"twitter:card\" content=\"summary_large_image\" \/>\n<meta name=\"twitter:label1\" content=\"\u00c9crit par\" \/>\n\t<meta name=\"twitter:data1\" content=\"Jean Pierre BAWELA\" \/>\n\t<meta name=\"twitter:label2\" content=\"Dur\u00e9e de lecture estim\u00e9e\" \/>\n\t<meta name=\"twitter:data2\" content=\"2 minutes\" \/>\n<script type=\"application\/ld+json\" class=\"yoast-schema-graph\">{\"@context\":\"https:\\\/\\\/schema.org\",\"@graph\":[{\"@type\":\"Article\",\"@id\":\"https:\\\/\\\/macite.tg\\\/?p=23392#article\",\"isPartOf\":{\"@id\":\"https:\\\/\\\/macite.tg\\\/?p=23392\"},\"author\":{\"name\":\"Jean Pierre BAWELA\",\"@id\":\"https:\\\/\\\/macite.tg\\\/#\\\/schema\\\/person\\\/e9f2de7e5dbbe7770a9402c7ce82f5c2\"},\"headline\":\"RENFORCEMENT DES EFFECTIFS DES FAT\u00a0: Un recrutement militaire lanc\u00e9\",\"datePublished\":\"2025-07-09T15:31:21+00:00\",\"dateModified\":\"2025-07-09T15:31:25+00:00\",\"mainEntityOfPage\":{\"@id\":\"https:\\\/\\\/macite.tg\\\/?p=23392\"},\"wordCount\":240,\"commentCount\":0,\"image\":{\"@id\":\"https:\\\/\\\/macite.tg\\\/?p=23392#primaryimage\"},\"thumbnailUrl\":\"https:\\\/\\\/macite.tg\\\/wp-content\\\/uploads\\\/2025\\\/07\\\/FAT.jpg\",\"articleSection\":[\"ACTUALITE\",\"RECRUTEMENT\"],\"inLanguage\":\"fr-FR\",\"potentialAction\":[{\"@type\":\"CommentAction\",\"name\":\"Comment\",\"target\":[\"https:\\\/\\\/macite.tg\\\/?p=23392#respond\"]}]},{\"@type\":\"WebPage\",\"@id\":\"https:\\\/\\\/macite.tg\\\/?p=23392\",\"url\":\"https:\\\/\\\/macite.tg\\\/?p=23392\",\"name\":\"RENFORCEMENT DES EFFECTIFS DES FAT\u00a0: Un recrutement militaire lanc\u00e9 -\",\"isPartOf\":{\"@id\":\"https:\\\/\\\/macite.tg\\\/#website\"},\"primaryImageOfPage\":{\"@id\":\"https:\\\/\\\/macite.tg\\\/?p=23392#primaryimage\"},\"image\":{\"@id\":\"https:\\\/\\\/macite.tg\\\/?p=23392#primaryimage\"},\"thumbnailUrl\":\"https:\\\/\\\/macite.tg\\\/wp-content\\\/uploads\\\/2025\\\/07\\\/FAT.jpg\",\"datePublished\":\"2025-07-09T15:31:21+00:00\",\"dateModified\":\"2025-07-09T15:31:25+00:00\",\"author\":{\"@id\":\"https:\\\/\\\/macite.tg\\\/#\\\/schema\\\/person\\\/e9f2de7e5dbbe7770a9402c7ce82f5c2\"},\"breadcrumb\":{\"@id\":\"https:\\\/\\\/macite.tg\\\/?p=23392#breadcrumb\"},\"inLanguage\":\"fr-FR\",\"potentialAction\":[{\"@type\":\"ReadAction\",\"target\":[\"https:\\\/\\\/macite.tg\\\/?p=23392\"]}]},{\"@type\":\"ImageObject\",\"inLanguage\":\"fr-FR\",\"@id\":\"https:\\\/\\\/macite.tg\\\/?p=23392#primaryimage\",\"url\":\"https:\\\/\\\/macite.tg\\\/wp-content\\\/uploads\\\/2025\\\/07\\\/FAT.jpg\",\"contentUrl\":\"https:\\\/\\\/macite.tg\\\/wp-content\\\/uploads\\\/2025\\\/07\\\/FAT.jpg\",\"width\":500,\"height\":333,\"caption\":\"Des \u00e9l\u00e9ments des FAT\"},{\"@type\":\"BreadcrumbList\",\"@id\":\"https:\\\/\\\/macite.tg\\\/?p=23392#breadcrumb\",\"itemListElement\":[{\"@type\":\"ListItem\",\"position\":1,\"name\":\"Accueil\",\"item\":\"https:\\\/\\\/macite.tg\\\/\"},{\"@type\":\"ListItem\",\"position\":2,\"name\":\"RENFORCEMENT DES EFFECTIFS DES FAT\u00a0: Un recrutement militaire lanc\u00e9\"}]},{\"@type\":\"WebSite\",\"@id\":\"https:\\\/\\\/macite.tg\\\/#website\",\"url\":\"https:\\\/\\\/macite.tg\\\/\",\"name\":\"\",\"description\":\"L&#039;information, la bonne!!!\",\"potentialAction\":[{\"@type\":\"SearchAction\",\"target\":{\"@type\":\"EntryPoint\",\"urlTemplate\":\"https:\\\/\\\/macite.tg\\\/?s={search_term_string}\"},\"query-input\":{\"@type\":\"PropertyValueSpecification\",\"valueRequired\":true,\"valueName\":\"search_term_string\"}}],\"inLanguage\":\"fr-FR\"},{\"@type\":\"Person\",\"@id\":\"https:\\\/\\\/macite.tg\\\/#\\\/schema\\\/person\\\/e9f2de7e5dbbe7770a9402c7ce82f5c2\",\"name\":\"Jean Pierre BAWELA\",\"image\":{\"@type\":\"ImageObject\",\"inLanguage\":\"fr-FR\",\"@id\":\"https:\\\/\\\/macite.tg\\\/wp-content\\\/uploads\\\/2023\\\/09\\\/WhatsApp-Image-2023-09-19-at-14.44.41-122x122.jpeg\",\"url\":\"https:\\\/\\\/macite.tg\\\/wp-content\\\/uploads\\\/2023\\\/09\\\/WhatsApp-Image-2023-09-19-at-14.44.41-122x122.jpeg\",\"contentUrl\":\"https:\\\/\\\/macite.tg\\\/wp-content\\\/uploads\\\/2023\\\/09\\\/WhatsApp-Image-2023-09-19-at-14.44.41-122x122.jpeg\",\"caption\":\"Jean Pierre BAWELA\"},\"url\":\"https:\\\/\\\/macite.tg\\\/?author=2\"}]}<\/script>\n<!-- \/ Yoast SEO plugin. -->","yoast_head_json":{"title":"RENFORCEMENT DES EFFECTIFS DES FAT\u00a0: Un recrutement militaire lanc\u00e9 -","robots":{"index":"index","follow":"follow","max-snippet":"max-snippet:-1","max-image-preview":"max-image-preview:large","max-video-preview":"max-video-preview:-1"},"canonical":"https:\/\/macite.tg\/?p=23392","og_locale":"fr_FR","og_type":"article","og_title":"RENFORCEMENT DES EFFECTIFS DES FAT\u00a0: Un recrutement militaire lanc\u00e9 -","og_description":"Dans le cadre du renforcement des effectifs, le minist\u00e8re de la D\u00e9fense vient de lancer un recrutement militaire comptant pour l\u2019ann\u00e9e 2025. Vous avez au moins le CEPD ou que vous \u00eates en classe de Terminale (sans le Bac2), et vous vous int\u00e9ressez au m\u00e9tier [&hellip;]","og_url":"https:\/\/macite.tg\/?p=23392","article_published_time":"2025-07-09T15:31:21+00:00","article_modified_time":"2025-07-09T15:31:25+00:00","og_image":[{"width":500,"height":333,"url":"https:\/\/macite.tg\/wp-content\/uploads\/2025\/07\/FAT.jpg","type":"image\/jpeg"}],"author":"Jean Pierre BAWELA","twitter_card":"summary_large_image","twitter_misc":{"\u00c9crit par":"Jean Pierre BAWELA","Dur\u00e9e de lecture estim\u00e9e":"2 minutes"},"schema":{"@context":"https:\/\/schema.org","@graph":[{"@type":"Article","@id":"https:\/\/macite.tg\/?p=23392#article","isPartOf":{"@id":"https:\/\/macite.tg\/?p=23392"},"author":{"name":"Jean Pierre BAWELA","@id":"https:\/\/macite.tg\/#\/schema\/person\/e9f2de7e5dbbe7770a9402c7ce82f5c2"},"headline":"RENFORCEMENT DES EFFECTIFS DES FAT\u00a0: Un recrutement militaire lanc\u00e9","datePublished":"2025-07-09T15:31:21+00:00","dateModified":"2025-07-09T15:31:25+00:00","mainEntityOfPage":{"@id":"https:\/\/macite.tg\/?p=23392"},"wordCount":240,"commentCount":0,"image":{"@id":"https:\/\/macite.tg\/?p=23392#primaryimage"},"thumbnailUrl":"https:\/\/macite.tg\/wp-content\/uploads\/2025\/07\/FAT.jpg","articleSection":["ACTUALITE","RECRUTEMENT"],"inLanguage":"fr-FR","potentialAction":[{"@type":"CommentAction","name":"Comment","target":["https:\/\/macite.tg\/?p=23392#respond"]}]},{"@type":"WebPage","@id":"https:\/\/macite.tg\/?p=23392","url":"https:\/\/macite.tg\/?p=23392","name":"RENFORCEMENT DES EFFECTIFS DES FAT\u00a0: Un recrutement militaire lanc\u00e9 -","isPartOf":{"@id":"https:\/\/macite.tg\/#website"},"primaryImageOfPage":{"@id":"https:\/\/macite.tg\/?p=23392#primaryimage"},"image":{"@id":"https:\/\/macite.tg\/?p=23392#primaryimage"},"thumbnailUrl":"https:\/\/macite.tg\/wp-content\/uploads\/2025\/07\/FAT.jpg","datePublished":"2025-07-09T15:31:21+00:00","dateModified":"2025-07-09T15:31:25+00:00","author":{"@id":"https:\/\/macite.tg\/#\/schema\/person\/e9f2de7e5dbbe7770a9402c7ce82f5c2"},"breadcrumb":{"@id":"https:\/\/macite.tg\/?p=23392#breadcrumb"},"inLanguage":"fr-FR","potentialAction":[{"@type":"ReadAction","target":["https:\/\/macite.tg\/?p=23392"]}]},{"@type":"ImageObject","inLanguage":"fr-FR","@id":"https:\/\/macite.tg\/?p=23392#primaryimage","url":"https:\/\/macite.tg\/wp-content\/uploads\/2025\/07\/FAT.jpg","contentUrl":"https:\/\/macite.tg\/wp-content\/uploads\/2025\/07\/FAT.jpg","width":500,"height":333,"caption":"Des \u00e9l\u00e9ments des FAT"},{"@type":"BreadcrumbList","@id":"https:\/\/macite.tg\/?p=23392#breadcrumb","itemListElement":[{"@type":"ListItem","position":1,"name":"Accueil","item":"https:\/\/macite.tg\/"},{"@type":"ListItem","position":2,"name":"RENFORCEMENT DES EFFECTIFS DES FAT\u00a0: Un recrutement militaire lanc\u00e9"}]},{"@type":"WebSite","@id":"https:\/\/macite.tg\/#website","url":"https:\/\/macite.tg\/","name":"","description":"L&#039;information, la bonne!!!","potentialAction":[{"@type":"SearchAction","target":{"@type":"EntryPoint","urlTemplate":"https:\/\/macite.tg\/?s={search_term_string}"},"query-input":{"@type":"PropertyValueSpecification","valueRequired":true,"valueName":"search_term_string"}}],"inLanguage":"fr-FR"},{"@type":"Person","@id":"https:\/\/macite.tg\/#\/schema\/person\/e9f2de7e5dbbe7770a9402c7ce82f5c2","name":"Jean Pierre BAWELA","image":{"@type":"ImageObject","inLanguage":"fr-FR","@id":"https:\/\/macite.tg\/wp-content\/uploads\/2023\/09\/WhatsApp-Image-2023-09-19-at-14.44.41-122x122.jpeg","url":"https:\/\/macite.tg\/wp-content\/uploads\/2023\/09\/WhatsApp-Image-2023-09-19-at-14.44.41-122x122.jpeg","contentUrl":"https:\/\/macite.tg\/wp-content\/uploads\/2023\/09\/WhatsApp-Image-2023-09-19-at-14.44.41-122x122.jpeg","caption":"Jean Pierre BAWELA"},"url":"https:\/\/macite.tg\/?author=2"}]}},"_links":{"self":[{"href":"https:\/\/macite.tg\/index.php?rest_route=\/wp\/v2\/posts\/23392","targetHints":{"allow":["GET"]}}],"collection":[{"href":"https:\/\/macite.tg\/index.php?rest_route=\/wp\/v2\/posts"}],"about":[{"href":"https:\/\/macite.tg\/index.php?rest_route=\/wp\/v2\/types\/post"}],"author":[{"embeddable":true,"href":"https:\/\/macite.tg\/index.php?rest_route=\/wp\/v2\/users\/2"}],"replies":[{"embeddable":true,"href":"https:\/\/macite.tg\/index.php?rest_route=%2Fwp%2Fv2%2Fcomments&post=23392"}],"version-history":[{"count":0,"href":"https:\/\/macite.tg\/index.php?rest_route=\/wp\/v2\/posts\/23392\/revisions"}],"wp:featuredmedia":[{"embeddable":true,"href":"https:\/\/macite.tg\/index.php?rest_route=\/wp\/v2\/media\/23396"}],"wp:attachment":[{"href":"https:\/\/macite.tg\/index.php?rest_route=%2Fwp%2Fv2%2Fmedia&parent=23392"}],"wp:term":[{"taxonomy":"category","embeddable":true,"href":"https:\/\/macite.tg\/index.php?rest_route=%2Fwp%2Fv2%2Fcategories&post=23392"},{"taxonomy":"post_tag","embeddable":true,"href":"https:\/\/macite.tg\/index.php?rest_route=%2Fwp%2Fv2%2Ftags&post=23392"}],"curies":[{"name":"wp","href":"https:\/\/api.w.org\/{rel}","templated":true}]}}