{"id":23384,"date":"2025-07-09T12:19:55","date_gmt":"2025-07-09T12:19:55","guid":{"rendered":"https:\/\/macite.tg\/?p=23384"},"modified":"2025-07-09T14:26:56","modified_gmt":"2025-07-09T14:26:56","slug":"lacs-1-campagne-la-liste-unir-operation-de-charme","status":"publish","type":"post","link":"https:\/\/macite.tg\/?p=23384","title":{"rendered":"LACS 1- CAMPAGNE : La liste UNIR en op\u00e9ration s\u00e9duction des masses"},"content":{"rendered":"\n<p class=\"wp-block-paragraph\"><strong><em>Samedi 5 Juillet 2025&nbsp;! Une journ\u00e9e de campagne \u00e9lectorale bien particuli\u00e8re dans la Commune Lacs 1, \u00e0 An\u00e9ho. La liste UNIR a d\u00e9roul\u00e9 son tapis \u00e0 la conqu\u00eate des \u00e9lecteurs. Dans le cadre de la campagne \u00e9lectorale en vue des \u00e9lections municipales du 17 juillet prochain.<\/em><\/strong><\/p>\n\n\n\n<p class=\"wp-block-paragraph\">La foule de militants et de curieux \u00e9taient bien exceptionnelle. Tous rayonnaient et portaient \u00e0 c\u0153ur joie cette f\u00eate \u00e9lectorale en pr\u00e9sence de Sandra Ablamba Johnson, Candidate aux c\u00f4t\u00e9s du Maire Alexis Aquereburu. Le Ministre Jean-Marie Tessi, \u00e9galement natif d\u2019An\u00e9ho \u00e9tait pr\u00e9sent \u00e0 ce grand meeting.<\/p>\n\n\n\n<p class=\"wp-block-paragraph\">Samedi 5 juillet fut une journ\u00e9e de campagne mais surtout l\u2019expression d\u2019une communion v\u00e9ritable et d\u2019une fusion entre les candidats UNIR et les populations des Lacs. Et cela s\u2019est ressenti par l\u2019engouement port\u00e9 pour le meeting et bien \u00e9videment les diff\u00e9rents messages v\u00e9hicul\u00e9s. Des mots bien choisis, des verbes bien employ\u00e9s, des gestes bien mesur\u00e9s et \u00e9pousant la sagesse africaine et surtout culturelle des natifs de la Ville d\u2019Aneho.<\/p>\n\n\n<div class=\"wp-block-image\">\n<figure class=\"aligncenter size-large\"><img loading=\"lazy\" decoding=\"async\" width=\"731\" height=\"1024\" src=\"https:\/\/macite.tg\/wp-content\/uploads\/2025\/07\/12ced37c-0291-4b27-a6d8-6588135ffd3a-731x1024.jpg\" alt=\"\" class=\"wp-image-23222\" srcset=\"https:\/\/macite.tg\/wp-content\/uploads\/2025\/07\/12ced37c-0291-4b27-a6d8-6588135ffd3a-731x1024.jpg 731w, https:\/\/macite.tg\/wp-content\/uploads\/2025\/07\/12ced37c-0291-4b27-a6d8-6588135ffd3a-214x300.jpg 214w, https:\/\/macite.tg\/wp-content\/uploads\/2025\/07\/12ced37c-0291-4b27-a6d8-6588135ffd3a-768x1076.jpg 768w, https:\/\/macite.tg\/wp-content\/uploads\/2025\/07\/12ced37c-0291-4b27-a6d8-6588135ffd3a-1096x1536.jpg 1096w, https:\/\/macite.tg\/wp-content\/uploads\/2025\/07\/12ced37c-0291-4b27-a6d8-6588135ffd3a.jpg 1142w\" sizes=\"auto, (max-width: 731px) 100vw, 731px\" \/><\/figure>\n<\/div>\n\n\n<p class=\"wp-block-paragraph\">Pendant deux semaines (du 1<sup>er<\/sup> au 15 juillet), les partis politiques, regroupements de candidats et ind\u00e9pendants sillonneront le pays afin de convaincre les \u00e9lecteurs sur leurs programmes et visions pour la gestion des collectivit\u00e9s locales.<\/p>\n\n\n\n<p class=\"wp-block-paragraph\">Dans la commune Lacs 1, 5 listes sont en lice pour les 11 si\u00e8ges de conseillers. Parmi celles-ci, il faut noter la liste du parti au pouvoir, Union pour la R\u00e9publique (UNIR) port\u00e9e par le Maire sortant, Me Alexis Coffi Aquereburu qui m\u00e8ne des op\u00e9rations de charme en d\u00e9fendant les contenus all\u00e9chants de son parti \u00e0 travers des programmes multiformes de campagne \u00e9lectorale en direction des \u00e9lecteurs pour solliciter leurs voix.<\/p>\n\n\n<div class=\"wp-block-image\">\n<figure class=\"aligncenter size-full is-resized\"><img loading=\"lazy\" decoding=\"async\" width=\"690\" height=\"170\" src=\"https:\/\/macite.tg\/wp-content\/uploads\/2025\/07\/OTR_TVM.jpg\" alt=\"\" class=\"wp-image-23364\" style=\"width:840px;height:auto\" srcset=\"https:\/\/macite.tg\/wp-content\/uploads\/2025\/07\/OTR_TVM.jpg 690w, https:\/\/macite.tg\/wp-content\/uploads\/2025\/07\/OTR_TVM-300x74.jpg 300w\" sizes=\"auto, (max-width: 690px) 100vw, 690px\" \/><\/figure>\n<\/div>\n\n\n<p class=\"wp-block-paragraph\">En tout, dans le cadre de l\u2019\u00e9lection municipale du 17 juillet prochain, 494 listes sont en comp\u00e9tition, pour 1527 si\u00e8ges \u00e0 pourvoir dans les 117 communes au Togo.<\/p>\n\n\n\n<p class=\"wp-block-paragraph\">4.637.998 \u00e9lecteurs inscrits sur les listes \u00e9lectorales au plan national attendent appr\u00e9cier au cours de cette campagne \u00e9lectorale, les meilleurs programmes des acteurs politiques en comp\u00e9tition inspirant confiance, afin de pouvoir se prononcer librement sur les candidats conseillers municipaux de leur choix \u00e0 \u00e9lire le jour du scrutin, et parmi lesquels seront issus maires et adjoints aux maires pour un nouveau mandat de six (06) ans \u00e0 la t\u00eate des 117 communes du Togo.<\/p>\n\n\n<div class=\"wp-block-image\">\n<figure class=\"aligncenter size-full is-resized\"><img loading=\"lazy\" decoding=\"async\" width=\"500\" height=\"500\" src=\"https:\/\/macite.tg\/wp-content\/uploads\/2025\/07\/Geo-ref.jpg\" alt=\"\" class=\"wp-image-23346\" style=\"width:606px;height:auto\" srcset=\"https:\/\/macite.tg\/wp-content\/uploads\/2025\/07\/Geo-ref.jpg 500w, https:\/\/macite.tg\/wp-content\/uploads\/2025\/07\/Geo-ref-300x300.jpg 300w, https:\/\/macite.tg\/wp-content\/uploads\/2025\/07\/Geo-ref-150x150.jpg 150w, https:\/\/macite.tg\/wp-content\/uploads\/2025\/07\/Geo-ref-122x122.jpg 122w\" sizes=\"auto, (max-width: 500px) 100vw, 500px\" \/><\/figure>\n<\/div>\n\n\n<p class=\"wp-block-paragraph\">Notons que la ville d\u2019An\u00e9ho est reconnue pour son patrimoine culturel et son architecture, inscrite sur la liste indicative au Patrimoine mondial de l&rsquo;UNESCO depuis le 12 d\u00e9cembre 2000. Situ\u00e9e dans le sud-est du Togo, An\u00e9ho est une ville c\u00f4ti\u00e8re avec une histoire riche et complexe, fond\u00e9e il y a pr\u00e8s de 400 ans, principalement par le peuple Guin originaire de la C\u00f4te-de-l&rsquo;Or (actuel Ghana). Elle fut un carrefour de rencontres de plusieurs peuples et un port important pour le commerce transatlantique des esclaves, jouant \u00e9galement un r\u00f4le de capitale du Togo \u00e0 deux reprises (1887-1897 et 1914-1919).<\/p>\n\n\n\n<p class=\"wp-block-paragraph\"><strong>Cr\u00e9do TETTEH (In LE MEDIUM n\u00b0660 du 08 au 14 juillet 2025)<\/strong><\/p>\n\n\n\n<p class=\"wp-block-paragraph\"><a><strong><em>@macite.tg&nbsp;&nbsp;&nbsp;&nbsp;&nbsp;&nbsp;&nbsp;&nbsp;<\/em><\/strong><\/a><\/p>\n\n\n\n<p class=\"wp-block-paragraph\"><strong><em>E-mail&nbsp;: <\/em><\/strong><a href=\"mailto:maciteinfo@gmail.com\"><strong><em>maciteinfo@gmail.com<\/em><\/strong><\/a><strong><em>; <\/em><\/strong><a href=\"mailto:bawela1@gmail.com\"><strong><em>bawela1@gmail.com<\/em><\/strong><\/a><strong><em><\/em><\/strong><\/p>\n\n\n\n<p class=\"wp-block-paragraph\"><strong><em>Pour vos annonces, (publi)reportages, etc., joignez-nous au (00228)91515309\/<strong>79872224 <\/strong>www.macite.tg, L\u2019information, la bonne&nbsp;!<\/em><\/strong><\/p>\n\n\n\n<p class=\"wp-block-paragraph\"><\/p>\n","protected":false},"excerpt":{"rendered":"<p class=\"text-justify mb-2\" >Samedi 5 Juillet 2025&nbsp;! Une journ\u00e9e de campagne \u00e9lectorale bien particuli\u00e8re dans la Commune Lacs 1, \u00e0 An\u00e9ho. La liste UNIR a d\u00e9roul\u00e9 son tapis \u00e0 la conqu\u00eate des \u00e9lecteurs. Dans le cadre de la campagne \u00e9lectorale en vue des \u00e9lections municipales du 17 juillet [&hellip;]<\/p>\n","protected":false},"author":2,"featured_media":23389,"comment_status":"open","ping_status":"open","sticky":false,"template":"","format":"standard","meta":{"footnotes":""},"categories":[20,1],"tags":[],"class_list":["post-23384","post","type-post","status-publish","format-standard","has-post-thumbnail","hentry","category-actualite","category-politique"],"yoast_head":"<!-- This site is optimized with the Yoast SEO plugin v28.4 - https:\/\/yoast.com\/product\/yoast-seo-wordpress\/ -->\n<title>LACS 1- CAMPAGNE : La liste UNIR en op\u00e9ration s\u00e9duction des masses -<\/title>\n<meta name=\"robots\" content=\"index, follow, max-snippet:-1, max-image-preview:large, max-video-preview:-1\" \/>\n<link rel=\"canonical\" href=\"https:\/\/macite.tg\/?p=23384\" \/>\n<meta property=\"og:locale\" content=\"fr_FR\" \/>\n<meta property=\"og:type\" content=\"article\" \/>\n<meta property=\"og:title\" content=\"LACS 1- CAMPAGNE : La liste UNIR en op\u00e9ration s\u00e9duction des masses -\" \/>\n<meta property=\"og:description\" content=\"Samedi 5 Juillet 2025&nbsp;! Une journ\u00e9e de campagne \u00e9lectorale bien particuli\u00e8re dans la Commune Lacs 1, \u00e0 An\u00e9ho. La liste UNIR a d\u00e9roul\u00e9 son tapis \u00e0 la conqu\u00eate des \u00e9lecteurs. Dans le cadre de la campagne \u00e9lectorale en vue des \u00e9lections municipales du 17 juillet [&hellip;]\" \/>\n<meta property=\"og:url\" content=\"https:\/\/macite.tg\/?p=23384\" \/>\n<meta property=\"article:published_time\" content=\"2025-07-09T12:19:55+00:00\" \/>\n<meta property=\"article:modified_time\" content=\"2025-07-09T14:26:56+00:00\" \/>\n<meta property=\"og:image\" content=\"https:\/\/macite.tg\/wp-content\/uploads\/2025\/07\/UNIR-LACS1.jpg\" \/>\n\t<meta property=\"og:image:width\" content=\"500\" \/>\n\t<meta property=\"og:image:height\" content=\"333\" \/>\n\t<meta property=\"og:image:type\" content=\"image\/jpeg\" \/>\n<meta name=\"author\" content=\"Jean Pierre BAWELA\" \/>\n<meta name=\"twitter:card\" content=\"summary_large_image\" \/>\n<meta name=\"twitter:label1\" content=\"\u00c9crit par\" \/>\n\t<meta name=\"twitter:data1\" content=\"Jean Pierre BAWELA\" \/>\n\t<meta name=\"twitter:label2\" content=\"Dur\u00e9e de lecture estim\u00e9e\" \/>\n\t<meta name=\"twitter:data2\" content=\"4 minutes\" \/>\n<script type=\"application\/ld+json\" class=\"yoast-schema-graph\">{\"@context\":\"https:\\\/\\\/schema.org\",\"@graph\":[{\"@type\":\"Article\",\"@id\":\"https:\\\/\\\/macite.tg\\\/?p=23384#article\",\"isPartOf\":{\"@id\":\"https:\\\/\\\/macite.tg\\\/?p=23384\"},\"author\":{\"name\":\"Jean Pierre BAWELA\",\"@id\":\"https:\\\/\\\/macite.tg\\\/#\\\/schema\\\/person\\\/e9f2de7e5dbbe7770a9402c7ce82f5c2\"},\"headline\":\"LACS 1- CAMPAGNE : La liste UNIR en op\u00e9ration s\u00e9duction des masses\",\"datePublished\":\"2025-07-09T12:19:55+00:00\",\"dateModified\":\"2025-07-09T14:26:56+00:00\",\"mainEntityOfPage\":{\"@id\":\"https:\\\/\\\/macite.tg\\\/?p=23384\"},\"wordCount\":551,\"commentCount\":0,\"image\":{\"@id\":\"https:\\\/\\\/macite.tg\\\/?p=23384#primaryimage\"},\"thumbnailUrl\":\"https:\\\/\\\/macite.tg\\\/wp-content\\\/uploads\\\/2025\\\/07\\\/UNIR-LACS1.jpg\",\"articleSection\":[\"ACTUALITE\",\"POLITIQUE\"],\"inLanguage\":\"fr-FR\",\"potentialAction\":[{\"@type\":\"CommentAction\",\"name\":\"Comment\",\"target\":[\"https:\\\/\\\/macite.tg\\\/?p=23384#respond\"]}]},{\"@type\":\"WebPage\",\"@id\":\"https:\\\/\\\/macite.tg\\\/?p=23384\",\"url\":\"https:\\\/\\\/macite.tg\\\/?p=23384\",\"name\":\"LACS 1- CAMPAGNE : La liste UNIR en op\u00e9ration s\u00e9duction des masses -\",\"isPartOf\":{\"@id\":\"https:\\\/\\\/macite.tg\\\/#website\"},\"primaryImageOfPage\":{\"@id\":\"https:\\\/\\\/macite.tg\\\/?p=23384#primaryimage\"},\"image\":{\"@id\":\"https:\\\/\\\/macite.tg\\\/?p=23384#primaryimage\"},\"thumbnailUrl\":\"https:\\\/\\\/macite.tg\\\/wp-content\\\/uploads\\\/2025\\\/07\\\/UNIR-LACS1.jpg\",\"datePublished\":\"2025-07-09T12:19:55+00:00\",\"dateModified\":\"2025-07-09T14:26:56+00:00\",\"author\":{\"@id\":\"https:\\\/\\\/macite.tg\\\/#\\\/schema\\\/person\\\/e9f2de7e5dbbe7770a9402c7ce82f5c2\"},\"breadcrumb\":{\"@id\":\"https:\\\/\\\/macite.tg\\\/?p=23384#breadcrumb\"},\"inLanguage\":\"fr-FR\",\"potentialAction\":[{\"@type\":\"ReadAction\",\"target\":[\"https:\\\/\\\/macite.tg\\\/?p=23384\"]}]},{\"@type\":\"ImageObject\",\"inLanguage\":\"fr-FR\",\"@id\":\"https:\\\/\\\/macite.tg\\\/?p=23384#primaryimage\",\"url\":\"https:\\\/\\\/macite.tg\\\/wp-content\\\/uploads\\\/2025\\\/07\\\/UNIR-LACS1.jpg\",\"contentUrl\":\"https:\\\/\\\/macite.tg\\\/wp-content\\\/uploads\\\/2025\\\/07\\\/UNIR-LACS1.jpg\",\"width\":500,\"height\":333},{\"@type\":\"BreadcrumbList\",\"@id\":\"https:\\\/\\\/macite.tg\\\/?p=23384#breadcrumb\",\"itemListElement\":[{\"@type\":\"ListItem\",\"position\":1,\"name\":\"Accueil\",\"item\":\"https:\\\/\\\/macite.tg\\\/\"},{\"@type\":\"ListItem\",\"position\":2,\"name\":\"LACS 1- CAMPAGNE : La liste UNIR en op\u00e9ration s\u00e9duction des masses\"}]},{\"@type\":\"WebSite\",\"@id\":\"https:\\\/\\\/macite.tg\\\/#website\",\"url\":\"https:\\\/\\\/macite.tg\\\/\",\"name\":\"\",\"description\":\"L&#039;information, la bonne!!!\",\"potentialAction\":[{\"@type\":\"SearchAction\",\"target\":{\"@type\":\"EntryPoint\",\"urlTemplate\":\"https:\\\/\\\/macite.tg\\\/?s={search_term_string}\"},\"query-input\":{\"@type\":\"PropertyValueSpecification\",\"valueRequired\":true,\"valueName\":\"search_term_string\"}}],\"inLanguage\":\"fr-FR\"},{\"@type\":\"Person\",\"@id\":\"https:\\\/\\\/macite.tg\\\/#\\\/schema\\\/person\\\/e9f2de7e5dbbe7770a9402c7ce82f5c2\",\"name\":\"Jean Pierre BAWELA\",\"image\":{\"@type\":\"ImageObject\",\"inLanguage\":\"fr-FR\",\"@id\":\"https:\\\/\\\/macite.tg\\\/wp-content\\\/uploads\\\/2023\\\/09\\\/WhatsApp-Image-2023-09-19-at-14.44.41-122x122.jpeg\",\"url\":\"https:\\\/\\\/macite.tg\\\/wp-content\\\/uploads\\\/2023\\\/09\\\/WhatsApp-Image-2023-09-19-at-14.44.41-122x122.jpeg\",\"contentUrl\":\"https:\\\/\\\/macite.tg\\\/wp-content\\\/uploads\\\/2023\\\/09\\\/WhatsApp-Image-2023-09-19-at-14.44.41-122x122.jpeg\",\"caption\":\"Jean Pierre BAWELA\"},\"url\":\"https:\\\/\\\/macite.tg\\\/?author=2\"}]}<\/script>\n<!-- \/ Yoast SEO plugin. -->","yoast_head_json":{"title":"LACS 1- CAMPAGNE : La liste UNIR en op\u00e9ration s\u00e9duction des masses -","robots":{"index":"index","follow":"follow","max-snippet":"max-snippet:-1","max-image-preview":"max-image-preview:large","max-video-preview":"max-video-preview:-1"},"canonical":"https:\/\/macite.tg\/?p=23384","og_locale":"fr_FR","og_type":"article","og_title":"LACS 1- CAMPAGNE : La liste UNIR en op\u00e9ration s\u00e9duction des masses -","og_description":"Samedi 5 Juillet 2025&nbsp;! Une journ\u00e9e de campagne \u00e9lectorale bien particuli\u00e8re dans la Commune Lacs 1, \u00e0 An\u00e9ho. La liste UNIR a d\u00e9roul\u00e9 son tapis \u00e0 la conqu\u00eate des \u00e9lecteurs. Dans le cadre de la campagne \u00e9lectorale en vue des \u00e9lections municipales du 17 juillet [&hellip;]","og_url":"https:\/\/macite.tg\/?p=23384","article_published_time":"2025-07-09T12:19:55+00:00","article_modified_time":"2025-07-09T14:26:56+00:00","og_image":[{"width":500,"height":333,"url":"https:\/\/macite.tg\/wp-content\/uploads\/2025\/07\/UNIR-LACS1.jpg","type":"image\/jpeg"}],"author":"Jean Pierre BAWELA","twitter_card":"summary_large_image","twitter_misc":{"\u00c9crit par":"Jean Pierre BAWELA","Dur\u00e9e de lecture estim\u00e9e":"4 minutes"},"schema":{"@context":"https:\/\/schema.org","@graph":[{"@type":"Article","@id":"https:\/\/macite.tg\/?p=23384#article","isPartOf":{"@id":"https:\/\/macite.tg\/?p=23384"},"author":{"name":"Jean Pierre BAWELA","@id":"https:\/\/macite.tg\/#\/schema\/person\/e9f2de7e5dbbe7770a9402c7ce82f5c2"},"headline":"LACS 1- CAMPAGNE : La liste UNIR en op\u00e9ration s\u00e9duction des masses","datePublished":"2025-07-09T12:19:55+00:00","dateModified":"2025-07-09T14:26:56+00:00","mainEntityOfPage":{"@id":"https:\/\/macite.tg\/?p=23384"},"wordCount":551,"commentCount":0,"image":{"@id":"https:\/\/macite.tg\/?p=23384#primaryimage"},"thumbnailUrl":"https:\/\/macite.tg\/wp-content\/uploads\/2025\/07\/UNIR-LACS1.jpg","articleSection":["ACTUALITE","POLITIQUE"],"inLanguage":"fr-FR","potentialAction":[{"@type":"CommentAction","name":"Comment","target":["https:\/\/macite.tg\/?p=23384#respond"]}]},{"@type":"WebPage","@id":"https:\/\/macite.tg\/?p=23384","url":"https:\/\/macite.tg\/?p=23384","name":"LACS 1- CAMPAGNE : La liste UNIR en op\u00e9ration s\u00e9duction des masses -","isPartOf":{"@id":"https:\/\/macite.tg\/#website"},"primaryImageOfPage":{"@id":"https:\/\/macite.tg\/?p=23384#primaryimage"},"image":{"@id":"https:\/\/macite.tg\/?p=23384#primaryimage"},"thumbnailUrl":"https:\/\/macite.tg\/wp-content\/uploads\/2025\/07\/UNIR-LACS1.jpg","datePublished":"2025-07-09T12:19:55+00:00","dateModified":"2025-07-09T14:26:56+00:00","author":{"@id":"https:\/\/macite.tg\/#\/schema\/person\/e9f2de7e5dbbe7770a9402c7ce82f5c2"},"breadcrumb":{"@id":"https:\/\/macite.tg\/?p=23384#breadcrumb"},"inLanguage":"fr-FR","potentialAction":[{"@type":"ReadAction","target":["https:\/\/macite.tg\/?p=23384"]}]},{"@type":"ImageObject","inLanguage":"fr-FR","@id":"https:\/\/macite.tg\/?p=23384#primaryimage","url":"https:\/\/macite.tg\/wp-content\/uploads\/2025\/07\/UNIR-LACS1.jpg","contentUrl":"https:\/\/macite.tg\/wp-content\/uploads\/2025\/07\/UNIR-LACS1.jpg","width":500,"height":333},{"@type":"BreadcrumbList","@id":"https:\/\/macite.tg\/?p=23384#breadcrumb","itemListElement":[{"@type":"ListItem","position":1,"name":"Accueil","item":"https:\/\/macite.tg\/"},{"@type":"ListItem","position":2,"name":"LACS 1- CAMPAGNE : La liste UNIR en op\u00e9ration s\u00e9duction des masses"}]},{"@type":"WebSite","@id":"https:\/\/macite.tg\/#website","url":"https:\/\/macite.tg\/","name":"","description":"L&#039;information, la bonne!!!","potentialAction":[{"@type":"SearchAction","target":{"@type":"EntryPoint","urlTemplate":"https:\/\/macite.tg\/?s={search_term_string}"},"query-input":{"@type":"PropertyValueSpecification","valueRequired":true,"valueName":"search_term_string"}}],"inLanguage":"fr-FR"},{"@type":"Person","@id":"https:\/\/macite.tg\/#\/schema\/person\/e9f2de7e5dbbe7770a9402c7ce82f5c2","name":"Jean Pierre BAWELA","image":{"@type":"ImageObject","inLanguage":"fr-FR","@id":"https:\/\/macite.tg\/wp-content\/uploads\/2023\/09\/WhatsApp-Image-2023-09-19-at-14.44.41-122x122.jpeg","url":"https:\/\/macite.tg\/wp-content\/uploads\/2023\/09\/WhatsApp-Image-2023-09-19-at-14.44.41-122x122.jpeg","contentUrl":"https:\/\/macite.tg\/wp-content\/uploads\/2023\/09\/WhatsApp-Image-2023-09-19-at-14.44.41-122x122.jpeg","caption":"Jean Pierre BAWELA"},"url":"https:\/\/macite.tg\/?author=2"}]}},"_links":{"self":[{"href":"https:\/\/macite.tg\/index.php?rest_route=\/wp\/v2\/posts\/23384","targetHints":{"allow":["GET"]}}],"collection":[{"href":"https:\/\/macite.tg\/index.php?rest_route=\/wp\/v2\/posts"}],"about":[{"href":"https:\/\/macite.tg\/index.php?rest_route=\/wp\/v2\/types\/post"}],"author":[{"embeddable":true,"href":"https:\/\/macite.tg\/index.php?rest_route=\/wp\/v2\/users\/2"}],"replies":[{"embeddable":true,"href":"https:\/\/macite.tg\/index.php?rest_route=%2Fwp%2Fv2%2Fcomments&post=23384"}],"version-history":[{"count":0,"href":"https:\/\/macite.tg\/index.php?rest_route=\/wp\/v2\/posts\/23384\/revisions"}],"wp:featuredmedia":[{"embeddable":true,"href":"https:\/\/macite.tg\/index.php?rest_route=\/wp\/v2\/media\/23389"}],"wp:attachment":[{"href":"https:\/\/macite.tg\/index.php?rest_route=%2Fwp%2Fv2%2Fmedia&parent=23384"}],"wp:term":[{"taxonomy":"category","embeddable":true,"href":"https:\/\/macite.tg\/index.php?rest_route=%2Fwp%2Fv2%2Fcategories&post=23384"},{"taxonomy":"post_tag","embeddable":true,"href":"https:\/\/macite.tg\/index.php?rest_route=%2Fwp%2Fv2%2Ftags&post=23384"}],"curies":[{"name":"wp","href":"https:\/\/api.w.org\/{rel}","templated":true}]}}