{"id":23381,"date":"2025-07-09T11:36:25","date_gmt":"2025-07-09T11:36:25","guid":{"rendered":"https:\/\/macite.tg\/?p=23381"},"modified":"2025-07-09T11:40:51","modified_gmt":"2025-07-09T11:40:51","slug":"municipales-2025-la-coordination-prefectorale-unir-bassar-poursuit-la-mobilisation-la-paix-la-cohesion-nationale-et-le-developpement-local-au-menu-des-echanges","status":"publish","type":"post","link":"https:\/\/macite.tg\/?p=23381","title":{"rendered":"MUNICIPALES 2025 : La Coordination pr\u00e9fectorale UNIR-Bassar poursuit la mobilisation\u2026 la paix, la coh\u00e9sion nationale et le d\u00e9veloppement local au menu des \u00e9changes"},"content":{"rendered":"\n<p class=\"wp-block-paragraph\"><strong><em>Au 8<sup>\u00e8me<\/sup> jour de la campagne \u00e9lectorale pour les municipales du 17 juillet prochain \u00e0 Basar, la Coordination locale du parti UNIR intensifie sa campagne, marqu\u00e9e par la mobilisation constante des militantes et militantes, mais aussi des ind\u00e9cis pour la cause du parti au pouvoir. Du nord au sud de la pr\u00e9fecture, l\u2019effervescence \u00e9lectorale est palpable, avec une population mobilis\u00e9e autour des enjeux du scrutin local.<\/em><\/strong><\/p>\n\n\n\n<p class=\"wp-block-paragraph\">Hier mardi 8 juillet, l\u2019\u00e9quipe pr\u00e9fectorale de supervision, conduite par le Ministre de la Sant\u00e9 et de l\u2019Hygi\u00e8ne Publique, le Professeur Tchin Darr\u00e9, a poursuivi sa tourn\u00e9e dans le canton de Dimori. \u00c0 ses c\u00f4t\u00e9s, figuraient le G\u00e9n\u00e9ral S\u00e9nateur Djato Tassounti, adjoint au Superviseur pr\u00e9fectoral, ainsi que les D\u00e9put\u00e9s coordonnateurs : l\u2019Honorable Yawank\u00e9 Wak\u00e9 Gbati pour Bassar 1, l\u2019Honorable Ouadja Binatifame pour Bassar 2, et l\u2019Honorable Tchabor\u00e9 Hatimi pour Bassar 3 et 4.<\/p>\n\n\n<div class=\"wp-block-image\">\n<figure class=\"aligncenter size-large is-resized\"><img loading=\"lazy\" decoding=\"async\" width=\"731\" height=\"1024\" src=\"https:\/\/macite.tg\/wp-content\/uploads\/2025\/07\/12ced37c-0291-4b27-a6d8-6588135ffd3a-731x1024.jpg\" alt=\"\" class=\"wp-image-23222\" style=\"width:627px;height:auto\" srcset=\"https:\/\/macite.tg\/wp-content\/uploads\/2025\/07\/12ced37c-0291-4b27-a6d8-6588135ffd3a-731x1024.jpg 731w, https:\/\/macite.tg\/wp-content\/uploads\/2025\/07\/12ced37c-0291-4b27-a6d8-6588135ffd3a-214x300.jpg 214w, https:\/\/macite.tg\/wp-content\/uploads\/2025\/07\/12ced37c-0291-4b27-a6d8-6588135ffd3a-768x1076.jpg 768w, https:\/\/macite.tg\/wp-content\/uploads\/2025\/07\/12ced37c-0291-4b27-a6d8-6588135ffd3a-1096x1536.jpg 1096w, https:\/\/macite.tg\/wp-content\/uploads\/2025\/07\/12ced37c-0291-4b27-a6d8-6588135ffd3a.jpg 1142w\" sizes=\"auto, (max-width: 731px) 100vw, 731px\" \/><\/figure>\n<\/div>\n\n\n<p class=\"wp-block-paragraph\">Dans chaque localit\u00e9 visit\u00e9e, les messages port\u00e9s par la d\u00e9l\u00e9gation ont transcend\u00e9 les simples promesses \u00e9lectorales. Il s\u2019est agi avant tout d\u2019un appel fort \u00e0 la paix, \u00e0 la coh\u00e9sion sociale et \u00e0 la solidarit\u00e9 entre fils et filles de la pr\u00e9fecture, \u00e9l\u00e9ments jug\u00e9s essentiels pour construire un d\u00e9veloppement durable et inclusif.<\/p>\n\n\n\n<p class=\"wp-block-paragraph\"><em>\u00ab&nbsp;Le d\u00e9veloppement commence par la paix. Rien ne peut se faire dans la division ou la violence. Le message que nous vous portons est d\u2019abord un message d\u2019unit\u00e9 nationale. La commune, c\u2019est votre maison commune : elle doit se g\u00e9rer dans la solidarit\u00e9 et le respect de tous. \u00bb, <\/em>a d\u00e9clar\u00e9 le Professeur Darr\u00e9, relevant du coup l\u2019importance de pr\u00e9server les acquis de stabilit\u00e9 du pays.<\/p>\n\n\n<div class=\"wp-block-image\">\n<figure class=\"aligncenter size-full is-resized\"><img loading=\"lazy\" decoding=\"async\" width=\"690\" height=\"170\" src=\"https:\/\/macite.tg\/wp-content\/uploads\/2025\/07\/OTR_TVM.jpg\" alt=\"\" class=\"wp-image-23364\" style=\"width:840px;height:auto\" srcset=\"https:\/\/macite.tg\/wp-content\/uploads\/2025\/07\/OTR_TVM.jpg 690w, https:\/\/macite.tg\/wp-content\/uploads\/2025\/07\/OTR_TVM-300x74.jpg 300w\" sizes=\"auto, (max-width: 690px) 100vw, 690px\" \/><\/figure>\n<\/div>\n\n\n<p class=\"wp-block-paragraph\">Les populations de Dimori ont r\u00e9serv\u00e9 un accueil chaleureux \u00e0 la d\u00e9l\u00e9gation. \u00c0 travers danses, chants traditionnels et d\u00e9clarations publiques, elles ont t\u00e9moign\u00e9 leur adh\u00e9sion au message port\u00e9 par le parti UNIR. Plusieurs intervenants ont exprim\u00e9 leur gratitude pour cette approche de proximit\u00e9 et ont promis de voter massivement en faveur des candidats du parti pr\u00e9sidentiel le 17 juillet.<\/p>\n\n\n\n<p class=\"wp-block-paragraph\">La tourn\u00e9e de la coordination pr\u00e9fectorale dans les cantons ne se limite pas \u00e0 une op\u00e9ration \u00e9lectorale. Elle se pr\u00e9sente comme une v\u00e9ritable mission de sensibilisation citoyenne o\u00f9 le dialogue, l\u2019\u00e9coute et le respect des valeurs r\u00e9publicaines priment. La d\u00e9l\u00e9gation a rappel\u00e9, \u00e0 chaque fois, \u00e0 tous les \u00e9lecteurs que les \u00e9lections municipales ne sont pas un affrontement politique, mais une opportunit\u00e9 pour renforcer le vivre-ensemble et confier la gestion locale \u00e0 des hommes et femmes comp\u00e9tents, int\u00e8gres et soucieux du bien commun.<\/p>\n\n\n<div class=\"wp-block-image\">\n<figure class=\"aligncenter size-full\"><img loading=\"lazy\" decoding=\"async\" width=\"500\" height=\"500\" src=\"https:\/\/macite.tg\/wp-content\/uploads\/2025\/07\/Geo-ref.jpg\" alt=\"\" class=\"wp-image-23346\" srcset=\"https:\/\/macite.tg\/wp-content\/uploads\/2025\/07\/Geo-ref.jpg 500w, https:\/\/macite.tg\/wp-content\/uploads\/2025\/07\/Geo-ref-300x300.jpg 300w, https:\/\/macite.tg\/wp-content\/uploads\/2025\/07\/Geo-ref-150x150.jpg 150w, https:\/\/macite.tg\/wp-content\/uploads\/2025\/07\/Geo-ref-122x122.jpg 122w\" sizes=\"auto, (max-width: 500px) 100vw, 500px\" \/><\/figure>\n<\/div>\n\n\n<p class=\"wp-block-paragraph\">\u00c0 quelques jours du scrutin, les regards restent tourn\u00e9s vers les efforts de terrain de cette \u00e9quipe dynamique, symbole d\u2019un engagement politique responsable au service des populations.<\/p>\n\n\n\n<p class=\"wp-block-paragraph\"><strong>T.B.<\/strong><\/p>\n\n\n\n<p class=\"wp-block-paragraph\"><a><strong><em>@macite.tg&nbsp;&nbsp;&nbsp;&nbsp;&nbsp;&nbsp;&nbsp;&nbsp;<\/em><\/strong><\/a><\/p>\n\n\n\n<p class=\"wp-block-paragraph\"><strong><em>E-mail&nbsp;: <\/em><\/strong><a href=\"mailto:maciteinfo@gmail.com\"><strong><em>maciteinfo@gmail.com<\/em><\/strong><\/a><strong><em>; <\/em><\/strong><a href=\"mailto:bawela1@gmail.com\"><strong><em>bawela1@gmail.com<\/em><\/strong><\/a><strong><em><\/em><\/strong><\/p>\n\n\n\n<p class=\"wp-block-paragraph\"><strong><em>Pour vos annonces, (publi)reportages, etc., joignez-nous au (00228)91515309\/<strong>79872224 <\/strong>www.macite.tg, L\u2019information, la bonne&nbsp;!<\/em><\/strong><\/p>\n\n\n\n<p class=\"wp-block-paragraph\"><\/p>\n","protected":false},"excerpt":{"rendered":"<p class=\"text-justify mb-2\" >Au 8\u00e8me jour de la campagne \u00e9lectorale pour les municipales du 17 juillet prochain \u00e0 Basar, la Coordination locale du parti UNIR intensifie sa campagne, marqu\u00e9e par la mobilisation constante des militantes et militantes, mais aussi des ind\u00e9cis pour la cause du parti au pouvoir. [&hellip;]<\/p>\n","protected":false},"author":2,"featured_media":23385,"comment_status":"open","ping_status":"open","sticky":false,"template":"","format":"standard","meta":{"footnotes":""},"categories":[20,1],"tags":[],"class_list":["post-23381","post","type-post","status-publish","format-standard","has-post-thumbnail","hentry","category-actualite","category-politique"],"yoast_head":"<!-- This site is optimized with the Yoast SEO plugin v28.4 - https:\/\/yoast.com\/product\/yoast-seo-wordpress\/ -->\n<title>MUNICIPALES 2025 : La Coordination pr\u00e9fectorale UNIR-Bassar poursuit la mobilisation\u2026 la paix, la coh\u00e9sion nationale et le d\u00e9veloppement local au menu des \u00e9changes -<\/title>\n<meta name=\"robots\" content=\"index, follow, max-snippet:-1, max-image-preview:large, max-video-preview:-1\" \/>\n<link rel=\"canonical\" href=\"https:\/\/macite.tg\/?p=23381\" \/>\n<meta property=\"og:locale\" content=\"fr_FR\" \/>\n<meta property=\"og:type\" content=\"article\" \/>\n<meta property=\"og:title\" content=\"MUNICIPALES 2025 : La Coordination pr\u00e9fectorale UNIR-Bassar poursuit la mobilisation\u2026 la paix, la coh\u00e9sion nationale et le d\u00e9veloppement local au menu des \u00e9changes -\" \/>\n<meta property=\"og:description\" content=\"Au 8\u00e8me jour de la campagne \u00e9lectorale pour les municipales du 17 juillet prochain \u00e0 Basar, la Coordination locale du parti UNIR intensifie sa campagne, marqu\u00e9e par la mobilisation constante des militantes et militantes, mais aussi des ind\u00e9cis pour la cause du parti au pouvoir. [&hellip;]\" \/>\n<meta property=\"og:url\" content=\"https:\/\/macite.tg\/?p=23381\" \/>\n<meta property=\"article:published_time\" content=\"2025-07-09T11:36:25+00:00\" \/>\n<meta property=\"article:modified_time\" content=\"2025-07-09T11:40:51+00:00\" \/>\n<meta property=\"og:image\" content=\"https:\/\/macite.tg\/wp-content\/uploads\/2025\/07\/BASSAR2.jpg\" \/>\n\t<meta property=\"og:image:width\" content=\"500\" \/>\n\t<meta property=\"og:image:height\" content=\"184\" \/>\n\t<meta property=\"og:image:type\" content=\"image\/jpeg\" \/>\n<meta name=\"author\" content=\"Jean Pierre BAWELA\" \/>\n<meta name=\"twitter:card\" content=\"summary_large_image\" \/>\n<meta name=\"twitter:label1\" content=\"\u00c9crit par\" \/>\n\t<meta name=\"twitter:data1\" content=\"Jean Pierre BAWELA\" \/>\n\t<meta name=\"twitter:label2\" content=\"Dur\u00e9e de lecture estim\u00e9e\" \/>\n\t<meta name=\"twitter:data2\" content=\"4 minutes\" \/>\n<script type=\"application\/ld+json\" class=\"yoast-schema-graph\">{\"@context\":\"https:\\\/\\\/schema.org\",\"@graph\":[{\"@type\":\"Article\",\"@id\":\"https:\\\/\\\/macite.tg\\\/?p=23381#article\",\"isPartOf\":{\"@id\":\"https:\\\/\\\/macite.tg\\\/?p=23381\"},\"author\":{\"name\":\"Jean Pierre BAWELA\",\"@id\":\"https:\\\/\\\/macite.tg\\\/#\\\/schema\\\/person\\\/e9f2de7e5dbbe7770a9402c7ce82f5c2\"},\"headline\":\"MUNICIPALES 2025 : La Coordination pr\u00e9fectorale UNIR-Bassar poursuit la mobilisation\u2026 la paix, la coh\u00e9sion nationale et le d\u00e9veloppement local au menu des \u00e9changes\",\"datePublished\":\"2025-07-09T11:36:25+00:00\",\"dateModified\":\"2025-07-09T11:40:51+00:00\",\"mainEntityOfPage\":{\"@id\":\"https:\\\/\\\/macite.tg\\\/?p=23381\"},\"wordCount\":525,\"commentCount\":0,\"image\":{\"@id\":\"https:\\\/\\\/macite.tg\\\/?p=23381#primaryimage\"},\"thumbnailUrl\":\"https:\\\/\\\/macite.tg\\\/wp-content\\\/uploads\\\/2025\\\/07\\\/BASSAR2.jpg\",\"articleSection\":[\"ACTUALITE\",\"POLITIQUE\"],\"inLanguage\":\"fr-FR\",\"potentialAction\":[{\"@type\":\"CommentAction\",\"name\":\"Comment\",\"target\":[\"https:\\\/\\\/macite.tg\\\/?p=23381#respond\"]}]},{\"@type\":\"WebPage\",\"@id\":\"https:\\\/\\\/macite.tg\\\/?p=23381\",\"url\":\"https:\\\/\\\/macite.tg\\\/?p=23381\",\"name\":\"MUNICIPALES 2025 : La Coordination pr\u00e9fectorale UNIR-Bassar poursuit la mobilisation\u2026 la paix, la coh\u00e9sion nationale et le d\u00e9veloppement local au menu des \u00e9changes -\",\"isPartOf\":{\"@id\":\"https:\\\/\\\/macite.tg\\\/#website\"},\"primaryImageOfPage\":{\"@id\":\"https:\\\/\\\/macite.tg\\\/?p=23381#primaryimage\"},\"image\":{\"@id\":\"https:\\\/\\\/macite.tg\\\/?p=23381#primaryimage\"},\"thumbnailUrl\":\"https:\\\/\\\/macite.tg\\\/wp-content\\\/uploads\\\/2025\\\/07\\\/BASSAR2.jpg\",\"datePublished\":\"2025-07-09T11:36:25+00:00\",\"dateModified\":\"2025-07-09T11:40:51+00:00\",\"author\":{\"@id\":\"https:\\\/\\\/macite.tg\\\/#\\\/schema\\\/person\\\/e9f2de7e5dbbe7770a9402c7ce82f5c2\"},\"breadcrumb\":{\"@id\":\"https:\\\/\\\/macite.tg\\\/?p=23381#breadcrumb\"},\"inLanguage\":\"fr-FR\",\"potentialAction\":[{\"@type\":\"ReadAction\",\"target\":[\"https:\\\/\\\/macite.tg\\\/?p=23381\"]}]},{\"@type\":\"ImageObject\",\"inLanguage\":\"fr-FR\",\"@id\":\"https:\\\/\\\/macite.tg\\\/?p=23381#primaryimage\",\"url\":\"https:\\\/\\\/macite.tg\\\/wp-content\\\/uploads\\\/2025\\\/07\\\/BASSAR2.jpg\",\"contentUrl\":\"https:\\\/\\\/macite.tg\\\/wp-content\\\/uploads\\\/2025\\\/07\\\/BASSAR2.jpg\",\"width\":500,\"height\":184},{\"@type\":\"BreadcrumbList\",\"@id\":\"https:\\\/\\\/macite.tg\\\/?p=23381#breadcrumb\",\"itemListElement\":[{\"@type\":\"ListItem\",\"position\":1,\"name\":\"Accueil\",\"item\":\"https:\\\/\\\/macite.tg\\\/\"},{\"@type\":\"ListItem\",\"position\":2,\"name\":\"MUNICIPALES 2025 : La Coordination pr\u00e9fectorale UNIR-Bassar poursuit la mobilisation\u2026 la paix, la coh\u00e9sion nationale et le d\u00e9veloppement local au menu des \u00e9changes\"}]},{\"@type\":\"WebSite\",\"@id\":\"https:\\\/\\\/macite.tg\\\/#website\",\"url\":\"https:\\\/\\\/macite.tg\\\/\",\"name\":\"\",\"description\":\"L&#039;information, la bonne!!!\",\"potentialAction\":[{\"@type\":\"SearchAction\",\"target\":{\"@type\":\"EntryPoint\",\"urlTemplate\":\"https:\\\/\\\/macite.tg\\\/?s={search_term_string}\"},\"query-input\":{\"@type\":\"PropertyValueSpecification\",\"valueRequired\":true,\"valueName\":\"search_term_string\"}}],\"inLanguage\":\"fr-FR\"},{\"@type\":\"Person\",\"@id\":\"https:\\\/\\\/macite.tg\\\/#\\\/schema\\\/person\\\/e9f2de7e5dbbe7770a9402c7ce82f5c2\",\"name\":\"Jean Pierre BAWELA\",\"image\":{\"@type\":\"ImageObject\",\"inLanguage\":\"fr-FR\",\"@id\":\"https:\\\/\\\/macite.tg\\\/wp-content\\\/uploads\\\/2023\\\/09\\\/WhatsApp-Image-2023-09-19-at-14.44.41-122x122.jpeg\",\"url\":\"https:\\\/\\\/macite.tg\\\/wp-content\\\/uploads\\\/2023\\\/09\\\/WhatsApp-Image-2023-09-19-at-14.44.41-122x122.jpeg\",\"contentUrl\":\"https:\\\/\\\/macite.tg\\\/wp-content\\\/uploads\\\/2023\\\/09\\\/WhatsApp-Image-2023-09-19-at-14.44.41-122x122.jpeg\",\"caption\":\"Jean Pierre BAWELA\"},\"url\":\"https:\\\/\\\/macite.tg\\\/?author=2\"}]}<\/script>\n<!-- \/ Yoast SEO plugin. -->","yoast_head_json":{"title":"MUNICIPALES 2025 : La Coordination pr\u00e9fectorale UNIR-Bassar poursuit la mobilisation\u2026 la paix, la coh\u00e9sion nationale et le d\u00e9veloppement local au menu des \u00e9changes -","robots":{"index":"index","follow":"follow","max-snippet":"max-snippet:-1","max-image-preview":"max-image-preview:large","max-video-preview":"max-video-preview:-1"},"canonical":"https:\/\/macite.tg\/?p=23381","og_locale":"fr_FR","og_type":"article","og_title":"MUNICIPALES 2025 : La Coordination pr\u00e9fectorale UNIR-Bassar poursuit la mobilisation\u2026 la paix, la coh\u00e9sion nationale et le d\u00e9veloppement local au menu des \u00e9changes -","og_description":"Au 8\u00e8me jour de la campagne \u00e9lectorale pour les municipales du 17 juillet prochain \u00e0 Basar, la Coordination locale du parti UNIR intensifie sa campagne, marqu\u00e9e par la mobilisation constante des militantes et militantes, mais aussi des ind\u00e9cis pour la cause du parti au pouvoir. [&hellip;]","og_url":"https:\/\/macite.tg\/?p=23381","article_published_time":"2025-07-09T11:36:25+00:00","article_modified_time":"2025-07-09T11:40:51+00:00","og_image":[{"width":500,"height":184,"url":"https:\/\/macite.tg\/wp-content\/uploads\/2025\/07\/BASSAR2.jpg","type":"image\/jpeg"}],"author":"Jean Pierre BAWELA","twitter_card":"summary_large_image","twitter_misc":{"\u00c9crit par":"Jean Pierre BAWELA","Dur\u00e9e de lecture estim\u00e9e":"4 minutes"},"schema":{"@context":"https:\/\/schema.org","@graph":[{"@type":"Article","@id":"https:\/\/macite.tg\/?p=23381#article","isPartOf":{"@id":"https:\/\/macite.tg\/?p=23381"},"author":{"name":"Jean Pierre BAWELA","@id":"https:\/\/macite.tg\/#\/schema\/person\/e9f2de7e5dbbe7770a9402c7ce82f5c2"},"headline":"MUNICIPALES 2025 : La Coordination pr\u00e9fectorale UNIR-Bassar poursuit la mobilisation\u2026 la paix, la coh\u00e9sion nationale et le d\u00e9veloppement local au menu des \u00e9changes","datePublished":"2025-07-09T11:36:25+00:00","dateModified":"2025-07-09T11:40:51+00:00","mainEntityOfPage":{"@id":"https:\/\/macite.tg\/?p=23381"},"wordCount":525,"commentCount":0,"image":{"@id":"https:\/\/macite.tg\/?p=23381#primaryimage"},"thumbnailUrl":"https:\/\/macite.tg\/wp-content\/uploads\/2025\/07\/BASSAR2.jpg","articleSection":["ACTUALITE","POLITIQUE"],"inLanguage":"fr-FR","potentialAction":[{"@type":"CommentAction","name":"Comment","target":["https:\/\/macite.tg\/?p=23381#respond"]}]},{"@type":"WebPage","@id":"https:\/\/macite.tg\/?p=23381","url":"https:\/\/macite.tg\/?p=23381","name":"MUNICIPALES 2025 : La Coordination pr\u00e9fectorale UNIR-Bassar poursuit la mobilisation\u2026 la paix, la coh\u00e9sion nationale et le d\u00e9veloppement local au menu des \u00e9changes -","isPartOf":{"@id":"https:\/\/macite.tg\/#website"},"primaryImageOfPage":{"@id":"https:\/\/macite.tg\/?p=23381#primaryimage"},"image":{"@id":"https:\/\/macite.tg\/?p=23381#primaryimage"},"thumbnailUrl":"https:\/\/macite.tg\/wp-content\/uploads\/2025\/07\/BASSAR2.jpg","datePublished":"2025-07-09T11:36:25+00:00","dateModified":"2025-07-09T11:40:51+00:00","author":{"@id":"https:\/\/macite.tg\/#\/schema\/person\/e9f2de7e5dbbe7770a9402c7ce82f5c2"},"breadcrumb":{"@id":"https:\/\/macite.tg\/?p=23381#breadcrumb"},"inLanguage":"fr-FR","potentialAction":[{"@type":"ReadAction","target":["https:\/\/macite.tg\/?p=23381"]}]},{"@type":"ImageObject","inLanguage":"fr-FR","@id":"https:\/\/macite.tg\/?p=23381#primaryimage","url":"https:\/\/macite.tg\/wp-content\/uploads\/2025\/07\/BASSAR2.jpg","contentUrl":"https:\/\/macite.tg\/wp-content\/uploads\/2025\/07\/BASSAR2.jpg","width":500,"height":184},{"@type":"BreadcrumbList","@id":"https:\/\/macite.tg\/?p=23381#breadcrumb","itemListElement":[{"@type":"ListItem","position":1,"name":"Accueil","item":"https:\/\/macite.tg\/"},{"@type":"ListItem","position":2,"name":"MUNICIPALES 2025 : La Coordination pr\u00e9fectorale UNIR-Bassar poursuit la mobilisation\u2026 la paix, la coh\u00e9sion nationale et le d\u00e9veloppement local au menu des \u00e9changes"}]},{"@type":"WebSite","@id":"https:\/\/macite.tg\/#website","url":"https:\/\/macite.tg\/","name":"","description":"L&#039;information, la bonne!!!","potentialAction":[{"@type":"SearchAction","target":{"@type":"EntryPoint","urlTemplate":"https:\/\/macite.tg\/?s={search_term_string}"},"query-input":{"@type":"PropertyValueSpecification","valueRequired":true,"valueName":"search_term_string"}}],"inLanguage":"fr-FR"},{"@type":"Person","@id":"https:\/\/macite.tg\/#\/schema\/person\/e9f2de7e5dbbe7770a9402c7ce82f5c2","name":"Jean Pierre BAWELA","image":{"@type":"ImageObject","inLanguage":"fr-FR","@id":"https:\/\/macite.tg\/wp-content\/uploads\/2023\/09\/WhatsApp-Image-2023-09-19-at-14.44.41-122x122.jpeg","url":"https:\/\/macite.tg\/wp-content\/uploads\/2023\/09\/WhatsApp-Image-2023-09-19-at-14.44.41-122x122.jpeg","contentUrl":"https:\/\/macite.tg\/wp-content\/uploads\/2023\/09\/WhatsApp-Image-2023-09-19-at-14.44.41-122x122.jpeg","caption":"Jean Pierre BAWELA"},"url":"https:\/\/macite.tg\/?author=2"}]}},"_links":{"self":[{"href":"https:\/\/macite.tg\/index.php?rest_route=\/wp\/v2\/posts\/23381","targetHints":{"allow":["GET"]}}],"collection":[{"href":"https:\/\/macite.tg\/index.php?rest_route=\/wp\/v2\/posts"}],"about":[{"href":"https:\/\/macite.tg\/index.php?rest_route=\/wp\/v2\/types\/post"}],"author":[{"embeddable":true,"href":"https:\/\/macite.tg\/index.php?rest_route=\/wp\/v2\/users\/2"}],"replies":[{"embeddable":true,"href":"https:\/\/macite.tg\/index.php?rest_route=%2Fwp%2Fv2%2Fcomments&post=23381"}],"version-history":[{"count":0,"href":"https:\/\/macite.tg\/index.php?rest_route=\/wp\/v2\/posts\/23381\/revisions"}],"wp:featuredmedia":[{"embeddable":true,"href":"https:\/\/macite.tg\/index.php?rest_route=\/wp\/v2\/media\/23385"}],"wp:attachment":[{"href":"https:\/\/macite.tg\/index.php?rest_route=%2Fwp%2Fv2%2Fmedia&parent=23381"}],"wp:term":[{"taxonomy":"category","embeddable":true,"href":"https:\/\/macite.tg\/index.php?rest_route=%2Fwp%2Fv2%2Fcategories&post=23381"},{"taxonomy":"post_tag","embeddable":true,"href":"https:\/\/macite.tg\/index.php?rest_route=%2Fwp%2Fv2%2Ftags&post=23381"}],"curies":[{"name":"wp","href":"https:\/\/api.w.org\/{rel}","templated":true}]}}