{"id":23377,"date":"2025-07-09T10:11:18","date_gmt":"2025-07-09T10:11:18","guid":{"rendered":"https:\/\/macite.tg\/?p=23377"},"modified":"2025-07-09T10:11:20","modified_gmt":"2025-07-09T10:11:20","slug":"municipales-2025-dans-loti-2-lhonorable-senateur-noel-depoukn-en-veritable-chef-de-terrain-pour-la-victoire-dunir","status":"publish","type":"post","link":"https:\/\/macite.tg\/?p=23377","title":{"rendered":"MUNICIPALES 2025 DANS L\u2019OTI 2 : L\u2019honorable S\u00e9nateur No\u00ebl Depoukn en v\u00e9ritable chef de terrain pour la victoire d\u2019UNIR"},"content":{"rendered":"\n<p class=\"wp-block-paragraph\"><strong><em>Le parti UNIR poursuit sa campagne \u00e9lectorale avec d\u00e9termination et m\u00e9thode dans la pr\u00e9fecture de l\u2019Oti 2. Hier mardi 08 juillet, l\u2019honorable s\u00e9nateur No\u00ebl Depoukn a une nouvelle fois d\u00e9montr\u00e9 son engagement ind\u00e9fectible pour la victoire de sa formation politique, en allant au contact direct des populations de Locko et de Galangashie. Une d\u00e9marche de proximit\u00e9 qui vient renforcer la dynamique de mobilisation autour des candidats UNIR, \u00e0 quelques jours du scrutin municipal du 17 juillet.<\/em><\/strong><\/p>\n\n\n\n<p class=\"wp-block-paragraph\">Figure politique influente de la r\u00e9gion, le d\u00e9put\u00e9-s\u00e9nateur No\u00ebl Depoukn a pr\u00e9sid\u00e9 personnellement les c\u00e9r\u00e9monies de pr\u00e9sentation des candidats UNIR dans les deux cantons. Dans une ambiance \u00e9lectris\u00e9e et sous des acclamations nourries, les populations sont sorties massivement pour accueillir l\u2019homme politique et entendre son message. Le S\u00e9nateur, fid\u00e8le \u00e0 son style pragmatique et rassembleur, n\u2019a pas manqu\u00e9 de rappeler les enjeux de ce scrutin local.<\/p>\n\n\n<div class=\"wp-block-image\">\n<figure class=\"aligncenter size-full\"><img loading=\"lazy\" decoding=\"async\" width=\"500\" height=\"500\" src=\"https:\/\/macite.tg\/wp-content\/uploads\/2025\/07\/Geo-ref.jpg\" alt=\"\" class=\"wp-image-23346\" srcset=\"https:\/\/macite.tg\/wp-content\/uploads\/2025\/07\/Geo-ref.jpg 500w, https:\/\/macite.tg\/wp-content\/uploads\/2025\/07\/Geo-ref-300x300.jpg 300w, https:\/\/macite.tg\/wp-content\/uploads\/2025\/07\/Geo-ref-150x150.jpg 150w, https:\/\/macite.tg\/wp-content\/uploads\/2025\/07\/Geo-ref-122x122.jpg 122w\" sizes=\"auto, (max-width: 500px) 100vw, 500px\" \/><\/figure>\n<\/div>\n\n\n<p class=\"wp-block-paragraph\">\u00ab <em>Ces candidats sont le choix du parti, ils ont la b\u00e9n\u00e9diction du Pr\u00e9sident du Conseil. Nous devons rafler tous les si\u00e8ges afin de permettre \u00e0 notre Pr\u00e9sident de continuer ses actions de d\u00e9veloppement \u00bb<\/em>, a-t-il d\u00e9clar\u00e9 devant un public tout acquis \u00e0 la cause du parti au pouvoir.<\/p>\n\n\n\n<p class=\"wp-block-paragraph\">Plus qu\u2019un simple discours, c\u2019est un appel \u00e0 la responsabilit\u00e9 citoyenne que le S\u00e9nateur a lanc\u00e9, soulignant l\u2019importance de cette \u00e9ch\u00e9ance pour renforcer la dynamique de d\u00e9veloppement local port\u00e9e par le Pr\u00e9sident du Conseil, Faure Essozimna Gnassingb\u00e9.<\/p>\n\n\n<div class=\"wp-block-image\">\n<figure class=\"aligncenter size-full is-resized\"><img loading=\"lazy\" decoding=\"async\" width=\"690\" height=\"170\" src=\"https:\/\/macite.tg\/wp-content\/uploads\/2025\/07\/OTR_TVM.jpg\" alt=\"\" class=\"wp-image-23364\" style=\"width:840px;height:auto\" srcset=\"https:\/\/macite.tg\/wp-content\/uploads\/2025\/07\/OTR_TVM.jpg 690w, https:\/\/macite.tg\/wp-content\/uploads\/2025\/07\/OTR_TVM-300x74.jpg 300w\" sizes=\"auto, (max-width: 690px) 100vw, 690px\" \/><\/figure>\n<\/div>\n\n\n<p class=\"wp-block-paragraph\">Dans un contexte de saison pluvieuse, l\u2019honorable Depoukn a \u00e9galement eu un mot pratique pour ses concitoyens : il les a invit\u00e9s \u00e0 se mobiliser tr\u00e8s t\u00f4t le matin du 17 juillet pour accomplir leur devoir civique, avant de retourner \u00e0 leurs activit\u00e9s quotidiennes. Une recommandation qui t\u00e9moigne de sa connaissance du terrain et de sa proximit\u00e9 avec les r\u00e9alit\u00e9s locales.<\/p>\n\n\n\n<p class=\"wp-block-paragraph\">Par son implication personnelle, sa constance sur le terrain et son charisme, No\u00ebl Depoukn s\u2019impose aujourd\u2019hui comme un acteur-cl\u00e9 de la campagne d\u2019UNIR dans l\u2019Oti 2. Sa pr\u00e9sence effective et active renforce la coh\u00e9sion de la base militante et rassure les \u00e9lecteurs quant \u00e0 l\u2019importance que le parti accorde \u00e0 chaque localit\u00e9.<\/p>\n\n\n<div class=\"wp-block-image\">\n<figure class=\"aligncenter size-large\"><img loading=\"lazy\" decoding=\"async\" width=\"724\" height=\"1024\" src=\"https:\/\/macite.tg\/wp-content\/uploads\/2025\/07\/a6d3da27-4f83-4915-bc4c-3433316219fc-724x1024.jpg\" alt=\"\" class=\"wp-image-23223\" srcset=\"https:\/\/macite.tg\/wp-content\/uploads\/2025\/07\/a6d3da27-4f83-4915-bc4c-3433316219fc-724x1024.jpg 724w, https:\/\/macite.tg\/wp-content\/uploads\/2025\/07\/a6d3da27-4f83-4915-bc4c-3433316219fc-212x300.jpg 212w, https:\/\/macite.tg\/wp-content\/uploads\/2025\/07\/a6d3da27-4f83-4915-bc4c-3433316219fc-768x1086.jpg 768w, https:\/\/macite.tg\/wp-content\/uploads\/2025\/07\/a6d3da27-4f83-4915-bc4c-3433316219fc-1087x1536.jpg 1087w, https:\/\/macite.tg\/wp-content\/uploads\/2025\/07\/a6d3da27-4f83-4915-bc4c-3433316219fc.jpg 1132w\" sizes=\"auto, (max-width: 724px) 100vw, 724px\" \/><\/figure>\n<\/div>\n\n\n<p class=\"wp-block-paragraph\">\u00c0 Locko comme \u00e0 Galangashie, les populations, toutes drap\u00e9es aux couleurs bleu et blanc du parti UNIR, ont exprim\u00e9, dans une ambiance festive, leur confiance renouvel\u00e9e \u00e0 la formation UNIR, saluant au passage le leadership mobilisateur du S\u00e9nateur Depoukn.<\/p>\n\n\n\n<p class=\"wp-block-paragraph\">\u00c0 quelques jours du scrutin, l\u2019Oti 2 semble d\u00e9j\u00e0 tracer le chemin d\u2019une victoire \u00e9clatante pour UNIR, port\u00e9e par un travail de terrain strat\u00e9gique, intensif et incarn\u00e9 par l\u2019un de ses plus valeureux repr\u00e9sentants.<\/p>\n\n\n\n<p class=\"wp-block-paragraph\"><strong>Samir<\/strong><\/p>\n\n\n\n<p class=\"wp-block-paragraph\"><a><strong><em>@macite.tg&nbsp;&nbsp;&nbsp;&nbsp;&nbsp;&nbsp;&nbsp;&nbsp;<\/em><\/strong><\/a><\/p>\n\n\n\n<p class=\"wp-block-paragraph\"><strong><em>E-mail&nbsp;: <\/em><\/strong><a href=\"mailto:maciteinfo@gmail.com\"><strong><em>maciteinfo@gmail.com<\/em><\/strong><\/a><strong><em>; <\/em><\/strong><a href=\"mailto:bawela1@gmail.com\"><strong><em>bawela1@gmail.com<\/em><\/strong><\/a><strong><em><\/em><\/strong><\/p>\n\n\n\n<p class=\"wp-block-paragraph\"><strong><em>Pour vos annonces, (publi)reportages, etc., joignez-nous au (00228)91515309\/<strong>79872224 <\/strong>www.macite.tg, L\u2019information, la bonne&nbsp;!<\/em><\/strong><\/p>\n\n\n\n<p class=\"wp-block-paragraph\"><\/p>\n","protected":false},"excerpt":{"rendered":"<p class=\"text-justify mb-2\" >Le parti UNIR poursuit sa campagne \u00e9lectorale avec d\u00e9termination et m\u00e9thode dans la pr\u00e9fecture de l\u2019Oti 2. Hier mardi 08 juillet, l\u2019honorable s\u00e9nateur No\u00ebl Depoukn a une nouvelle fois d\u00e9montr\u00e9 son engagement ind\u00e9fectible pour la victoire de sa formation politique, en allant au contact direct [&hellip;]<\/p>\n","protected":false},"author":2,"featured_media":23378,"comment_status":"open","ping_status":"open","sticky":false,"template":"","format":"standard","meta":{"footnotes":""},"categories":[20,1],"tags":[],"class_list":["post-23377","post","type-post","status-publish","format-standard","has-post-thumbnail","hentry","category-actualite","category-politique"],"yoast_head":"<!-- This site is optimized with the Yoast SEO plugin v28.4 - https:\/\/yoast.com\/product\/yoast-seo-wordpress\/ -->\n<title>MUNICIPALES 2025 DANS L\u2019OTI 2 : L\u2019honorable S\u00e9nateur No\u00ebl Depoukn en v\u00e9ritable chef de terrain pour la victoire d\u2019UNIR -<\/title>\n<meta name=\"robots\" content=\"index, follow, max-snippet:-1, max-image-preview:large, max-video-preview:-1\" \/>\n<link rel=\"canonical\" href=\"https:\/\/macite.tg\/?p=23377\" \/>\n<meta property=\"og:locale\" content=\"fr_FR\" \/>\n<meta property=\"og:type\" content=\"article\" \/>\n<meta property=\"og:title\" content=\"MUNICIPALES 2025 DANS L\u2019OTI 2 : L\u2019honorable S\u00e9nateur No\u00ebl Depoukn en v\u00e9ritable chef de terrain pour la victoire d\u2019UNIR -\" \/>\n<meta property=\"og:description\" content=\"Le parti UNIR poursuit sa campagne \u00e9lectorale avec d\u00e9termination et m\u00e9thode dans la pr\u00e9fecture de l\u2019Oti 2. Hier mardi 08 juillet, l\u2019honorable s\u00e9nateur No\u00ebl Depoukn a une nouvelle fois d\u00e9montr\u00e9 son engagement ind\u00e9fectible pour la victoire de sa formation politique, en allant au contact direct [&hellip;]\" \/>\n<meta property=\"og:url\" content=\"https:\/\/macite.tg\/?p=23377\" \/>\n<meta property=\"article:published_time\" content=\"2025-07-09T10:11:18+00:00\" \/>\n<meta property=\"article:modified_time\" content=\"2025-07-09T10:11:20+00:00\" \/>\n<meta property=\"og:image\" content=\"https:\/\/macite.tg\/wp-content\/uploads\/2025\/07\/OTI2.jpg\" \/>\n\t<meta property=\"og:image:width\" content=\"500\" \/>\n\t<meta property=\"og:image:height\" content=\"184\" \/>\n\t<meta property=\"og:image:type\" content=\"image\/jpeg\" \/>\n<meta name=\"author\" content=\"Jean Pierre BAWELA\" \/>\n<meta name=\"twitter:card\" content=\"summary_large_image\" \/>\n<meta name=\"twitter:label1\" content=\"\u00c9crit par\" \/>\n\t<meta name=\"twitter:data1\" content=\"Jean Pierre BAWELA\" \/>\n\t<meta name=\"twitter:label2\" content=\"Dur\u00e9e de lecture estim\u00e9e\" \/>\n\t<meta name=\"twitter:data2\" content=\"3 minutes\" \/>\n<script type=\"application\/ld+json\" class=\"yoast-schema-graph\">{\"@context\":\"https:\\\/\\\/schema.org\",\"@graph\":[{\"@type\":\"Article\",\"@id\":\"https:\\\/\\\/macite.tg\\\/?p=23377#article\",\"isPartOf\":{\"@id\":\"https:\\\/\\\/macite.tg\\\/?p=23377\"},\"author\":{\"name\":\"Jean Pierre BAWELA\",\"@id\":\"https:\\\/\\\/macite.tg\\\/#\\\/schema\\\/person\\\/e9f2de7e5dbbe7770a9402c7ce82f5c2\"},\"headline\":\"MUNICIPALES 2025 DANS L\u2019OTI 2 : L\u2019honorable S\u00e9nateur No\u00ebl Depoukn en v\u00e9ritable chef de terrain pour la victoire d\u2019UNIR\",\"datePublished\":\"2025-07-09T10:11:18+00:00\",\"dateModified\":\"2025-07-09T10:11:20+00:00\",\"mainEntityOfPage\":{\"@id\":\"https:\\\/\\\/macite.tg\\\/?p=23377\"},\"wordCount\":514,\"commentCount\":0,\"image\":{\"@id\":\"https:\\\/\\\/macite.tg\\\/?p=23377#primaryimage\"},\"thumbnailUrl\":\"https:\\\/\\\/macite.tg\\\/wp-content\\\/uploads\\\/2025\\\/07\\\/OTI2.jpg\",\"articleSection\":[\"ACTUALITE\",\"POLITIQUE\"],\"inLanguage\":\"fr-FR\",\"potentialAction\":[{\"@type\":\"CommentAction\",\"name\":\"Comment\",\"target\":[\"https:\\\/\\\/macite.tg\\\/?p=23377#respond\"]}]},{\"@type\":\"WebPage\",\"@id\":\"https:\\\/\\\/macite.tg\\\/?p=23377\",\"url\":\"https:\\\/\\\/macite.tg\\\/?p=23377\",\"name\":\"MUNICIPALES 2025 DANS L\u2019OTI 2 : L\u2019honorable S\u00e9nateur No\u00ebl Depoukn en v\u00e9ritable chef de terrain pour la victoire d\u2019UNIR -\",\"isPartOf\":{\"@id\":\"https:\\\/\\\/macite.tg\\\/#website\"},\"primaryImageOfPage\":{\"@id\":\"https:\\\/\\\/macite.tg\\\/?p=23377#primaryimage\"},\"image\":{\"@id\":\"https:\\\/\\\/macite.tg\\\/?p=23377#primaryimage\"},\"thumbnailUrl\":\"https:\\\/\\\/macite.tg\\\/wp-content\\\/uploads\\\/2025\\\/07\\\/OTI2.jpg\",\"datePublished\":\"2025-07-09T10:11:18+00:00\",\"dateModified\":\"2025-07-09T10:11:20+00:00\",\"author\":{\"@id\":\"https:\\\/\\\/macite.tg\\\/#\\\/schema\\\/person\\\/e9f2de7e5dbbe7770a9402c7ce82f5c2\"},\"breadcrumb\":{\"@id\":\"https:\\\/\\\/macite.tg\\\/?p=23377#breadcrumb\"},\"inLanguage\":\"fr-FR\",\"potentialAction\":[{\"@type\":\"ReadAction\",\"target\":[\"https:\\\/\\\/macite.tg\\\/?p=23377\"]}]},{\"@type\":\"ImageObject\",\"inLanguage\":\"fr-FR\",\"@id\":\"https:\\\/\\\/macite.tg\\\/?p=23377#primaryimage\",\"url\":\"https:\\\/\\\/macite.tg\\\/wp-content\\\/uploads\\\/2025\\\/07\\\/OTI2.jpg\",\"contentUrl\":\"https:\\\/\\\/macite.tg\\\/wp-content\\\/uploads\\\/2025\\\/07\\\/OTI2.jpg\",\"width\":500,\"height\":184},{\"@type\":\"BreadcrumbList\",\"@id\":\"https:\\\/\\\/macite.tg\\\/?p=23377#breadcrumb\",\"itemListElement\":[{\"@type\":\"ListItem\",\"position\":1,\"name\":\"Accueil\",\"item\":\"https:\\\/\\\/macite.tg\\\/\"},{\"@type\":\"ListItem\",\"position\":2,\"name\":\"MUNICIPALES 2025 DANS L\u2019OTI 2 : L\u2019honorable S\u00e9nateur No\u00ebl Depoukn en v\u00e9ritable chef de terrain pour la victoire d\u2019UNIR\"}]},{\"@type\":\"WebSite\",\"@id\":\"https:\\\/\\\/macite.tg\\\/#website\",\"url\":\"https:\\\/\\\/macite.tg\\\/\",\"name\":\"\",\"description\":\"L&#039;information, la bonne!!!\",\"potentialAction\":[{\"@type\":\"SearchAction\",\"target\":{\"@type\":\"EntryPoint\",\"urlTemplate\":\"https:\\\/\\\/macite.tg\\\/?s={search_term_string}\"},\"query-input\":{\"@type\":\"PropertyValueSpecification\",\"valueRequired\":true,\"valueName\":\"search_term_string\"}}],\"inLanguage\":\"fr-FR\"},{\"@type\":\"Person\",\"@id\":\"https:\\\/\\\/macite.tg\\\/#\\\/schema\\\/person\\\/e9f2de7e5dbbe7770a9402c7ce82f5c2\",\"name\":\"Jean Pierre BAWELA\",\"image\":{\"@type\":\"ImageObject\",\"inLanguage\":\"fr-FR\",\"@id\":\"https:\\\/\\\/macite.tg\\\/wp-content\\\/uploads\\\/2023\\\/09\\\/WhatsApp-Image-2023-09-19-at-14.44.41-122x122.jpeg\",\"url\":\"https:\\\/\\\/macite.tg\\\/wp-content\\\/uploads\\\/2023\\\/09\\\/WhatsApp-Image-2023-09-19-at-14.44.41-122x122.jpeg\",\"contentUrl\":\"https:\\\/\\\/macite.tg\\\/wp-content\\\/uploads\\\/2023\\\/09\\\/WhatsApp-Image-2023-09-19-at-14.44.41-122x122.jpeg\",\"caption\":\"Jean Pierre BAWELA\"},\"url\":\"https:\\\/\\\/macite.tg\\\/?author=2\"}]}<\/script>\n<!-- \/ Yoast SEO plugin. -->","yoast_head_json":{"title":"MUNICIPALES 2025 DANS L\u2019OTI 2 : L\u2019honorable S\u00e9nateur No\u00ebl Depoukn en v\u00e9ritable chef de terrain pour la victoire d\u2019UNIR -","robots":{"index":"index","follow":"follow","max-snippet":"max-snippet:-1","max-image-preview":"max-image-preview:large","max-video-preview":"max-video-preview:-1"},"canonical":"https:\/\/macite.tg\/?p=23377","og_locale":"fr_FR","og_type":"article","og_title":"MUNICIPALES 2025 DANS L\u2019OTI 2 : L\u2019honorable S\u00e9nateur No\u00ebl Depoukn en v\u00e9ritable chef de terrain pour la victoire d\u2019UNIR -","og_description":"Le parti UNIR poursuit sa campagne \u00e9lectorale avec d\u00e9termination et m\u00e9thode dans la pr\u00e9fecture de l\u2019Oti 2. Hier mardi 08 juillet, l\u2019honorable s\u00e9nateur No\u00ebl Depoukn a une nouvelle fois d\u00e9montr\u00e9 son engagement ind\u00e9fectible pour la victoire de sa formation politique, en allant au contact direct [&hellip;]","og_url":"https:\/\/macite.tg\/?p=23377","article_published_time":"2025-07-09T10:11:18+00:00","article_modified_time":"2025-07-09T10:11:20+00:00","og_image":[{"width":500,"height":184,"url":"https:\/\/macite.tg\/wp-content\/uploads\/2025\/07\/OTI2.jpg","type":"image\/jpeg"}],"author":"Jean Pierre BAWELA","twitter_card":"summary_large_image","twitter_misc":{"\u00c9crit par":"Jean Pierre BAWELA","Dur\u00e9e de lecture estim\u00e9e":"3 minutes"},"schema":{"@context":"https:\/\/schema.org","@graph":[{"@type":"Article","@id":"https:\/\/macite.tg\/?p=23377#article","isPartOf":{"@id":"https:\/\/macite.tg\/?p=23377"},"author":{"name":"Jean Pierre BAWELA","@id":"https:\/\/macite.tg\/#\/schema\/person\/e9f2de7e5dbbe7770a9402c7ce82f5c2"},"headline":"MUNICIPALES 2025 DANS L\u2019OTI 2 : L\u2019honorable S\u00e9nateur No\u00ebl Depoukn en v\u00e9ritable chef de terrain pour la victoire d\u2019UNIR","datePublished":"2025-07-09T10:11:18+00:00","dateModified":"2025-07-09T10:11:20+00:00","mainEntityOfPage":{"@id":"https:\/\/macite.tg\/?p=23377"},"wordCount":514,"commentCount":0,"image":{"@id":"https:\/\/macite.tg\/?p=23377#primaryimage"},"thumbnailUrl":"https:\/\/macite.tg\/wp-content\/uploads\/2025\/07\/OTI2.jpg","articleSection":["ACTUALITE","POLITIQUE"],"inLanguage":"fr-FR","potentialAction":[{"@type":"CommentAction","name":"Comment","target":["https:\/\/macite.tg\/?p=23377#respond"]}]},{"@type":"WebPage","@id":"https:\/\/macite.tg\/?p=23377","url":"https:\/\/macite.tg\/?p=23377","name":"MUNICIPALES 2025 DANS L\u2019OTI 2 : L\u2019honorable S\u00e9nateur No\u00ebl Depoukn en v\u00e9ritable chef de terrain pour la victoire d\u2019UNIR -","isPartOf":{"@id":"https:\/\/macite.tg\/#website"},"primaryImageOfPage":{"@id":"https:\/\/macite.tg\/?p=23377#primaryimage"},"image":{"@id":"https:\/\/macite.tg\/?p=23377#primaryimage"},"thumbnailUrl":"https:\/\/macite.tg\/wp-content\/uploads\/2025\/07\/OTI2.jpg","datePublished":"2025-07-09T10:11:18+00:00","dateModified":"2025-07-09T10:11:20+00:00","author":{"@id":"https:\/\/macite.tg\/#\/schema\/person\/e9f2de7e5dbbe7770a9402c7ce82f5c2"},"breadcrumb":{"@id":"https:\/\/macite.tg\/?p=23377#breadcrumb"},"inLanguage":"fr-FR","potentialAction":[{"@type":"ReadAction","target":["https:\/\/macite.tg\/?p=23377"]}]},{"@type":"ImageObject","inLanguage":"fr-FR","@id":"https:\/\/macite.tg\/?p=23377#primaryimage","url":"https:\/\/macite.tg\/wp-content\/uploads\/2025\/07\/OTI2.jpg","contentUrl":"https:\/\/macite.tg\/wp-content\/uploads\/2025\/07\/OTI2.jpg","width":500,"height":184},{"@type":"BreadcrumbList","@id":"https:\/\/macite.tg\/?p=23377#breadcrumb","itemListElement":[{"@type":"ListItem","position":1,"name":"Accueil","item":"https:\/\/macite.tg\/"},{"@type":"ListItem","position":2,"name":"MUNICIPALES 2025 DANS L\u2019OTI 2 : L\u2019honorable S\u00e9nateur No\u00ebl Depoukn en v\u00e9ritable chef de terrain pour la victoire d\u2019UNIR"}]},{"@type":"WebSite","@id":"https:\/\/macite.tg\/#website","url":"https:\/\/macite.tg\/","name":"","description":"L&#039;information, la bonne!!!","potentialAction":[{"@type":"SearchAction","target":{"@type":"EntryPoint","urlTemplate":"https:\/\/macite.tg\/?s={search_term_string}"},"query-input":{"@type":"PropertyValueSpecification","valueRequired":true,"valueName":"search_term_string"}}],"inLanguage":"fr-FR"},{"@type":"Person","@id":"https:\/\/macite.tg\/#\/schema\/person\/e9f2de7e5dbbe7770a9402c7ce82f5c2","name":"Jean Pierre BAWELA","image":{"@type":"ImageObject","inLanguage":"fr-FR","@id":"https:\/\/macite.tg\/wp-content\/uploads\/2023\/09\/WhatsApp-Image-2023-09-19-at-14.44.41-122x122.jpeg","url":"https:\/\/macite.tg\/wp-content\/uploads\/2023\/09\/WhatsApp-Image-2023-09-19-at-14.44.41-122x122.jpeg","contentUrl":"https:\/\/macite.tg\/wp-content\/uploads\/2023\/09\/WhatsApp-Image-2023-09-19-at-14.44.41-122x122.jpeg","caption":"Jean Pierre BAWELA"},"url":"https:\/\/macite.tg\/?author=2"}]}},"_links":{"self":[{"href":"https:\/\/macite.tg\/index.php?rest_route=\/wp\/v2\/posts\/23377","targetHints":{"allow":["GET"]}}],"collection":[{"href":"https:\/\/macite.tg\/index.php?rest_route=\/wp\/v2\/posts"}],"about":[{"href":"https:\/\/macite.tg\/index.php?rest_route=\/wp\/v2\/types\/post"}],"author":[{"embeddable":true,"href":"https:\/\/macite.tg\/index.php?rest_route=\/wp\/v2\/users\/2"}],"replies":[{"embeddable":true,"href":"https:\/\/macite.tg\/index.php?rest_route=%2Fwp%2Fv2%2Fcomments&post=23377"}],"version-history":[{"count":0,"href":"https:\/\/macite.tg\/index.php?rest_route=\/wp\/v2\/posts\/23377\/revisions"}],"wp:featuredmedia":[{"embeddable":true,"href":"https:\/\/macite.tg\/index.php?rest_route=\/wp\/v2\/media\/23378"}],"wp:attachment":[{"href":"https:\/\/macite.tg\/index.php?rest_route=%2Fwp%2Fv2%2Fmedia&parent=23377"}],"wp:term":[{"taxonomy":"category","embeddable":true,"href":"https:\/\/macite.tg\/index.php?rest_route=%2Fwp%2Fv2%2Fcategories&post=23377"},{"taxonomy":"post_tag","embeddable":true,"href":"https:\/\/macite.tg\/index.php?rest_route=%2Fwp%2Fv2%2Ftags&post=23377"}],"curies":[{"name":"wp","href":"https:\/\/api.w.org\/{rel}","templated":true}]}}