{"id":23373,"date":"2025-07-08T18:20:56","date_gmt":"2025-07-08T18:20:56","guid":{"rendered":"https:\/\/macite.tg\/?p=23373"},"modified":"2025-07-08T20:42:12","modified_gmt":"2025-07-08T20:42:12","slug":"engagement-huanitaire-le-togo-felicite-pour-ses-actions-en-faveur-des-refugies-et-deplaces","status":"publish","type":"post","link":"https:\/\/macite.tg\/?p=23373","title":{"rendered":"ENGAGEMENT HUMANITAIRE\u00a0: Le Togo f\u00e9licit\u00e9 pour ses actions en faveur des r\u00e9fugi\u00e9s et d\u00e9plac\u00e9s"},"content":{"rendered":"\n<p class=\"wp-block-paragraph\"><strong><em>Dans un contexte sous-r\u00e9gional marqu\u00e9 par les d\u00e9placements forc\u00e9s et les tensions s\u00e9curitaires, le Togo fait figure d&rsquo;exemple par son engagement humanitaire et ses actions en faveur des r\u00e9fugi\u00e9s et d\u00e9plac\u00e9s internes. \u00c0 l&rsquo;occasion de la Journ\u00e9e mondiale des r\u00e9fugi\u00e9s, c\u00e9l\u00e9br\u00e9e le 20 juin de chaque ann\u00e9e, les autorit\u00e9s ont lanc\u00e9 une vaste campagne de consultations m\u00e9dicales gratuites pour plus de 2 000 r\u00e9fugi\u00e9s vivant dans la r\u00e9gion des Savanes. C\u2019est l\u2019une des nombreuses actions initi\u00e9es par le gouvernement pour le bien \u00eatre de ces personnes en situation d\u00e9licate.<\/em><\/strong><\/p>\n\n\n\n<p class=\"wp-block-paragraph\"><strong>Acte de proximit\u00e9 et d&rsquo;humanit\u00e9<\/strong><\/p>\n\n\n\n<p class=\"wp-block-paragraph\">L&rsquo;initiative traduit une volont\u00e9 affirm\u00e9e de garantir un acc\u00e8s \u00e9quitable aux services sociaux de base pour les personnes qui, fuyant les violences ou les pers\u00e9cutions, ont trouv\u00e9 refuge sur le territoire togolais. En collaboration avec des partenaires techniques et financiers, le gouvernement \u0153uvre ainsi pour une int\u00e9gration humaine, digne et durable de ces populations.<\/p>\n\n\n\n<p class=\"wp-block-paragraph\">La campagne de soins gratuits lanc\u00e9e dans le nord du pays se veut globale et inclusive. Elle comprend une gamme de services essentiels : consultations pr\u00e9natales avec \u00e9chographies obst\u00e9tricales pour les femmes enceintes, consultations ophtalmologiques, prise en charge en sant\u00e9 mentale, d\u00e9pistages du VIH, du diab\u00e8te et de l&rsquo;hypertension art\u00e9rielle.<\/p>\n\n\n<div class=\"wp-block-image\">\n<figure class=\"aligncenter size-full\"><img loading=\"lazy\" decoding=\"async\" width=\"526\" height=\"526\" src=\"https:\/\/macite.tg\/wp-content\/uploads\/2025\/07\/1.OTR_.jpg\" alt=\"\" class=\"wp-image-23330\" srcset=\"https:\/\/macite.tg\/wp-content\/uploads\/2025\/07\/1.OTR_.jpg 526w, https:\/\/macite.tg\/wp-content\/uploads\/2025\/07\/1.OTR_-300x300.jpg 300w, https:\/\/macite.tg\/wp-content\/uploads\/2025\/07\/1.OTR_-150x150.jpg 150w, https:\/\/macite.tg\/wp-content\/uploads\/2025\/07\/1.OTR_-122x122.jpg 122w\" sizes=\"auto, (max-width: 526px) 100vw, 526px\" \/><\/figure>\n<\/div>\n\n\n<p class=\"wp-block-paragraph\">Le programme inclut \u00e9galement la vaccination de routine des enfants, le traitement de la malnutrition ainsi que la distribution de moustiquaires impr\u00e9gn\u00e9es. Cette r\u00e9ponse sanitaire, qui concerne \u00e0 la fois les r\u00e9fugi\u00e9s et les communaut\u00e9s h\u00f4tes, vise \u00e0 renforcer la r\u00e9silience collective dans les zones d&rsquo;accueil. L&rsquo;objectif est double : pr\u00e9venir les crises de sant\u00e9 publique et t\u00e9moigner, par l&rsquo;action, de la solidarit\u00e9 de l&rsquo;\u00c9tat envers ceux qui ont tout perdu.<\/p>\n\n\n\n<p class=\"wp-block-paragraph\">Au-del\u00e0 des urgences sanitaires, le Togo a inscrit dans sa politique nationale des mesures ambitieuses en faveur de l&rsquo;inclusion sociale des r\u00e9fugi\u00e9s, d\u00e9plac\u00e9s internes et apatrides. Le gouvernement s&rsquo;est engag\u00e9 \u00e0 int\u00e9grer 15.000 personnes vuln\u00e9rables dans les projets de protection sociale non contributive et 5.000 autres dans les dispositifs d&rsquo;autonomisation \u00e9conomique, avec une approche sensible au genre. Sur le plan \u00e9ducatif, les efforts sont tout aussi notables.<\/p>\n\n\n\n<p class=\"wp-block-paragraph\">L&rsquo;\u00c9tat garantit d\u00e9sormais l&rsquo;acc\u00e8s \u00e0 l&rsquo;\u00e9ducation de base et \u00e0 l&rsquo;enseignement sup\u00e9rieur \u00e0 8.000 enfants r\u00e9fugi\u00e9s et d\u00e9plac\u00e9s internes, dans les m\u00eames conditions que les enfants togolais, gr\u00e2ce \u00e0 la simplification des proc\u00e9dures d&rsquo;inscription et \u00e0 la d\u00e9livrance des documents administratifs n\u00e9cessaires \u00e0 la scolarisation.<\/p>\n\n\n\n<p class=\"wp-block-paragraph\">Avec pr\u00e8s de 33.000 r\u00e9fugi\u00e9s et demandeurs d&rsquo;asile vivant sur son territoire, le Togo d\u00e9montre qu&rsquo;au-del\u00e0 des discours, la solidarit\u00e9 est un principe actif de gouvernance. En octobre 2024, plus de 12 688 m\u00e9nages vuln\u00e9rables, repr\u00e9sentant environ 63.440 personnes, avaient d\u00e9j\u00e0 b\u00e9n\u00e9fici\u00e9 de kits alimentaires et nutritionnels dans les zones d&rsquo;accueil, dans le cadre de la 3\u1d49 phase du programme CNAR-PAM. Cet effort multisectoriel renforce la position du pays en tant que terre d&rsquo;hospitalit\u00e9 et d&rsquo;inclusion. Il traduit aussi une conception moderne de la gouvernance humanitaire, o\u00f9 chaque r\u00e9fugi\u00e9 est vu non comme un fardeau, mais comme un acteur potentiel du d\u00e9veloppement local.<\/p>\n\n\n<div class=\"wp-block-image\">\n<figure class=\"aligncenter size-full\"><img loading=\"lazy\" decoding=\"async\" width=\"851\" height=\"315\" src=\"https:\/\/macite.tg\/wp-content\/uploads\/2025\/06\/OTR_Bandeau-Renseignements-1.jpg\" alt=\"\" class=\"wp-image-23140\" srcset=\"https:\/\/macite.tg\/wp-content\/uploads\/2025\/06\/OTR_Bandeau-Renseignements-1.jpg 851w, https:\/\/macite.tg\/wp-content\/uploads\/2025\/06\/OTR_Bandeau-Renseignements-1-300x111.jpg 300w, https:\/\/macite.tg\/wp-content\/uploads\/2025\/06\/OTR_Bandeau-Renseignements-1-768x284.jpg 768w\" sizes=\"auto, (max-width: 851px) 100vw, 851px\" \/><\/figure>\n<\/div>\n\n\n<p class=\"wp-block-paragraph\"><strong>Un arsenal juridique contre l&rsquo;apatridie<\/strong><\/p>\n\n\n\n<p class=\"wp-block-paragraph\">Conscient de l&rsquo;enjeu que repr\u00e9sente l&rsquo;apatridie, notamment chez les enfants n\u00e9s de parents \u00e9trangers, le Togo a engag\u00e9 une r\u00e9vision en profondeur de son Code de la nationalit\u00e9. Le nouveau texte pr\u00e9voit l&rsquo;attribution de la nationalit\u00e9 togolaise aux enfants n\u00e9s sur le territoire national de parents \u00e9trangers, afin de pr\u00e9venir toute situation d&rsquo;apatridie \u00e0 la naissance.<\/p>\n\n\n\n<p class=\"wp-block-paragraph\">Autre avanc\u00e9e majeure : la suppression de toute possibilit\u00e9 de d\u00e9ch\u00e9ance de nationalit\u00e9 si cela devait entra\u00eener l&rsquo;apatridie. Ce renforcement du cadre juridique d\u00e9coule de la ratification, par le Togo, de la Convention des Nations Unies sur la r\u00e9duction des cas d&rsquo;apatridie, consolidant ainsi son r\u00f4le de pionnier dans la sous-r\u00e9gion.<\/p>\n\n\n\n<p class=\"wp-block-paragraph\">L&rsquo;engagement du Togo est salu\u00e9 \u00e0 l&rsquo;international. En juin 2025, le pays a \u00e9t\u00e9 d\u00e9sign\u00e9 comme l&rsquo;un des 4 b\u00e9n\u00e9ficiaires d&rsquo;un financement de plus de 6,5 milliards de francs CFA de l&rsquo;Union europ\u00e9enne, dans le cadre de l&rsquo;initiative r\u00e9gionale Unit\u00e9. Le but est de soutenir les populations d\u00e9plac\u00e9es fuyant les violences du Sahel, principalement du Burkina Faso, et d&rsquo;aider les communaut\u00e9s h\u00f4tes \u00e0 absorber cet afflux. Ce projet, mis en \u0153uvre par le HCR, l&rsquo;OIM, l&rsquo;Unicef et le PAM sur une p\u00e9riode de deux ans, permettra d&rsquo;am\u00e9liorer l&rsquo;acc\u00e8s \u00e0 l&rsquo;\u00e9ducation, aux soins de sant\u00e9, au logement, aux activit\u00e9s g\u00e9n\u00e9ratrices de revenus et au renforcement de la s\u00e9curit\u00e9 alimentaire. L&rsquo;ambition est claire : faire de l&rsquo;humanitaire un levier de d\u00e9veloppement durable.<\/p>\n\n\n\n<p class=\"wp-block-paragraph\">Le vendredi 04 juillet 2025, la r\u00e9union minist\u00e9rielle relative au dialogue r\u00e9gional sur la s\u00e9curit\u00e9 nationale et la protection des r\u00e9fugi\u00e9s a abouti \u00e0 l\u2019adoption et \u00e0 la signature de la <em>\u00ab D\u00e9claration de Lom\u00e9 \u00bb<\/em> sur la s\u00e9curit\u00e9 nationale et la protection des r\u00e9fugi\u00e9s, fruit d\u2019un processus de dialogue concert\u00e9 et continu entam\u00e9 depuis plus d\u2019un an par cinq pays notamment, le B\u00e9nin, le Burkina Faso, la C\u00f4te d\u2019Ivoire, le Ghana et le Togo sur des th\u00e9matiques vari\u00e9es touchant aux d\u00e9placements forc\u00e9s. <\/p>\n\n\n<div class=\"wp-block-image\">\n<figure class=\"aligncenter size-large is-resized\"><img loading=\"lazy\" decoding=\"async\" width=\"724\" height=\"1024\" src=\"https:\/\/macite.tg\/wp-content\/uploads\/2025\/07\/a6d3da27-4f83-4915-bc4c-3433316219fc-724x1024.jpg\" alt=\"\" class=\"wp-image-23223\" style=\"width:532px;height:auto\" srcset=\"https:\/\/macite.tg\/wp-content\/uploads\/2025\/07\/a6d3da27-4f83-4915-bc4c-3433316219fc-724x1024.jpg 724w, https:\/\/macite.tg\/wp-content\/uploads\/2025\/07\/a6d3da27-4f83-4915-bc4c-3433316219fc-212x300.jpg 212w, https:\/\/macite.tg\/wp-content\/uploads\/2025\/07\/a6d3da27-4f83-4915-bc4c-3433316219fc-768x1086.jpg 768w, https:\/\/macite.tg\/wp-content\/uploads\/2025\/07\/a6d3da27-4f83-4915-bc4c-3433316219fc-1087x1536.jpg 1087w, https:\/\/macite.tg\/wp-content\/uploads\/2025\/07\/a6d3da27-4f83-4915-bc4c-3433316219fc.jpg 1132w\" sizes=\"auto, (max-width: 724px) 100vw, 724px\" \/><\/figure>\n<\/div>\n\n\n<p class=\"wp-block-paragraph\">Selon le ministre de la S\u00e9curit\u00e9 et de la Protection civile du Togo, Calixte Madjoulba, depuis 2012, la d\u00e9gradation de la situation s\u00e9curitaire au Sahel a entra\u00een\u00e9 le d\u00e9placement forc\u00e9 de plus de 4 millions de personnes en Afrique de l&rsquo;Ouest et du Centre, engendrant d&rsquo;importants d\u00e9placements internes ainsi que des mouvements de r\u00e9fugi\u00e9s vers les pays voisins.<\/p>\n\n\n\n<p class=\"wp-block-paragraph\">Si les premiers flux sont demeur\u00e9s essentiellement sous-r\u00e9gionaux, la situation au Burkina Faso, \u00e0 partir de 2021, avait provoqu\u00e9 des mouvements de r\u00e9fugi\u00e9s et de demandeurs d&rsquo;asile vers le Togo, le B\u00e9nin, la C\u00f4te d&rsquo;Ivoire et le Ghana, et qu\u2019\u00e0 la fin du mois de mars 2025, on recensait environ 154.200 arriv\u00e9es dans ces 4 pays, auxquels s&rsquo;ajoutent plus de 19.000 personnes d\u00e9plac\u00e9es \u00e0 l&rsquo;int\u00e9rieur des territoires b\u00e9ninois et togolais.<\/p>\n\n\n\n<p class=\"wp-block-paragraph\"><strong>(In LE MEDIUM n\u00b0660 du 08 au 14 juillet 2025)<\/strong><\/p>\n\n\n\n<p class=\"wp-block-paragraph\"><strong><em>@macite.tg&nbsp;&nbsp;&nbsp;&nbsp;&nbsp;&nbsp;&nbsp;&nbsp;<\/em><\/strong><\/p>\n\n\n\n<p class=\"wp-block-paragraph\"><strong><em>E-mail&nbsp;: <\/em><\/strong><a href=\"mailto:maciteinfo@gmail.com\"><strong><em>maciteinfo@gmail.com<\/em><\/strong><\/a><strong><em>; <\/em><\/strong><a href=\"mailto:bawela1@gmail.com\"><strong><em>bawela1@gmail.com<\/em><\/strong><\/a><strong><em><\/em><\/strong><\/p>\n\n\n\n<p class=\"wp-block-paragraph\"><strong><em>Pour vos annonces, (publi)reportages, etc., joignez-nous au (00228)91515309\/<strong>79872224 <\/strong>www.macite.tg, L\u2019information, la bonne&nbsp;!<\/em><\/strong><\/p>\n\n\n\n<p class=\"wp-block-paragraph\"><\/p>\n","protected":false},"excerpt":{"rendered":"<p class=\"text-justify mb-2\" >Dans un contexte sous-r\u00e9gional marqu\u00e9 par les d\u00e9placements forc\u00e9s et les tensions s\u00e9curitaires, le Togo fait figure d&rsquo;exemple par son engagement humanitaire et ses actions en faveur des r\u00e9fugi\u00e9s et d\u00e9plac\u00e9s internes. \u00c0 l&rsquo;occasion de la Journ\u00e9e mondiale des r\u00e9fugi\u00e9s, c\u00e9l\u00e9br\u00e9e le 20 juin de [&hellip;]<\/p>\n","protected":false},"author":2,"featured_media":23374,"comment_status":"open","ping_status":"open","sticky":false,"template":"","format":"standard","meta":{"footnotes":""},"categories":[20,30],"tags":[],"class_list":["post-23373","post","type-post","status-publish","format-standard","has-post-thumbnail","hentry","category-actualite","category-droit-de-lhomme"],"yoast_head":"<!-- This site is optimized with the Yoast SEO plugin v28.4 - https:\/\/yoast.com\/product\/yoast-seo-wordpress\/ -->\n<title>ENGAGEMENT HUMANITAIRE\u00a0: Le Togo f\u00e9licit\u00e9 pour ses actions en faveur des r\u00e9fugi\u00e9s et d\u00e9plac\u00e9s -<\/title>\n<meta name=\"robots\" content=\"index, follow, max-snippet:-1, max-image-preview:large, max-video-preview:-1\" \/>\n<link rel=\"canonical\" href=\"https:\/\/macite.tg\/?p=23373\" \/>\n<meta property=\"og:locale\" content=\"fr_FR\" \/>\n<meta property=\"og:type\" content=\"article\" \/>\n<meta property=\"og:title\" content=\"ENGAGEMENT HUMANITAIRE\u00a0: Le Togo f\u00e9licit\u00e9 pour ses actions en faveur des r\u00e9fugi\u00e9s et d\u00e9plac\u00e9s -\" \/>\n<meta property=\"og:description\" content=\"Dans un contexte sous-r\u00e9gional marqu\u00e9 par les d\u00e9placements forc\u00e9s et les tensions s\u00e9curitaires, le Togo fait figure d&rsquo;exemple par son engagement humanitaire et ses actions en faveur des r\u00e9fugi\u00e9s et d\u00e9plac\u00e9s internes. \u00c0 l&rsquo;occasion de la Journ\u00e9e mondiale des r\u00e9fugi\u00e9s, c\u00e9l\u00e9br\u00e9e le 20 juin de [&hellip;]\" \/>\n<meta property=\"og:url\" content=\"https:\/\/macite.tg\/?p=23373\" \/>\n<meta property=\"article:published_time\" content=\"2025-07-08T18:20:56+00:00\" \/>\n<meta property=\"article:modified_time\" content=\"2025-07-08T20:42:12+00:00\" \/>\n<meta property=\"og:image\" content=\"https:\/\/macite.tg\/wp-content\/uploads\/2025\/07\/Sans-titre.jpg\" \/>\n\t<meta property=\"og:image:width\" content=\"500\" \/>\n\t<meta property=\"og:image:height\" content=\"294\" \/>\n\t<meta property=\"og:image:type\" content=\"image\/jpeg\" \/>\n<meta name=\"author\" content=\"Jean Pierre BAWELA\" \/>\n<meta name=\"twitter:card\" content=\"summary_large_image\" \/>\n<meta name=\"twitter:label1\" content=\"\u00c9crit par\" \/>\n\t<meta name=\"twitter:data1\" content=\"Jean Pierre BAWELA\" \/>\n\t<meta name=\"twitter:label2\" content=\"Dur\u00e9e de lecture estim\u00e9e\" \/>\n\t<meta name=\"twitter:data2\" content=\"6 minutes\" \/>\n<script type=\"application\/ld+json\" class=\"yoast-schema-graph\">{\"@context\":\"https:\\\/\\\/schema.org\",\"@graph\":[{\"@type\":\"Article\",\"@id\":\"https:\\\/\\\/macite.tg\\\/?p=23373#article\",\"isPartOf\":{\"@id\":\"https:\\\/\\\/macite.tg\\\/?p=23373\"},\"author\":{\"name\":\"Jean Pierre BAWELA\",\"@id\":\"https:\\\/\\\/macite.tg\\\/#\\\/schema\\\/person\\\/e9f2de7e5dbbe7770a9402c7ce82f5c2\"},\"headline\":\"ENGAGEMENT HUMANITAIRE\u00a0: Le Togo f\u00e9licit\u00e9 pour ses actions en faveur des r\u00e9fugi\u00e9s et d\u00e9plac\u00e9s\",\"datePublished\":\"2025-07-08T18:20:56+00:00\",\"dateModified\":\"2025-07-08T20:42:12+00:00\",\"mainEntityOfPage\":{\"@id\":\"https:\\\/\\\/macite.tg\\\/?p=23373\"},\"wordCount\":1132,\"commentCount\":0,\"image\":{\"@id\":\"https:\\\/\\\/macite.tg\\\/?p=23373#primaryimage\"},\"thumbnailUrl\":\"https:\\\/\\\/macite.tg\\\/wp-content\\\/uploads\\\/2025\\\/07\\\/Sans-titre.jpg\",\"articleSection\":[\"ACTUALITE\",\"DROIT DE L'HOMME\"],\"inLanguage\":\"fr-FR\",\"potentialAction\":[{\"@type\":\"CommentAction\",\"name\":\"Comment\",\"target\":[\"https:\\\/\\\/macite.tg\\\/?p=23373#respond\"]}]},{\"@type\":\"WebPage\",\"@id\":\"https:\\\/\\\/macite.tg\\\/?p=23373\",\"url\":\"https:\\\/\\\/macite.tg\\\/?p=23373\",\"name\":\"ENGAGEMENT HUMANITAIRE\u00a0: Le Togo f\u00e9licit\u00e9 pour ses actions en faveur des r\u00e9fugi\u00e9s et d\u00e9plac\u00e9s -\",\"isPartOf\":{\"@id\":\"https:\\\/\\\/macite.tg\\\/#website\"},\"primaryImageOfPage\":{\"@id\":\"https:\\\/\\\/macite.tg\\\/?p=23373#primaryimage\"},\"image\":{\"@id\":\"https:\\\/\\\/macite.tg\\\/?p=23373#primaryimage\"},\"thumbnailUrl\":\"https:\\\/\\\/macite.tg\\\/wp-content\\\/uploads\\\/2025\\\/07\\\/Sans-titre.jpg\",\"datePublished\":\"2025-07-08T18:20:56+00:00\",\"dateModified\":\"2025-07-08T20:42:12+00:00\",\"author\":{\"@id\":\"https:\\\/\\\/macite.tg\\\/#\\\/schema\\\/person\\\/e9f2de7e5dbbe7770a9402c7ce82f5c2\"},\"breadcrumb\":{\"@id\":\"https:\\\/\\\/macite.tg\\\/?p=23373#breadcrumb\"},\"inLanguage\":\"fr-FR\",\"potentialAction\":[{\"@type\":\"ReadAction\",\"target\":[\"https:\\\/\\\/macite.tg\\\/?p=23373\"]}]},{\"@type\":\"ImageObject\",\"inLanguage\":\"fr-FR\",\"@id\":\"https:\\\/\\\/macite.tg\\\/?p=23373#primaryimage\",\"url\":\"https:\\\/\\\/macite.tg\\\/wp-content\\\/uploads\\\/2025\\\/07\\\/Sans-titre.jpg\",\"contentUrl\":\"https:\\\/\\\/macite.tg\\\/wp-content\\\/uploads\\\/2025\\\/07\\\/Sans-titre.jpg\",\"width\":500,\"height\":294,\"caption\":\"S\u00e9ance d\u2019enregistrement de refugi\u00e9s et d\u00e9plac\u00e9s dans la r\u00e9gion des Savanes\"},{\"@type\":\"BreadcrumbList\",\"@id\":\"https:\\\/\\\/macite.tg\\\/?p=23373#breadcrumb\",\"itemListElement\":[{\"@type\":\"ListItem\",\"position\":1,\"name\":\"Accueil\",\"item\":\"https:\\\/\\\/macite.tg\\\/\"},{\"@type\":\"ListItem\",\"position\":2,\"name\":\"ENGAGEMENT HUMANITAIRE\u00a0: Le Togo f\u00e9licit\u00e9 pour ses actions en faveur des r\u00e9fugi\u00e9s et d\u00e9plac\u00e9s\"}]},{\"@type\":\"WebSite\",\"@id\":\"https:\\\/\\\/macite.tg\\\/#website\",\"url\":\"https:\\\/\\\/macite.tg\\\/\",\"name\":\"\",\"description\":\"L&#039;information, la bonne!!!\",\"potentialAction\":[{\"@type\":\"SearchAction\",\"target\":{\"@type\":\"EntryPoint\",\"urlTemplate\":\"https:\\\/\\\/macite.tg\\\/?s={search_term_string}\"},\"query-input\":{\"@type\":\"PropertyValueSpecification\",\"valueRequired\":true,\"valueName\":\"search_term_string\"}}],\"inLanguage\":\"fr-FR\"},{\"@type\":\"Person\",\"@id\":\"https:\\\/\\\/macite.tg\\\/#\\\/schema\\\/person\\\/e9f2de7e5dbbe7770a9402c7ce82f5c2\",\"name\":\"Jean Pierre BAWELA\",\"image\":{\"@type\":\"ImageObject\",\"inLanguage\":\"fr-FR\",\"@id\":\"https:\\\/\\\/macite.tg\\\/wp-content\\\/uploads\\\/2023\\\/09\\\/WhatsApp-Image-2023-09-19-at-14.44.41-122x122.jpeg\",\"url\":\"https:\\\/\\\/macite.tg\\\/wp-content\\\/uploads\\\/2023\\\/09\\\/WhatsApp-Image-2023-09-19-at-14.44.41-122x122.jpeg\",\"contentUrl\":\"https:\\\/\\\/macite.tg\\\/wp-content\\\/uploads\\\/2023\\\/09\\\/WhatsApp-Image-2023-09-19-at-14.44.41-122x122.jpeg\",\"caption\":\"Jean Pierre BAWELA\"},\"url\":\"https:\\\/\\\/macite.tg\\\/?author=2\"}]}<\/script>\n<!-- \/ Yoast SEO plugin. -->","yoast_head_json":{"title":"ENGAGEMENT HUMANITAIRE\u00a0: Le Togo f\u00e9licit\u00e9 pour ses actions en faveur des r\u00e9fugi\u00e9s et d\u00e9plac\u00e9s -","robots":{"index":"index","follow":"follow","max-snippet":"max-snippet:-1","max-image-preview":"max-image-preview:large","max-video-preview":"max-video-preview:-1"},"canonical":"https:\/\/macite.tg\/?p=23373","og_locale":"fr_FR","og_type":"article","og_title":"ENGAGEMENT HUMANITAIRE\u00a0: Le Togo f\u00e9licit\u00e9 pour ses actions en faveur des r\u00e9fugi\u00e9s et d\u00e9plac\u00e9s -","og_description":"Dans un contexte sous-r\u00e9gional marqu\u00e9 par les d\u00e9placements forc\u00e9s et les tensions s\u00e9curitaires, le Togo fait figure d&rsquo;exemple par son engagement humanitaire et ses actions en faveur des r\u00e9fugi\u00e9s et d\u00e9plac\u00e9s internes. \u00c0 l&rsquo;occasion de la Journ\u00e9e mondiale des r\u00e9fugi\u00e9s, c\u00e9l\u00e9br\u00e9e le 20 juin de [&hellip;]","og_url":"https:\/\/macite.tg\/?p=23373","article_published_time":"2025-07-08T18:20:56+00:00","article_modified_time":"2025-07-08T20:42:12+00:00","og_image":[{"width":500,"height":294,"url":"https:\/\/macite.tg\/wp-content\/uploads\/2025\/07\/Sans-titre.jpg","type":"image\/jpeg"}],"author":"Jean Pierre BAWELA","twitter_card":"summary_large_image","twitter_misc":{"\u00c9crit par":"Jean Pierre BAWELA","Dur\u00e9e de lecture estim\u00e9e":"6 minutes"},"schema":{"@context":"https:\/\/schema.org","@graph":[{"@type":"Article","@id":"https:\/\/macite.tg\/?p=23373#article","isPartOf":{"@id":"https:\/\/macite.tg\/?p=23373"},"author":{"name":"Jean Pierre BAWELA","@id":"https:\/\/macite.tg\/#\/schema\/person\/e9f2de7e5dbbe7770a9402c7ce82f5c2"},"headline":"ENGAGEMENT HUMANITAIRE\u00a0: Le Togo f\u00e9licit\u00e9 pour ses actions en faveur des r\u00e9fugi\u00e9s et d\u00e9plac\u00e9s","datePublished":"2025-07-08T18:20:56+00:00","dateModified":"2025-07-08T20:42:12+00:00","mainEntityOfPage":{"@id":"https:\/\/macite.tg\/?p=23373"},"wordCount":1132,"commentCount":0,"image":{"@id":"https:\/\/macite.tg\/?p=23373#primaryimage"},"thumbnailUrl":"https:\/\/macite.tg\/wp-content\/uploads\/2025\/07\/Sans-titre.jpg","articleSection":["ACTUALITE","DROIT DE L'HOMME"],"inLanguage":"fr-FR","potentialAction":[{"@type":"CommentAction","name":"Comment","target":["https:\/\/macite.tg\/?p=23373#respond"]}]},{"@type":"WebPage","@id":"https:\/\/macite.tg\/?p=23373","url":"https:\/\/macite.tg\/?p=23373","name":"ENGAGEMENT HUMANITAIRE\u00a0: Le Togo f\u00e9licit\u00e9 pour ses actions en faveur des r\u00e9fugi\u00e9s et d\u00e9plac\u00e9s -","isPartOf":{"@id":"https:\/\/macite.tg\/#website"},"primaryImageOfPage":{"@id":"https:\/\/macite.tg\/?p=23373#primaryimage"},"image":{"@id":"https:\/\/macite.tg\/?p=23373#primaryimage"},"thumbnailUrl":"https:\/\/macite.tg\/wp-content\/uploads\/2025\/07\/Sans-titre.jpg","datePublished":"2025-07-08T18:20:56+00:00","dateModified":"2025-07-08T20:42:12+00:00","author":{"@id":"https:\/\/macite.tg\/#\/schema\/person\/e9f2de7e5dbbe7770a9402c7ce82f5c2"},"breadcrumb":{"@id":"https:\/\/macite.tg\/?p=23373#breadcrumb"},"inLanguage":"fr-FR","potentialAction":[{"@type":"ReadAction","target":["https:\/\/macite.tg\/?p=23373"]}]},{"@type":"ImageObject","inLanguage":"fr-FR","@id":"https:\/\/macite.tg\/?p=23373#primaryimage","url":"https:\/\/macite.tg\/wp-content\/uploads\/2025\/07\/Sans-titre.jpg","contentUrl":"https:\/\/macite.tg\/wp-content\/uploads\/2025\/07\/Sans-titre.jpg","width":500,"height":294,"caption":"S\u00e9ance d\u2019enregistrement de refugi\u00e9s et d\u00e9plac\u00e9s dans la r\u00e9gion des Savanes"},{"@type":"BreadcrumbList","@id":"https:\/\/macite.tg\/?p=23373#breadcrumb","itemListElement":[{"@type":"ListItem","position":1,"name":"Accueil","item":"https:\/\/macite.tg\/"},{"@type":"ListItem","position":2,"name":"ENGAGEMENT HUMANITAIRE\u00a0: Le Togo f\u00e9licit\u00e9 pour ses actions en faveur des r\u00e9fugi\u00e9s et d\u00e9plac\u00e9s"}]},{"@type":"WebSite","@id":"https:\/\/macite.tg\/#website","url":"https:\/\/macite.tg\/","name":"","description":"L&#039;information, la bonne!!!","potentialAction":[{"@type":"SearchAction","target":{"@type":"EntryPoint","urlTemplate":"https:\/\/macite.tg\/?s={search_term_string}"},"query-input":{"@type":"PropertyValueSpecification","valueRequired":true,"valueName":"search_term_string"}}],"inLanguage":"fr-FR"},{"@type":"Person","@id":"https:\/\/macite.tg\/#\/schema\/person\/e9f2de7e5dbbe7770a9402c7ce82f5c2","name":"Jean Pierre BAWELA","image":{"@type":"ImageObject","inLanguage":"fr-FR","@id":"https:\/\/macite.tg\/wp-content\/uploads\/2023\/09\/WhatsApp-Image-2023-09-19-at-14.44.41-122x122.jpeg","url":"https:\/\/macite.tg\/wp-content\/uploads\/2023\/09\/WhatsApp-Image-2023-09-19-at-14.44.41-122x122.jpeg","contentUrl":"https:\/\/macite.tg\/wp-content\/uploads\/2023\/09\/WhatsApp-Image-2023-09-19-at-14.44.41-122x122.jpeg","caption":"Jean Pierre BAWELA"},"url":"https:\/\/macite.tg\/?author=2"}]}},"_links":{"self":[{"href":"https:\/\/macite.tg\/index.php?rest_route=\/wp\/v2\/posts\/23373","targetHints":{"allow":["GET"]}}],"collection":[{"href":"https:\/\/macite.tg\/index.php?rest_route=\/wp\/v2\/posts"}],"about":[{"href":"https:\/\/macite.tg\/index.php?rest_route=\/wp\/v2\/types\/post"}],"author":[{"embeddable":true,"href":"https:\/\/macite.tg\/index.php?rest_route=\/wp\/v2\/users\/2"}],"replies":[{"embeddable":true,"href":"https:\/\/macite.tg\/index.php?rest_route=%2Fwp%2Fv2%2Fcomments&post=23373"}],"version-history":[{"count":0,"href":"https:\/\/macite.tg\/index.php?rest_route=\/wp\/v2\/posts\/23373\/revisions"}],"wp:featuredmedia":[{"embeddable":true,"href":"https:\/\/macite.tg\/index.php?rest_route=\/wp\/v2\/media\/23374"}],"wp:attachment":[{"href":"https:\/\/macite.tg\/index.php?rest_route=%2Fwp%2Fv2%2Fmedia&parent=23373"}],"wp:term":[{"taxonomy":"category","embeddable":true,"href":"https:\/\/macite.tg\/index.php?rest_route=%2Fwp%2Fv2%2Fcategories&post=23373"},{"taxonomy":"post_tag","embeddable":true,"href":"https:\/\/macite.tg\/index.php?rest_route=%2Fwp%2Fv2%2Ftags&post=23373"}],"curies":[{"name":"wp","href":"https:\/\/api.w.org\/{rel}","templated":true}]}}