{"id":23368,"date":"2025-07-08T16:55:57","date_gmt":"2025-07-08T16:55:57","guid":{"rendered":"https:\/\/macite.tg\/?p=23368"},"modified":"2025-07-08T16:56:07","modified_gmt":"2025-07-08T16:56:07","slug":"tchamba-municipales-2025-balanka-voit-bleu-blanc","status":"publish","type":"post","link":"https:\/\/macite.tg\/?p=23368","title":{"rendered":"TCHAMBA\u00a0\/ MUNICIPALES 2025 : Balanka voit \u2018\u2019Bleu-blanc\u2019\u2019"},"content":{"rendered":"\n<p class=\"wp-block-paragraph\"><strong><em>La campagne \u00e9lectorale bat son plein dans la pr\u00e9fecture de Tchamba. D\u00e9marr\u00e9e officiellement le 1er juillet, la pr\u00e9fecture de Tchamba est entr\u00e9e dans la danse de fort belle mani\u00e8re, apr\u00e8s des s\u00e9ances de sensibilisation.<\/em><\/strong><\/p>\n\n\n\n<p class=\"wp-block-paragraph\">Le dimanche 6 juillet dernier, la commune Tchamba 3, pr\u00e9cis\u00e9ment dans le canton de Balanka, un meeting a mobilis\u00e9 les militants autour des id\u00e9aux du parti.<\/p>\n\n\n<div class=\"wp-block-image\">\n<figure class=\"aligncenter size-large\"><img loading=\"lazy\" decoding=\"async\" width=\"724\" height=\"1024\" src=\"https:\/\/macite.tg\/wp-content\/uploads\/2025\/07\/a6d3da27-4f83-4915-bc4c-3433316219fc-724x1024.jpg\" alt=\"\" class=\"wp-image-23223\" srcset=\"https:\/\/macite.tg\/wp-content\/uploads\/2025\/07\/a6d3da27-4f83-4915-bc4c-3433316219fc-724x1024.jpg 724w, https:\/\/macite.tg\/wp-content\/uploads\/2025\/07\/a6d3da27-4f83-4915-bc4c-3433316219fc-212x300.jpg 212w, https:\/\/macite.tg\/wp-content\/uploads\/2025\/07\/a6d3da27-4f83-4915-bc4c-3433316219fc-768x1086.jpg 768w, https:\/\/macite.tg\/wp-content\/uploads\/2025\/07\/a6d3da27-4f83-4915-bc4c-3433316219fc-1087x1536.jpg 1087w, https:\/\/macite.tg\/wp-content\/uploads\/2025\/07\/a6d3da27-4f83-4915-bc4c-3433316219fc.jpg 1132w\" sizes=\"auto, (max-width: 724px) 100vw, 724px\" \/><\/figure>\n<\/div>\n\n\n<p class=\"wp-block-paragraph\">C\u2019est dans une ambiance chaleureuse que cadres et militants requinqu\u00e9 la mobilisation apr\u00e8s la pr\u00e9sentation de la liste UNIR port\u00e9e par les dignes fils et filles imbus du d\u00e9veloppement du milieu.<\/p>\n\n\n\n<p class=\"wp-block-paragraph\"><strong>La R\u00e9daction<\/strong><\/p>\n\n\n\n<p class=\"wp-block-paragraph\"><a><strong><em>@macite.tg&nbsp;&nbsp;&nbsp;&nbsp;&nbsp;&nbsp;&nbsp;&nbsp;<\/em><\/strong><\/a><\/p>\n\n\n\n<p class=\"wp-block-paragraph\"><strong><em>E-mail&nbsp;: <\/em><\/strong><a href=\"mailto:maciteinfo@gmail.com\"><strong><em>maciteinfo@gmail.com<\/em><\/strong><\/a><strong><em>; <\/em><\/strong><a href=\"mailto:bawela1@gmail.com\"><strong><em>bawela1@gmail.com<\/em><\/strong><\/a><strong><em><\/em><\/strong><\/p>\n\n\n\n<p class=\"wp-block-paragraph\"><strong><em>Pour vos annonces, (publi)reportages, etc., joignez-nous au (00228)91515309\/<strong>79872224 <\/strong>www.macite.tg, L\u2019information, la bonne&nbsp;!<\/em><\/strong><\/p>\n\n\n\n<p class=\"wp-block-paragraph\"><\/p>\n","protected":false},"excerpt":{"rendered":"<p class=\"text-justify mb-2\" >La campagne \u00e9lectorale bat son plein dans la pr\u00e9fecture de Tchamba. D\u00e9marr\u00e9e officiellement le 1er juillet, la pr\u00e9fecture de Tchamba est entr\u00e9e dans la danse de fort belle mani\u00e8re, apr\u00e8s des s\u00e9ances de sensibilisation. Le dimanche 6 juillet dernier, la commune Tchamba 3, pr\u00e9cis\u00e9ment dans [&hellip;]<\/p>\n","protected":false},"author":2,"featured_media":23369,"comment_status":"open","ping_status":"open","sticky":false,"template":"","format":"standard","meta":{"footnotes":""},"categories":[1],"tags":[],"class_list":["post-23368","post","type-post","status-publish","format-standard","has-post-thumbnail","hentry","category-politique"],"yoast_head":"<!-- This site is optimized with the Yoast SEO plugin v28.4 - https:\/\/yoast.com\/product\/yoast-seo-wordpress\/ -->\n<title>TCHAMBA\u00a0\/ MUNICIPALES 2025 : Balanka voit \u2018\u2019Bleu-blanc\u2019\u2019 -<\/title>\n<meta name=\"robots\" content=\"index, follow, max-snippet:-1, max-image-preview:large, max-video-preview:-1\" \/>\n<link rel=\"canonical\" href=\"https:\/\/macite.tg\/?p=23368\" \/>\n<meta property=\"og:locale\" content=\"fr_FR\" \/>\n<meta property=\"og:type\" content=\"article\" \/>\n<meta property=\"og:title\" content=\"TCHAMBA\u00a0\/ MUNICIPALES 2025 : Balanka voit \u2018\u2019Bleu-blanc\u2019\u2019 -\" \/>\n<meta property=\"og:description\" content=\"La campagne \u00e9lectorale bat son plein dans la pr\u00e9fecture de Tchamba. D\u00e9marr\u00e9e officiellement le 1er juillet, la pr\u00e9fecture de Tchamba est entr\u00e9e dans la danse de fort belle mani\u00e8re, apr\u00e8s des s\u00e9ances de sensibilisation. Le dimanche 6 juillet dernier, la commune Tchamba 3, pr\u00e9cis\u00e9ment dans [&hellip;]\" \/>\n<meta property=\"og:url\" content=\"https:\/\/macite.tg\/?p=23368\" \/>\n<meta property=\"article:published_time\" content=\"2025-07-08T16:55:57+00:00\" \/>\n<meta property=\"article:modified_time\" content=\"2025-07-08T16:56:07+00:00\" \/>\n<meta property=\"og:image\" content=\"https:\/\/macite.tg\/wp-content\/uploads\/2025\/07\/UNIR-balanka.jpg\" \/>\n\t<meta property=\"og:image:width\" content=\"500\" \/>\n\t<meta property=\"og:image:height\" content=\"198\" \/>\n\t<meta property=\"og:image:type\" content=\"image\/jpeg\" \/>\n<meta name=\"author\" content=\"Jean Pierre BAWELA\" \/>\n<meta name=\"twitter:card\" content=\"summary_large_image\" \/>\n<meta name=\"twitter:label1\" content=\"\u00c9crit par\" \/>\n\t<meta name=\"twitter:data1\" content=\"Jean Pierre BAWELA\" \/>\n\t<meta name=\"twitter:label2\" content=\"Dur\u00e9e de lecture estim\u00e9e\" \/>\n\t<meta name=\"twitter:data2\" content=\"1 minute\" \/>\n<script type=\"application\/ld+json\" class=\"yoast-schema-graph\">{\"@context\":\"https:\\\/\\\/schema.org\",\"@graph\":[{\"@type\":\"Article\",\"@id\":\"https:\\\/\\\/macite.tg\\\/?p=23368#article\",\"isPartOf\":{\"@id\":\"https:\\\/\\\/macite.tg\\\/?p=23368\"},\"author\":{\"name\":\"Jean Pierre BAWELA\",\"@id\":\"https:\\\/\\\/macite.tg\\\/#\\\/schema\\\/person\\\/e9f2de7e5dbbe7770a9402c7ce82f5c2\"},\"headline\":\"TCHAMBA\u00a0\\\/ MUNICIPALES 2025 : Balanka voit \u2018\u2019Bleu-blanc\u2019\u2019\",\"datePublished\":\"2025-07-08T16:55:57+00:00\",\"dateModified\":\"2025-07-08T16:56:07+00:00\",\"mainEntityOfPage\":{\"@id\":\"https:\\\/\\\/macite.tg\\\/?p=23368\"},\"wordCount\":147,\"commentCount\":0,\"image\":{\"@id\":\"https:\\\/\\\/macite.tg\\\/?p=23368#primaryimage\"},\"thumbnailUrl\":\"https:\\\/\\\/macite.tg\\\/wp-content\\\/uploads\\\/2025\\\/07\\\/UNIR-balanka.jpg\",\"articleSection\":[\"POLITIQUE\"],\"inLanguage\":\"fr-FR\",\"potentialAction\":[{\"@type\":\"CommentAction\",\"name\":\"Comment\",\"target\":[\"https:\\\/\\\/macite.tg\\\/?p=23368#respond\"]}]},{\"@type\":\"WebPage\",\"@id\":\"https:\\\/\\\/macite.tg\\\/?p=23368\",\"url\":\"https:\\\/\\\/macite.tg\\\/?p=23368\",\"name\":\"TCHAMBA\u00a0\\\/ MUNICIPALES 2025 : Balanka voit \u2018\u2019Bleu-blanc\u2019\u2019 -\",\"isPartOf\":{\"@id\":\"https:\\\/\\\/macite.tg\\\/#website\"},\"primaryImageOfPage\":{\"@id\":\"https:\\\/\\\/macite.tg\\\/?p=23368#primaryimage\"},\"image\":{\"@id\":\"https:\\\/\\\/macite.tg\\\/?p=23368#primaryimage\"},\"thumbnailUrl\":\"https:\\\/\\\/macite.tg\\\/wp-content\\\/uploads\\\/2025\\\/07\\\/UNIR-balanka.jpg\",\"datePublished\":\"2025-07-08T16:55:57+00:00\",\"dateModified\":\"2025-07-08T16:56:07+00:00\",\"author\":{\"@id\":\"https:\\\/\\\/macite.tg\\\/#\\\/schema\\\/person\\\/e9f2de7e5dbbe7770a9402c7ce82f5c2\"},\"breadcrumb\":{\"@id\":\"https:\\\/\\\/macite.tg\\\/?p=23368#breadcrumb\"},\"inLanguage\":\"fr-FR\",\"potentialAction\":[{\"@type\":\"ReadAction\",\"target\":[\"https:\\\/\\\/macite.tg\\\/?p=23368\"]}]},{\"@type\":\"ImageObject\",\"inLanguage\":\"fr-FR\",\"@id\":\"https:\\\/\\\/macite.tg\\\/?p=23368#primaryimage\",\"url\":\"https:\\\/\\\/macite.tg\\\/wp-content\\\/uploads\\\/2025\\\/07\\\/UNIR-balanka.jpg\",\"contentUrl\":\"https:\\\/\\\/macite.tg\\\/wp-content\\\/uploads\\\/2025\\\/07\\\/UNIR-balanka.jpg\",\"width\":500,\"height\":198},{\"@type\":\"BreadcrumbList\",\"@id\":\"https:\\\/\\\/macite.tg\\\/?p=23368#breadcrumb\",\"itemListElement\":[{\"@type\":\"ListItem\",\"position\":1,\"name\":\"Accueil\",\"item\":\"https:\\\/\\\/macite.tg\\\/\"},{\"@type\":\"ListItem\",\"position\":2,\"name\":\"TCHAMBA\u00a0\\\/ MUNICIPALES 2025 : Balanka voit \u2018\u2019Bleu-blanc\u2019\u2019\"}]},{\"@type\":\"WebSite\",\"@id\":\"https:\\\/\\\/macite.tg\\\/#website\",\"url\":\"https:\\\/\\\/macite.tg\\\/\",\"name\":\"\",\"description\":\"L&#039;information, la bonne!!!\",\"potentialAction\":[{\"@type\":\"SearchAction\",\"target\":{\"@type\":\"EntryPoint\",\"urlTemplate\":\"https:\\\/\\\/macite.tg\\\/?s={search_term_string}\"},\"query-input\":{\"@type\":\"PropertyValueSpecification\",\"valueRequired\":true,\"valueName\":\"search_term_string\"}}],\"inLanguage\":\"fr-FR\"},{\"@type\":\"Person\",\"@id\":\"https:\\\/\\\/macite.tg\\\/#\\\/schema\\\/person\\\/e9f2de7e5dbbe7770a9402c7ce82f5c2\",\"name\":\"Jean Pierre BAWELA\",\"image\":{\"@type\":\"ImageObject\",\"inLanguage\":\"fr-FR\",\"@id\":\"https:\\\/\\\/macite.tg\\\/wp-content\\\/uploads\\\/2023\\\/09\\\/WhatsApp-Image-2023-09-19-at-14.44.41-122x122.jpeg\",\"url\":\"https:\\\/\\\/macite.tg\\\/wp-content\\\/uploads\\\/2023\\\/09\\\/WhatsApp-Image-2023-09-19-at-14.44.41-122x122.jpeg\",\"contentUrl\":\"https:\\\/\\\/macite.tg\\\/wp-content\\\/uploads\\\/2023\\\/09\\\/WhatsApp-Image-2023-09-19-at-14.44.41-122x122.jpeg\",\"caption\":\"Jean Pierre BAWELA\"},\"url\":\"https:\\\/\\\/macite.tg\\\/?author=2\"}]}<\/script>\n<!-- \/ Yoast SEO plugin. -->","yoast_head_json":{"title":"TCHAMBA\u00a0\/ MUNICIPALES 2025 : Balanka voit \u2018\u2019Bleu-blanc\u2019\u2019 -","robots":{"index":"index","follow":"follow","max-snippet":"max-snippet:-1","max-image-preview":"max-image-preview:large","max-video-preview":"max-video-preview:-1"},"canonical":"https:\/\/macite.tg\/?p=23368","og_locale":"fr_FR","og_type":"article","og_title":"TCHAMBA\u00a0\/ MUNICIPALES 2025 : Balanka voit \u2018\u2019Bleu-blanc\u2019\u2019 -","og_description":"La campagne \u00e9lectorale bat son plein dans la pr\u00e9fecture de Tchamba. D\u00e9marr\u00e9e officiellement le 1er juillet, la pr\u00e9fecture de Tchamba est entr\u00e9e dans la danse de fort belle mani\u00e8re, apr\u00e8s des s\u00e9ances de sensibilisation. Le dimanche 6 juillet dernier, la commune Tchamba 3, pr\u00e9cis\u00e9ment dans [&hellip;]","og_url":"https:\/\/macite.tg\/?p=23368","article_published_time":"2025-07-08T16:55:57+00:00","article_modified_time":"2025-07-08T16:56:07+00:00","og_image":[{"width":500,"height":198,"url":"https:\/\/macite.tg\/wp-content\/uploads\/2025\/07\/UNIR-balanka.jpg","type":"image\/jpeg"}],"author":"Jean Pierre BAWELA","twitter_card":"summary_large_image","twitter_misc":{"\u00c9crit par":"Jean Pierre BAWELA","Dur\u00e9e de lecture estim\u00e9e":"1 minute"},"schema":{"@context":"https:\/\/schema.org","@graph":[{"@type":"Article","@id":"https:\/\/macite.tg\/?p=23368#article","isPartOf":{"@id":"https:\/\/macite.tg\/?p=23368"},"author":{"name":"Jean Pierre BAWELA","@id":"https:\/\/macite.tg\/#\/schema\/person\/e9f2de7e5dbbe7770a9402c7ce82f5c2"},"headline":"TCHAMBA\u00a0\/ MUNICIPALES 2025 : Balanka voit \u2018\u2019Bleu-blanc\u2019\u2019","datePublished":"2025-07-08T16:55:57+00:00","dateModified":"2025-07-08T16:56:07+00:00","mainEntityOfPage":{"@id":"https:\/\/macite.tg\/?p=23368"},"wordCount":147,"commentCount":0,"image":{"@id":"https:\/\/macite.tg\/?p=23368#primaryimage"},"thumbnailUrl":"https:\/\/macite.tg\/wp-content\/uploads\/2025\/07\/UNIR-balanka.jpg","articleSection":["POLITIQUE"],"inLanguage":"fr-FR","potentialAction":[{"@type":"CommentAction","name":"Comment","target":["https:\/\/macite.tg\/?p=23368#respond"]}]},{"@type":"WebPage","@id":"https:\/\/macite.tg\/?p=23368","url":"https:\/\/macite.tg\/?p=23368","name":"TCHAMBA\u00a0\/ MUNICIPALES 2025 : Balanka voit \u2018\u2019Bleu-blanc\u2019\u2019 -","isPartOf":{"@id":"https:\/\/macite.tg\/#website"},"primaryImageOfPage":{"@id":"https:\/\/macite.tg\/?p=23368#primaryimage"},"image":{"@id":"https:\/\/macite.tg\/?p=23368#primaryimage"},"thumbnailUrl":"https:\/\/macite.tg\/wp-content\/uploads\/2025\/07\/UNIR-balanka.jpg","datePublished":"2025-07-08T16:55:57+00:00","dateModified":"2025-07-08T16:56:07+00:00","author":{"@id":"https:\/\/macite.tg\/#\/schema\/person\/e9f2de7e5dbbe7770a9402c7ce82f5c2"},"breadcrumb":{"@id":"https:\/\/macite.tg\/?p=23368#breadcrumb"},"inLanguage":"fr-FR","potentialAction":[{"@type":"ReadAction","target":["https:\/\/macite.tg\/?p=23368"]}]},{"@type":"ImageObject","inLanguage":"fr-FR","@id":"https:\/\/macite.tg\/?p=23368#primaryimage","url":"https:\/\/macite.tg\/wp-content\/uploads\/2025\/07\/UNIR-balanka.jpg","contentUrl":"https:\/\/macite.tg\/wp-content\/uploads\/2025\/07\/UNIR-balanka.jpg","width":500,"height":198},{"@type":"BreadcrumbList","@id":"https:\/\/macite.tg\/?p=23368#breadcrumb","itemListElement":[{"@type":"ListItem","position":1,"name":"Accueil","item":"https:\/\/macite.tg\/"},{"@type":"ListItem","position":2,"name":"TCHAMBA\u00a0\/ MUNICIPALES 2025 : Balanka voit \u2018\u2019Bleu-blanc\u2019\u2019"}]},{"@type":"WebSite","@id":"https:\/\/macite.tg\/#website","url":"https:\/\/macite.tg\/","name":"","description":"L&#039;information, la bonne!!!","potentialAction":[{"@type":"SearchAction","target":{"@type":"EntryPoint","urlTemplate":"https:\/\/macite.tg\/?s={search_term_string}"},"query-input":{"@type":"PropertyValueSpecification","valueRequired":true,"valueName":"search_term_string"}}],"inLanguage":"fr-FR"},{"@type":"Person","@id":"https:\/\/macite.tg\/#\/schema\/person\/e9f2de7e5dbbe7770a9402c7ce82f5c2","name":"Jean Pierre BAWELA","image":{"@type":"ImageObject","inLanguage":"fr-FR","@id":"https:\/\/macite.tg\/wp-content\/uploads\/2023\/09\/WhatsApp-Image-2023-09-19-at-14.44.41-122x122.jpeg","url":"https:\/\/macite.tg\/wp-content\/uploads\/2023\/09\/WhatsApp-Image-2023-09-19-at-14.44.41-122x122.jpeg","contentUrl":"https:\/\/macite.tg\/wp-content\/uploads\/2023\/09\/WhatsApp-Image-2023-09-19-at-14.44.41-122x122.jpeg","caption":"Jean Pierre BAWELA"},"url":"https:\/\/macite.tg\/?author=2"}]}},"_links":{"self":[{"href":"https:\/\/macite.tg\/index.php?rest_route=\/wp\/v2\/posts\/23368","targetHints":{"allow":["GET"]}}],"collection":[{"href":"https:\/\/macite.tg\/index.php?rest_route=\/wp\/v2\/posts"}],"about":[{"href":"https:\/\/macite.tg\/index.php?rest_route=\/wp\/v2\/types\/post"}],"author":[{"embeddable":true,"href":"https:\/\/macite.tg\/index.php?rest_route=\/wp\/v2\/users\/2"}],"replies":[{"embeddable":true,"href":"https:\/\/macite.tg\/index.php?rest_route=%2Fwp%2Fv2%2Fcomments&post=23368"}],"version-history":[{"count":0,"href":"https:\/\/macite.tg\/index.php?rest_route=\/wp\/v2\/posts\/23368\/revisions"}],"wp:featuredmedia":[{"embeddable":true,"href":"https:\/\/macite.tg\/index.php?rest_route=\/wp\/v2\/media\/23369"}],"wp:attachment":[{"href":"https:\/\/macite.tg\/index.php?rest_route=%2Fwp%2Fv2%2Fmedia&parent=23368"}],"wp:term":[{"taxonomy":"category","embeddable":true,"href":"https:\/\/macite.tg\/index.php?rest_route=%2Fwp%2Fv2%2Fcategories&post=23368"},{"taxonomy":"post_tag","embeddable":true,"href":"https:\/\/macite.tg\/index.php?rest_route=%2Fwp%2Fv2%2Ftags&post=23368"}],"curies":[{"name":"wp","href":"https:\/\/api.w.org\/{rel}","templated":true}]}}