{"id":23363,"date":"2025-07-08T16:42:00","date_gmt":"2025-07-08T16:42:00","guid":{"rendered":"https:\/\/macite.tg\/?p=23363"},"modified":"2025-07-08T16:42:07","modified_gmt":"2025-07-08T16:42:07","slug":"3eme-session-du-cpc-les-derniers-evenements-socio-politiques-et-le-point-sur-le-scrutin-du-17-juillet-au-menu-des-echanges","status":"publish","type":"post","link":"https:\/\/macite.tg\/?p=23363","title":{"rendered":"3EME SESSION DU CPC : Les derniers \u00e9v\u00e9nements socio-politiques et le point sur le scrutin du 17 juillet au menu des \u00e9changes"},"content":{"rendered":"\n<p class=\"wp-block-paragraph\"><strong><em>Hier lundi 07 juillet, les acteurs politiques r\u00e9unis au sein du Cadre permanent de concertation (CPC), ont tenu leur 3<sup>\u00e8me<\/sup> session de l\u2019ann\u00e9e. Au menu des \u00e9changes, les derniers d\u00e9veloppements de l\u2019actualit\u00e9 sociopolitique mais aussi et surtout les le point sur le processus \u00e9lectoral en vue des municipales du 17 juillet prochain.<\/em><\/strong> <\/p>\n\n\n\n<p class=\"wp-block-paragraph\">Les travaux pr\u00e9sid\u00e9s par Me Mouhamed Tchassona-Traor\u00e9 ont permis aux participants n\u2019ont seulement de s\u2019informer de mani\u00e8re approfondie sur les manifestations des 06, 26, 27 et 28 juin \u00e0 Lom\u00e9, mais aussi de s\u2019exprimer sur la tenue des prochaines \u00e9lections municipales.<\/p>\n\n\n<div class=\"wp-block-image\">\n<figure class=\"aligncenter size-full is-resized\"><img loading=\"lazy\" decoding=\"async\" width=\"690\" height=\"170\" src=\"https:\/\/macite.tg\/wp-content\/uploads\/2025\/07\/OTR_TVM.jpg\" alt=\"\" class=\"wp-image-23364\" style=\"width:840px;height:auto\" srcset=\"https:\/\/macite.tg\/wp-content\/uploads\/2025\/07\/OTR_TVM.jpg 690w, https:\/\/macite.tg\/wp-content\/uploads\/2025\/07\/OTR_TVM-300x74.jpg 300w\" sizes=\"auto, (max-width: 690px) 100vw, 690px\" \/><\/figure>\n<\/div>\n\n\n<p class=\"wp-block-paragraph\">Le premier point a \u00e9t\u00e9 d\u00e9velopp\u00e9 par le ministre en charge de l\u2019Administration territoriale, le Colonel Hodabalo Awat\u00e9. L\u2019\u00e9missaire du gouvernement a pr\u00e9sent\u00e9 les circonstances entourant ces \u00e9v\u00e8nements, leurs implications s\u00e9curitaires et les mesures prises par le gouvernement.<\/p>\n\n\n\n<p class=\"wp-block-paragraph\">Le ministre Awat\u00e9 a saisi l\u2019occasion pour appeler \u00e0 la responsabilit\u00e9 et \u00e0 la vigilance des chapelles politiques, ceci dans un contexte de d\u00e9sinformation et de tentatives de manipulation via les r\u00e9seaux sociaux, notamment.<\/p>\n\n\n\n<p class=\"wp-block-paragraph\">Sur le second sujet \u00e0 l\u2019ordre du jour, les participants \u00e0 cette 3<sup>\u00e8me<\/sup> session ont \u00e9t\u00e9 unanime r\u00e9affirm\u00e9 leur engagement quant \u00e0 la tenue effective des prochaines \u00e9lections municipales \u00e0 date, notamment le 17 juillet 2025.<\/p>\n\n\n<div class=\"wp-block-image\">\n<figure class=\"aligncenter size-large is-resized\"><img loading=\"lazy\" decoding=\"async\" width=\"724\" height=\"1024\" src=\"https:\/\/macite.tg\/wp-content\/uploads\/2025\/07\/a6d3da27-4f83-4915-bc4c-3433316219fc-724x1024.jpg\" alt=\"\" class=\"wp-image-23223\" style=\"width:534px;height:auto\" srcset=\"https:\/\/macite.tg\/wp-content\/uploads\/2025\/07\/a6d3da27-4f83-4915-bc4c-3433316219fc-724x1024.jpg 724w, https:\/\/macite.tg\/wp-content\/uploads\/2025\/07\/a6d3da27-4f83-4915-bc4c-3433316219fc-212x300.jpg 212w, https:\/\/macite.tg\/wp-content\/uploads\/2025\/07\/a6d3da27-4f83-4915-bc4c-3433316219fc-768x1086.jpg 768w, https:\/\/macite.tg\/wp-content\/uploads\/2025\/07\/a6d3da27-4f83-4915-bc4c-3433316219fc-1087x1536.jpg 1087w, https:\/\/macite.tg\/wp-content\/uploads\/2025\/07\/a6d3da27-4f83-4915-bc4c-3433316219fc.jpg 1132w\" sizes=\"auto, (max-width: 724px) 100vw, 724px\" \/><\/figure>\n<\/div>\n\n\n<p class=\"wp-block-paragraph\"><em>\u00ab&nbsp;Ceux qui sollicitent le report \u00e9taient dans ce m\u00eame CPC&nbsp;; ils \u00e9taient l\u00e0 quand on a arr\u00eat\u00e9 le calendrier \u00e9lectoral, ils \u00e9taient l\u00e0 quand on a tout n\u00e9goci\u00e9 (\u2026).&nbsp;\u00bb<\/em>&nbsp;a martel\u00e9 Me Tchassona Traor\u00e9 Mouhamed, qui s\u2019est laiss\u00e9 aller \u00e0 des interrogations l\u00e9gitimes&nbsp;: \u00ab&nbsp;(\u2026) <em>Est-ce qu\u2019ils ont pens\u00e9 \u00e0 d\u2019autres partis politiques qui ont d\u00e9j\u00e0 enclench\u00e9 des d\u00e9penses&nbsp;? Est-ce qu\u2019ils sont pr\u00eats \u00e0 les rembourser ? Etant donn\u00e9 que le processus est engag\u00e9, on ne peut pas modifier les r\u00e8gles du jeu en plein match&nbsp;\u00bb, <\/em>a-t-il indiqu\u00e9.<\/p>\n\n\n\n<p class=\"wp-block-paragraph\"><strong>La R\u00e9daction<\/strong><\/p>\n\n\n\n<p class=\"wp-block-paragraph\"><a><strong><em>@macite.tg&nbsp;&nbsp;&nbsp;&nbsp;&nbsp;&nbsp;&nbsp;&nbsp;<\/em><\/strong><\/a><\/p>\n\n\n\n<p class=\"wp-block-paragraph\"><strong><em>E-mail&nbsp;: <\/em><\/strong><a href=\"mailto:maciteinfo@gmail.com\"><strong><em>maciteinfo@gmail.com<\/em><\/strong><\/a><strong><em>; <\/em><\/strong><a href=\"mailto:bawela1@gmail.com\"><strong><em>bawela1@gmail.com<\/em><\/strong><\/a><strong><em><\/em><\/strong><\/p>\n\n\n\n<p class=\"wp-block-paragraph\"><strong><em>Pour vos annonces, (publi)reportages, etc., joignez-nous au (00228)91515309\/<strong>79872224 <\/strong>www.macite.tg, L\u2019information, la bonne&nbsp;!<\/em><\/strong><\/p>\n\n\n\n<p class=\"wp-block-paragraph\"><\/p>\n","protected":false},"excerpt":{"rendered":"<p class=\"text-justify mb-2\" >Hier lundi 07 juillet, les acteurs politiques r\u00e9unis au sein du Cadre permanent de concertation (CPC), ont tenu leur 3\u00e8me session de l\u2019ann\u00e9e. Au menu des \u00e9changes, les derniers d\u00e9veloppements de l\u2019actualit\u00e9 sociopolitique mais aussi et surtout les le point sur le processus \u00e9lectoral en [&hellip;]<\/p>\n","protected":false},"author":2,"featured_media":23366,"comment_status":"open","ping_status":"open","sticky":false,"template":"","format":"standard","meta":{"footnotes":""},"categories":[20,1],"tags":[],"class_list":["post-23363","post","type-post","status-publish","format-standard","has-post-thumbnail","hentry","category-actualite","category-politique"],"yoast_head":"<!-- This site is optimized with the Yoast SEO plugin v28.4 - https:\/\/yoast.com\/product\/yoast-seo-wordpress\/ -->\n<title>3EME SESSION DU CPC : Les derniers \u00e9v\u00e9nements socio-politiques et le point sur le scrutin du 17 juillet au menu des \u00e9changes -<\/title>\n<meta name=\"robots\" content=\"index, follow, max-snippet:-1, max-image-preview:large, max-video-preview:-1\" \/>\n<link rel=\"canonical\" href=\"https:\/\/macite.tg\/?p=23363\" \/>\n<meta property=\"og:locale\" content=\"fr_FR\" \/>\n<meta property=\"og:type\" content=\"article\" \/>\n<meta property=\"og:title\" content=\"3EME SESSION DU CPC : Les derniers \u00e9v\u00e9nements socio-politiques et le point sur le scrutin du 17 juillet au menu des \u00e9changes -\" \/>\n<meta property=\"og:description\" content=\"Hier lundi 07 juillet, les acteurs politiques r\u00e9unis au sein du Cadre permanent de concertation (CPC), ont tenu leur 3\u00e8me session de l\u2019ann\u00e9e. Au menu des \u00e9changes, les derniers d\u00e9veloppements de l\u2019actualit\u00e9 sociopolitique mais aussi et surtout les le point sur le processus \u00e9lectoral en [&hellip;]\" \/>\n<meta property=\"og:url\" content=\"https:\/\/macite.tg\/?p=23363\" \/>\n<meta property=\"article:published_time\" content=\"2025-07-08T16:42:00+00:00\" \/>\n<meta property=\"article:modified_time\" content=\"2025-07-08T16:42:07+00:00\" \/>\n<meta property=\"og:image\" content=\"https:\/\/macite.tg\/wp-content\/uploads\/2025\/07\/CPC-3E.jpg\" \/>\n\t<meta property=\"og:image:width\" content=\"500\" \/>\n\t<meta property=\"og:image:height\" content=\"245\" \/>\n\t<meta property=\"og:image:type\" content=\"image\/jpeg\" \/>\n<meta name=\"author\" content=\"Jean Pierre BAWELA\" \/>\n<meta name=\"twitter:card\" content=\"summary_large_image\" \/>\n<meta name=\"twitter:label1\" content=\"\u00c9crit par\" \/>\n\t<meta name=\"twitter:data1\" content=\"Jean Pierre BAWELA\" \/>\n\t<meta name=\"twitter:label2\" content=\"Dur\u00e9e de lecture estim\u00e9e\" \/>\n\t<meta name=\"twitter:data2\" content=\"3 minutes\" \/>\n<script type=\"application\/ld+json\" class=\"yoast-schema-graph\">{\"@context\":\"https:\\\/\\\/schema.org\",\"@graph\":[{\"@type\":\"Article\",\"@id\":\"https:\\\/\\\/macite.tg\\\/?p=23363#article\",\"isPartOf\":{\"@id\":\"https:\\\/\\\/macite.tg\\\/?p=23363\"},\"author\":{\"name\":\"Jean Pierre BAWELA\",\"@id\":\"https:\\\/\\\/macite.tg\\\/#\\\/schema\\\/person\\\/e9f2de7e5dbbe7770a9402c7ce82f5c2\"},\"headline\":\"3EME SESSION DU CPC : Les derniers \u00e9v\u00e9nements socio-politiques et le point sur le scrutin du 17 juillet au menu des \u00e9changes\",\"datePublished\":\"2025-07-08T16:42:00+00:00\",\"dateModified\":\"2025-07-08T16:42:07+00:00\",\"mainEntityOfPage\":{\"@id\":\"https:\\\/\\\/macite.tg\\\/?p=23363\"},\"wordCount\":367,\"commentCount\":0,\"image\":{\"@id\":\"https:\\\/\\\/macite.tg\\\/?p=23363#primaryimage\"},\"thumbnailUrl\":\"https:\\\/\\\/macite.tg\\\/wp-content\\\/uploads\\\/2025\\\/07\\\/CPC-3E.jpg\",\"articleSection\":[\"ACTUALITE\",\"POLITIQUE\"],\"inLanguage\":\"fr-FR\",\"potentialAction\":[{\"@type\":\"CommentAction\",\"name\":\"Comment\",\"target\":[\"https:\\\/\\\/macite.tg\\\/?p=23363#respond\"]}]},{\"@type\":\"WebPage\",\"@id\":\"https:\\\/\\\/macite.tg\\\/?p=23363\",\"url\":\"https:\\\/\\\/macite.tg\\\/?p=23363\",\"name\":\"3EME SESSION DU CPC : Les derniers \u00e9v\u00e9nements socio-politiques et le point sur le scrutin du 17 juillet au menu des \u00e9changes -\",\"isPartOf\":{\"@id\":\"https:\\\/\\\/macite.tg\\\/#website\"},\"primaryImageOfPage\":{\"@id\":\"https:\\\/\\\/macite.tg\\\/?p=23363#primaryimage\"},\"image\":{\"@id\":\"https:\\\/\\\/macite.tg\\\/?p=23363#primaryimage\"},\"thumbnailUrl\":\"https:\\\/\\\/macite.tg\\\/wp-content\\\/uploads\\\/2025\\\/07\\\/CPC-3E.jpg\",\"datePublished\":\"2025-07-08T16:42:00+00:00\",\"dateModified\":\"2025-07-08T16:42:07+00:00\",\"author\":{\"@id\":\"https:\\\/\\\/macite.tg\\\/#\\\/schema\\\/person\\\/e9f2de7e5dbbe7770a9402c7ce82f5c2\"},\"breadcrumb\":{\"@id\":\"https:\\\/\\\/macite.tg\\\/?p=23363#breadcrumb\"},\"inLanguage\":\"fr-FR\",\"potentialAction\":[{\"@type\":\"ReadAction\",\"target\":[\"https:\\\/\\\/macite.tg\\\/?p=23363\"]}]},{\"@type\":\"ImageObject\",\"inLanguage\":\"fr-FR\",\"@id\":\"https:\\\/\\\/macite.tg\\\/?p=23363#primaryimage\",\"url\":\"https:\\\/\\\/macite.tg\\\/wp-content\\\/uploads\\\/2025\\\/07\\\/CPC-3E.jpg\",\"contentUrl\":\"https:\\\/\\\/macite.tg\\\/wp-content\\\/uploads\\\/2025\\\/07\\\/CPC-3E.jpg\",\"width\":500,\"height\":245},{\"@type\":\"BreadcrumbList\",\"@id\":\"https:\\\/\\\/macite.tg\\\/?p=23363#breadcrumb\",\"itemListElement\":[{\"@type\":\"ListItem\",\"position\":1,\"name\":\"Accueil\",\"item\":\"https:\\\/\\\/macite.tg\\\/\"},{\"@type\":\"ListItem\",\"position\":2,\"name\":\"3EME SESSION DU CPC : Les derniers \u00e9v\u00e9nements socio-politiques et le point sur le scrutin du 17 juillet au menu des \u00e9changes\"}]},{\"@type\":\"WebSite\",\"@id\":\"https:\\\/\\\/macite.tg\\\/#website\",\"url\":\"https:\\\/\\\/macite.tg\\\/\",\"name\":\"\",\"description\":\"L&#039;information, la bonne!!!\",\"potentialAction\":[{\"@type\":\"SearchAction\",\"target\":{\"@type\":\"EntryPoint\",\"urlTemplate\":\"https:\\\/\\\/macite.tg\\\/?s={search_term_string}\"},\"query-input\":{\"@type\":\"PropertyValueSpecification\",\"valueRequired\":true,\"valueName\":\"search_term_string\"}}],\"inLanguage\":\"fr-FR\"},{\"@type\":\"Person\",\"@id\":\"https:\\\/\\\/macite.tg\\\/#\\\/schema\\\/person\\\/e9f2de7e5dbbe7770a9402c7ce82f5c2\",\"name\":\"Jean Pierre BAWELA\",\"image\":{\"@type\":\"ImageObject\",\"inLanguage\":\"fr-FR\",\"@id\":\"https:\\\/\\\/macite.tg\\\/wp-content\\\/uploads\\\/2023\\\/09\\\/WhatsApp-Image-2023-09-19-at-14.44.41-122x122.jpeg\",\"url\":\"https:\\\/\\\/macite.tg\\\/wp-content\\\/uploads\\\/2023\\\/09\\\/WhatsApp-Image-2023-09-19-at-14.44.41-122x122.jpeg\",\"contentUrl\":\"https:\\\/\\\/macite.tg\\\/wp-content\\\/uploads\\\/2023\\\/09\\\/WhatsApp-Image-2023-09-19-at-14.44.41-122x122.jpeg\",\"caption\":\"Jean Pierre BAWELA\"},\"url\":\"https:\\\/\\\/macite.tg\\\/?author=2\"}]}<\/script>\n<!-- \/ Yoast SEO plugin. -->","yoast_head_json":{"title":"3EME SESSION DU CPC : Les derniers \u00e9v\u00e9nements socio-politiques et le point sur le scrutin du 17 juillet au menu des \u00e9changes -","robots":{"index":"index","follow":"follow","max-snippet":"max-snippet:-1","max-image-preview":"max-image-preview:large","max-video-preview":"max-video-preview:-1"},"canonical":"https:\/\/macite.tg\/?p=23363","og_locale":"fr_FR","og_type":"article","og_title":"3EME SESSION DU CPC : Les derniers \u00e9v\u00e9nements socio-politiques et le point sur le scrutin du 17 juillet au menu des \u00e9changes -","og_description":"Hier lundi 07 juillet, les acteurs politiques r\u00e9unis au sein du Cadre permanent de concertation (CPC), ont tenu leur 3\u00e8me session de l\u2019ann\u00e9e. Au menu des \u00e9changes, les derniers d\u00e9veloppements de l\u2019actualit\u00e9 sociopolitique mais aussi et surtout les le point sur le processus \u00e9lectoral en [&hellip;]","og_url":"https:\/\/macite.tg\/?p=23363","article_published_time":"2025-07-08T16:42:00+00:00","article_modified_time":"2025-07-08T16:42:07+00:00","og_image":[{"width":500,"height":245,"url":"https:\/\/macite.tg\/wp-content\/uploads\/2025\/07\/CPC-3E.jpg","type":"image\/jpeg"}],"author":"Jean Pierre BAWELA","twitter_card":"summary_large_image","twitter_misc":{"\u00c9crit par":"Jean Pierre BAWELA","Dur\u00e9e de lecture estim\u00e9e":"3 minutes"},"schema":{"@context":"https:\/\/schema.org","@graph":[{"@type":"Article","@id":"https:\/\/macite.tg\/?p=23363#article","isPartOf":{"@id":"https:\/\/macite.tg\/?p=23363"},"author":{"name":"Jean Pierre BAWELA","@id":"https:\/\/macite.tg\/#\/schema\/person\/e9f2de7e5dbbe7770a9402c7ce82f5c2"},"headline":"3EME SESSION DU CPC : Les derniers \u00e9v\u00e9nements socio-politiques et le point sur le scrutin du 17 juillet au menu des \u00e9changes","datePublished":"2025-07-08T16:42:00+00:00","dateModified":"2025-07-08T16:42:07+00:00","mainEntityOfPage":{"@id":"https:\/\/macite.tg\/?p=23363"},"wordCount":367,"commentCount":0,"image":{"@id":"https:\/\/macite.tg\/?p=23363#primaryimage"},"thumbnailUrl":"https:\/\/macite.tg\/wp-content\/uploads\/2025\/07\/CPC-3E.jpg","articleSection":["ACTUALITE","POLITIQUE"],"inLanguage":"fr-FR","potentialAction":[{"@type":"CommentAction","name":"Comment","target":["https:\/\/macite.tg\/?p=23363#respond"]}]},{"@type":"WebPage","@id":"https:\/\/macite.tg\/?p=23363","url":"https:\/\/macite.tg\/?p=23363","name":"3EME SESSION DU CPC : Les derniers \u00e9v\u00e9nements socio-politiques et le point sur le scrutin du 17 juillet au menu des \u00e9changes -","isPartOf":{"@id":"https:\/\/macite.tg\/#website"},"primaryImageOfPage":{"@id":"https:\/\/macite.tg\/?p=23363#primaryimage"},"image":{"@id":"https:\/\/macite.tg\/?p=23363#primaryimage"},"thumbnailUrl":"https:\/\/macite.tg\/wp-content\/uploads\/2025\/07\/CPC-3E.jpg","datePublished":"2025-07-08T16:42:00+00:00","dateModified":"2025-07-08T16:42:07+00:00","author":{"@id":"https:\/\/macite.tg\/#\/schema\/person\/e9f2de7e5dbbe7770a9402c7ce82f5c2"},"breadcrumb":{"@id":"https:\/\/macite.tg\/?p=23363#breadcrumb"},"inLanguage":"fr-FR","potentialAction":[{"@type":"ReadAction","target":["https:\/\/macite.tg\/?p=23363"]}]},{"@type":"ImageObject","inLanguage":"fr-FR","@id":"https:\/\/macite.tg\/?p=23363#primaryimage","url":"https:\/\/macite.tg\/wp-content\/uploads\/2025\/07\/CPC-3E.jpg","contentUrl":"https:\/\/macite.tg\/wp-content\/uploads\/2025\/07\/CPC-3E.jpg","width":500,"height":245},{"@type":"BreadcrumbList","@id":"https:\/\/macite.tg\/?p=23363#breadcrumb","itemListElement":[{"@type":"ListItem","position":1,"name":"Accueil","item":"https:\/\/macite.tg\/"},{"@type":"ListItem","position":2,"name":"3EME SESSION DU CPC : Les derniers \u00e9v\u00e9nements socio-politiques et le point sur le scrutin du 17 juillet au menu des \u00e9changes"}]},{"@type":"WebSite","@id":"https:\/\/macite.tg\/#website","url":"https:\/\/macite.tg\/","name":"","description":"L&#039;information, la bonne!!!","potentialAction":[{"@type":"SearchAction","target":{"@type":"EntryPoint","urlTemplate":"https:\/\/macite.tg\/?s={search_term_string}"},"query-input":{"@type":"PropertyValueSpecification","valueRequired":true,"valueName":"search_term_string"}}],"inLanguage":"fr-FR"},{"@type":"Person","@id":"https:\/\/macite.tg\/#\/schema\/person\/e9f2de7e5dbbe7770a9402c7ce82f5c2","name":"Jean Pierre BAWELA","image":{"@type":"ImageObject","inLanguage":"fr-FR","@id":"https:\/\/macite.tg\/wp-content\/uploads\/2023\/09\/WhatsApp-Image-2023-09-19-at-14.44.41-122x122.jpeg","url":"https:\/\/macite.tg\/wp-content\/uploads\/2023\/09\/WhatsApp-Image-2023-09-19-at-14.44.41-122x122.jpeg","contentUrl":"https:\/\/macite.tg\/wp-content\/uploads\/2023\/09\/WhatsApp-Image-2023-09-19-at-14.44.41-122x122.jpeg","caption":"Jean Pierre BAWELA"},"url":"https:\/\/macite.tg\/?author=2"}]}},"_links":{"self":[{"href":"https:\/\/macite.tg\/index.php?rest_route=\/wp\/v2\/posts\/23363","targetHints":{"allow":["GET"]}}],"collection":[{"href":"https:\/\/macite.tg\/index.php?rest_route=\/wp\/v2\/posts"}],"about":[{"href":"https:\/\/macite.tg\/index.php?rest_route=\/wp\/v2\/types\/post"}],"author":[{"embeddable":true,"href":"https:\/\/macite.tg\/index.php?rest_route=\/wp\/v2\/users\/2"}],"replies":[{"embeddable":true,"href":"https:\/\/macite.tg\/index.php?rest_route=%2Fwp%2Fv2%2Fcomments&post=23363"}],"version-history":[{"count":0,"href":"https:\/\/macite.tg\/index.php?rest_route=\/wp\/v2\/posts\/23363\/revisions"}],"wp:featuredmedia":[{"embeddable":true,"href":"https:\/\/macite.tg\/index.php?rest_route=\/wp\/v2\/media\/23366"}],"wp:attachment":[{"href":"https:\/\/macite.tg\/index.php?rest_route=%2Fwp%2Fv2%2Fmedia&parent=23363"}],"wp:term":[{"taxonomy":"category","embeddable":true,"href":"https:\/\/macite.tg\/index.php?rest_route=%2Fwp%2Fv2%2Fcategories&post=23363"},{"taxonomy":"post_tag","embeddable":true,"href":"https:\/\/macite.tg\/index.php?rest_route=%2Fwp%2Fv2%2Ftags&post=23363"}],"curies":[{"name":"wp","href":"https:\/\/api.w.org\/{rel}","templated":true}]}}