{"id":23360,"date":"2025-07-08T15:56:49","date_gmt":"2025-07-08T15:56:49","guid":{"rendered":"https:\/\/macite.tg\/?p=23360"},"modified":"2025-07-08T15:56:59","modified_gmt":"2025-07-08T15:56:59","slug":"municipales-du-17-juillet-le-pdp-mise-sur-une-grande-caravane-a-lome-pour-ratisser-large","status":"publish","type":"post","link":"https:\/\/macite.tg\/?p=23360","title":{"rendered":"MUNICIPALES DU 17 JUILLET\u00a0: Le PDP mise sur une grande caravane \u00e0 Lom\u00e9 pour ratisser large&#8230;"},"content":{"rendered":"\n<p class=\"wp-block-paragraph\"><strong><em>Le Parti D\u00e9mocratique Panafricain (PDP) annonce l\u2019organisation d\u2019une grande caravane de mobilisation de son \u00e9lectorat \u00e0 travers la ville de Lom\u00e9 en passant par ses art\u00e8res primordiales comme les Communes du Golfe 6, du Golfe 3 et de Ago\u00e8 3, en vue des \u00e9lections municipales pr\u00e9vues le 17 juillet 2025.<\/em><\/strong><\/p>\n\n\n\n<p class=\"wp-block-paragraph\">&nbsp;En effet, cette&nbsp;op\u00e9ration de proximit\u00e9 vise \u00e0 mobiliser massivement les militants et sympathisants, et \u00e0 renforcer l\u2019adh\u00e9sion autour du projet politique port\u00e9 par le PDP et ses alli\u00e9s de la coalition Togo d\u2019Abord.<\/p>\n\n\n<div class=\"wp-block-image\">\n<figure class=\"aligncenter size-large is-resized\"><img loading=\"lazy\" decoding=\"async\" width=\"1024\" height=\"1024\" src=\"https:\/\/macite.tg\/wp-content\/uploads\/2025\/07\/OTR_IMPOT-1024x1024.jpg\" alt=\"\" class=\"wp-image-23337\" style=\"width:582px;height:auto\" srcset=\"https:\/\/macite.tg\/wp-content\/uploads\/2025\/07\/OTR_IMPOT-1024x1024.jpg 1024w, https:\/\/macite.tg\/wp-content\/uploads\/2025\/07\/OTR_IMPOT-300x300.jpg 300w, https:\/\/macite.tg\/wp-content\/uploads\/2025\/07\/OTR_IMPOT-150x150.jpg 150w, https:\/\/macite.tg\/wp-content\/uploads\/2025\/07\/OTR_IMPOT-768x768.jpg 768w, https:\/\/macite.tg\/wp-content\/uploads\/2025\/07\/OTR_IMPOT-1536x1536.jpg 1536w, https:\/\/macite.tg\/wp-content\/uploads\/2025\/07\/OTR_IMPOT-122x122.jpg 122w, https:\/\/macite.tg\/wp-content\/uploads\/2025\/07\/OTR_IMPOT.jpg 2048w\" sizes=\"auto, (max-width: 1024px) 100vw, 1024px\" \/><\/figure>\n<\/div>\n\n\n<p class=\"wp-block-paragraph\">La caravane, qui sillonnera plusieurs quartiers strat\u00e9giques, mettra en lumi\u00e8re l\u2019id\u00e9ologie du centre d\u00e9fendue par le PDP. Ce positionnement en qualit\u00e9 de parti mod\u00e9r\u00e9 se traduit par la recherche constante d\u2019un \u00e9quilibre entre justice sociale et initiative priv\u00e9e, en pla\u00e7ant l\u2019humain au c\u0153ur des politiques publiques tout en promouvant l\u2019innovation, l\u2019entrepreneuriat et la bonne gouvernance.<\/p>\n\n\n\n<p class=\"wp-block-paragraph\">La coalition Togo d\u2019Abord, constitu\u00e9e de diverses sensibilit\u00e9s r\u00e9publicaines et progressistes (PDP, MRC, MCD et CPP)&nbsp;s\u2019engage \u00e0 promouvoir un d\u00e9veloppement harmonieux, inclusif et durable pour l\u2019ensemble des territoires togolais. Ses listes, pr\u00e9sentes dans la majorit\u00e9 des circonscriptions \u00e9lectorales, rassemblent des profils exp\u00e9riment\u00e9s de jeunes togolais talentueux et d\u00e9sireux d\u2019apporter un souffle nouveau \u00e0 la gestion de l&rsquo;affaire communale.<\/p>\n\n\n\n<p class=\"wp-block-paragraph\">Au c\u0153ur de ce mouvement, le s\u00e9nateur Innocent Kagbara, pr\u00e9sident national du PDP, porte une vision ambitieuse \u00e0 l\u2019horizon 2050. Baptis\u00e9e Vision 2050, cette strat\u00e9gie de long terme repose sur trois piliers fondamentaux : R\u00e9forme et refondation des institutions pour garantir la d\u00e9mocratie et la participation citoyenne ; d\u00e9veloppement \u00e9conomique solidaire pour \u00e9radiquer la pauvret\u00e9 et soutenir les initiatives locales ; investissement massif dans la jeunesse et l\u2019\u00e9ducation, moteurs d\u2019un Togo moderne et prosp\u00e8re.<\/p>\n\n\n<div class=\"wp-block-image\">\n<figure class=\"aligncenter size-full\"><img loading=\"lazy\" decoding=\"async\" width=\"500\" height=\"500\" src=\"https:\/\/macite.tg\/wp-content\/uploads\/2025\/07\/Geo-ref.jpg\" alt=\"\" class=\"wp-image-23346\" srcset=\"https:\/\/macite.tg\/wp-content\/uploads\/2025\/07\/Geo-ref.jpg 500w, https:\/\/macite.tg\/wp-content\/uploads\/2025\/07\/Geo-ref-300x300.jpg 300w, https:\/\/macite.tg\/wp-content\/uploads\/2025\/07\/Geo-ref-150x150.jpg 150w, https:\/\/macite.tg\/wp-content\/uploads\/2025\/07\/Geo-ref-122x122.jpg 122w\" sizes=\"auto, (max-width: 500px) 100vw, 500px\" \/><\/figure>\n<\/div>\n\n\n<p class=\"wp-block-paragraph\">En coh\u00e9rence avec cette vision, la caravane entend v\u00e9hiculer un message fort d\u2019unit\u00e9, de responsabilit\u00e9 et de confiance en l\u2019avenir. Les populations sont ainsi invit\u00e9es \u00e0 participer en grand nombre \u00e0 cette mobilisation, signe de l\u2019engagement du PDP \u00e0 construire un avenir commun, ancr\u00e9 dans le progr\u00e8s et le respect des valeurs r\u00e9publicaines.<\/p>\n\n\n\n<p class=\"wp-block-paragraph\"><strong>La R\u00e9daction<\/strong><\/p>\n\n\n\n<p class=\"wp-block-paragraph\"><strong><em>@macite.tg&nbsp;&nbsp;&nbsp;&nbsp;&nbsp;&nbsp;&nbsp;&nbsp;<\/em><\/strong><\/p>\n\n\n\n<p class=\"wp-block-paragraph\"><strong><em>E-mail&nbsp;: <\/em><\/strong><a href=\"mailto:maciteinfo@gmail.com\"><strong><em>maciteinfo@gmail.com<\/em><\/strong><\/a><strong><em>; <\/em><\/strong><a href=\"mailto:bawela1@gmail.com\"><strong><em>bawela1@gmail.com<\/em><\/strong><\/a><strong><em><\/em><\/strong><\/p>\n\n\n\n<p class=\"wp-block-paragraph\"><strong><em>Pour vos annonces, (publi)reportages, etc., joignez-nous au (00228)91515309\/<strong>79872224 <\/strong>www.macite.tg, L\u2019information, la bonne&nbsp;!<\/em><\/strong><\/p>\n\n\n\n<p class=\"wp-block-paragraph\"><\/p>\n","protected":false},"excerpt":{"rendered":"<p class=\"text-justify mb-2\" >Le Parti D\u00e9mocratique Panafricain (PDP) annonce l\u2019organisation d\u2019une grande caravane de mobilisation de son \u00e9lectorat \u00e0 travers la ville de Lom\u00e9 en passant par ses art\u00e8res primordiales comme les Communes du Golfe 6, du Golfe 3 et de Ago\u00e8 3, en vue des \u00e9lections municipales [&hellip;]<\/p>\n","protected":false},"author":2,"featured_media":23361,"comment_status":"open","ping_status":"open","sticky":false,"template":"","format":"standard","meta":{"footnotes":""},"categories":[20,1],"tags":[],"class_list":["post-23360","post","type-post","status-publish","format-standard","has-post-thumbnail","hentry","category-actualite","category-politique"],"yoast_head":"<!-- This site is optimized with the Yoast SEO plugin v28.4 - https:\/\/yoast.com\/product\/yoast-seo-wordpress\/ -->\n<title>MUNICIPALES DU 17 JUILLET\u00a0: Le PDP mise sur une grande caravane \u00e0 Lom\u00e9 pour ratisser large... -<\/title>\n<meta name=\"robots\" content=\"index, follow, max-snippet:-1, max-image-preview:large, max-video-preview:-1\" \/>\n<link rel=\"canonical\" href=\"https:\/\/macite.tg\/?p=23360\" \/>\n<meta property=\"og:locale\" content=\"fr_FR\" \/>\n<meta property=\"og:type\" content=\"article\" \/>\n<meta property=\"og:title\" content=\"MUNICIPALES DU 17 JUILLET\u00a0: Le PDP mise sur une grande caravane \u00e0 Lom\u00e9 pour ratisser large... -\" \/>\n<meta property=\"og:description\" content=\"Le Parti D\u00e9mocratique Panafricain (PDP) annonce l\u2019organisation d\u2019une grande caravane de mobilisation de son \u00e9lectorat \u00e0 travers la ville de Lom\u00e9 en passant par ses art\u00e8res primordiales comme les Communes du Golfe 6, du Golfe 3 et de Ago\u00e8 3, en vue des \u00e9lections municipales [&hellip;]\" \/>\n<meta property=\"og:url\" content=\"https:\/\/macite.tg\/?p=23360\" \/>\n<meta property=\"article:published_time\" content=\"2025-07-08T15:56:49+00:00\" \/>\n<meta property=\"article:modified_time\" content=\"2025-07-08T15:56:59+00:00\" \/>\n<meta property=\"og:image\" content=\"https:\/\/macite.tg\/wp-content\/uploads\/2025\/07\/Kagbara.jpg\" \/>\n\t<meta property=\"og:image:width\" content=\"500\" \/>\n\t<meta property=\"og:image:height\" content=\"496\" \/>\n\t<meta property=\"og:image:type\" content=\"image\/jpeg\" \/>\n<meta name=\"author\" content=\"Jean Pierre BAWELA\" \/>\n<meta name=\"twitter:card\" content=\"summary_large_image\" \/>\n<meta name=\"twitter:label1\" content=\"\u00c9crit par\" \/>\n\t<meta name=\"twitter:data1\" content=\"Jean Pierre BAWELA\" \/>\n\t<meta name=\"twitter:label2\" content=\"Dur\u00e9e de lecture estim\u00e9e\" \/>\n\t<meta name=\"twitter:data2\" content=\"3 minutes\" \/>\n<script type=\"application\/ld+json\" class=\"yoast-schema-graph\">{\"@context\":\"https:\\\/\\\/schema.org\",\"@graph\":[{\"@type\":\"Article\",\"@id\":\"https:\\\/\\\/macite.tg\\\/?p=23360#article\",\"isPartOf\":{\"@id\":\"https:\\\/\\\/macite.tg\\\/?p=23360\"},\"author\":{\"name\":\"Jean Pierre BAWELA\",\"@id\":\"https:\\\/\\\/macite.tg\\\/#\\\/schema\\\/person\\\/e9f2de7e5dbbe7770a9402c7ce82f5c2\"},\"headline\":\"MUNICIPALES DU 17 JUILLET\u00a0: Le PDP mise sur une grande caravane \u00e0 Lom\u00e9 pour ratisser large&#8230;\",\"datePublished\":\"2025-07-08T15:56:49+00:00\",\"dateModified\":\"2025-07-08T15:56:59+00:00\",\"mainEntityOfPage\":{\"@id\":\"https:\\\/\\\/macite.tg\\\/?p=23360\"},\"wordCount\":416,\"commentCount\":0,\"image\":{\"@id\":\"https:\\\/\\\/macite.tg\\\/?p=23360#primaryimage\"},\"thumbnailUrl\":\"https:\\\/\\\/macite.tg\\\/wp-content\\\/uploads\\\/2025\\\/07\\\/Kagbara.jpg\",\"articleSection\":[\"ACTUALITE\",\"POLITIQUE\"],\"inLanguage\":\"fr-FR\",\"potentialAction\":[{\"@type\":\"CommentAction\",\"name\":\"Comment\",\"target\":[\"https:\\\/\\\/macite.tg\\\/?p=23360#respond\"]}]},{\"@type\":\"WebPage\",\"@id\":\"https:\\\/\\\/macite.tg\\\/?p=23360\",\"url\":\"https:\\\/\\\/macite.tg\\\/?p=23360\",\"name\":\"MUNICIPALES DU 17 JUILLET\u00a0: Le PDP mise sur une grande caravane \u00e0 Lom\u00e9 pour ratisser large... -\",\"isPartOf\":{\"@id\":\"https:\\\/\\\/macite.tg\\\/#website\"},\"primaryImageOfPage\":{\"@id\":\"https:\\\/\\\/macite.tg\\\/?p=23360#primaryimage\"},\"image\":{\"@id\":\"https:\\\/\\\/macite.tg\\\/?p=23360#primaryimage\"},\"thumbnailUrl\":\"https:\\\/\\\/macite.tg\\\/wp-content\\\/uploads\\\/2025\\\/07\\\/Kagbara.jpg\",\"datePublished\":\"2025-07-08T15:56:49+00:00\",\"dateModified\":\"2025-07-08T15:56:59+00:00\",\"author\":{\"@id\":\"https:\\\/\\\/macite.tg\\\/#\\\/schema\\\/person\\\/e9f2de7e5dbbe7770a9402c7ce82f5c2\"},\"breadcrumb\":{\"@id\":\"https:\\\/\\\/macite.tg\\\/?p=23360#breadcrumb\"},\"inLanguage\":\"fr-FR\",\"potentialAction\":[{\"@type\":\"ReadAction\",\"target\":[\"https:\\\/\\\/macite.tg\\\/?p=23360\"]}]},{\"@type\":\"ImageObject\",\"inLanguage\":\"fr-FR\",\"@id\":\"https:\\\/\\\/macite.tg\\\/?p=23360#primaryimage\",\"url\":\"https:\\\/\\\/macite.tg\\\/wp-content\\\/uploads\\\/2025\\\/07\\\/Kagbara.jpg\",\"contentUrl\":\"https:\\\/\\\/macite.tg\\\/wp-content\\\/uploads\\\/2025\\\/07\\\/Kagbara.jpg\",\"width\":500,\"height\":496},{\"@type\":\"BreadcrumbList\",\"@id\":\"https:\\\/\\\/macite.tg\\\/?p=23360#breadcrumb\",\"itemListElement\":[{\"@type\":\"ListItem\",\"position\":1,\"name\":\"Accueil\",\"item\":\"https:\\\/\\\/macite.tg\\\/\"},{\"@type\":\"ListItem\",\"position\":2,\"name\":\"MUNICIPALES DU 17 JUILLET\u00a0: Le PDP mise sur une grande caravane \u00e0 Lom\u00e9 pour ratisser large&#8230;\"}]},{\"@type\":\"WebSite\",\"@id\":\"https:\\\/\\\/macite.tg\\\/#website\",\"url\":\"https:\\\/\\\/macite.tg\\\/\",\"name\":\"\",\"description\":\"L&#039;information, la bonne!!!\",\"potentialAction\":[{\"@type\":\"SearchAction\",\"target\":{\"@type\":\"EntryPoint\",\"urlTemplate\":\"https:\\\/\\\/macite.tg\\\/?s={search_term_string}\"},\"query-input\":{\"@type\":\"PropertyValueSpecification\",\"valueRequired\":true,\"valueName\":\"search_term_string\"}}],\"inLanguage\":\"fr-FR\"},{\"@type\":\"Person\",\"@id\":\"https:\\\/\\\/macite.tg\\\/#\\\/schema\\\/person\\\/e9f2de7e5dbbe7770a9402c7ce82f5c2\",\"name\":\"Jean Pierre BAWELA\",\"image\":{\"@type\":\"ImageObject\",\"inLanguage\":\"fr-FR\",\"@id\":\"https:\\\/\\\/macite.tg\\\/wp-content\\\/uploads\\\/2023\\\/09\\\/WhatsApp-Image-2023-09-19-at-14.44.41-122x122.jpeg\",\"url\":\"https:\\\/\\\/macite.tg\\\/wp-content\\\/uploads\\\/2023\\\/09\\\/WhatsApp-Image-2023-09-19-at-14.44.41-122x122.jpeg\",\"contentUrl\":\"https:\\\/\\\/macite.tg\\\/wp-content\\\/uploads\\\/2023\\\/09\\\/WhatsApp-Image-2023-09-19-at-14.44.41-122x122.jpeg\",\"caption\":\"Jean Pierre BAWELA\"},\"url\":\"https:\\\/\\\/macite.tg\\\/?author=2\"}]}<\/script>\n<!-- \/ Yoast SEO plugin. -->","yoast_head_json":{"title":"MUNICIPALES DU 17 JUILLET\u00a0: Le PDP mise sur une grande caravane \u00e0 Lom\u00e9 pour ratisser large... -","robots":{"index":"index","follow":"follow","max-snippet":"max-snippet:-1","max-image-preview":"max-image-preview:large","max-video-preview":"max-video-preview:-1"},"canonical":"https:\/\/macite.tg\/?p=23360","og_locale":"fr_FR","og_type":"article","og_title":"MUNICIPALES DU 17 JUILLET\u00a0: Le PDP mise sur une grande caravane \u00e0 Lom\u00e9 pour ratisser large... -","og_description":"Le Parti D\u00e9mocratique Panafricain (PDP) annonce l\u2019organisation d\u2019une grande caravane de mobilisation de son \u00e9lectorat \u00e0 travers la ville de Lom\u00e9 en passant par ses art\u00e8res primordiales comme les Communes du Golfe 6, du Golfe 3 et de Ago\u00e8 3, en vue des \u00e9lections municipales [&hellip;]","og_url":"https:\/\/macite.tg\/?p=23360","article_published_time":"2025-07-08T15:56:49+00:00","article_modified_time":"2025-07-08T15:56:59+00:00","og_image":[{"width":500,"height":496,"url":"https:\/\/macite.tg\/wp-content\/uploads\/2025\/07\/Kagbara.jpg","type":"image\/jpeg"}],"author":"Jean Pierre BAWELA","twitter_card":"summary_large_image","twitter_misc":{"\u00c9crit par":"Jean Pierre BAWELA","Dur\u00e9e de lecture estim\u00e9e":"3 minutes"},"schema":{"@context":"https:\/\/schema.org","@graph":[{"@type":"Article","@id":"https:\/\/macite.tg\/?p=23360#article","isPartOf":{"@id":"https:\/\/macite.tg\/?p=23360"},"author":{"name":"Jean Pierre BAWELA","@id":"https:\/\/macite.tg\/#\/schema\/person\/e9f2de7e5dbbe7770a9402c7ce82f5c2"},"headline":"MUNICIPALES DU 17 JUILLET\u00a0: Le PDP mise sur une grande caravane \u00e0 Lom\u00e9 pour ratisser large&#8230;","datePublished":"2025-07-08T15:56:49+00:00","dateModified":"2025-07-08T15:56:59+00:00","mainEntityOfPage":{"@id":"https:\/\/macite.tg\/?p=23360"},"wordCount":416,"commentCount":0,"image":{"@id":"https:\/\/macite.tg\/?p=23360#primaryimage"},"thumbnailUrl":"https:\/\/macite.tg\/wp-content\/uploads\/2025\/07\/Kagbara.jpg","articleSection":["ACTUALITE","POLITIQUE"],"inLanguage":"fr-FR","potentialAction":[{"@type":"CommentAction","name":"Comment","target":["https:\/\/macite.tg\/?p=23360#respond"]}]},{"@type":"WebPage","@id":"https:\/\/macite.tg\/?p=23360","url":"https:\/\/macite.tg\/?p=23360","name":"MUNICIPALES DU 17 JUILLET\u00a0: Le PDP mise sur une grande caravane \u00e0 Lom\u00e9 pour ratisser large... -","isPartOf":{"@id":"https:\/\/macite.tg\/#website"},"primaryImageOfPage":{"@id":"https:\/\/macite.tg\/?p=23360#primaryimage"},"image":{"@id":"https:\/\/macite.tg\/?p=23360#primaryimage"},"thumbnailUrl":"https:\/\/macite.tg\/wp-content\/uploads\/2025\/07\/Kagbara.jpg","datePublished":"2025-07-08T15:56:49+00:00","dateModified":"2025-07-08T15:56:59+00:00","author":{"@id":"https:\/\/macite.tg\/#\/schema\/person\/e9f2de7e5dbbe7770a9402c7ce82f5c2"},"breadcrumb":{"@id":"https:\/\/macite.tg\/?p=23360#breadcrumb"},"inLanguage":"fr-FR","potentialAction":[{"@type":"ReadAction","target":["https:\/\/macite.tg\/?p=23360"]}]},{"@type":"ImageObject","inLanguage":"fr-FR","@id":"https:\/\/macite.tg\/?p=23360#primaryimage","url":"https:\/\/macite.tg\/wp-content\/uploads\/2025\/07\/Kagbara.jpg","contentUrl":"https:\/\/macite.tg\/wp-content\/uploads\/2025\/07\/Kagbara.jpg","width":500,"height":496},{"@type":"BreadcrumbList","@id":"https:\/\/macite.tg\/?p=23360#breadcrumb","itemListElement":[{"@type":"ListItem","position":1,"name":"Accueil","item":"https:\/\/macite.tg\/"},{"@type":"ListItem","position":2,"name":"MUNICIPALES DU 17 JUILLET\u00a0: Le PDP mise sur une grande caravane \u00e0 Lom\u00e9 pour ratisser large&#8230;"}]},{"@type":"WebSite","@id":"https:\/\/macite.tg\/#website","url":"https:\/\/macite.tg\/","name":"","description":"L&#039;information, la bonne!!!","potentialAction":[{"@type":"SearchAction","target":{"@type":"EntryPoint","urlTemplate":"https:\/\/macite.tg\/?s={search_term_string}"},"query-input":{"@type":"PropertyValueSpecification","valueRequired":true,"valueName":"search_term_string"}}],"inLanguage":"fr-FR"},{"@type":"Person","@id":"https:\/\/macite.tg\/#\/schema\/person\/e9f2de7e5dbbe7770a9402c7ce82f5c2","name":"Jean Pierre BAWELA","image":{"@type":"ImageObject","inLanguage":"fr-FR","@id":"https:\/\/macite.tg\/wp-content\/uploads\/2023\/09\/WhatsApp-Image-2023-09-19-at-14.44.41-122x122.jpeg","url":"https:\/\/macite.tg\/wp-content\/uploads\/2023\/09\/WhatsApp-Image-2023-09-19-at-14.44.41-122x122.jpeg","contentUrl":"https:\/\/macite.tg\/wp-content\/uploads\/2023\/09\/WhatsApp-Image-2023-09-19-at-14.44.41-122x122.jpeg","caption":"Jean Pierre BAWELA"},"url":"https:\/\/macite.tg\/?author=2"}]}},"_links":{"self":[{"href":"https:\/\/macite.tg\/index.php?rest_route=\/wp\/v2\/posts\/23360","targetHints":{"allow":["GET"]}}],"collection":[{"href":"https:\/\/macite.tg\/index.php?rest_route=\/wp\/v2\/posts"}],"about":[{"href":"https:\/\/macite.tg\/index.php?rest_route=\/wp\/v2\/types\/post"}],"author":[{"embeddable":true,"href":"https:\/\/macite.tg\/index.php?rest_route=\/wp\/v2\/users\/2"}],"replies":[{"embeddable":true,"href":"https:\/\/macite.tg\/index.php?rest_route=%2Fwp%2Fv2%2Fcomments&post=23360"}],"version-history":[{"count":0,"href":"https:\/\/macite.tg\/index.php?rest_route=\/wp\/v2\/posts\/23360\/revisions"}],"wp:featuredmedia":[{"embeddable":true,"href":"https:\/\/macite.tg\/index.php?rest_route=\/wp\/v2\/media\/23361"}],"wp:attachment":[{"href":"https:\/\/macite.tg\/index.php?rest_route=%2Fwp%2Fv2%2Fmedia&parent=23360"}],"wp:term":[{"taxonomy":"category","embeddable":true,"href":"https:\/\/macite.tg\/index.php?rest_route=%2Fwp%2Fv2%2Fcategories&post=23360"},{"taxonomy":"post_tag","embeddable":true,"href":"https:\/\/macite.tg\/index.php?rest_route=%2Fwp%2Fv2%2Ftags&post=23360"}],"curies":[{"name":"wp","href":"https:\/\/api.w.org\/{rel}","templated":true}]}}